{"id":3591,"date":"2015-09-04T21:51:16","date_gmt":"2015-09-04T21:51:16","guid":{"rendered":"http:\/\/50.22.11.12\/~grietaor\/?p=3591"},"modified":"2016-03-15T21:58:24","modified_gmt":"2016-03-15T21:58:24","slug":"en-la-cuerda-floja-250-maestros-de-quintana-roo","status":"publish","type":"post","link":"http:\/\/www.grieta.org.mx\/index.php\/2015\/09\/04\/en-la-cuerda-floja-250-maestros-de-quintana-roo\/","title":{"rendered":"En la \u2018cuerda floja\u2019 250 maestros de Quintana Roo"},"content":{"rendered":"<p>Deben concluir la primera fase de la evaluaci\u00f3n docente antes del 18 de septiembre.<\/p>\n<p>CHETUMAL, Q. Roo.- Alrededor de 250 maestros del nivel b\u00e1sico que fueron seleccionados para la evaluaci\u00f3n de desempe\u00f1o docente, a\u00fan no concluyen la primera fase que refiere al Expediente de Evidencias de Ense\u00f1anza.<\/p>\n<p>El plazo para que puedan cumplir con ese paso vence el pr\u00f3ximo 18 de septiembre, confirm\u00f3 Jos\u00e9 Alberto Alonso Ovando, titular de la Secretar\u00eda de Educaci\u00f3n y Cultura (SEyC).<\/p>\n<p>En el caso de aquellos que no realicen dicho paso, ser\u00edan dados de baja, ya que se considerar\u00e1 como una negativa a la evaluaci\u00f3n establecida en la Ley del Servicio Profesional Docente que entr\u00f3 en vigor en 2014.<\/p>\n<p>\u201cAqu\u00ed el \u00fanico riesgo que hay es que algunos maestros se nieguen a la evaluaci\u00f3n y si lo hacen habr\u00e1 una separaci\u00f3n del servicio, lo cual no ser\u00eda deseable\u201d, mencion\u00f3 el funcionario estatal.<\/p>\n<p>Siguiente etapa<br \/>\nOtra etapa de la evaluaci\u00f3n de desempe\u00f1o docente, donde est\u00e1n considerados mil 317 profesores es el Informe de Responsabilidades que est\u00e1 a cargo de los directores de los planteles educativos.<\/p>\n<p>\u201cEn noviembre vienen las dos siguientes etapas que es un examen propiamente dicho y el otro es una planeaci\u00f3n argumentada y los que llevan ingl\u00e9s har\u00e1n un examen adicional\u201d, detall\u00f3 Alonso Ovando.<\/p>\n<p>Ayer arranc\u00f3 en Chetumal el curso-taller \u201cLa evaluaci\u00f3n del desempe\u00f1o docente\u201d con la participaci\u00f3n de 240 profesores con una duraci\u00f3n de 40 horas, con la intenci\u00f3n de fortalecer la preparaci\u00f3n de los maestros que participan en la primera evaluaci\u00f3n programada.<\/p>\n<p>Curso- taller<br \/>\nEl curso est\u00e1 a cargo de Oralia Bonilla Pedroza, presidenta de Innovaci\u00f3n y Asesor\u00eda Educativa A.C. y dirigido a docentes de preescolar, primaria y secundaria de Oth\u00f3n P. Blanco, Solidaridad y Benito Ju\u00e1rez.<\/p>\n<p>Dicho evento fue inaugurado por Jos\u00e9 Alberto Alonso Ovando, quien afirm\u00f3 que continuar\u00e1 el impulso de este tipo de acciones a fin de que las maestras y maestros cuenten con los elementos necesarios para salir exitosos.<\/p>\n<p>La primera sesi\u00f3n del curso de seis horas ser\u00e1 presencial, mientras que las siguientes 34 horas ser\u00e1n de estudio individual y en l\u00ednea, adem\u00e1s de que se les proporcionar\u00e1 un manual para acceder al aula virtual y una gu\u00eda de actividades.<\/p>\n<p><a href=\"http:\/\/sipse.com\/novedades\/evaluacion-docente-maestros-sep-seyc-chetumal-168466.html\" target=\"_blank\">sipse.com\/novedades\/evaluacion-docente-maestros-sep-seyc-chetumal-168466.html<\/a><\/p>\n","protected":false},"excerpt":{"rendered":"<p>Deben concluir la primera fase de la evaluaci\u00f3n docente antes del 18 de septiembre. CHETUMAL, Q. Roo.- Alrededor de 250 maestros del nivel b\u00e1sico que fueron seleccionados para la evaluaci\u00f3n &hellip; <a href=\"http:\/\/www.grieta.org.mx\/index.php\/2015\/09\/04\/en-la-cuerda-floja-250-maestros-de-quintana-roo\/\" class=\"more-link\">Leer m\u00e1s<\/a><\/p>\n","protected":false},"author":2,"featured_media":21928,"comment_status":"closed","ping_status":"open","sticky":false,"template":"","format":"standard","meta":{"ngg_post_thumbnail":0,"_jetpack_newsletter_access":"","_jetpack_dont_email_post_to_subs":false,"_jetpack_newsletter_tier_id":0,"_jetpack_memberships_contains_paywalled_content":false,"_jetpack_memberships_contains_paid_content":false,"footnotes":""},"categories":[80,151],"tags":[133,135],"class_list":["post-3591","post","type-post","status-publish","format-standard","has-post-thumbnail","hentry","category-cintillo","category-quintana-roo","tag-maestros","tag-reforma-educativa","entry"],"jetpack_featured_media_url":"http:\/\/www.grieta.org.mx\/wp-content\/uploads\/2018\/03\/14524434_1106112876131411_958039263622046936_o.jpg","jetpack_sharing_enabled":true,"jetpack_shortlink":"https:\/\/wp.me\/p7ZJR4-VV","jetpack_likes_enabled":false,"jetpack-related-posts":[{"id":3590,"url":"http:\/\/www.grieta.org.mx\/index.php\/2016\/06\/20\/maestros-protestan-contra-la-evaluacion-del-magisterio-en-quintana-roo\/","url_meta":{"origin":3591,"position":0},"title":"Movilizaciones contra la Reforma Educativa y la evaluaci\u00f3n magisterial en Quintana Roo","author":"grieta","date":"20 junio, 2016","format":false,"excerpt":"20\/06\/16. Condenan colectivos y magisterio de Canc\u00fan represi\u00f3n en OaxacaIQ Canc\u00fan 16\/06\/16. Padres de familia cierran escuela primaria en Chetumal; no reconocen calificaciones de maestro cesado y los ni\u00f1os pierdenNoticaribe 14\/04\/16. Presentan queja formal contra intimidaci\u00f3n a ni\u00f1osSipse 14\/04\/16. Maestros despedidos pondr\u00e1n demanda contra la SEyCSipse 18\/03\/16. Padres de familia\u2026","rel":"","context":"En &quot;NOTICIAS NACIONALES&quot;","block_context":{"text":"NOTICIAS NACIONALES","link":"http:\/\/www.grieta.org.mx\/index.php\/category\/noticias-nacionales\/"},"img":{"alt_text":"","src":"https:\/\/i0.wp.com\/www.grieta.org.mx\/wp-content\/uploads\/2018\/03\/14524434_1106112876131411_958039263622046936_o.jpg?resize=350%2C200","width":350,"height":200,"srcset":"https:\/\/i0.wp.com\/www.grieta.org.mx\/wp-content\/uploads\/2018\/03\/14524434_1106112876131411_958039263622046936_o.jpg?resize=350%2C200 1x, https:\/\/i0.wp.com\/www.grieta.org.mx\/wp-content\/uploads\/2018\/03\/14524434_1106112876131411_958039263622046936_o.jpg?resize=525%2C300 1.5x, https:\/\/i0.wp.com\/www.grieta.org.mx\/wp-content\/uploads\/2018\/03\/14524434_1106112876131411_958039263622046936_o.jpg?resize=700%2C400 2x"},"classes":[]},{"id":3593,"url":"http:\/\/www.grieta.org.mx\/index.php\/2015\/07\/09\/maestros-inconformes-solicitan-a-diputados-cancelar-evaluacion-magisterial-en-qr\/","url_meta":{"origin":3591,"position":1},"title":"Maestros inconformes solicitan a diputados cancelar evaluaci\u00f3n magisterial en QR","author":"grieta","date":"9 julio, 2015","format":false,"excerpt":"CHETUMAL, MX.- Una comitiva de 12 maestros inconformes con la evaluaci\u00f3n magisterial y la Reforma Educativa se reuni\u00f3 esta ma\u00f1ana con diputados del Congreso local y con el titular de Educaci\u00f3n en el estado, Jos\u00e9 Alberto Alonso Ovando para abordar sus inquietudes y dudas por el proceso examinatorio en marcha\u2026","rel":"","context":"En &quot;CINTILLO&quot;","block_context":{"text":"CINTILLO","link":"http:\/\/www.grieta.org.mx\/index.php\/category\/cintillo\/"},"img":{"alt_text":"","src":"https:\/\/i0.wp.com\/www.grieta.org.mx\/wp-content\/uploads\/2018\/03\/14524434_1106112876131411_958039263622046936_o.jpg?resize=350%2C200","width":350,"height":200,"srcset":"https:\/\/i0.wp.com\/www.grieta.org.mx\/wp-content\/uploads\/2018\/03\/14524434_1106112876131411_958039263622046936_o.jpg?resize=350%2C200 1x, https:\/\/i0.wp.com\/www.grieta.org.mx\/wp-content\/uploads\/2018\/03\/14524434_1106112876131411_958039263622046936_o.jpg?resize=525%2C300 1.5x, https:\/\/i0.wp.com\/www.grieta.org.mx\/wp-content\/uploads\/2018\/03\/14524434_1106112876131411_958039263622046936_o.jpg?resize=700%2C400 2x"},"classes":[]},{"id":3597,"url":"http:\/\/www.grieta.org.mx\/index.php\/2016\/02\/23\/cesaran-a-32-maestros-en-qr-por-negarse-a-ser-evaluados\/","url_meta":{"origin":3591,"position":2},"title":"Cesar\u00e1n a 32 maestros en QR por negarse a ser evaluados","author":"grieta","date":"23 febrero, 2016","format":false,"excerpt":"CHETUMAL, MX.- Jos\u00e9 Manuel Gil Padilla, delegado federal de la Secretar\u00eda de Educaci\u00f3n P\u00fablica (SEP) en el estado, inform\u00f3 que ya fueron notificados los 32 maestros que se negaron a presentar la evaluaci\u00f3n docente en las oportunidades que se brindaron, d\u00e1ndoles a conocer las consecuencias a las que ser\u00e1n acreedores.\u2026","rel":"","context":"En &quot;CINTILLO&quot;","block_context":{"text":"CINTILLO","link":"http:\/\/www.grieta.org.mx\/index.php\/category\/cintillo\/"},"img":{"alt_text":"","src":"https:\/\/i0.wp.com\/www.grieta.org.mx\/wp-content\/uploads\/2018\/03\/14524434_1106112876131411_958039263622046936_o.jpg?resize=350%2C200","width":350,"height":200,"srcset":"https:\/\/i0.wp.com\/www.grieta.org.mx\/wp-content\/uploads\/2018\/03\/14524434_1106112876131411_958039263622046936_o.jpg?resize=350%2C200 1x, https:\/\/i0.wp.com\/www.grieta.org.mx\/wp-content\/uploads\/2018\/03\/14524434_1106112876131411_958039263622046936_o.jpg?resize=525%2C300 1.5x, https:\/\/i0.wp.com\/www.grieta.org.mx\/wp-content\/uploads\/2018\/03\/14524434_1106112876131411_958039263622046936_o.jpg?resize=700%2C400 2x"},"classes":[]},{"id":3595,"url":"http:\/\/www.grieta.org.mx\/index.php\/2015\/07\/01\/se-suman-maestros-de-quintana-roo-al-paro-nacional\/","url_meta":{"origin":3591,"position":3},"title":"Se suman maestros de Quintana Roo al paro nacional","author":"grieta","date":"1 julio, 2015","format":false,"excerpt":"CHETUMAL, QR.- Maestros de todos los municipios de Quintana Roo se sumaron hoy al paro nacional magisterial convocado por la Coordinadora Nacional de Trabajadores de la Educaci\u00f3n (CNTE), ala disidente del magisterio. Los maestros fueron convocados a manifestarse en los localidades de Canc\u00fan, Playa del Carmen, Tulum, Cozumel y Chetumal,\u2026","rel":"","context":"En &quot;CINTILLO&quot;","block_context":{"text":"CINTILLO","link":"http:\/\/www.grieta.org.mx\/index.php\/category\/cintillo\/"},"img":{"alt_text":"","src":"https:\/\/i0.wp.com\/www.grieta.org.mx\/wp-content\/uploads\/2018\/03\/14524434_1106112876131411_958039263622046936_o.jpg?resize=350%2C200","width":350,"height":200,"srcset":"https:\/\/i0.wp.com\/www.grieta.org.mx\/wp-content\/uploads\/2018\/03\/14524434_1106112876131411_958039263622046936_o.jpg?resize=350%2C200 1x, https:\/\/i0.wp.com\/www.grieta.org.mx\/wp-content\/uploads\/2018\/03\/14524434_1106112876131411_958039263622046936_o.jpg?resize=525%2C300 1.5x, https:\/\/i0.wp.com\/www.grieta.org.mx\/wp-content\/uploads\/2018\/03\/14524434_1106112876131411_958039263622046936_o.jpg?resize=700%2C400 2x"},"classes":[]},{"id":21537,"url":"http:\/\/www.grieta.org.mx\/index.php\/2016\/09\/11\/sera-voluntaria-en-coahuila-la-evaluacion-docente\/","url_meta":{"origin":3591,"position":4},"title":"Ser\u00e1 voluntaria en Coahuila la evaluaci\u00f3n docente","author":"grieta","date":"11 septiembre, 2016","format":false,"excerpt":"A partir del 28 de octubre comenzar\u00e1 la evaluaci\u00f3n al desempe\u00f1o profesional docente que, a diferencia del a\u00f1o pasado, esta vez ser\u00e1 voluntaria. Solo ser\u00e1 obligatoria para los maestros que obtuvieron resultados deficientes en el examen anterior A partir del 28 de octubre comenzar\u00e1 la evaluaci\u00f3n al desempe\u00f1o profesional docente\u2026","rel":"","context":"En &quot;CINTILLO&quot;","block_context":{"text":"CINTILLO","link":"http:\/\/www.grieta.org.mx\/index.php\/category\/cintillo\/"},"img":{"alt_text":"","src":"https:\/\/i0.wp.com\/www.grieta.org.mx\/wp-content\/uploads\/2018\/03\/14524434_1106112876131411_958039263622046936_o.jpg?resize=350%2C200","width":350,"height":200,"srcset":"https:\/\/i0.wp.com\/www.grieta.org.mx\/wp-content\/uploads\/2018\/03\/14524434_1106112876131411_958039263622046936_o.jpg?resize=350%2C200 1x, https:\/\/i0.wp.com\/www.grieta.org.mx\/wp-content\/uploads\/2018\/03\/14524434_1106112876131411_958039263622046936_o.jpg?resize=525%2C300 1.5x, https:\/\/i0.wp.com\/www.grieta.org.mx\/wp-content\/uploads\/2018\/03\/14524434_1106112876131411_958039263622046936_o.jpg?resize=700%2C400 2x"},"classes":[]},{"id":10399,"url":"http:\/\/www.grieta.org.mx\/index.php\/2016\/04\/14\/maestros-despedidos-pondran-demanda-contra-la-seyc\/","url_meta":{"origin":3591,"position":5},"title":"Maestros despedidos pondr\u00e1n demanda contra la SEyC","author":"grieta","date":"14 abril, 2016","format":false,"excerpt":"Paloma Wong\/SIPSE CHETUMAL, Q. Roo.- Al menos cinco docentes en el estado, tres en solidaridad y dos en Oth\u00f3n P. Blanco, que no presentaron su examen de desempe\u00f1o siguen frente a aula; sin embargo, todos pretenden iniciar una demanda laboral. Jorge Reyes Flores, ex docente de la telesecundaria de la\u2026","rel":"","context":"En &quot;CINTILLO&quot;","block_context":{"text":"CINTILLO","link":"http:\/\/www.grieta.org.mx\/index.php\/category\/cintillo\/"},"img":{"alt_text":"","src":"https:\/\/i0.wp.com\/www.grieta.org.mx\/wp-content\/uploads\/2018\/03\/14524434_1106112876131411_958039263622046936_o.jpg?resize=350%2C200","width":350,"height":200,"srcset":"https:\/\/i0.wp.com\/www.grieta.org.mx\/wp-content\/uploads\/2018\/03\/14524434_1106112876131411_958039263622046936_o.jpg?resize=350%2C200 1x, https:\/\/i0.wp.com\/www.grieta.org.mx\/wp-content\/uploads\/2018\/03\/14524434_1106112876131411_958039263622046936_o.jpg?resize=525%2C300 1.5x, https:\/\/i0.wp.com\/www.grieta.org.mx\/wp-content\/uploads\/2018\/03\/14524434_1106112876131411_958039263622046936_o.jpg?resize=700%2C400 2x"},"classes":[]}],"_links":{"self":[{"href":"http:\/\/www.grieta.org.mx\/index.php\/wp-json\/wp\/v2\/posts\/3591","targetHints":{"allow":["GET"]}}],"collection":[{"href":"http:\/\/www.grieta.org.mx\/index.php\/wp-json\/wp\/v2\/posts"}],"about":[{"href":"http:\/\/www.grieta.org.mx\/index.php\/wp-json\/wp\/v2\/types\/post"}],"author":[{"embeddable":true,"href":"http:\/\/www.grieta.org.mx\/index.php\/wp-json\/wp\/v2\/users\/2"}],"replies":[{"embeddable":true,"href":"http:\/\/www.grieta.org.mx\/index.php\/wp-json\/wp\/v2\/comments?post=3591"}],"version-history":[{"count":1,"href":"http:\/\/www.grieta.org.mx\/index.php\/wp-json\/wp\/v2\/posts\/3591\/revisions"}],"predecessor-version":[{"id":3592,"href":"http:\/\/www.grieta.org.mx\/index.php\/wp-json\/wp\/v2\/posts\/3591\/revisions\/3592"}],"wp:featuredmedia":[{"embeddable":true,"href":"http:\/\/www.grieta.org.mx\/index.php\/wp-json\/wp\/v2\/media\/21928"}],"wp:attachment":[{"href":"http:\/\/www.grieta.org.mx\/index.php\/wp-json\/wp\/v2\/media?parent=3591"}],"wp:term":[{"taxonomy":"category","embeddable":true,"href":"http:\/\/www.grieta.org.mx\/index.php\/wp-json\/wp\/v2\/categories?post=3591"},{"taxonomy":"post_tag","embeddable":true,"href":"http:\/\/www.grieta.org.mx\/index.php\/wp-json\/wp\/v2\/tags?post=3591"}],"curies":[{"name":"wp","href":"https:\/\/api.w.org\/{rel}","templated":true}]}}