{"id":35907,"date":"2019-06-22T01:56:01","date_gmt":"2019-06-22T06:56:01","guid":{"rendered":"http:\/\/www.grieta.org.mx\/?p=35907"},"modified":"2019-07-04T02:00:12","modified_gmt":"2019-07-04T07:00:12","slug":"matan-a-juan-escamilla-jefe-de-talleres-de-periodico-en-tamaulipas","status":"publish","type":"post","link":"http:\/\/www.grieta.org.mx\/index.php\/2019\/06\/22\/matan-a-juan-escamilla-jefe-de-talleres-de-periodico-en-tamaulipas\/","title":{"rendered":"Matan a Juan Escamilla, jefe de talleres de peri\u00f3dico en Tamaulipas"},"content":{"rendered":"<p><img loading=\"lazy\" decoding=\"async\" data-attachment-id=\"35908\" data-permalink=\"http:\/\/www.grieta.org.mx\/index.php\/2019\/06\/22\/matan-a-juan-escamilla-jefe-de-talleres-de-periodico-en-tamaulipas\/matan-a-juan-escamilla-jefe-de-talleres-de-periodico-en-tamaulipas-jul\/\" data-orig-file=\"http:\/\/www.grieta.org.mx\/wp-content\/uploads\/2019\/07\/Matan-a-Juan-Escamilla-jefe-de-talleres-de-peri\u00f3dico-en-Tamaulipas-jul.jpg\" data-orig-size=\"768,479\" data-comments-opened=\"0\" data-image-meta=\"{&quot;aperture&quot;:&quot;0&quot;,&quot;credit&quot;:&quot;&quot;,&quot;camera&quot;:&quot;&quot;,&quot;caption&quot;:&quot;&quot;,&quot;created_timestamp&quot;:&quot;0&quot;,&quot;copyright&quot;:&quot;&quot;,&quot;focal_length&quot;:&quot;0&quot;,&quot;iso&quot;:&quot;0&quot;,&quot;shutter_speed&quot;:&quot;0&quot;,&quot;title&quot;:&quot;&quot;,&quot;orientation&quot;:&quot;0&quot;}\" data-image-title=\"Matan a Juan Escamilla, jefe de talleres de peri\u00f3dico en Tamaulipas jul\" data-image-description=\"\" data-image-caption=\"\" data-medium-file=\"http:\/\/www.grieta.org.mx\/wp-content\/uploads\/2019\/07\/Matan-a-Juan-Escamilla-jefe-de-talleres-de-peri\u00f3dico-en-Tamaulipas-jul-300x187.jpg\" data-large-file=\"http:\/\/www.grieta.org.mx\/wp-content\/uploads\/2019\/07\/Matan-a-Juan-Escamilla-jefe-de-talleres-de-peri\u00f3dico-en-Tamaulipas-jul.jpg\" class=\"aligncenter wp-image-35908\" src=\"http:\/\/www.grieta.org.mx\/wp-content\/uploads\/2019\/07\/Matan-a-Juan-Escamilla-jefe-de-talleres-de-peri\u00f3dico-en-Tamaulipas-jul-300x187.jpg\" alt=\"\" width=\"800\" height=\"499\" srcset=\"http:\/\/www.grieta.org.mx\/wp-content\/uploads\/2019\/07\/Matan-a-Juan-Escamilla-jefe-de-talleres-de-peri\u00f3dico-en-Tamaulipas-jul-300x187.jpg 300w, http:\/\/www.grieta.org.mx\/wp-content\/uploads\/2019\/07\/Matan-a-Juan-Escamilla-jefe-de-talleres-de-peri\u00f3dico-en-Tamaulipas-jul.jpg 768w\" sizes=\"auto, (max-width: 800px) 100vw, 800px\" \/><\/p>\n<p>Notimex<\/p>\n<blockquote><p>El trabajador de Expreso de Ciudad Victoria, falleci\u00f3 este s\u00e1bado luego del ataque armado en su contra ocurrido el pasado martes<\/p><\/blockquote>\n<p>El jefe de talleres del peri\u00f3dico Expreso de Ciudad Victoria, Juan Escamilla Bautista, falleci\u00f3 este s\u00e1bado luego del ataque armado en su contra ocurrido el pasado martes, de acuerdo con versiones de medios de comunicaci\u00f3n locales.<\/p>\n<p>Escamilla Bautista tuvo una serie de complicaciones por los cinco impactos de grueso calibre que recibi\u00f3 y hoy los m\u00e9dicos del Hospital General lo declararon muerto.<\/p>\n<p>En entrevista realizada con Notimex, el director del rotativo, Pedro Alfonso Garc\u00eda, se\u00f1al\u00f3 el pasado mi\u00e9rcoles que la agresi\u00f3n contra el trabajador sucedi\u00f3 afuera de su taller mec\u00e1nico.<\/p>\n<p>Indic\u00f3 que le dispararon con un arma de grueso calibre, el impacto que recibi\u00f3 en el pecho provoc\u00f3 una hemorragia que fue dif\u00edcil de controlar durante la cirug\u00eda que le realizaron en el Hospital General de esa ciudad, por lo que el pron\u00f3stico era reservado.<\/p>\n<p>El peri\u00f3dico Expreso de Ciudad Victoria ha sido blanco de la delincuencia organizada, como la instalaci\u00f3n de un artefacto explosivo que provoc\u00f3 da\u00f1os en el inmueble en el mes de marzo de 2012. Posteriormente, en diciembre del a\u00f1o pasado, dejaron una cabeza humana dentro de una hielera frente al rotativo.<\/p>\n<p>El director explic\u00f3 que en el caso del jefe de talleres se abri\u00f3 una carpeta de investigaci\u00f3n, y ya se encuentra desplegado el mecanismo de protecci\u00f3n, hay vigilancia para \u00e9l y su familia, ante el riesgo de que la acci\u00f3n contra el trabajador se repita.<\/p>\n<p>Pedro Alfonso Garc\u00eda explic\u00f3 que la situaci\u00f3n de riesgo para los medios de comunicaci\u00f3n y periodistas se agudiz\u00f3 a partir del a\u00f1o 2011, y el pico de eventos fue al alza hasta 2015, 2016, que incluyen llamadas amenazantes.<\/p>\n<p><a href=\"https:\/\/www.elsoldemexico.com.mx\/republica\/justicia\/matan-a-juan-escamilla-jefe-de-talleres-de-periodico-en-tamaulipas-3802025.html\" target=\"_blank\" rel=\"noopener noreferrer\">https:\/\/www.elsoldemexico.com.mx\/republica\/justicia\/matan-a-juan-escamilla-jefe-de-talleres-de-periodico-en-tamaulipas-3802025.html<\/a><\/p>\n","protected":false},"excerpt":{"rendered":"<p>Notimex El trabajador de Expreso de Ciudad Victoria, falleci\u00f3 este s\u00e1bado luego del ataque armado en su contra ocurrido el pasado martes El jefe de talleres del peri\u00f3dico Expreso de &hellip; <a href=\"http:\/\/www.grieta.org.mx\/index.php\/2019\/06\/22\/matan-a-juan-escamilla-jefe-de-talleres-de-periodico-en-tamaulipas\/\" class=\"more-link\">Leer m\u00e1s<\/a><\/p>\n","protected":false},"author":2,"featured_media":35908,"comment_status":"closed","ping_status":"closed","sticky":false,"template":"","format":"standard","meta":{"ngg_post_thumbnail":0,"_jetpack_newsletter_access":"","_jetpack_dont_email_post_to_subs":false,"_jetpack_newsletter_tier_id":0,"_jetpack_memberships_contains_paywalled_content":false,"_jetpack_memberships_contains_paid_content":false,"footnotes":""},"categories":[80,2,33,83,88,1136],"tags":[1180,1133,120],"class_list":["post-35907","post","type-post","status-publish","format-standard","has-post-thumbnail","hentry","category-cintillo","category-noticias-nacionales","category-tamaulipas","category-temas-nacionales","category-violencia-contra-periodistas","category-violencia-contra-periodistas-en-tamaulipas","tag-asesinato-de-periodistas","tag-incremento-en-la-violencia","tag-violencia-contra-periodistas","entry"],"jetpack_featured_media_url":"http:\/\/www.grieta.org.mx\/wp-content\/uploads\/2019\/07\/Matan-a-Juan-Escamilla-jefe-de-talleres-de-peri\u00f3dico-en-Tamaulipas-jul.jpg","jetpack_sharing_enabled":true,"jetpack_shortlink":"https:\/\/wp.me\/p7ZJR4-9l9","jetpack_likes_enabled":false,"jetpack-related-posts":[{"id":35904,"url":"http:\/\/www.grieta.org.mx\/index.php\/2019\/06\/23\/muere-periodista-por-un-ataque-a-balazos-en-tamaulipas\/","url_meta":{"origin":35907,"position":0},"title":"Muere periodista por un ataque a balazos en Tamaulipas","author":"grieta","date":"23 junio, 2019","format":false,"excerpt":"Muere periodista por un ataque a balazos en Tamaulipas | Pixabay El Debate El hombre, que trabajaba como jefe de talleres del peri\u00f3dico \u201cEl Expreso en Ciudad Victoria\u201d fue v\u00edctima de un ataque a balazos Tamaulipas.- En ciudad Victoria Tamaulipas fue asesinado uno de los miembros del peri\u00f3dico \u201cEl Expreso\u2026","rel":"","context":"En &quot;CINTILLO&quot;","block_context":{"text":"CINTILLO","link":"http:\/\/www.grieta.org.mx\/index.php\/category\/cintillo\/"},"img":{"alt_text":"","src":"https:\/\/i0.wp.com\/www.grieta.org.mx\/wp-content\/uploads\/2019\/07\/Muere-periodista-por-un-ataque-a-balazos-en-Tamaulipas-jul.jpg?resize=350%2C200","width":350,"height":200,"srcset":"https:\/\/i0.wp.com\/www.grieta.org.mx\/wp-content\/uploads\/2019\/07\/Muere-periodista-por-un-ataque-a-balazos-en-Tamaulipas-jul.jpg?resize=350%2C200 1x, https:\/\/i0.wp.com\/www.grieta.org.mx\/wp-content\/uploads\/2019\/07\/Muere-periodista-por-un-ataque-a-balazos-en-Tamaulipas-jul.jpg?resize=525%2C300 1.5x, https:\/\/i0.wp.com\/www.grieta.org.mx\/wp-content\/uploads\/2019\/07\/Muere-periodista-por-un-ataque-a-balazos-en-Tamaulipas-jul.jpg?resize=700%2C400 2x"},"classes":[]},{"id":14617,"url":"http:\/\/www.grieta.org.mx\/index.php\/2016\/06\/20\/reportera-de-tamaulipas-muere-a-manos-de-grupo-armado\/","url_meta":{"origin":35907,"position":1},"title":"Reportera de Tamaulipas muere a manos de grupo armado","author":"grieta","date":"20 junio, 2016","format":false,"excerpt":"Victor Cluna\/Somos el Medio Hombres armados que viajaban en otro autom\u00f3vil abrieron fuego en su contra. Lunes 20, junio 2016. Durante las primeras horas de este lunes en Ciudad Victoria, Tamaulipas, la reportera Zamira Esther Bautista fue asesinada a manos de un comando armado, mientras esta se encontraba dentro de\u2026","rel":"","context":"En &quot;CINTILLO&quot;","block_context":{"text":"CINTILLO","link":"http:\/\/www.grieta.org.mx\/index.php\/category\/cintillo\/"},"img":{"alt_text":"","src":"https:\/\/i0.wp.com\/www.grieta.org.mx\/wp-content\/uploads\/2016\/06\/Ataques-prensa.jpg?resize=350%2C200","width":350,"height":200,"srcset":"https:\/\/i0.wp.com\/www.grieta.org.mx\/wp-content\/uploads\/2016\/06\/Ataques-prensa.jpg?resize=350%2C200 1x, https:\/\/i0.wp.com\/www.grieta.org.mx\/wp-content\/uploads\/2016\/06\/Ataques-prensa.jpg?resize=525%2C300 1.5x, https:\/\/i0.wp.com\/www.grieta.org.mx\/wp-content\/uploads\/2016\/06\/Ataques-prensa.jpg?resize=700%2C400 2x"},"classes":[]},{"id":14621,"url":"http:\/\/www.grieta.org.mx\/index.php\/2016\/01\/03\/tamaulipas-con-elevado-indice-de-homicidios-y-desapariciones-de-periodistas\/","url_meta":{"origin":35907,"position":2},"title":"Tamaulipas con elevado \u00edndice de homicidios y desapariciones de periodistas","author":"grieta","date":"3 enero, 2016","format":false,"excerpt":"Redacci\u00f3n\/Todo Noticias Desde el a\u00f1o 2000 a 2015 ocurrieron 20 homicidios y desapariciones de periodistas en Tamaulipas. Ciudad Victoria.- Tamaulipas, despu\u00e9s de Veracruz es la entidad con los m\u00e1s altos \u00edndices de homicidios contra periodistas en el pa\u00eds, seg\u00fan el informe de la Comisi\u00f3n Nacional de Derechos Humano dado a\u2026","rel":"","context":"En &quot;CINTILLO&quot;","block_context":{"text":"CINTILLO","link":"http:\/\/www.grieta.org.mx\/index.php\/category\/cintillo\/"},"img":{"alt_text":"","src":"https:\/\/i0.wp.com\/www.grieta.org.mx\/wp-content\/uploads\/2018\/03\/14524434_1106112876131411_958039263622046936_o.jpg?resize=350%2C200","width":350,"height":200,"srcset":"https:\/\/i0.wp.com\/www.grieta.org.mx\/wp-content\/uploads\/2018\/03\/14524434_1106112876131411_958039263622046936_o.jpg?resize=350%2C200 1x, https:\/\/i0.wp.com\/www.grieta.org.mx\/wp-content\/uploads\/2018\/03\/14524434_1106112876131411_958039263622046936_o.jpg?resize=525%2C300 1.5x, https:\/\/i0.wp.com\/www.grieta.org.mx\/wp-content\/uploads\/2018\/03\/14524434_1106112876131411_958039263622046936_o.jpg?resize=700%2C400 2x"},"classes":[]},{"id":38376,"url":"http:\/\/www.grieta.org.mx\/index.php\/2019\/08\/01\/alcalde-xicotencatl-senalado-por-redes-nacionales-e-internacionales-como-presunto-agresor-de-la-periodista-shalma-castillo-tamaulipas\/","url_meta":{"origin":35907,"position":3},"title":"Alcalde Xicotencatl se\u00f1alado por redes nacionales e internacionales como presunto agresor de la periodista Shalma Castillo (Tamaulipas)","author":"grieta","date":"1 agosto, 2019","format":false,"excerpt":"Benny Cruz Zapata \/ En l\u00ednea directa Cd.Victoria, Tamaulipas.-La Red Internacional de Periodistas con Visi\u00f3n de G\u00e9nero (RIPVG) conden\u00f3 el recrudecimiento de la violencia contra mujeres periodistas registrada en M\u00e9xico en lo que va del 2019, entre ellos la agresi\u00f3n de la periodista v\u00edctorense Shalma Castillo Castro, esto despu\u00e9s de\u2026","rel":"","context":"En &quot;CINTILLO&quot;","block_context":{"text":"CINTILLO","link":"http:\/\/www.grieta.org.mx\/index.php\/category\/cintillo\/"},"img":{"alt_text":"","src":"https:\/\/i0.wp.com\/www.grieta.org.mx\/wp-content\/uploads\/2019\/08\/Shalma_Castillo.jpg?resize=350%2C200","width":350,"height":200},"classes":[]},{"id":32475,"url":"http:\/\/www.grieta.org.mx\/index.php\/2019\/04\/10\/militares-en-matamoros-privan-de-su-libertad-a-periodista-y-ademas-lo-agreden-tamaulipas\/","url_meta":{"origin":35907,"position":4},"title":"Militares en Matamoros privan de su libertad a periodista y adem\u00e1s lo agreden (Tamaulipas)","author":"grieta","date":"10 abril, 2019","format":false,"excerpt":"Marco Rodr\u00edguez \/ Hoy Tamaulipas Por ello, el comunicador Juan Manuel Mart\u00ednez Ferretiz, present\u00f3 una denuncia ante la Fiscal\u00eda General de la Rep\u00fablica contra los elementos de la Sedena Matamoros, Tamaulipas.- Un periodista de Matamoros denunci\u00f3 ante las autoridades federales la supuesta agresi\u00f3n y privaci\u00f3n ilegal de la libertad de\u2026","rel":"","context":"En &quot;Abuso policiaco y tortura en Tamaulipas&quot;","block_context":{"text":"Abuso policiaco y tortura en Tamaulipas","link":"http:\/\/www.grieta.org.mx\/index.php\/category\/noticias-nacionales\/tamaulipas\/abuso-policiaco-y-tortura-en-tamaulipas\/"},"img":{"alt_text":"","src":"https:\/\/i0.wp.com\/www.grieta.org.mx\/wp-content\/uploads\/2019\/04\/Militares-en-Matamoros-privan-de-su-libertad-a-periodista-y-ademas-lo-agreden-tama-abr.jpg?resize=350%2C200","width":350,"height":200,"srcset":"https:\/\/i0.wp.com\/www.grieta.org.mx\/wp-content\/uploads\/2019\/04\/Militares-en-Matamoros-privan-de-su-libertad-a-periodista-y-ademas-lo-agreden-tama-abr.jpg?resize=350%2C200 1x, https:\/\/i0.wp.com\/www.grieta.org.mx\/wp-content\/uploads\/2019\/04\/Militares-en-Matamoros-privan-de-su-libertad-a-periodista-y-ademas-lo-agreden-tama-abr.jpg?resize=525%2C300 1.5x, https:\/\/i0.wp.com\/www.grieta.org.mx\/wp-content\/uploads\/2019\/04\/Militares-en-Matamoros-privan-de-su-libertad-a-periodista-y-ademas-lo-agreden-tama-abr.jpg?resize=700%2C400 2x"},"classes":[]},{"id":23605,"url":"http:\/\/www.grieta.org.mx\/index.php\/2018\/06\/02\/tamaulipas-que-es-la-zona-silenciada-de-mexico-y-por-que-la-onu-exige-la-atencion-del-gobierno\/","url_meta":{"origin":35907,"position":5},"title":"Tamaulipas: qu\u00e9 es la &#8220;zona silenciada&#8221; de M\u00e9xico y por qu\u00e9 la ONU exige la atenci\u00f3n del gobierno","author":"grieta","date":"2 junio, 2018","format":false,"excerpt":"Redacci\u00f3n\/BBC News Mundo Tras el ataque contra el diario El Ma\u00f1ana en 2006, comenz\u00f3 el silencio generalizado. La oficina de ese peri\u00f3dico de Tamaulipas, en el noreste de M\u00e9xico, recibi\u00f3 una r\u00e1faga de balas y explosivos en un nivel de violencia contra la prensa nunca visto antes. Seg\u00fan la Comisi\u00f3n\u2026","rel":"","context":"En &quot;CINTILLO&quot;","block_context":{"text":"CINTILLO","link":"http:\/\/www.grieta.org.mx\/index.php\/category\/cintillo\/"},"img":{"alt_text":"","src":"","width":0,"height":0},"classes":[]}],"_links":{"self":[{"href":"http:\/\/www.grieta.org.mx\/index.php\/wp-json\/wp\/v2\/posts\/35907","targetHints":{"allow":["GET"]}}],"collection":[{"href":"http:\/\/www.grieta.org.mx\/index.php\/wp-json\/wp\/v2\/posts"}],"about":[{"href":"http:\/\/www.grieta.org.mx\/index.php\/wp-json\/wp\/v2\/types\/post"}],"author":[{"embeddable":true,"href":"http:\/\/www.grieta.org.mx\/index.php\/wp-json\/wp\/v2\/users\/2"}],"replies":[{"embeddable":true,"href":"http:\/\/www.grieta.org.mx\/index.php\/wp-json\/wp\/v2\/comments?post=35907"}],"version-history":[{"count":1,"href":"http:\/\/www.grieta.org.mx\/index.php\/wp-json\/wp\/v2\/posts\/35907\/revisions"}],"predecessor-version":[{"id":35909,"href":"http:\/\/www.grieta.org.mx\/index.php\/wp-json\/wp\/v2\/posts\/35907\/revisions\/35909"}],"wp:featuredmedia":[{"embeddable":true,"href":"http:\/\/www.grieta.org.mx\/index.php\/wp-json\/wp\/v2\/media\/35908"}],"wp:attachment":[{"href":"http:\/\/www.grieta.org.mx\/index.php\/wp-json\/wp\/v2\/media?parent=35907"}],"wp:term":[{"taxonomy":"category","embeddable":true,"href":"http:\/\/www.grieta.org.mx\/index.php\/wp-json\/wp\/v2\/categories?post=35907"},{"taxonomy":"post_tag","embeddable":true,"href":"http:\/\/www.grieta.org.mx\/index.php\/wp-json\/wp\/v2\/tags?post=35907"}],"curies":[{"name":"wp","href":"https:\/\/api.w.org\/{rel}","templated":true}]}}