{"id":3585,"date":"2015-04-27T21:35:54","date_gmt":"2015-04-27T21:35:54","guid":{"rendered":"http:\/\/50.22.11.12\/~grietaor\/?p=3585"},"modified":"2016-03-15T21:47:03","modified_gmt":"2016-03-15T21:47:03","slug":"investigan-60-denuncias-de-personas-desaparecidas-en-quintana-roo","status":"publish","type":"post","link":"http:\/\/www.grieta.org.mx\/index.php\/2015\/04\/27\/investigan-60-denuncias-de-personas-desaparecidas-en-quintana-roo\/","title":{"rendered":"Investigan 60 denuncias de personas desaparecidas en Quintana Roo"},"content":{"rendered":"<p>Paloma Wong\/SIPSE<br \/>\nCHETUMAL, Q. Roo.- La Procuradur\u00eda General de Justicia en el Estado (PGJE) depur\u00f3 las denuncias interpuestas de personas de desaparecidas, a fin de continuar con la investigaci\u00f3n de los expedientes vigentes, inform\u00f3 su titular, Gaspar Armando Garc\u00eda Torres.<\/p>\n<p>Del 2009 a principios del 2015, la Procuradur\u00eda recibi\u00f3 900 denuncias de personas desaparecidas, cifra que fue depurada en los \u00faltimos meses, quedando un padr\u00f3n de 60 expedientes abiertos.<\/p>\n<p>El entrevistado dijo que la determinaci\u00f3n de hacer una depuraci\u00f3n del padr\u00f3n hace referencia a que ocasiones las personas reportadas retornan a sus viviendas o ya conocen su paradero, pero no informan a la autoridad judicial.<\/p>\n<p>\u201cInternamente se hizo una unidad, lo que hicieron fue ir a los domicilios de cada uno de los expedientes a verificar si las personas ya hab\u00edan aparecido, porque una vez que el familiar aparece ya no llegan a reportarlo a Ministerio P\u00fablico, y esta depuraci\u00f3n nos ayudaron a disminuir la cifra\u201d, coment\u00f3.<br \/>\nExpedientes abiertos<\/p>\n<p>De los expedientes a\u00fan abiertos, explic\u00f3 que hacen referencia a las familias que no pudieron ser localizadas, es decir los denunciantes ya no viv\u00edan en el domicilio marcado o en su caso eran viviendas abandonadas, por lo tanto ya no se pudo tener la informaci\u00f3n.<\/p>\n<p>Sin embargo, inform\u00f3 que este tipo de denuncia no es por desaparici\u00f3n forzada, pues ambos son completamente diferentes.<\/p>\n<p>\u201cLas denuncias no son de personas por desaparici\u00f3n forzada, hay que separar este concepto porque desaparici\u00f3n forzada es cuando un grupo delictivo se lleva a un individuo y \u00e9ste aparece ejecutado o ya no aparece el cuerpo. Las denuncias de las que hablo son de desaparici\u00f3n porque el familiar no llega a la casa\u201d, puntualiz\u00f3.<\/p>\n<p>Cabe mencionar que desde el 2013 fue creada la Unidad Especializada en la Localizaci\u00f3n de Personas Extraviadas, que hace referencia a la ubicaci\u00f3n de personas de todas las edades. Donde la Agencia del Ministerio P\u00fablico del Fuero Com\u00fan tiene instrucciones de atender la declaraci\u00f3n de los familiares de una persona desaparecida desde el primer momento, ya que las primeras horas son cruciales para encontrarla con bien.<\/p>\n<p><a href=\"http:\/\/sipse.com\/novedades\/investigan-60-denuncias-de-personas-desaparecidas-en-quintana-roo-148899.html?preview=true\" target=\"_blank\">sipse.com\/novedades\/investigan-60-denuncias-de-personas-desaparecidas-en-quintana-roo-148899.html?preview=true<\/a><\/p>\n","protected":false},"excerpt":{"rendered":"<p>Paloma Wong\/SIPSE CHETUMAL, Q. Roo.- La Procuradur\u00eda General de Justicia en el Estado (PGJE) depur\u00f3 las denuncias interpuestas de personas de desaparecidas, a fin de continuar con la investigaci\u00f3n de &hellip; <a href=\"http:\/\/www.grieta.org.mx\/index.php\/2015\/04\/27\/investigan-60-denuncias-de-personas-desaparecidas-en-quintana-roo\/\" class=\"more-link\">Leer m\u00e1s<\/a><\/p>\n","protected":false},"author":2,"featured_media":21928,"comment_status":"closed","ping_status":"open","sticky":false,"template":"","format":"standard","meta":{"ngg_post_thumbnail":0,"_jetpack_newsletter_access":"","_jetpack_dont_email_post_to_subs":false,"_jetpack_newsletter_tier_id":0,"_jetpack_memberships_contains_paywalled_content":false,"_jetpack_memberships_contains_paid_content":false,"footnotes":""},"categories":[80,151],"tags":[121],"class_list":["post-3585","post","type-post","status-publish","format-standard","has-post-thumbnail","hentry","category-cintillo","category-quintana-roo","tag-desaparecidos","entry"],"jetpack_featured_media_url":"http:\/\/www.grieta.org.mx\/wp-content\/uploads\/2018\/03\/14524434_1106112876131411_958039263622046936_o.jpg","jetpack_sharing_enabled":true,"jetpack_shortlink":"https:\/\/wp.me\/p7ZJR4-VP","jetpack_likes_enabled":false,"jetpack-related-posts":[{"id":3586,"url":"http:\/\/www.grieta.org.mx\/index.php\/2015\/04\/27\/pgje-depura-denuncias-por-desaparicion-en-quintana-roo\/","url_meta":{"origin":3585,"position":0},"title":"PGJE &#8220;depura&#8221; denuncias por desaparici\u00f3n en Quintana Roo","author":"grieta","date":"27 abril, 2015","format":false,"excerpt":"27\/04\/15. Investigan 60 denuncias de personas desaparecidas en Quintana RooNovedades Quintana Roo","rel":"","context":"En &quot;Desaparecidos&quot;","block_context":{"text":"Desaparecidos","link":"http:\/\/www.grieta.org.mx\/index.php\/category\/temas-nacionales\/desaparecidos\/"},"img":{"alt_text":"","src":"https:\/\/i0.wp.com\/www.grieta.org.mx\/wp-content\/uploads\/2018\/03\/14524434_1106112876131411_958039263622046936_o.jpg?resize=350%2C200","width":350,"height":200,"srcset":"https:\/\/i0.wp.com\/www.grieta.org.mx\/wp-content\/uploads\/2018\/03\/14524434_1106112876131411_958039263622046936_o.jpg?resize=350%2C200 1x, https:\/\/i0.wp.com\/www.grieta.org.mx\/wp-content\/uploads\/2018\/03\/14524434_1106112876131411_958039263622046936_o.jpg?resize=525%2C300 1.5x, https:\/\/i0.wp.com\/www.grieta.org.mx\/wp-content\/uploads\/2018\/03\/14524434_1106112876131411_958039263622046936_o.jpg?resize=700%2C400 2x"},"classes":[]},{"id":69818,"url":"http:\/\/www.grieta.org.mx\/index.php\/2024\/09\/22\/asociaciones-revelan-cifra-de-mas-de-mil-500-personas-desaparecidas-en-quintana-roo\/","url_meta":{"origin":3585,"position":1},"title":"Asociaciones revelan cifra de m\u00e1s de mil 500 personas desaparecidas en Quintana Roo","author":"grieta","date":"22 septiembre, 2024","format":false,"excerpt":"Por Esto! Una enorme diferencia en cuanto a las cifras de personas desaparecidas tiene la Fiscal\u00eda General del Estado (FGE)y los colectivos de madres buscadoras de Quintana Roo, pues la estad\u00edstica oficial se\u00f1ala menos de 900 casos, mientras que las asociaciones revelan que realmente son alrededor de mil 500. Los\u2026","rel":"","context":"En &quot;CINTILLO&quot;","block_context":{"text":"CINTILLO","link":"http:\/\/www.grieta.org.mx\/index.php\/category\/cintillo\/"},"img":{"alt_text":"","src":"https:\/\/i0.wp.com\/www.grieta.org.mx\/wp-content\/uploads\/2024\/09\/Cifras-e1727225121282.jpg?resize=350%2C200","width":350,"height":200,"srcset":"https:\/\/i0.wp.com\/www.grieta.org.mx\/wp-content\/uploads\/2024\/09\/Cifras-e1727225121282.jpg?resize=350%2C200 1x, https:\/\/i0.wp.com\/www.grieta.org.mx\/wp-content\/uploads\/2024\/09\/Cifras-e1727225121282.jpg?resize=525%2C300 1.5x, https:\/\/i0.wp.com\/www.grieta.org.mx\/wp-content\/uploads\/2024\/09\/Cifras-e1727225121282.jpg?resize=700%2C400 2x"},"classes":[]},{"id":66054,"url":"http:\/\/www.grieta.org.mx\/index.php\/2023\/01\/11\/2022-el-ano-con-mas-personas-desaparecidas-en-quintana-roo\/","url_meta":{"origin":3585,"position":2},"title":"2022, el a\u00f1o con m\u00e1s personas desaparecidas en Quintana Roo","author":"grieta","date":"11 enero, 2023","format":false,"excerpt":"Octavio Mart\u00ednez \/ Sipse Quintana Roo concluy\u00f3 el 2022 con un total de 419 personas desaparecidas y no localizadas, el a\u00f1o m\u00e1s cr\u00edtico de los \u00faltimos siete en que el fen\u00f3meno se ha incrementado de manera dr\u00e1stica. De acuerdo con datos ofrecidos por la Comisi\u00f3n Nacional de B\u00fasqueda, 2022 super\u00f3\u2026","rel":"","context":"En &quot;CINTILLO&quot;","block_context":{"text":"CINTILLO","link":"http:\/\/www.grieta.org.mx\/index.php\/category\/cintillo\/"},"img":{"alt_text":"","src":"https:\/\/i0.wp.com\/www.grieta.org.mx\/wp-content\/uploads\/2023\/01\/DesaparecidosQRoo-e1673730644652.jpg?resize=350%2C200","width":350,"height":200,"srcset":"https:\/\/i0.wp.com\/www.grieta.org.mx\/wp-content\/uploads\/2023\/01\/DesaparecidosQRoo-e1673730644652.jpg?resize=350%2C200 1x, https:\/\/i0.wp.com\/www.grieta.org.mx\/wp-content\/uploads\/2023\/01\/DesaparecidosQRoo-e1673730644652.jpg?resize=525%2C300 1.5x, https:\/\/i0.wp.com\/www.grieta.org.mx\/wp-content\/uploads\/2023\/01\/DesaparecidosQRoo-e1673730644652.jpg?resize=700%2C400 2x"},"classes":[]},{"id":69689,"url":"http:\/\/www.grieta.org.mx\/index.php\/2024\/09\/13\/tren-maya-un-megaproyecto-de-personas-desaparecidas-y-esclavitud-moderna\/","url_meta":{"origin":3585,"position":3},"title":"Tren maya, un megaproyecto de personas desaparecidas y esclavitud moderna","author":"grieta","date":"13 septiembre, 2024","format":false,"excerpt":"Claudia Victoria Arriaga Dur\u00e1n. \/ Sol Yucat\u00e1n Miguel \u00c1ngel Mondr\u00e1gon Cruz y Juan Aparicio P\u00e9rez eran trabajadores del Tren Maya, desaparecieron en 2023 y los hallaron en una fosa clandestina en 2024. Las fiscal\u00edas de Yucat\u00e1n, Campeche y Quintana Roo reportaron 13 denuncias de personas trabajadoras del Tren Maya de\u2026","rel":"","context":"En &quot;Campeche&quot;","block_context":{"text":"Campeche","link":"http:\/\/www.grieta.org.mx\/index.php\/category\/noticias-nacionales\/campeche\/"},"img":{"alt_text":"","src":"https:\/\/i0.wp.com\/www.grieta.org.mx\/wp-content\/uploads\/2024\/09\/TrenDesaparecidos-e1726525592556.jpg?resize=350%2C200","width":350,"height":200,"srcset":"https:\/\/i0.wp.com\/www.grieta.org.mx\/wp-content\/uploads\/2024\/09\/TrenDesaparecidos-e1726525592556.jpg?resize=350%2C200 1x, https:\/\/i0.wp.com\/www.grieta.org.mx\/wp-content\/uploads\/2024\/09\/TrenDesaparecidos-e1726525592556.jpg?resize=525%2C300 1.5x, https:\/\/i0.wp.com\/www.grieta.org.mx\/wp-content\/uploads\/2024\/09\/TrenDesaparecidos-e1726525592556.jpg?resize=700%2C400 2x"},"classes":[]},{"id":5700,"url":"http:\/\/www.grieta.org.mx\/index.php\/2016\/01\/11\/283-personas-estan-desaparecidas-en-aguascalientes\/","url_meta":{"origin":3585,"position":4},"title":"283 personas est\u00e1n desaparecidas en Aguascalientes","author":"grieta","date":"11 enero, 2016","format":false,"excerpt":"Hilda Hermosillo, Aguascalientes. En Aguascalientes suman 283 expedientes abiertos de personas reportadas como desaparecidas ante autoridades estatales y federales, seg\u00fan el Registro Nacional de Datos de Personas Extraviadas o Desaparecidas (RNPED), integrado a partir de las denuncias presentadas ante las agencias de Ministerio P\u00fablico, responsables de activar los protocolos de\u2026","rel":"","context":"En &quot;aguascalientes&quot;","block_context":{"text":"aguascalientes","link":"http:\/\/www.grieta.org.mx\/index.php\/category\/aguascalientes\/"},"img":{"alt_text":"","src":"https:\/\/i0.wp.com\/www.grieta.org.mx\/wp-content\/uploads\/2018\/03\/14524434_1106112876131411_958039263622046936_o.jpg?resize=350%2C200","width":350,"height":200,"srcset":"https:\/\/i0.wp.com\/www.grieta.org.mx\/wp-content\/uploads\/2018\/03\/14524434_1106112876131411_958039263622046936_o.jpg?resize=350%2C200 1x, https:\/\/i0.wp.com\/www.grieta.org.mx\/wp-content\/uploads\/2018\/03\/14524434_1106112876131411_958039263622046936_o.jpg?resize=525%2C300 1.5x, https:\/\/i0.wp.com\/www.grieta.org.mx\/wp-content\/uploads\/2018\/03\/14524434_1106112876131411_958039263622046936_o.jpg?resize=700%2C400 2x"},"classes":[]},{"id":65576,"url":"http:\/\/www.grieta.org.mx\/index.php\/2022\/10\/20\/marchan-activistas-contra-nulos-resultados-de-la-fiscalia-en-casos-de-desaparecidos-quintana-roo\/","url_meta":{"origin":3585,"position":5},"title":"Marchan activistas contra nulos resultados de la Fiscal\u00eda en casos de desaparecidos (Quintana Roo)","author":"grieta","date":"20 octubre, 2022","format":false,"excerpt":"Juan Morales \/ Grupo Pir\u00e1mide Canc\u00fan, Quintana Roo.- Miembros del colectivo Verdad, Memoria y Justicia marcharon en Canc\u00fan contra los nulos resultados de la Fiscal\u00eda General del Estado (FGE) en los reportes de personas desaparecidas, los cuales aumentaron durante septiembre con dos casos m\u00e1s. Los manifestantes arrancaron su protesta desde\u2026","rel":"","context":"En &quot;CINTILLO&quot;","block_context":{"text":"CINTILLO","link":"http:\/\/www.grieta.org.mx\/index.php\/category\/cintillo\/"},"img":{"alt_text":"","src":"https:\/\/i0.wp.com\/www.grieta.org.mx\/wp-content\/uploads\/2022\/10\/DesaparecidosQroo-e1666432285627.jpg?resize=350%2C200","width":350,"height":200,"srcset":"https:\/\/i0.wp.com\/www.grieta.org.mx\/wp-content\/uploads\/2022\/10\/DesaparecidosQroo-e1666432285627.jpg?resize=350%2C200 1x, https:\/\/i0.wp.com\/www.grieta.org.mx\/wp-content\/uploads\/2022\/10\/DesaparecidosQroo-e1666432285627.jpg?resize=525%2C300 1.5x, https:\/\/i0.wp.com\/www.grieta.org.mx\/wp-content\/uploads\/2022\/10\/DesaparecidosQroo-e1666432285627.jpg?resize=700%2C400 2x"},"classes":[]}],"_links":{"self":[{"href":"http:\/\/www.grieta.org.mx\/index.php\/wp-json\/wp\/v2\/posts\/3585","targetHints":{"allow":["GET"]}}],"collection":[{"href":"http:\/\/www.grieta.org.mx\/index.php\/wp-json\/wp\/v2\/posts"}],"about":[{"href":"http:\/\/www.grieta.org.mx\/index.php\/wp-json\/wp\/v2\/types\/post"}],"author":[{"embeddable":true,"href":"http:\/\/www.grieta.org.mx\/index.php\/wp-json\/wp\/v2\/users\/2"}],"replies":[{"embeddable":true,"href":"http:\/\/www.grieta.org.mx\/index.php\/wp-json\/wp\/v2\/comments?post=3585"}],"version-history":[{"count":1,"href":"http:\/\/www.grieta.org.mx\/index.php\/wp-json\/wp\/v2\/posts\/3585\/revisions"}],"predecessor-version":[{"id":3587,"href":"http:\/\/www.grieta.org.mx\/index.php\/wp-json\/wp\/v2\/posts\/3585\/revisions\/3587"}],"wp:featuredmedia":[{"embeddable":true,"href":"http:\/\/www.grieta.org.mx\/index.php\/wp-json\/wp\/v2\/media\/21928"}],"wp:attachment":[{"href":"http:\/\/www.grieta.org.mx\/index.php\/wp-json\/wp\/v2\/media?parent=3585"}],"wp:term":[{"taxonomy":"category","embeddable":true,"href":"http:\/\/www.grieta.org.mx\/index.php\/wp-json\/wp\/v2\/categories?post=3585"},{"taxonomy":"post_tag","embeddable":true,"href":"http:\/\/www.grieta.org.mx\/index.php\/wp-json\/wp\/v2\/tags?post=3585"}],"curies":[{"name":"wp","href":"https:\/\/api.w.org\/{rel}","templated":true}]}}