{"id":35817,"date":"2019-07-02T09:36:26","date_gmt":"2019-07-02T14:36:26","guid":{"rendered":"http:\/\/www.grieta.org.mx\/?p=35817"},"modified":"2019-07-03T22:18:47","modified_gmt":"2019-07-04T03:18:47","slug":"irregularidades-en-termoelectrica-de-la-cfe-genera-danos-medioambientales-coahuila","status":"publish","type":"post","link":"http:\/\/www.grieta.org.mx\/index.php\/2019\/07\/02\/irregularidades-en-termoelectrica-de-la-cfe-genera-danos-medioambientales-coahuila\/","title":{"rendered":"Irregularidades en termoel\u00e9ctrica de la CFE genera da\u00f1os medioambientales (Coahuila)"},"content":{"rendered":"<p>Karen Ballesteros\/ CONTRAL\u00cdNEA<\/p>\n<p>La central termoel\u00e9ctrica Carb\u00f3n II, a cargo de la Comisi\u00f3n Federal de Electricidad (CFE), present\u00f3 irregularidades en los trabajos de instalaci\u00f3n de dos precipitadores electrost\u00e1ticos, lo que causa da\u00f1os al medio ambiente por las altas emisiones de materia t\u00f3xica hacia la atm\u00f3sfera, revel\u00f3 la Auditor\u00eda Superior de la Federaci\u00f3n (ASF).<\/p>\n<p><img loading=\"lazy\" decoding=\"async\" data-attachment-id=\"35819\" data-permalink=\"http:\/\/www.grieta.org.mx\/index.php\/2019\/07\/02\/irregularidades-en-termoelectrica-de-la-cfe-genera-danos-medioambientales-coahuila\/termo-2\/\" data-orig-file=\"http:\/\/www.grieta.org.mx\/wp-content\/uploads\/2019\/07\/Termo.jpg\" data-orig-size=\"600,335\" data-comments-opened=\"0\" data-image-meta=\"{&quot;aperture&quot;:&quot;0&quot;,&quot;credit&quot;:&quot;&quot;,&quot;camera&quot;:&quot;&quot;,&quot;caption&quot;:&quot;&quot;,&quot;created_timestamp&quot;:&quot;0&quot;,&quot;copyright&quot;:&quot;&quot;,&quot;focal_length&quot;:&quot;0&quot;,&quot;iso&quot;:&quot;0&quot;,&quot;shutter_speed&quot;:&quot;0&quot;,&quot;title&quot;:&quot;&quot;,&quot;orientation&quot;:&quot;1&quot;}\" data-image-title=\"Termo\" data-image-description=\"\" data-image-caption=\"\" data-medium-file=\"http:\/\/www.grieta.org.mx\/wp-content\/uploads\/2019\/07\/Termo-300x168.jpg\" data-large-file=\"http:\/\/www.grieta.org.mx\/wp-content\/uploads\/2019\/07\/Termo.jpg\" class=\"alignleft wp-image-35819\" src=\"http:\/\/www.grieta.org.mx\/wp-content\/uploads\/2019\/07\/Termo-300x168.jpg\" alt=\"\" width=\"780\" height=\"436\" srcset=\"http:\/\/www.grieta.org.mx\/wp-content\/uploads\/2019\/07\/Termo-300x168.jpg 300w, http:\/\/www.grieta.org.mx\/wp-content\/uploads\/2019\/07\/Termo.jpg 600w\" sizes=\"auto, (max-width: 780px) 100vw, 780px\" \/><\/p>\n<p>En octubre de 2017, el Departamento Mec\u00e1nico de la central, ubicada en Nava, Coahuila, notific\u00f3 que los precipitadores de sus unidades 3 y 4 \u2013encargados de eliminar emisiones contaminantes en el aire\u2013 presentaban fallas, lo que llev\u00f3 a la empresa productiva a realizar el proceso para la adquisici\u00f3n, instalaci\u00f3n y supervisi\u00f3n de los mismos, por un valor de 1 mil 96 millones 200 mil pesos, indica el m\u00e1s reciente informe de la ASF.<\/p>\n<p>Aunque la Auditor\u00eda comprob\u00f3 que la entrega de los precipitadores se realiz\u00f3 en la fecha pactada \u2013el 18 de octubre de 2018\u2013 y por el monto acordado \u2013920 millones 808 mil pesos\u2013, los trabajos de instalaci\u00f3n de ambos precipitadores presentan un retraso de 5 meses.<\/p>\n<p>De acuerdo con el dictamen t\u00e9cnico que justifica la adquisici\u00f3n, se podr\u00edan generar fallas importantes en la operaci\u00f3n de estos equipos, \u201clo que afecta directamente la producci\u00f3n de energ\u00eda el\u00e9ctrica y origina da\u00f1os ambientales por las altas emisiones de materia t\u00f3xica hacia la atm\u00f3sfera\u201d.<\/p>\n<p>Por ello, la Auditor\u00eda recomend\u00f3 a la Unidad de Responsabilidades en la CFE o su equivalente llevar a cabo el procedimiento necesario \u201cpor las irregularidades de los servidores p\u00fablicos que, en su gesti\u00f3n, suspendieron los trabajos de instalaci\u00f3n de los precipitadores electrost\u00e1ticos, sin que se justificara el motivo y que, adem\u00e1s, no elaboraron el convenio modificatorio respectivo\u201d.<\/p>\n<p>Asimismo, se exhort\u00f3 a la Comisi\u00f3n a realizar las acciones correspondientes para concluir, lo m\u00e1s pronto posible, la instalaci\u00f3n y puesta en operaci\u00f3n de los precipitadores electrost\u00e1ticos, y as\u00ed evitar afectaciones al medio ambiente o a la generaci\u00f3n de energ\u00eda del Sistema El\u00e9ctrico Nacional.<\/p>\n<p>&nbsp;<\/p>\n<p><a href=\"https:\/\/www.contralinea.com.mx\/archivo-revista\/2019\/07\/02\/irregularidades-en-termoelectrica-de-la-cfe-genera-danos-medioambientales\/\" target=\"_blank\" rel=\"noopener noreferrer\">https:\/\/www.contralinea.com.mx\/archivo-revista\/2019\/07\/02\/irregularidades-en-termoelectrica-de-la-cfe-genera-danos-medioambientales\/<\/a><\/p>\n","protected":false},"excerpt":{"rendered":"<p>Karen Ballesteros\/ CONTRAL\u00cdNEA La central termoel\u00e9ctrica Carb\u00f3n II, a cargo de la Comisi\u00f3n Federal de Electricidad (CFE), present\u00f3 irregularidades en los trabajos de instalaci\u00f3n de dos precipitadores electrost\u00e1ticos, lo que &hellip; <a href=\"http:\/\/www.grieta.org.mx\/index.php\/2019\/07\/02\/irregularidades-en-termoelectrica-de-la-cfe-genera-danos-medioambientales-coahuila\/\" class=\"more-link\">Leer m\u00e1s<\/a><\/p>\n","protected":false},"author":2,"featured_media":35819,"comment_status":"closed","ping_status":"closed","sticky":false,"template":"","format":"standard","meta":{"ngg_post_thumbnail":0,"_jetpack_newsletter_access":"","_jetpack_dont_email_post_to_subs":false,"_jetpack_newsletter_tier_id":0,"_jetpack_memberships_contains_paywalled_content":false,"_jetpack_memberships_contains_paid_content":false,"footnotes":""},"categories":[80,419,1960,2],"tags":[91,428],"class_list":["post-35817","post","type-post","status-publish","format-standard","has-post-thumbnail","hentry","category-cintillo","category-coahuila","category-contaminacion-ambiental-en-coahuila","category-noticias-nacionales","tag-contaminacion-ambiental","tag-termoelectrica","entry"],"jetpack_featured_media_url":"http:\/\/www.grieta.org.mx\/wp-content\/uploads\/2019\/07\/Termo.jpg","jetpack_sharing_enabled":true,"jetpack_shortlink":"https:\/\/wp.me\/p7ZJR4-9jH","jetpack_likes_enabled":false,"jetpack-related-posts":[{"id":2789,"url":"http:\/\/www.grieta.org.mx\/index.php\/2016\/03\/08\/termoelectrica-dejo-de-usar-gas-natural-y-vuelve-al-contaminante-combustoleo\/","url_meta":{"origin":35817,"position":0},"title":"Termoel\u00e9ctrica dej\u00f3 de usar gas natural y vuelve al contaminante combust\u00f3leo","author":"grieta","date":"8 marzo, 2016","format":false,"excerpt":"Edgar Cazares Manzanillo.- En la administraci\u00f3n del entonces presidente Felipe Calder\u00f3n Hinojosa, uno de los principales argumentos para la instalaci\u00f3n de la planta regasificadora en el puerto de Manzanillo fue que esto permitir\u00eda que la Termoel\u00e9ctrica migrara de combust\u00f3leo a gas natural y as\u00ed se eliminar\u00eda la contaminaci\u00f3n en el\u2026","rel":"","context":"En &quot;CINTILLO&quot;","block_context":{"text":"CINTILLO","link":"http:\/\/www.grieta.org.mx\/index.php\/category\/cintillo\/"},"img":{"alt_text":"","src":"https:\/\/i0.wp.com\/www.grieta.org.mx\/wp-content\/uploads\/2018\/03\/14524434_1106112876131411_958039263622046936_o.jpg?resize=350%2C200","width":350,"height":200,"srcset":"https:\/\/i0.wp.com\/www.grieta.org.mx\/wp-content\/uploads\/2018\/03\/14524434_1106112876131411_958039263622046936_o.jpg?resize=350%2C200 1x, https:\/\/i0.wp.com\/www.grieta.org.mx\/wp-content\/uploads\/2018\/03\/14524434_1106112876131411_958039263622046936_o.jpg?resize=525%2C300 1.5x, https:\/\/i0.wp.com\/www.grieta.org.mx\/wp-content\/uploads\/2018\/03\/14524434_1106112876131411_958039263622046936_o.jpg?resize=700%2C400 2x"},"classes":[]},{"id":35651,"url":"http:\/\/www.grieta.org.mx\/index.php\/2019\/06\/12\/pobladores-de-guerrero-denuncian-que-termoelectrica-de-cfe-ha-aumentado-casos-de-cancer\/","url_meta":{"origin":35817,"position":1},"title":"Pobladores de Guerrero denuncian que termoel\u00e9ctrica de CFE ha aumentado casos de c\u00e1ncer","author":"Admin","date":"12 junio, 2019","format":false,"excerpt":"Brenda Escobar \/ Sinembargo Habitantes de Petatalco, en el municipio de la Uni\u00f3n, Guerrero, denunciaron que gracias a las emisiones de la termoel\u00e9ctrica, propiedad de la CFE, 40 personas han enfermado de c\u00e1ncer; entre ellos menores de edad. La Uni\u00f3n, Guerrero, 12 de junio (El Sur).\u2013 Vecinos de la comunidad\u2026","rel":"","context":"En &quot;CINTILLO&quot;","block_context":{"text":"CINTILLO","link":"http:\/\/www.grieta.org.mx\/index.php\/category\/cintillo\/"},"img":{"alt_text":"","src":"https:\/\/i0.wp.com\/www.grieta.org.mx\/wp-content\/uploads\/2019\/06\/termoelectrica-guerrero.jpg?resize=350%2C200","width":350,"height":200,"srcset":"https:\/\/i0.wp.com\/www.grieta.org.mx\/wp-content\/uploads\/2019\/06\/termoelectrica-guerrero.jpg?resize=350%2C200 1x, https:\/\/i0.wp.com\/www.grieta.org.mx\/wp-content\/uploads\/2019\/06\/termoelectrica-guerrero.jpg?resize=525%2C300 1.5x, https:\/\/i0.wp.com\/www.grieta.org.mx\/wp-content\/uploads\/2019\/06\/termoelectrica-guerrero.jpg?resize=700%2C400 2x, https:\/\/i0.wp.com\/www.grieta.org.mx\/wp-content\/uploads\/2019\/06\/termoelectrica-guerrero.jpg?resize=1050%2C600 3x"},"classes":[]},{"id":30316,"url":"http:\/\/www.grieta.org.mx\/index.php\/2019\/03\/09\/solapa-simas-la-contaminacion-coahuila\/","url_meta":{"origin":35817,"position":2},"title":"Solapa Simas la contaminaci\u00f3n (Coahuila)","author":"grieta","date":"9 marzo, 2019","format":false,"excerpt":"Redacci\u00f3n\/Z\u00d3CALO Monclova, Coah.- Vecinos que residen en \u00e1reas aleda\u00f1as al R\u00edo Monclova afirmaron que durante la instalaci\u00f3n de tuber\u00eda para desviar la ampliaci\u00f3n de descarga de aguas negras a los cauces de esa corriente, observaron camionetas del Simas cuyas cuadrillas trabajaban d\u00eda y noche para favorecer a particulares que ordenaron\u2026","rel":"","context":"En &quot;Coahuila&quot;","block_context":{"text":"Coahuila","link":"http:\/\/www.grieta.org.mx\/index.php\/category\/noticias-nacionales\/coahuila\/"},"img":{"alt_text":"","src":"https:\/\/i0.wp.com\/www.grieta.org.mx\/wp-content\/uploads\/2019\/03\/simas.jpg?resize=350%2C200","width":350,"height":200,"srcset":"https:\/\/i0.wp.com\/www.grieta.org.mx\/wp-content\/uploads\/2019\/03\/simas.jpg?resize=350%2C200 1x, https:\/\/i0.wp.com\/www.grieta.org.mx\/wp-content\/uploads\/2019\/03\/simas.jpg?resize=525%2C300 1.5x"},"classes":[]},{"id":41322,"url":"http:\/\/www.grieta.org.mx\/index.php\/2019\/11\/03\/habitantes-de-guerrero-piden-un-hospital-para-cancer-que-dejo-la-termoelectrica\/","url_meta":{"origin":35817,"position":3},"title":"Habitantes de Guerrero piden un hospital para c\u00e1ncer que dej\u00f3 la termoel\u00e9ctrica","author":"Admin","date":"3 noviembre, 2019","format":false,"excerpt":"Micaela Galeana Lozano, vecina de El Naranjito, asegur\u00f3 que las emisiones de ceniza que desde hace ya 29 a\u00f1os lanza a la atm\u00f3sfera la planta termoel\u00e9ctrica, son las responsables de que haya habitante de estas tres comunidades padeciendo c\u00e1ncer, \u201cotras se han muerto, otras est\u00e1n luchando por sobrevivir, pero oiga,\u2026","rel":"","context":"En &quot;CINTILLO&quot;","block_context":{"text":"CINTILLO","link":"http:\/\/www.grieta.org.mx\/index.php\/category\/cintillo\/"},"img":{"alt_text":"","src":"https:\/\/i0.wp.com\/www.grieta.org.mx\/wp-content\/uploads\/2019\/11\/captura-de-pantalla-2019-11-03-a-las-14-33-11.png?resize=350%2C200","width":350,"height":200,"srcset":"https:\/\/i0.wp.com\/www.grieta.org.mx\/wp-content\/uploads\/2019\/11\/captura-de-pantalla-2019-11-03-a-las-14-33-11.png?resize=350%2C200 1x, https:\/\/i0.wp.com\/www.grieta.org.mx\/wp-content\/uploads\/2019\/11\/captura-de-pantalla-2019-11-03-a-las-14-33-11.png?resize=525%2C300 1.5x, https:\/\/i0.wp.com\/www.grieta.org.mx\/wp-content\/uploads\/2019\/11\/captura-de-pantalla-2019-11-03-a-las-14-33-11.png?resize=700%2C400 2x"},"classes":[]},{"id":71477,"url":"http:\/\/www.grieta.org.mx\/index.php\/2025\/03\/01\/cientos-de-personas-protestan-en-guadalajara-contra-la-termoelectrica-en-juanacatlan-jalisco\/","url_meta":{"origin":35817,"position":4},"title":"Cientos de personas protestan en Guadalajara contra la termoel\u00e9ctrica en Juanacatl\u00e1n (Jalisco)","author":"grieta","date":"1 marzo, 2025","format":false,"excerpt":"Imagen: Zona Docs Shiebi Aguilar y Mario Marlo \/ Zona Docs Cientos de personas se congregaron este mi\u00e9rcoles en una manifestaci\u00f3n pac\u00edfica en Guadalajara para expresar su oposici\u00f3n a la construcci\u00f3n de una planta termoel\u00e9ctrica en Juanacatl\u00e1n. La movilizaci\u00f3n comenz\u00f3 en Los Dos Templos y avanz\u00f3 hacia el Palacio de\u2026","rel":"","context":"En &quot;CINTILLO&quot;","block_context":{"text":"CINTILLO","link":"http:\/\/www.grieta.org.mx\/index.php\/category\/cintillo\/"},"img":{"alt_text":"","src":"https:\/\/i0.wp.com\/www.grieta.org.mx\/wp-content\/uploads\/2025\/03\/WhatsApp-Image-2025-02-28-at-4.07.30-PM-2-1536x1023-1.jpeg?resize=350%2C200","width":350,"height":200,"srcset":"https:\/\/i0.wp.com\/www.grieta.org.mx\/wp-content\/uploads\/2025\/03\/WhatsApp-Image-2025-02-28-at-4.07.30-PM-2-1536x1023-1.jpeg?resize=350%2C200 1x, https:\/\/i0.wp.com\/www.grieta.org.mx\/wp-content\/uploads\/2025\/03\/WhatsApp-Image-2025-02-28-at-4.07.30-PM-2-1536x1023-1.jpeg?resize=525%2C300 1.5x, https:\/\/i0.wp.com\/www.grieta.org.mx\/wp-content\/uploads\/2025\/03\/WhatsApp-Image-2025-02-28-at-4.07.30-PM-2-1536x1023-1.jpeg?resize=700%2C400 2x, https:\/\/i0.wp.com\/www.grieta.org.mx\/wp-content\/uploads\/2025\/03\/WhatsApp-Image-2025-02-28-at-4.07.30-PM-2-1536x1023-1.jpeg?resize=1050%2C600 3x, https:\/\/i0.wp.com\/www.grieta.org.mx\/wp-content\/uploads\/2025\/03\/WhatsApp-Image-2025-02-28-at-4.07.30-PM-2-1536x1023-1.jpeg?resize=1400%2C800 4x"},"classes":[]},{"id":55991,"url":"http:\/\/www.grieta.org.mx\/index.php\/2020\/12\/22\/pescadores-acusan-corrupcion-para-no-sancionar-a-termoelectrica-colima\/","url_meta":{"origin":35817,"position":5},"title":"Pescadores acusan corrupci\u00f3n para no sancionar a Termoel\u00e9ctrica (Colima)","author":"grieta","date":"22 diciembre, 2020","format":false,"excerpt":"Foto: Especial Jes\u00fas Lozoya Baeza \/ El Noticiero de Colima La dirigente de las Cooperativas Pesqueras de la Laguna de Cuyutl\u00e1n, Carmen Velasco, acus\u00f3 de corrupci\u00f3n en dependencias y por ello es que han se\u00f1alado que el derrame de combust\u00f3leo que provoc\u00f3 la planta Termoel\u00e9ctrica \u201cno afect\u00f3 a los pescadores\u201d.\u2026","rel":"","context":"En &quot;CINTILLO&quot;","block_context":{"text":"CINTILLO","link":"http:\/\/www.grieta.org.mx\/index.php\/category\/cintillo\/"},"img":{"alt_text":"","src":"https:\/\/i0.wp.com\/www.grieta.org.mx\/wp-content\/uploads\/2020\/12\/118325779_3303366159710901_7156574648094933947_n.jpg?resize=350%2C200","width":350,"height":200,"srcset":"https:\/\/i0.wp.com\/www.grieta.org.mx\/wp-content\/uploads\/2020\/12\/118325779_3303366159710901_7156574648094933947_n.jpg?resize=350%2C200 1x, https:\/\/i0.wp.com\/www.grieta.org.mx\/wp-content\/uploads\/2020\/12\/118325779_3303366159710901_7156574648094933947_n.jpg?resize=525%2C300 1.5x, https:\/\/i0.wp.com\/www.grieta.org.mx\/wp-content\/uploads\/2020\/12\/118325779_3303366159710901_7156574648094933947_n.jpg?resize=700%2C400 2x"},"classes":[]}],"_links":{"self":[{"href":"http:\/\/www.grieta.org.mx\/index.php\/wp-json\/wp\/v2\/posts\/35817","targetHints":{"allow":["GET"]}}],"collection":[{"href":"http:\/\/www.grieta.org.mx\/index.php\/wp-json\/wp\/v2\/posts"}],"about":[{"href":"http:\/\/www.grieta.org.mx\/index.php\/wp-json\/wp\/v2\/types\/post"}],"author":[{"embeddable":true,"href":"http:\/\/www.grieta.org.mx\/index.php\/wp-json\/wp\/v2\/users\/2"}],"replies":[{"embeddable":true,"href":"http:\/\/www.grieta.org.mx\/index.php\/wp-json\/wp\/v2\/comments?post=35817"}],"version-history":[{"count":1,"href":"http:\/\/www.grieta.org.mx\/index.php\/wp-json\/wp\/v2\/posts\/35817\/revisions"}],"predecessor-version":[{"id":35864,"href":"http:\/\/www.grieta.org.mx\/index.php\/wp-json\/wp\/v2\/posts\/35817\/revisions\/35864"}],"wp:featuredmedia":[{"embeddable":true,"href":"http:\/\/www.grieta.org.mx\/index.php\/wp-json\/wp\/v2\/media\/35819"}],"wp:attachment":[{"href":"http:\/\/www.grieta.org.mx\/index.php\/wp-json\/wp\/v2\/media?parent=35817"}],"wp:term":[{"taxonomy":"category","embeddable":true,"href":"http:\/\/www.grieta.org.mx\/index.php\/wp-json\/wp\/v2\/categories?post=35817"},{"taxonomy":"post_tag","embeddable":true,"href":"http:\/\/www.grieta.org.mx\/index.php\/wp-json\/wp\/v2\/tags?post=35817"}],"curies":[{"name":"wp","href":"https:\/\/api.w.org\/{rel}","templated":true}]}}