{"id":35758,"date":"2019-07-01T23:08:37","date_gmt":"2019-07-02T04:08:37","guid":{"rendered":"http:\/\/www.grieta.org.mx\/?p=35758"},"modified":"2019-07-02T23:15:36","modified_gmt":"2019-07-03T04:15:36","slug":"trabajadores-agrarios-de-confianza-bajo-amenaza-de-despido-san-luis-potosi","status":"publish","type":"post","link":"http:\/\/www.grieta.org.mx\/index.php\/2019\/07\/01\/trabajadores-agrarios-de-confianza-bajo-amenaza-de-despido-san-luis-potosi\/","title":{"rendered":"Trabajadores agrarios de confianza bajo amenaza de despido (San Luis Potos\u00ed)"},"content":{"rendered":"<p><img loading=\"lazy\" decoding=\"async\" data-attachment-id=\"35759\" data-permalink=\"http:\/\/www.grieta.org.mx\/index.php\/2019\/07\/01\/trabajadores-agrarios-de-confianza-bajo-amenaza-de-despido-san-luis-potosi\/trabajadores-agrarios-de-confianza-bajo-amenaza-de-despido-slp-jul\/\" data-orig-file=\"http:\/\/www.grieta.org.mx\/wp-content\/uploads\/2019\/07\/Trabajadores-agrarios-de-confianza-bajo-amenaza-de-despido-slp-jul.png\" data-orig-size=\"1160,700\" data-comments-opened=\"0\" data-image-meta=\"{&quot;aperture&quot;:&quot;0&quot;,&quot;credit&quot;:&quot;&quot;,&quot;camera&quot;:&quot;&quot;,&quot;caption&quot;:&quot;&quot;,&quot;created_timestamp&quot;:&quot;0&quot;,&quot;copyright&quot;:&quot;&quot;,&quot;focal_length&quot;:&quot;0&quot;,&quot;iso&quot;:&quot;0&quot;,&quot;shutter_speed&quot;:&quot;0&quot;,&quot;title&quot;:&quot;&quot;,&quot;orientation&quot;:&quot;0&quot;}\" data-image-title=\"Trabajadores agrarios de confianza bajo amenaza de despido slp jul\" data-image-description=\"\" data-image-caption=\"\" data-medium-file=\"http:\/\/www.grieta.org.mx\/wp-content\/uploads\/2019\/07\/Trabajadores-agrarios-de-confianza-bajo-amenaza-de-despido-slp-jul-300x181.png\" data-large-file=\"http:\/\/www.grieta.org.mx\/wp-content\/uploads\/2019\/07\/Trabajadores-agrarios-de-confianza-bajo-amenaza-de-despido-slp-jul-1024x618.png\" class=\"aligncenter wp-image-35759\" src=\"http:\/\/www.grieta.org.mx\/wp-content\/uploads\/2019\/07\/Trabajadores-agrarios-de-confianza-bajo-amenaza-de-despido-slp-jul-300x181.png\" alt=\"\" width=\"800\" height=\"483\" srcset=\"http:\/\/www.grieta.org.mx\/wp-content\/uploads\/2019\/07\/Trabajadores-agrarios-de-confianza-bajo-amenaza-de-despido-slp-jul-300x181.png 300w, http:\/\/www.grieta.org.mx\/wp-content\/uploads\/2019\/07\/Trabajadores-agrarios-de-confianza-bajo-amenaza-de-despido-slp-jul-768x463.png 768w, http:\/\/www.grieta.org.mx\/wp-content\/uploads\/2019\/07\/Trabajadores-agrarios-de-confianza-bajo-amenaza-de-despido-slp-jul-1024x618.png 1024w, http:\/\/www.grieta.org.mx\/wp-content\/uploads\/2019\/07\/Trabajadores-agrarios-de-confianza-bajo-amenaza-de-despido-slp-jul-829x500.png 829w, http:\/\/www.grieta.org.mx\/wp-content\/uploads\/2019\/07\/Trabajadores-agrarios-de-confianza-bajo-amenaza-de-despido-slp-jul.png 1160w\" sizes=\"auto, (max-width: 800px) 100vw, 800px\" \/>Fotograf\u00eda: Quadrat\u00edn SLP<\/p>\n<p>Daniela Bravo \/ Quadrat\u00edn SLP<\/p>\n<p>SAN LUIS POTOS\u00cd, SLP., 1 de julio de 2019.- Al menos 11 trabajadores de confianza del Registro Agrario Nacional (RAN), fueron avisados verbalmente que sus puestos como trabajadores de confianza dejar\u00e1n de existir a partir del 30 de junio a causa de un memor\u00e1ndum fechado el pasado 3 de mayo, emitido y firmado por el presidente de M\u00e9xico, Andr\u00e9s Manuel L\u00f3pez Obrador. La incertidumbre laboral de estos trabajadores que dicen haber obtenido su puesto desde hace seis a\u00f1os a trav\u00e9s del Servicio Profesional de Carrera, comenz\u00f3 el pasado 24 de junio, d\u00eda en que Ismael Carrillo \u00c1vila, quien dice ser comisionado especial de la direcci\u00f3n y jefe de la dependencia federal, les adelant\u00f3 que habr\u00eda recorte de personal. Se les comenz\u00f3 a exigir firmar la renuncia voluntaria, lo que traer\u00eda como consecuencia considerar su recontrataci\u00f3n, de lo contrario enfrentar\u00edan el cese, mismo que no fue notificado el pasado viernes 27 de junio, por lo que los trabajadores acudir\u00e1n a realizar sus labores como normalidad este lunes. El disgusto de los empleados se debe a que por retiro voluntario el RAN les ofrece a cada uno tres meses de sueldo m\u00e1s 20 d\u00edas por los a\u00f1os que tienen laborando, cantidad de dinero que consideran se encuentra por debajo de la ley. Uno de los afectados, Jes\u00fas Barajas indic\u00f3 que luego que los trabajadores hicieron p\u00fablico el problema interno, el comisionado de la dependencia se torn\u00f3 molesto y les dijo que estaban siendo considerados, pero por haber denunciado p\u00fablicamente \u00abya no\u00bb. Los trabajadores indicaron que llegaron a sus puestos en distintos sexenios y consideran injusto que se queden personas de base y sindicalizados que no est\u00e1n preparados para realizar las funciones que se requieren en la dependencia. Jes\u00fas Barajas puntualiz\u00f3 que Carrillo \u00c1vila no puede emitirles su cese ya que a\u00fan no es empleado de la estructura de la dependencia federal, pues est\u00e1 contratado v\u00eda outsourcing con el Instituto Interamericano de Cooperaci\u00f3n para la Agricultura (IICA). El hecho de que no ha sido nombrado oficialmente resulta sospechoso y deber\u00eda causar incertidumbre para los usuarios, pues desde el mes de mayo el comisionado \u00ables ha dado resoluci\u00f3n a conflictos agrarios a trav\u00e9s de la palabra y con un documento oficial, lo que a la larga traer\u00e1 anomal\u00edas\u00bb, dijo. En caso de ser necesario a partir de este lunes 1 de julio asistir\u00e1n a solicitar un amparo y demandar\u00e1n a la direcci\u00f3n, porque dijeron que no pueden irse solo as\u00ed, debido a que no concluyeron el proceso de entrega-recepci\u00f3n.<\/p>\n<p><a href=\"https:\/\/sanluispotosi.quadratin.com.mx\/principal\/trabajadores-agrarios-de-confianza-bajo-amenaza-de-despido\/\" target=\"_blank\" rel=\"noopener noreferrer\">https:\/\/sanluispotosi.quadratin.com.mx\/principal\/trabajadores-agrarios-de-confianza-bajo-amenaza-de-despido\/<\/a><\/p>\n<p>&nbsp;<\/p>\n","protected":false},"excerpt":{"rendered":"<p>Fotograf\u00eda: Quadrat\u00edn SLP Daniela Bravo \/ Quadrat\u00edn SLP SAN LUIS POTOS\u00cd, SLP., 1 de julio de 2019.- Al menos 11 trabajadores de confianza del Registro Agrario Nacional (RAN), fueron avisados &hellip; <a href=\"http:\/\/www.grieta.org.mx\/index.php\/2019\/07\/01\/trabajadores-agrarios-de-confianza-bajo-amenaza-de-despido-san-luis-potosi\/\" class=\"more-link\">Leer m\u00e1s<\/a><\/p>\n","protected":false},"author":2,"featured_media":35759,"comment_status":"closed","ping_status":"closed","sticky":false,"template":"","format":"standard","meta":{"ngg_post_thumbnail":0,"_jetpack_newsletter_access":"","_jetpack_dont_email_post_to_subs":false,"_jetpack_newsletter_tier_id":0,"_jetpack_memberships_contains_paywalled_content":false,"_jetpack_memberships_contains_paid_content":false,"footnotes":""},"categories":[80,910,1273,2,29,83],"tags":[163,1291,1290],"class_list":["post-35758","post","type-post","status-publish","format-standard","has-post-thumbnail","hentry","category-cintillo","category-explotacion-y-precariedad-laboral","category-explotacion-y-precariedad-laboral-en-san-luis-potosi","category-noticias-nacionales","category-san-luis-potosi","category-temas-nacionales","tag-despidos","tag-explotacion-laboral","tag-precariedad-laboral","entry"],"jetpack_featured_media_url":"http:\/\/www.grieta.org.mx\/wp-content\/uploads\/2019\/07\/Trabajadores-agrarios-de-confianza-bajo-amenaza-de-despido-slp-jul.png","jetpack_sharing_enabled":true,"jetpack_shortlink":"https:\/\/wp.me\/p7ZJR4-9iK","jetpack_likes_enabled":false,"jetpack-related-posts":[{"id":33100,"url":"http:\/\/www.grieta.org.mx\/index.php\/2019\/05\/02\/trabajadores-del-parque-tangamanga-reclaman-salario-san-luis-potosi\/","url_meta":{"origin":35758,"position":0},"title":"Trabajadores del Parque Tangamanga reclaman salario (San Luis Potos\u00ed)","author":"grieta","date":"2 mayo, 2019","format":false,"excerpt":"Plano Informativo Hay una presunta retenci\u00f3n del salario correspondiente a la segunda quincena del mes de abril y por la falta de seguridad social. San Luis Potos\u00ed, SLP.- Trabajadores de los parques Tangamanga I y II, se manifestaron al exterior del Palacio del Gobierno del Estado, por la presunta retenci\u00f3n\u2026","rel":"","context":"En &quot;CINTILLO&quot;","block_context":{"text":"CINTILLO","link":"http:\/\/www.grieta.org.mx\/index.php\/category\/cintillo\/"},"img":{"alt_text":"","src":"https:\/\/i0.wp.com\/www.grieta.org.mx\/wp-content\/uploads\/2019\/05\/Trabajadores-del-Parque-Tangamanga-reclaman-salario-slp-may.jpg?resize=350%2C200","width":350,"height":200,"srcset":"https:\/\/i0.wp.com\/www.grieta.org.mx\/wp-content\/uploads\/2019\/05\/Trabajadores-del-Parque-Tangamanga-reclaman-salario-slp-may.jpg?resize=350%2C200 1x, https:\/\/i0.wp.com\/www.grieta.org.mx\/wp-content\/uploads\/2019\/05\/Trabajadores-del-Parque-Tangamanga-reclaman-salario-slp-may.jpg?resize=525%2C300 1.5x, https:\/\/i0.wp.com\/www.grieta.org.mx\/wp-content\/uploads\/2019\/05\/Trabajadores-del-Parque-Tangamanga-reclaman-salario-slp-may.jpg?resize=700%2C400 2x, https:\/\/i0.wp.com\/www.grieta.org.mx\/wp-content\/uploads\/2019\/05\/Trabajadores-del-Parque-Tangamanga-reclaman-salario-slp-may.jpg?resize=1050%2C600 3x"},"classes":[]},{"id":32012,"url":"http:\/\/www.grieta.org.mx\/index.php\/2019\/04\/10\/en-rezago-4-mil-demandas-laborales-en-slp-styps-san-luis-potosi\/","url_meta":{"origin":35758,"position":1},"title":"En rezago 4 mil demandas laborales en SLP: STyPS (San Luis Potos\u00ed)","author":"grieta","date":"10 abril, 2019","format":false,"excerpt":"Berenice Guti\u00e9rrez \/ GlobalMedia La cantidad es mayor a las que se prev\u00e9n anualmente, adem\u00e1s en el marco de la reforma laboral el secretario del Trabajo Manuel Lozano consider\u00f3 que dos o m\u00e1s organizaciones sindicales en una misma compa\u00f1\u00eda no es pr\u00e1ctico San Luis Potos\u00ed, M\u00e9xico (10 abril 2019).- En\u2026","rel":"","context":"En &quot;CINTILLO&quot;","block_context":{"text":"CINTILLO","link":"http:\/\/www.grieta.org.mx\/index.php\/category\/cintillo\/"},"img":{"alt_text":"","src":"https:\/\/i0.wp.com\/www.grieta.org.mx\/wp-content\/uploads\/2019\/04\/En-rezago-4-mil-demandas-laborales-en-SLP-STyPS-slp-abr.jpg?resize=350%2C200","width":350,"height":200,"srcset":"https:\/\/i0.wp.com\/www.grieta.org.mx\/wp-content\/uploads\/2019\/04\/En-rezago-4-mil-demandas-laborales-en-SLP-STyPS-slp-abr.jpg?resize=350%2C200 1x, https:\/\/i0.wp.com\/www.grieta.org.mx\/wp-content\/uploads\/2019\/04\/En-rezago-4-mil-demandas-laborales-en-SLP-STyPS-slp-abr.jpg?resize=525%2C300 1.5x"},"classes":[]},{"id":33118,"url":"http:\/\/www.grieta.org.mx\/index.php\/2019\/05\/07\/reportan-despidos-masivos-en-conafe-san-luis-potosi\/","url_meta":{"origin":35758,"position":2},"title":"Reportan despidos masivos en Conafe (San Luis Potos\u00ed)","author":"grieta","date":"7 mayo, 2019","format":false,"excerpt":"Rub\u00e9n Pacheco \/ Pulso La cuarta transformaci\u00f3n alcanz\u00f3 a 24 trabajadores eventuales en la delegaci\u00f3n de San Luis Potos\u00ed Desde el viernes pasado, 24 trabajadores eventuales fueron despedidos de la delegaci\u00f3n en San Luis Potos\u00ed del Consejo Nacional de Fomento Educativo (Conafe), quienes desarrollaban labores en las cuatro regiones de\u2026","rel":"","context":"En &quot;CINTILLO&quot;","block_context":{"text":"CINTILLO","link":"http:\/\/www.grieta.org.mx\/index.php\/category\/cintillo\/"},"img":{"alt_text":"","src":"https:\/\/i0.wp.com\/www.grieta.org.mx\/wp-content\/uploads\/2019\/05\/Reportan-despidos-masivos-en-Conafe-slp-may.jpg?resize=350%2C200","width":350,"height":200,"srcset":"https:\/\/i0.wp.com\/www.grieta.org.mx\/wp-content\/uploads\/2019\/05\/Reportan-despidos-masivos-en-Conafe-slp-may.jpg?resize=350%2C200 1x, https:\/\/i0.wp.com\/www.grieta.org.mx\/wp-content\/uploads\/2019\/05\/Reportan-despidos-masivos-en-Conafe-slp-may.jpg?resize=525%2C300 1.5x"},"classes":[]},{"id":37208,"url":"http:\/\/www.grieta.org.mx\/index.php\/2019\/07\/28\/explotan-en-slp-a-94-mil-jornaleros-indigenas-de-guerrero\/","url_meta":{"origin":35758,"position":3},"title":"Explotan en SLP a 94 mil jornaleros ind\u00edgenas de Guerrero","author":"grieta","date":"28 julio, 2019","format":false,"excerpt":"Cristian Morales \/ Quadrat\u00edn SLP SAN LUIS POTOS\u00cd, SLP., 28 de julio de 2019.- En condiciones de explotaci\u00f3n, sin servicios m\u00e9dicos y sumidos en la precariedad, han vivido cerca de 94 mil ind\u00edgenas de la regi\u00f3n Costa-Monta\u00f1a de Guerrero cuando llegan a laborar en cultivos de Cedral, Vanegas, Villa de\u2026","rel":"","context":"En &quot;CINTILLO&quot;","block_context":{"text":"CINTILLO","link":"http:\/\/www.grieta.org.mx\/index.php\/category\/cintillo\/"},"img":{"alt_text":"","src":"https:\/\/i0.wp.com\/www.grieta.org.mx\/wp-content\/uploads\/2019\/07\/campo-mexico-1160x700.jpg?resize=350%2C200","width":350,"height":200,"srcset":"https:\/\/i0.wp.com\/www.grieta.org.mx\/wp-content\/uploads\/2019\/07\/campo-mexico-1160x700.jpg?resize=350%2C200 1x, https:\/\/i0.wp.com\/www.grieta.org.mx\/wp-content\/uploads\/2019\/07\/campo-mexico-1160x700.jpg?resize=525%2C300 1.5x, https:\/\/i0.wp.com\/www.grieta.org.mx\/wp-content\/uploads\/2019\/07\/campo-mexico-1160x700.jpg?resize=700%2C400 2x, https:\/\/i0.wp.com\/www.grieta.org.mx\/wp-content\/uploads\/2019\/07\/campo-mexico-1160x700.jpg?resize=1050%2C600 3x"},"classes":[]},{"id":24506,"url":"http:\/\/www.grieta.org.mx\/index.php\/2018\/07\/11\/goodyear-despide-a-trabajadores-san-luis-potosi\/","url_meta":{"origin":35758,"position":4},"title":"Goodyear despide a trabajadores (San Luis Potos\u00ed)","author":"grieta","date":"11 julio, 2018","format":false,"excerpt":"Emilia Monreal \/ Plano Informativo En meses pasados expresaron su inconformidad con los bajos salarios y la violaci\u00f3n a sus derechos laborales; como represalia los despidieron San Luis Potos\u00ed, SLP.- La llantera Goodyear despidi\u00f3 a trabajadores, pese al acuerdo del pasado 25 de abril de no tomar represalias contra quienes\u2026","rel":"","context":"En &quot;CINTILLO&quot;","block_context":{"text":"CINTILLO","link":"http:\/\/www.grieta.org.mx\/index.php\/category\/cintillo\/"},"img":{"alt_text":"","src":"https:\/\/i0.wp.com\/www.grieta.org.mx\/wp-content\/uploads\/2018\/07\/Goodyear-despide-a-trabajadores-San-Luis-Potos%C3%AD.jpg?resize=350%2C200","width":350,"height":200,"srcset":"https:\/\/i0.wp.com\/www.grieta.org.mx\/wp-content\/uploads\/2018\/07\/Goodyear-despide-a-trabajadores-San-Luis-Potos%C3%AD.jpg?resize=350%2C200 1x, https:\/\/i0.wp.com\/www.grieta.org.mx\/wp-content\/uploads\/2018\/07\/Goodyear-despide-a-trabajadores-San-Luis-Potos%C3%AD.jpg?resize=525%2C300 1.5x, https:\/\/i0.wp.com\/www.grieta.org.mx\/wp-content\/uploads\/2018\/07\/Goodyear-despide-a-trabajadores-San-Luis-Potos%C3%AD.jpg?resize=700%2C400 2x"},"classes":[]},{"id":35746,"url":"http:\/\/www.grieta.org.mx\/index.php\/2019\/07\/02\/empleados-de-cervecera-paran-labores-denuncian-bajos-sueldos-y-largas-jornadas-laborales-san-luis-potosi\/","url_meta":{"origin":35758,"position":5},"title":"Empleados de cervecera paran labores; denuncian bajos sueldos y largas jornadas laborales (San Luis Potos\u00ed)","author":"grieta","date":"2 julio, 2019","format":false,"excerpt":"Fotograf\u00eda: Pulso Imelda Hern\u00e1ndez \/ Pulso Alrededor de 250 empleados de la empresa Cervera Corona, ubicada en el Anillo Perif\u00e9rico iniciaron un paro de labores por tiempo indefinido, como protesta por los bajos salarios que perciben y la extensi\u00f3n en su horario de trabajo, el cual no se compensa econ\u00f3micamente.\u2026","rel":"","context":"En &quot;CINTILLO&quot;","block_context":{"text":"CINTILLO","link":"http:\/\/www.grieta.org.mx\/index.php\/category\/cintillo\/"},"img":{"alt_text":"","src":"https:\/\/i0.wp.com\/www.grieta.org.mx\/wp-content\/uploads\/2019\/07\/Empleados-de-cervecera-paran-labores-denuncian-bajos-sueldos-y-largas-jornadas-laborales-slp-jul.jpg?resize=350%2C200","width":350,"height":200,"srcset":"https:\/\/i0.wp.com\/www.grieta.org.mx\/wp-content\/uploads\/2019\/07\/Empleados-de-cervecera-paran-labores-denuncian-bajos-sueldos-y-largas-jornadas-laborales-slp-jul.jpg?resize=350%2C200 1x, https:\/\/i0.wp.com\/www.grieta.org.mx\/wp-content\/uploads\/2019\/07\/Empleados-de-cervecera-paran-labores-denuncian-bajos-sueldos-y-largas-jornadas-laborales-slp-jul.jpg?resize=525%2C300 1.5x"},"classes":[]}],"_links":{"self":[{"href":"http:\/\/www.grieta.org.mx\/index.php\/wp-json\/wp\/v2\/posts\/35758","targetHints":{"allow":["GET"]}}],"collection":[{"href":"http:\/\/www.grieta.org.mx\/index.php\/wp-json\/wp\/v2\/posts"}],"about":[{"href":"http:\/\/www.grieta.org.mx\/index.php\/wp-json\/wp\/v2\/types\/post"}],"author":[{"embeddable":true,"href":"http:\/\/www.grieta.org.mx\/index.php\/wp-json\/wp\/v2\/users\/2"}],"replies":[{"embeddable":true,"href":"http:\/\/www.grieta.org.mx\/index.php\/wp-json\/wp\/v2\/comments?post=35758"}],"version-history":[{"count":1,"href":"http:\/\/www.grieta.org.mx\/index.php\/wp-json\/wp\/v2\/posts\/35758\/revisions"}],"predecessor-version":[{"id":35760,"href":"http:\/\/www.grieta.org.mx\/index.php\/wp-json\/wp\/v2\/posts\/35758\/revisions\/35760"}],"wp:featuredmedia":[{"embeddable":true,"href":"http:\/\/www.grieta.org.mx\/index.php\/wp-json\/wp\/v2\/media\/35759"}],"wp:attachment":[{"href":"http:\/\/www.grieta.org.mx\/index.php\/wp-json\/wp\/v2\/media?parent=35758"}],"wp:term":[{"taxonomy":"category","embeddable":true,"href":"http:\/\/www.grieta.org.mx\/index.php\/wp-json\/wp\/v2\/categories?post=35758"},{"taxonomy":"post_tag","embeddable":true,"href":"http:\/\/www.grieta.org.mx\/index.php\/wp-json\/wp\/v2\/tags?post=35758"}],"curies":[{"name":"wp","href":"https:\/\/api.w.org\/{rel}","templated":true}]}}