{"id":35720,"date":"2019-07-01T12:20:01","date_gmt":"2019-07-01T17:20:01","guid":{"rendered":"http:\/\/www.grieta.org.mx\/?p=35720"},"modified":"2019-07-01T18:24:49","modified_gmt":"2019-07-01T23:24:49","slug":"arrestan-a-activista-silvia-resendiz-con-sus-dos-nietas-en-garita-de-calexico-mexicali-baja-california","status":"publish","type":"post","link":"http:\/\/www.grieta.org.mx\/index.php\/2019\/07\/01\/arrestan-a-activista-silvia-resendiz-con-sus-dos-nietas-en-garita-de-calexico-mexicali-baja-california\/","title":{"rendered":"Arrestan a activista Silvia Resendiz con sus dos nietas en garita de Calexico-Mexicali (Baja California)"},"content":{"rendered":"<p>Antonio Heras \/ Lindero Norte.<\/p>\n<p><img loading=\"lazy\" decoding=\"async\" data-attachment-id=\"35721\" data-permalink=\"http:\/\/www.grieta.org.mx\/index.php\/2019\/07\/01\/arrestan-a-activista-silvia-resendiz-con-sus-dos-nietas-en-garita-de-calexico-mexicali-baja-california\/img-20190630-wa0046\/\" data-orig-file=\"http:\/\/www.grieta.org.mx\/wp-content\/uploads\/2019\/07\/IMG-20190630-WA0046.jpg\" data-orig-size=\"960,1280\" data-comments-opened=\"0\" data-image-meta=\"{&quot;aperture&quot;:&quot;0&quot;,&quot;credit&quot;:&quot;&quot;,&quot;camera&quot;:&quot;&quot;,&quot;caption&quot;:&quot;&quot;,&quot;created_timestamp&quot;:&quot;0&quot;,&quot;copyright&quot;:&quot;&quot;,&quot;focal_length&quot;:&quot;0&quot;,&quot;iso&quot;:&quot;0&quot;,&quot;shutter_speed&quot;:&quot;0&quot;,&quot;title&quot;:&quot;&quot;,&quot;orientation&quot;:&quot;0&quot;}\" data-image-title=\"IMG-20190630-WA0046\" data-image-description=\"\" data-image-caption=\"\" data-medium-file=\"http:\/\/www.grieta.org.mx\/wp-content\/uploads\/2019\/07\/IMG-20190630-WA0046-225x300.jpg\" data-large-file=\"http:\/\/www.grieta.org.mx\/wp-content\/uploads\/2019\/07\/IMG-20190630-WA0046-768x1024.jpg\" src=\"http:\/\/www.grieta.org.mx\/wp-content\/uploads\/2019\/07\/IMG-20190630-WA0046-768x1024.jpg\" alt=\"\" width=\"768\" height=\"1024\" class=\"alignleft size-large wp-image-35721\" srcset=\"http:\/\/www.grieta.org.mx\/wp-content\/uploads\/2019\/07\/IMG-20190630-WA0046-768x1024.jpg 768w, http:\/\/www.grieta.org.mx\/wp-content\/uploads\/2019\/07\/IMG-20190630-WA0046-225x300.jpg 225w, http:\/\/www.grieta.org.mx\/wp-content\/uploads\/2019\/07\/IMG-20190630-WA0046-375x500.jpg 375w, http:\/\/www.grieta.org.mx\/wp-content\/uploads\/2019\/07\/IMG-20190630-WA0046.jpg 960w\" sizes=\"auto, (max-width: 768px) 100vw, 768px\" \/><\/p>\n<p>Mexicali.-La activista Silvia Resendiz, directora del colectivo Mujeres Tierra, fue detenida en la Garita Internacional de Calexico, California, cuando cruzaba para hacer compras en esa ciudad estadunidense.<\/p>\n<p>La detenci\u00f3n se realiz\u00f3 la tarde de este domingo 30 de junio, alrededor de las 14:00 horas, al encontrase en compa\u00f1\u00eda de sus dos nietos, Jonathan y Katia de 10 y 13 a\u00f1os de edad.<\/p>\n<p>La informaci\u00f3n la dio a conocer Le\u00f3n Fierro del movimiento Mexicali Resiste, quien advirti\u00f3 que el arresto de su madre, en compa\u00f1\u00eda de sus hijos, se debi\u00f3 a la lucha que emprendieron por la defensa del agua y la instalaci\u00f3n de la empresa estadunidense Constellation Brands. Explic\u00f3 que el gobierno de Baja California emiti\u00f3 una alerta roja en su contra y su familia, lo que provoc\u00f3 su propia detenci\u00f3n en 2018 y el retiro de su visa de turista.<\/p>\n<p>En redes sociales Fierro Resendiz denunci\u00f3 que hasta la 18 horas tiempo local su madre e hijas habian recibido malos tratos, incluidos la omisi\u00f3n de agua y alimentos.<\/p>\n<p>Aduanas y Protecci\u00f3n Fronteriza de Estados Unidos no ha emitido informacion oficial sobre el arresto de Resendiz y sus nietas.<\/p>\n<p><a href=\"https:\/\/linderonorte.com\/2019\/06\/30\/arrestan-a-activista-silvia-resendiz-con-sus-dos-nietas-en-garita-de-calexico-mexicali\/\" rel=\"noopener noreferrer\" target=\"_blank\">https:\/\/linderonorte.com\/2019\/06\/30\/arrestan-a-activista-silvia-resendiz-con-sus-dos-nietas-en-garita-de-calexico-mexicali\/<\/a><\/p>\n","protected":false},"excerpt":{"rendered":"<p>Antonio Heras \/ Lindero Norte. Mexicali.-La activista Silvia Resendiz, directora del colectivo Mujeres Tierra, fue detenida en la Garita Internacional de Calexico, California, cuando cruzaba para hacer compras en esa &hellip; <a href=\"http:\/\/www.grieta.org.mx\/index.php\/2019\/07\/01\/arrestan-a-activista-silvia-resendiz-con-sus-dos-nietas-en-garita-de-calexico-mexicali-baja-california\/\" class=\"more-link\">Leer m\u00e1s<\/a><\/p>\n","protected":false},"author":2,"featured_media":35721,"comment_status":"closed","ping_status":"closed","sticky":false,"template":"","format":"standard","meta":{"ngg_post_thumbnail":0,"_jetpack_newsletter_access":"","_jetpack_dont_email_post_to_subs":false,"_jetpack_newsletter_tier_id":0,"_jetpack_memberships_contains_paywalled_content":false,"_jetpack_memberships_contains_paid_content":false,"footnotes":""},"categories":[5,80,1052,2],"tags":[],"class_list":["post-35720","post","type-post","status-publish","format-standard","has-post-thumbnail","hentry","category-baja-california","category-cintillo","category-la-lucha-de-resistencia-frente-a-la-cervecera-constellation-brands","category-noticias-nacionales","entry"],"jetpack_featured_media_url":"http:\/\/www.grieta.org.mx\/wp-content\/uploads\/2019\/07\/IMG-20190630-WA0046.jpg","jetpack_sharing_enabled":true,"jetpack_shortlink":"https:\/\/wp.me\/p7ZJR4-9i8","jetpack_likes_enabled":false,"jetpack-related-posts":[{"id":35716,"url":"http:\/\/www.grieta.org.mx\/index.php\/2019\/07\/01\/comunicado-urgente-del-cni-cig-ante-la-injusta-detencion-de-silvia-resendiz-del-colectivo-mexicali-resiste\/","url_meta":{"origin":35720,"position":0},"title":"COMUNICADO URGENTE DEL CNI-CIG ANTE LA INJUSTA DETENCI\u00d3N DE SILVIA RES\u00c9NDIZ DEL COLECTIVO MEXICALI RESISTE","author":"Admin","date":"1 julio, 2019","format":false,"excerpt":"Al pueblo de M\u00e9xico Al pueblo de los Estados Unidos A los Medios de Comunicaci\u00f3n A las Redes de Resistencia y Rebeld\u00eda A las Redes de Apoyo al CIG A la Sexta Nacional e Internacional El Congreso Nacional Ind\u00edgena \u2013 Concejo Ind\u00edgena de Gobierno denunciamos la injusta detenci\u00f3n y privaci\u00f3n\u2026","rel":"","context":"En &quot;CINTILLO&quot;","block_context":{"text":"CINTILLO","link":"http:\/\/www.grieta.org.mx\/index.php\/category\/cintillo\/"},"img":{"alt_text":"","src":"https:\/\/i0.wp.com\/www.grieta.org.mx\/wp-content\/uploads\/2019\/06\/logo-CNI-T.png?resize=350%2C200","width":350,"height":200,"srcset":"https:\/\/i0.wp.com\/www.grieta.org.mx\/wp-content\/uploads\/2019\/06\/logo-CNI-T.png?resize=350%2C200 1x, https:\/\/i0.wp.com\/www.grieta.org.mx\/wp-content\/uploads\/2019\/06\/logo-CNI-T.png?resize=525%2C300 1.5x"},"classes":[]},{"id":23579,"url":"http:\/\/www.grieta.org.mx\/index.php\/2018\/06\/08\/gobierno-de-eu-retiene-y-quita-visa-a-activista-de-mexicali-resiste-baja-california\/","url_meta":{"origin":35720,"position":1},"title":"Gobierno de EU retiene y quita visa a activista de Mexicali Resiste (Baja California)","author":"grieta","date":"8 junio, 2018","format":false,"excerpt":"Luis Arellano Sarmiento Mexicali, 8 de junio.- Cuando intentaba cruza la garita internacional Mexicali-Calexico, agentes de inmigraci\u00f3n del gobierno de Estados Unidos retuvieron y quitaron la visa al activista de Mexicali Resiste, Jorge Ben\u00edtez L\u00f3pez. El activista narr\u00f3 que en compa\u00f1\u00eda de otra persona se dispon\u00eda a cruzar a Estados\u2026","rel":"","context":"En &quot;CINTILLO&quot;","block_context":{"text":"CINTILLO","link":"http:\/\/www.grieta.org.mx\/index.php\/category\/cintillo\/"},"img":{"alt_text":"","src":"https:\/\/i0.wp.com\/www.grieta.org.mx\/wp-content\/uploads\/2018\/06\/activista_4.jpg?resize=350%2C200","width":350,"height":200,"srcset":"https:\/\/i0.wp.com\/www.grieta.org.mx\/wp-content\/uploads\/2018\/06\/activista_4.jpg?resize=350%2C200 1x, https:\/\/i0.wp.com\/www.grieta.org.mx\/wp-content\/uploads\/2018\/06\/activista_4.jpg?resize=525%2C300 1.5x"},"classes":[]},{"id":25010,"url":"http:\/\/www.grieta.org.mx\/index.php\/2018\/07\/19\/continua-detenido-activista-de-mexicali-resiste-por-supuestas-lesiones-calificadas-a-un-guardia-de-seguridad-baja-california\/","url_meta":{"origin":35720,"position":2},"title":"Contin\u00faa detenido activista de Mexicali Resiste por supuestas lesiones calificadas a un guardia de seguridad (Baja California)","author":"grieta","date":"19 julio, 2018","format":false,"excerpt":"Antonio Heras Mexicali.- El activista mexicalense Jorge Ben\u00edtez se encuentra detenido en las instalaciones de la Procuradur\u00eda General de Justicia de Baja California acusado de lesiones calificadas de un guardia de seguridad. Ben\u00edtez, integrante de Mexicali Resiste, fue arrestado este mi\u00e9rcoles a las 13:35 horas en el Palacio Municipal de\u2026","rel":"","context":"En &quot;Baja California&quot;","block_context":{"text":"Baja California","link":"http:\/\/www.grieta.org.mx\/index.php\/category\/noticias-nacionales\/baja-california\/"},"img":{"alt_text":"","src":"https:\/\/i0.wp.com\/www.grieta.org.mx\/wp-content\/uploads\/2018\/07\/fb_img_1532023846739896507375.jpg?resize=350%2C200","width":350,"height":200,"srcset":"https:\/\/i0.wp.com\/www.grieta.org.mx\/wp-content\/uploads\/2018\/07\/fb_img_1532023846739896507375.jpg?resize=350%2C200 1x, https:\/\/i0.wp.com\/www.grieta.org.mx\/wp-content\/uploads\/2018\/07\/fb_img_1532023846739896507375.jpg?resize=525%2C300 1.5x"},"classes":[]},{"id":23166,"url":"http:\/\/www.grieta.org.mx\/index.php\/2018\/05\/16\/ordenan-a-conagua-informar-y-transparentar-documentos-sobre-instalacion-de-constellation-brands-en-mexicali-baja-california\/","url_meta":{"origin":35720,"position":3},"title":"Ordenan a Conagua informar y transparentar  documentos sobre instalaci\u00f3n de Constellation Brands en Mexicali (Baja California)","author":"grieta","date":"16 mayo, 2018","format":false,"excerpt":"Antonio Heras Mexicali.- La Comisi\u00f3n Nacional del Agua est\u00e1 obligada a informar sobre la instalaci\u00f3n en el Valle de Mexicali de la planta de producci\u00f3n de cerveza de la compa\u00f1\u00eda estadunidense Constellation Brands. Ante la reiterada negativa del organismo federal, el Instituto Nacional de Transparencia, Acceso a la Informaci\u00f3n y\u2026","rel":"","context":"En &quot;Baja California&quot;","block_context":{"text":"Baja California","link":"http:\/\/www.grieta.org.mx\/index.php\/category\/noticias-nacionales\/baja-california\/"},"img":{"alt_text":"","src":"https:\/\/i0.wp.com\/www.grieta.org.mx\/wp-content\/uploads\/2018\/05\/protesta_17_02124138195.jpg?resize=350%2C200","width":350,"height":200,"srcset":"https:\/\/i0.wp.com\/www.grieta.org.mx\/wp-content\/uploads\/2018\/05\/protesta_17_02124138195.jpg?resize=350%2C200 1x, https:\/\/i0.wp.com\/www.grieta.org.mx\/wp-content\/uploads\/2018\/05\/protesta_17_02124138195.jpg?resize=525%2C300 1.5x"},"classes":[]},{"id":27596,"url":"http:\/\/www.grieta.org.mx\/index.php\/2018\/11\/14\/eu-retira-visa-a-leon-fierro-al-cruzar-la-frontera-el-activista-responsabiliza-a-rueda-baja-california\/","url_meta":{"origin":35720,"position":4},"title":"EU retira visa a Le\u00f3n Fierro al cruzar la frontera, el activista responsabiliza a Rueda (Baja California)","author":"grieta","date":"14 noviembre, 2018","format":false,"excerpt":"El activista Le\u00f3n Fierro, miembro de Mexicali Resiste, permaneci\u00f3 detenido durante tres horas en el cruce fronterizo de San Ysidro despu\u00e9s de que intent\u00f3 ingresar a Estados Unidos para participar en un foro binacional sobre la defensa del agua que se realizar\u00e1 ma\u00f1ana jueves 15 de noviembre por la ma\u00f1ana.\u2026","rel":"","context":"En &quot;Baja California&quot;","block_context":{"text":"Baja California","link":"http:\/\/www.grieta.org.mx\/index.php\/category\/noticias-nacionales\/baja-california\/"},"img":{"alt_text":"","src":"https:\/\/i0.wp.com\/www.grieta.org.mx\/wp-content\/uploads\/2018\/11\/leon-fierro-cuellar.jpg?resize=350%2C200","width":350,"height":200,"srcset":"https:\/\/i0.wp.com\/www.grieta.org.mx\/wp-content\/uploads\/2018\/11\/leon-fierro-cuellar.jpg?resize=350%2C200 1x, https:\/\/i0.wp.com\/www.grieta.org.mx\/wp-content\/uploads\/2018\/11\/leon-fierro-cuellar.jpg?resize=525%2C300 1.5x"},"classes":[]},{"id":28428,"url":"http:\/\/www.grieta.org.mx\/index.php\/2018\/01\/25\/protestan-detractores-de-cervecera-en-oficinas-constellation-brands-y-de-la-pgje-baja-california\/","url_meta":{"origin":35720,"position":5},"title":"Protestan detractores de cervecera en oficinas Constellation Brands y de la PGJE (Baja California)","author":"grieta","date":"25 enero, 2018","format":false,"excerpt":"El edificio donde tambi\u00e9n est\u00e1n oficinas p\u00fablicas como la delegaci\u00f3n de Semarnat y del ISSSTE fue cerrado moment\u00e1neamente por el tiempo que dur\u00f3 la manifestaci\u00f3n Foto Luis Arellano POR LUIS ARELLANO SARMIENTO Mexicali, 25 de enero.- Activistas mexicalenses que se oponen a la instalaci\u00f3n de la empresa cervecera Constellation Brands,\u2026","rel":"","context":"En &quot;Baja California&quot;","block_context":{"text":"Baja California","link":"http:\/\/www.grieta.org.mx\/index.php\/category\/noticias-nacionales\/baja-california\/"},"img":{"alt_text":"","src":"https:\/\/i0.wp.com\/www.grieta.org.mx\/wp-content\/uploads\/2019\/01\/img_1430.jpg?resize=350%2C200","width":350,"height":200,"srcset":"https:\/\/i0.wp.com\/www.grieta.org.mx\/wp-content\/uploads\/2019\/01\/img_1430.jpg?resize=350%2C200 1x, https:\/\/i0.wp.com\/www.grieta.org.mx\/wp-content\/uploads\/2019\/01\/img_1430.jpg?resize=525%2C300 1.5x"},"classes":[]}],"_links":{"self":[{"href":"http:\/\/www.grieta.org.mx\/index.php\/wp-json\/wp\/v2\/posts\/35720","targetHints":{"allow":["GET"]}}],"collection":[{"href":"http:\/\/www.grieta.org.mx\/index.php\/wp-json\/wp\/v2\/posts"}],"about":[{"href":"http:\/\/www.grieta.org.mx\/index.php\/wp-json\/wp\/v2\/types\/post"}],"author":[{"embeddable":true,"href":"http:\/\/www.grieta.org.mx\/index.php\/wp-json\/wp\/v2\/users\/2"}],"replies":[{"embeddable":true,"href":"http:\/\/www.grieta.org.mx\/index.php\/wp-json\/wp\/v2\/comments?post=35720"}],"version-history":[{"count":1,"href":"http:\/\/www.grieta.org.mx\/index.php\/wp-json\/wp\/v2\/posts\/35720\/revisions"}],"predecessor-version":[{"id":35723,"href":"http:\/\/www.grieta.org.mx\/index.php\/wp-json\/wp\/v2\/posts\/35720\/revisions\/35723"}],"wp:featuredmedia":[{"embeddable":true,"href":"http:\/\/www.grieta.org.mx\/index.php\/wp-json\/wp\/v2\/media\/35721"}],"wp:attachment":[{"href":"http:\/\/www.grieta.org.mx\/index.php\/wp-json\/wp\/v2\/media?parent=35720"}],"wp:term":[{"taxonomy":"category","embeddable":true,"href":"http:\/\/www.grieta.org.mx\/index.php\/wp-json\/wp\/v2\/categories?post=35720"},{"taxonomy":"post_tag","embeddable":true,"href":"http:\/\/www.grieta.org.mx\/index.php\/wp-json\/wp\/v2\/tags?post=35720"}],"curies":[{"name":"wp","href":"https:\/\/api.w.org\/{rel}","templated":true}]}}