{"id":35654,"date":"2019-05-28T01:57:47","date_gmt":"2019-05-28T06:57:47","guid":{"rendered":"http:\/\/www.grieta.org.mx\/?p=35654"},"modified":"2019-06-30T02:22:56","modified_gmt":"2019-06-30T07:22:56","slug":"en-5-meses-de-guerra-chilapa-deja-18-muertos-14-desaparecidos-un-sinfin-de-familias-desplazadas","status":"publish","type":"post","link":"http:\/\/www.grieta.org.mx\/index.php\/2019\/05\/28\/en-5-meses-de-guerra-chilapa-deja-18-muertos-14-desaparecidos-un-sinfin-de-familias-desplazadas\/","title":{"rendered":"En 5 meses de guerra, Chilapa deja 18 muertos, 14 desaparecidos, un sinf\u00edn de familias desplazadas"},"content":{"rendered":"<figure id=\"attachment_35657\" aria-describedby=\"caption-attachment-35657\" style=\"width: 800px\" class=\"wp-caption aligncenter\"><a href=\"http:\/\/www.grieta.org.mx\/wp-content\/uploads\/2019\/06\/photo5724598928170657710.jpg\"><img loading=\"lazy\" decoding=\"async\" data-attachment-id=\"35657\" data-permalink=\"http:\/\/www.grieta.org.mx\/index.php\/2019\/05\/28\/en-5-meses-de-guerra-chilapa-deja-18-muertos-14-desaparecidos-un-sinfin-de-familias-desplazadas\/photo5724598928170657710\/\" data-orig-file=\"http:\/\/www.grieta.org.mx\/wp-content\/uploads\/2019\/06\/photo5724598928170657710.jpg\" data-orig-size=\"1100,580\" data-comments-opened=\"0\" data-image-meta=\"{&quot;aperture&quot;:&quot;0&quot;,&quot;credit&quot;:&quot;&quot;,&quot;camera&quot;:&quot;&quot;,&quot;caption&quot;:&quot;&quot;,&quot;created_timestamp&quot;:&quot;0&quot;,&quot;copyright&quot;:&quot;&quot;,&quot;focal_length&quot;:&quot;0&quot;,&quot;iso&quot;:&quot;0&quot;,&quot;shutter_speed&quot;:&quot;0&quot;,&quot;title&quot;:&quot;&quot;,&quot;orientation&quot;:&quot;0&quot;}\" data-image-title=\"photo5724598928170657710\" data-image-description=\"\" data-image-caption=\"\" data-medium-file=\"http:\/\/www.grieta.org.mx\/wp-content\/uploads\/2019\/06\/photo5724598928170657710-300x158.jpg\" data-large-file=\"http:\/\/www.grieta.org.mx\/wp-content\/uploads\/2019\/06\/photo5724598928170657710-1024x540.jpg\" class=\"wp-image-35657\" src=\"http:\/\/www.grieta.org.mx\/wp-content\/uploads\/2019\/06\/photo5724598928170657710-300x158.jpg\" alt=\"\" width=\"800\" height=\"422\" srcset=\"http:\/\/www.grieta.org.mx\/wp-content\/uploads\/2019\/06\/photo5724598928170657710-300x158.jpg 300w, http:\/\/www.grieta.org.mx\/wp-content\/uploads\/2019\/06\/photo5724598928170657710-768x405.jpg 768w, http:\/\/www.grieta.org.mx\/wp-content\/uploads\/2019\/06\/photo5724598928170657710-1024x540.jpg 1024w, http:\/\/www.grieta.org.mx\/wp-content\/uploads\/2019\/06\/photo5724598928170657710-948x500.jpg 948w, http:\/\/www.grieta.org.mx\/wp-content\/uploads\/2019\/06\/photo5724598928170657710.jpg 1100w\" sizes=\"auto, (max-width: 800px) 100vw, 800px\" \/><\/a><figcaption id=\"caption-attachment-35657\" class=\"wp-caption-text\">S\u00f3lo en enero, el 27, al menos 12 personas murieron durante un enfrentamiento. La foto de Cuartroscuro es de ese momento<\/figcaption><\/figure>\n<p>Zacar\u00edas Cervantes \/ El Sur \/ Sinembargo<\/p>\n<p><strong>Los enfrentamientos entre ambos bloques, la Coordinadora Regional de Autoridades Comunitarias-Pueblos Fundadores (CRAC-PF) y la Polic\u00eda Comunitaria por la Paz y la Justicia, de pueblos comenzaron hace cinco meses. El 19 de diciembre un matrimonio fue asesinado en Para\u00edso de Tepila; en esa comunidad hab\u00eda unas familias del grupo Paz y Justicia y otras de la CRAC-PF. Ahora la localidad se encuentra abandonada.<\/strong><\/p>\n<p>La gente de la primera organizaci\u00f3n acus\u00f3 a la Polic\u00eda Comunitaria de la CRAC-PF del doble crimen y de haber expulsado a las familias que no simpatizan con ellos. A su vez, la CRAC-PF acus\u00f3 que Los Ardillos el 3 de diciembre hab\u00edan sacado a golpes de su casa al comisario municipal, Melquiades Rique\u00f1o Hern\u00e1ndez.<\/p>\n<p>Chilpancingo, Guerrero, 28 de mayo (ElSur).\u2013 Cinco meses de enfrentamientos entre pueblos nahuas del municipio de Chilapa, han dejado 18 muertos, 14 desaparecidos, 14 retenidos m\u00e1s de 24 horas; entre \u00e9stos el director de Seguridad P\u00fablica de Chilapa, Juan Carlos Jim\u00e9nez Chino, y un n\u00famero indeterminado de familias desplazadas. El Gobierno del estado invisibiliz\u00f3 el conflicto, hasta que ni\u00f1os y mujeres alertaron en videos, difundidos el 12 y 17 de marzo en redes sociales, que se preparan en el uso de las armas y anuncian su adhesi\u00f3n a la CRAC-PF.<\/p>\n<p>Despu\u00e9s del impacto causado por los videos que tuvieron repercusi\u00f3n en medios del pa\u00eds, autoridades estatales se vieron obligadas a reunirse con uno de los dos grupos, la CRAC-PF, que es la que difundi\u00f3 los videos, y acudieron a Rinc\u00f3n de Chautla para llevar ayuda asistencial en varias ocasiones en las \u00faltimas dos semanas.<\/p>\n<figure id=\"attachment_35658\" aria-describedby=\"caption-attachment-35658\" style=\"width: 800px\" class=\"wp-caption aligncenter\"><a href=\"http:\/\/www.grieta.org.mx\/wp-content\/uploads\/2019\/06\/captura-de-pantalla-2019-05-28-a-las-12-26-24.png\"><img loading=\"lazy\" decoding=\"async\" data-attachment-id=\"35658\" data-permalink=\"http:\/\/www.grieta.org.mx\/index.php\/2019\/05\/28\/en-5-meses-de-guerra-chilapa-deja-18-muertos-14-desaparecidos-un-sinfin-de-familias-desplazadas\/captura-de-pantalla-2019-05-28-a-las-12-26-24\/\" data-orig-file=\"http:\/\/www.grieta.org.mx\/wp-content\/uploads\/2019\/06\/captura-de-pantalla-2019-05-28-a-las-12-26-24.png\" data-orig-size=\"700,349\" data-comments-opened=\"0\" data-image-meta=\"{&quot;aperture&quot;:&quot;0&quot;,&quot;credit&quot;:&quot;&quot;,&quot;camera&quot;:&quot;&quot;,&quot;caption&quot;:&quot;&quot;,&quot;created_timestamp&quot;:&quot;0&quot;,&quot;copyright&quot;:&quot;&quot;,&quot;focal_length&quot;:&quot;0&quot;,&quot;iso&quot;:&quot;0&quot;,&quot;shutter_speed&quot;:&quot;0&quot;,&quot;title&quot;:&quot;&quot;,&quot;orientation&quot;:&quot;0&quot;}\" data-image-title=\"captura-de-pantalla-2019-05-28-a-las-12-26-24\" data-image-description=\"\" data-image-caption=\"\" data-medium-file=\"http:\/\/www.grieta.org.mx\/wp-content\/uploads\/2019\/06\/captura-de-pantalla-2019-05-28-a-las-12-26-24-300x150.png\" data-large-file=\"http:\/\/www.grieta.org.mx\/wp-content\/uploads\/2019\/06\/captura-de-pantalla-2019-05-28-a-las-12-26-24.png\" class=\"wp-image-35658\" src=\"http:\/\/www.grieta.org.mx\/wp-content\/uploads\/2019\/06\/captura-de-pantalla-2019-05-28-a-las-12-26-24-300x150.png\" alt=\"\" width=\"800\" height=\"399\" srcset=\"http:\/\/www.grieta.org.mx\/wp-content\/uploads\/2019\/06\/captura-de-pantalla-2019-05-28-a-las-12-26-24-300x150.png 300w, http:\/\/www.grieta.org.mx\/wp-content\/uploads\/2019\/06\/captura-de-pantalla-2019-05-28-a-las-12-26-24.png 700w\" sizes=\"auto, (max-width: 800px) 100vw, 800px\" \/><\/a><figcaption id=\"caption-attachment-35658\" class=\"wp-caption-text\">Mientras tanto, las comunidades de Rinc\u00f3n de Chautla y Zacapexco forman parte de las 17 comunidades de Chilapa y Jos\u00e9 Joaqu\u00edn de Herrera (Hueycantenango) que pertenecen a la CRAC-PF. Foto: El Sur<\/figcaption><\/figure>\n<p>Pero desde el 19 de diciembre, cuando escal\u00f3 el conflicto, las autoridades no han esclarecido, no han hecho justicia y tampoco se han reunido con los familiares de 14 asesinados ese d\u00eda y el 27 de enero pasado, como lo denunci\u00f3 el presidente de Bienes Comunales de Zacapexco, Ram\u00f3n Villanueva Morales, uno de los que pertenecen al otro grupo autodenominado Polic\u00eda Comunitaria por la Paz y la Justicia.<\/p>\n<p>Es s\u00f3lo uno de dos conflictos en los que est\u00e1 inmersa la CRAC-PF. El otro es con el bloque de comunidades en el que est\u00e1 San Jer\u00f3nimo Palantla, y seg\u00fan la organizaci\u00f3n comunitaria est\u00e1n vinculadas al grupo criminal Los Rojos.<\/p>\n<p>El conflicto se remonta al a\u00f1o 2000, cuando Rinc\u00f3n de Chautla y Zacapexco, anexos del n\u00facleo agrario de Zelocotitl\u00e1n se negaron entrar al Programa de Certificaci\u00f3n de Derechos Ejidales y Titulaci\u00f3n de Solares (Procede).<\/p>\n<p>Las diferencias se agravaron en 2015, cuando Zelocotil\u00e1n entr\u00f3 al bloque de comunidades que conformaron la autodenominada Polic\u00eda Comunitaria por la Paz y la Justicia que ha sido vinculada por defensores de derechos humanos con el grupo delictivo de Los Ardillos, que controla los municipios de Quechultenango, Mochitl\u00e1n, Tixtla y ahora Chilapa. Este grupo de civiles armados fue el que irrumpi\u00f3 en Chilapa del 9 al 14 de mayo del 2015 cuando desaparecieron a unas 30 personas.<\/p>\n<p>Mientras tanto, las comunidades de Rinc\u00f3n de Chautla y Zacapexco forman parte de las 17 comunidades de Chilapa y Jos\u00e9 Joaqu\u00edn de Herrera (Hueycantenango) que pertenecen a la CRAC-PF.<\/p>\n<figure id=\"attachment_35659\" aria-describedby=\"caption-attachment-35659\" style=\"width: 800px\" class=\"wp-caption aligncenter\"><a href=\"http:\/\/www.grieta.org.mx\/wp-content\/uploads\/2019\/06\/img-20190127-wa0101-1.jpg\"><img loading=\"lazy\" decoding=\"async\" data-attachment-id=\"35659\" data-permalink=\"http:\/\/www.grieta.org.mx\/index.php\/2019\/05\/28\/en-5-meses-de-guerra-chilapa-deja-18-muertos-14-desaparecidos-un-sinfin-de-familias-desplazadas\/img-20190127-wa0101-1\/\" data-orig-file=\"http:\/\/www.grieta.org.mx\/wp-content\/uploads\/2019\/06\/img-20190127-wa0101-1.jpg\" data-orig-size=\"700,525\" data-comments-opened=\"0\" data-image-meta=\"{&quot;aperture&quot;:&quot;0&quot;,&quot;credit&quot;:&quot;&quot;,&quot;camera&quot;:&quot;&quot;,&quot;caption&quot;:&quot;&quot;,&quot;created_timestamp&quot;:&quot;0&quot;,&quot;copyright&quot;:&quot;&quot;,&quot;focal_length&quot;:&quot;0&quot;,&quot;iso&quot;:&quot;0&quot;,&quot;shutter_speed&quot;:&quot;0&quot;,&quot;title&quot;:&quot;&quot;,&quot;orientation&quot;:&quot;0&quot;}\" data-image-title=\"img-20190127-wa0101-1\" data-image-description=\"\" data-image-caption=\"\" data-medium-file=\"http:\/\/www.grieta.org.mx\/wp-content\/uploads\/2019\/06\/img-20190127-wa0101-1-300x225.jpg\" data-large-file=\"http:\/\/www.grieta.org.mx\/wp-content\/uploads\/2019\/06\/img-20190127-wa0101-1.jpg\" class=\"wp-image-35659\" src=\"http:\/\/www.grieta.org.mx\/wp-content\/uploads\/2019\/06\/img-20190127-wa0101-1-300x225.jpg\" alt=\"\" width=\"800\" height=\"600\" srcset=\"http:\/\/www.grieta.org.mx\/wp-content\/uploads\/2019\/06\/img-20190127-wa0101-1-300x225.jpg 300w, http:\/\/www.grieta.org.mx\/wp-content\/uploads\/2019\/06\/img-20190127-wa0101-1-667x500.jpg 667w, http:\/\/www.grieta.org.mx\/wp-content\/uploads\/2019\/06\/img-20190127-wa0101-1.jpg 700w\" sizes=\"auto, (max-width: 800px) 100vw, 800px\" \/><\/a><figcaption id=\"caption-attachment-35659\" class=\"wp-caption-text\">Al menos 12 personas murieron y dos m\u00e1s resultaron heridas en un enfrentamiento ocurrido entre polic\u00edas del Sistema Comunitario de los Pueblos Origibarios y presuntos integrantes del grupo delincuencial Los Ardillos, en las inmediaciones del poblado de Zoyapozco. Foto: Especial, Cuartoscuro<\/figcaption><\/figure>\n<p>Los enfrentamientos entre ambos bloques de pueblos comenzaron hace cinco meses. El 19 de diciembre un matrimonio fue asesinado en Para\u00edso de Tepila; en esa comunidad hab\u00eda unas familias del grupo Paz y Justicia y otras de la CRAC-PF. Ahora la localidad se encuentra abandonada.<\/p>\n<p>La gente de la primera organizaci\u00f3n acus\u00f3 a la Polic\u00eda Comunitaria de la CRAC-PF del doble crimen y de haber expulsado a las familias que no simpatizan con ellos. A su vez, la CRAC-PF acus\u00f3 que Los Ardillos el 3 de diciembre hab\u00edan sacado a golpes de su casa al comisario municipal, Melquiades Rique\u00f1o Hern\u00e1ndez.<\/p>\n<p>El mismo 19 de diciembre los polic\u00edas comunitarios del grupo Paz y Justicia irrumpieron en Para\u00edso de Tepila para respaldar a los suyos, seg\u00fan el comisariado de Bienes Comunales de Zelocotitl\u00e1n Ram\u00f3n Villanueva, porque los familiares de las v\u00edctimas solicitaron apoyo al Gobierno del estado y \u00e9ste se los neg\u00f3.<\/p>\n<p>Tras su irrupci\u00f3n, los comunitarios de Paz y Justicia, expulsaron a la gente de la CRAC-PF e instalaron un ret\u00e9n en el crucero de la carretera que conduce a Rinc\u00f3n de Chautla.<\/p>\n<p>Al d\u00eda siguiente las autoridades comunitarias de la CRAC-PF denunciaron la desaparici\u00f3n de 12 personas de Para\u00edso de Tepila, la mayor\u00eda ni\u00f1os. Ellos son: Rosario Ignacio Melchor, de 60 a\u00f1os; Alberto Espiridi\u00f3n Ignacio, de 40; Antonia Andraca Celedonio de 36; \u00c1ngel Espiridi\u00f3n Andraca, de 17; Rosaria Espiridi\u00f3n Andraca, de 15 a\u00f1os; Sergio Espiridi\u00f3n Ignacio, de 12; Jorge Espiridi\u00f3n Andraca, de 12; Emiliano Espiridi\u00f3n Andraca de 9; Juanita Espiridi\u00f3n Andraca de 7; Elena Espiridi\u00f3n Ignacio de 6; Zacar\u00edas Espiridi\u00f3n Andraca, de 6 y Anita Espiridi\u00f3n Andraca de 3 a\u00f1os, de quienes todav\u00eda se desconoce su ubicaci\u00f3n.<\/p>\n<figure id=\"attachment_35660\" aria-describedby=\"caption-attachment-35660\" style=\"width: 800px\" class=\"wp-caption aligncenter\"><a href=\"http:\/\/www.grieta.org.mx\/wp-content\/uploads\/2019\/06\/img-20190127-wa0100-1.jpg\"><img loading=\"lazy\" decoding=\"async\" data-attachment-id=\"35660\" data-permalink=\"http:\/\/www.grieta.org.mx\/index.php\/2019\/05\/28\/en-5-meses-de-guerra-chilapa-deja-18-muertos-14-desaparecidos-un-sinfin-de-familias-desplazadas\/img-20190127-wa0100-1\/\" data-orig-file=\"http:\/\/www.grieta.org.mx\/wp-content\/uploads\/2019\/06\/img-20190127-wa0100-1.jpg\" data-orig-size=\"700,525\" data-comments-opened=\"0\" data-image-meta=\"{&quot;aperture&quot;:&quot;0&quot;,&quot;credit&quot;:&quot;&quot;,&quot;camera&quot;:&quot;&quot;,&quot;caption&quot;:&quot;&quot;,&quot;created_timestamp&quot;:&quot;0&quot;,&quot;copyright&quot;:&quot;&quot;,&quot;focal_length&quot;:&quot;0&quot;,&quot;iso&quot;:&quot;0&quot;,&quot;shutter_speed&quot;:&quot;0&quot;,&quot;title&quot;:&quot;&quot;,&quot;orientation&quot;:&quot;0&quot;}\" data-image-title=\"img-20190127-wa0100-1\" data-image-description=\"\" data-image-caption=\"\" data-medium-file=\"http:\/\/www.grieta.org.mx\/wp-content\/uploads\/2019\/06\/img-20190127-wa0100-1-300x225.jpg\" data-large-file=\"http:\/\/www.grieta.org.mx\/wp-content\/uploads\/2019\/06\/img-20190127-wa0100-1.jpg\" class=\"wp-image-35660\" src=\"http:\/\/www.grieta.org.mx\/wp-content\/uploads\/2019\/06\/img-20190127-wa0100-1-300x225.jpg\" alt=\"\" width=\"800\" height=\"600\" srcset=\"http:\/\/www.grieta.org.mx\/wp-content\/uploads\/2019\/06\/img-20190127-wa0100-1-300x225.jpg 300w, http:\/\/www.grieta.org.mx\/wp-content\/uploads\/2019\/06\/img-20190127-wa0100-1-667x500.jpg 667w, http:\/\/www.grieta.org.mx\/wp-content\/uploads\/2019\/06\/img-20190127-wa0100-1.jpg 700w\" sizes=\"auto, (max-width: 800px) 100vw, 800px\" \/><\/a><figcaption id=\"caption-attachment-35660\" class=\"wp-caption-text\">Elementos de la Polic\u00eda Estatal y del Ejercito Mexicano, encontraron dos camionetas, en donde hallaron a diez personas muertas por arma de fuego. Foto: Especial, Cuartoscuro<\/figcaption><\/figure>\n<p>La CRAC-PF demand\u00f3 p\u00fablicamente muchas veces la intervenci\u00f3n del Gobierno del estado para la b\u00fasqueda de los desaparecidos y el retiro de los civiles armados que, insisti\u00f3, pertenecen al Los Ardillos. Tambi\u00e9n demand\u00f3 la instalaci\u00f3n de un ret\u00e9n militar en Para\u00edso de Tepila, pero fueron ignorados.<\/p>\n<p>Las autoridades comunitarias entregaron, asimismo, un oficio con las mismas demandas al Presidente Andr\u00e9s Manuel L\u00f3pez Obrador durante su visita a Tlapa el 11 de enero, pero tampoco recibieron respuesta, y los civiles armados continuaron bajo el control de Para\u00edso de Tepila.<\/p>\n<p>La versi\u00f3n por escrito de Paz y Justicia dice que ese d\u00eda, a las 11 de la ma\u00f1ana \u201clos comunitarios de la CRAC-PF encabezados por Samuel Hern\u00e1ndez S\u00e1nchez, Rub\u00e9n Hern\u00e1ndez S\u00e1nchez, Antonio Rodr\u00edguez Morelos, Jord\u00e1n Luna Virgenio, Crescenciano Luna Mart\u00ednez, Panuncio Rodr\u00edguez, Benjam\u00edn S\u00e1nchez Hern\u00e1ndez, Getulio Garc\u00eda Luna, Alvino Rodr\u00edguez Castillo, Cornelio Rodr\u00edguez Rodr\u00edguez, Flavino Rodr\u00edguez Rodr\u00edguez, Bernardino S\u00e1nchez Luna, Casimiro Hern\u00e1ndez Virgenio, Oscar Hern\u00e1ndez Virgenio, Cristino Andraca Celedonio y Melquiades Virgenio Hern\u00e1ndez emboscaron al grupo de comunitarios por la Paz y la Justica.<\/p>\n<p>Asegura que estas mismas personas hab\u00edan participado en el asesinato del matrimonio en Para\u00edso de Tepila el 19 de diciembre, cuando resurgi\u00f3 el conflicto, y que fue el motivo de por el que se hicieron cargo de la seguridad de ese pueblo.<\/p>\n<p>Refiere que despu\u00e9s de la emboscada antes del medio d\u00eda del 27 de enero, los comunitarios de la CRAC-PF, quienes utilizaron armas AK-47 y AR-15 se dieron a la fuga, \u201cluego se persiguieron a los asesinos hasta llegar a la comunidad de Rinc\u00f3n de Chautla donde se inici\u00f3 un enfrentamiento\u201d, concluye el texto en el que no se menciona que all\u00ed fallecieron otros dos de sus compa\u00f1eros y dejaron abandonadas cinco de las 15 camionetas en las que llegaron aproximadamente 150 para atacar al pueblo.<\/p>\n<p>De los muertos de la emboscada y el enfrentamiento de ese d\u00eda, cuatro eran de Zelocotitl\u00e1n, cinco de Buenavista, y los otros tres de Coatzingo.<\/p>\n<p>La violencia sigui\u00f3 el 4 de febrero, cuando polic\u00edas comunitarios de la CRAC-PF retuvieron en Xicotl\u00e1n a siete polic\u00edas municipales de Chilapa, entre ellos a su director de seguridad p\u00fablica Juan Carlos Jim\u00e9nez y a su padre Norberto Jim\u00e9nez Nava. As\u00ed como a 7 polic\u00edas de Paz y Justicia, entre \u00e9stos a su l\u00edder Tranquilino Palatzin Tranquero.<\/p>\n<p>La versi\u00f3n de la CRAC-PF fue que la retenci\u00f3n ocurri\u00f3 para canjearlos por dos polic\u00edas comunitarios y un vecino que hab\u00edan sido levantados ese mismo d\u00eda en Atzacoaloya por integrantes de Los Ardillos.<\/p>\n<p>El canje ocurri\u00f3 al d\u00eda siguiente, mediante una negociaci\u00f3n en la que no se tuvo conocimiento que haya habido la intervenci\u00f3n del Gobierno, al menos no se supo oficialmente, pues solo se inform\u00f3 mediante un escueto bolet\u00edn de la liberaci\u00f3n de las 14 personas.<\/p>\n<p>El 4 de mayo pasado fue asesinado en el bulevar de Chilapa el consejero regional de la CRAC-PF de Xicotl\u00e1n, Jos\u00e9 Lucio y su acompa\u00f1ante, Modesto Verales Sebasti\u00e1n, y el 16 de mayo una pareja de San Jer\u00f3nimo Palantla de nombre Mart\u00edn Salgado de Jes\u00fas y Mar\u00eda Ricarda Xochitempa Chautla, fueron levantados cerca de Xochitempa.<\/p>\n<p>Los dos homicidios se atribuyen a Los Ardillos y la desaparici\u00f3n de Mart\u00edn a la CRAC-PF, sin embargo, la agrupaci\u00f3n comunitaria se deslind\u00f3 en un comunicado y demand\u00f3 al comisario de Xochitempa la b\u00fasqueda de la pareja y que denuncie la desaparici\u00f3n ante las autoridades denuncia ante las autoridades.<\/p>\n<p>A pesar de los reiterados hechos de violencia, los pobladores aseguraron que la zona sigui\u00f3 desprotegida, a\u00fan cuando siguieron insistiendo en la presencia de militares y polic\u00edas estatales y hasta propusieron puntos estrat\u00e9gicos donde deb\u00edan instalarse las fuerzas federales y estatales para garantizar la seguridad.<\/p>\n<p>Entre el 11 y 12 de mayo pasado, 7 ni\u00f1os y dos ni\u00f1as, aparecieron en un video difundido en las redes sociales, grabado en Rinc\u00f3n de Chautla, en el que se muestran realizando pr\u00e1cticas de autodefensa y uno de ellos ley\u00f3 un comunicado en el que anuncia su adhesi\u00f3n a la CRAC-PF para defender a sus pueblos de Los Ardillos.<\/p>\n<p>Fue hasta entonces que, dos d\u00edas despu\u00e9s de que comenz\u00f3 a circular el primer video, el Gobierno del estado inform\u00f3 en un comunicado de prensa que el presidente de la Comisi\u00f3n de Derechos Humanos (Coddehum), Ram\u00f3n Navarrete Magdaleno, y el Subsecretario de Gobierno para Asuntos Pol\u00edticos, Mart\u00edn Maldonado del Moral, acudieron a esa poblaci\u00f3n.<\/p>\n<p>El coordinador de la CRAC-PF, David S\u00e1nchez Luna, dijo que ese d\u00eda no encontraron a las autoridades del pueblo y que los funcionarios regresaron el mi\u00e9rcoles, cuando dialogaron con ellos y comenz\u00f3 a fluir la ayuda, cuando menos despenas, material de construcci\u00f3n y v\u00edveres, as\u00ed como brigadas m\u00e9dicas y asistenciales.<\/p>\n<p>El mi\u00e9rcoles 15 de mayo, La Comisi\u00f3n Nacional de Derechos Humanos (CNDH) exhort\u00f3 en un comunicado a las autoridades federales y del estado a \u201csalvaguardar\u201d los derechos de las ni\u00f1as, ni\u00f1os y adolescentes de la comunidad de Rinc\u00f3n de Chautla, que participaron en el video.<\/p>\n<p>La CNDH demand\u00f3 a las autoridades de los dos niveles de gobierno que adopten \u201cde inmediato\u201d las medidas pertinentes para salvaguardar los derechos de esos ni\u00f1os y adolescentes, \u201cque se manifestaron unirse a las autoridades comunitarias para defender a la poblaci\u00f3n del presunto ataque armado del grupo delincuencial Los Ardillos\u201d el pasado 27 de enero.<\/p>\n<p>Por la noche, el Gobierno del estado respondi\u00f3 en un bolet\u00edn de prensa. Dijo que las autoridades estatales han realizado reuniones con los pobladores y acciones en beneficio de los menores.<\/p>\n<p>El coordinador de la CRAC-PF de Rinc\u00f3n de Chautla, David S\u00e1nchez Luna, inform\u00f3 el viernes 17 de mayo que no s\u00f3lo los ni\u00f1os est\u00e1n aprendiendo t\u00e9cnicas de autodefensa por la Polic\u00eda Comunitaria, sino tambi\u00e9n las mujeres de 17 pueblos donde opera la CRAC-PF.<\/p>\n<p>Ese mismo d\u00eda la CRAC-PF difundi\u00f3 otros dos videos. Esta vez de mujeres que aparecen armadas, quienes demandan apoyo y garant\u00edas de seguridad al Gobierno.<\/p>\n<p>Presionados por el llamado de la CNDH y los nuevos videos el Subsecretario de Gobierno Mart\u00edn Maldonado y el presidente de la Coddehum, Ram\u00f3n Navarrete, regresaron el 18 de mayo a Rinc\u00f3n de Chautla para llevar m\u00e1s apoyos y anunciaron que el lunes siguiente ir\u00eda la presidenta del DIF, Mercedes Calvo y el Alcalde Jes\u00fas Parra.<\/p>\n<p>\u00c9sta, la de la presidenta del DIF estatal, fue la cuarta visita de autoridades estatales y municipales a esa comunidad nahua en menos de ocho d\u00edas.<\/p>\n<p>El domingo 19 de mayo, el comisariado de Bienes Comunales de Zelocotitl\u00e1n, Ram\u00f3n Villanueva, reproch\u00f3 al Gobierno del estado que s\u00f3lo estaba entregando apoyo a la gente de la CRAC-PF, y no a los familiares de las v\u00edctimas de los asesinados del 27 de enero, denunci\u00f3 que no se ha hecho justicia.<\/p>\n<p>A pesar de las constantes visitas de funcionarios del Gobierno del estado y del alcalde de Chilapa, la C RAC-PF sigui\u00f3 exigiendo medidas de seguridad en el tramo carretero Chilapa-Hueycantenango, principalmente del crucero del Jaguey a Chilapa en donde opera el grupo Por la Paz y la justicia, pero las autoridades no atendieron la petici\u00f3n.<\/p>\n<p>A la una de la tarde del jueves pasado, el comandante regional de la CRAC-PF Bartolo Morales Hilario y el polic\u00eda comunitario Isa\u00edas Xantenco Ahuejote, fueron levantados en el entronque hacia la comunidad de El Jaguey y sus cuerpos descuartizados fueron encontrados distribuidos en seis bolsas en el punto conocido como Las Antenas a orillas de la carretera Chilpancingo-Tlapa, a unos 15 minutos de Chilapa.<\/p>\n<p><a href=\"https:\/\/www.sinembargo.mx\/28-05-2019\/3587759\">https:\/\/www.sinembargo.mx\/28-05-2019\/3587759<\/a><\/p>\n","protected":false},"excerpt":{"rendered":"<p>Zacar\u00edas Cervantes \/ El Sur \/ Sinembargo Los enfrentamientos entre ambos bloques, la Coordinadora Regional de Autoridades Comunitarias-Pueblos Fundadores (CRAC-PF) y la Polic\u00eda Comunitaria por la Paz y la Justicia, &hellip; <a href=\"http:\/\/www.grieta.org.mx\/index.php\/2019\/05\/28\/en-5-meses-de-guerra-chilapa-deja-18-muertos-14-desaparecidos-un-sinfin-de-familias-desplazadas\/\" class=\"more-link\">Leer m\u00e1s<\/a><\/p>\n","protected":false},"author":1,"featured_media":35657,"comment_status":"closed","ping_status":"closed","sticky":false,"template":"","format":"standard","meta":{"ngg_post_thumbnail":0,"_jetpack_newsletter_access":"","_jetpack_dont_email_post_to_subs":false,"_jetpack_newsletter_tier_id":0,"_jetpack_memberships_contains_paywalled_content":false,"_jetpack_memberships_contains_paid_content":false,"footnotes":""},"categories":[80,2532,18,2,1577],"tags":[222],"class_list":["post-35654","post","type-post","status-publish","format-standard","has-post-thumbnail","hentry","category-cintillo","category-defensa-de-la-autonomia-en-guerrero","category-guerrero","category-noticias-nacionales","category-policia-comunitaria-en-guerrero","tag-policia-comunitaria","entry"],"jetpack_featured_media_url":"http:\/\/www.grieta.org.mx\/wp-content\/uploads\/2019\/06\/photo5724598928170657710.jpg","jetpack_sharing_enabled":true,"jetpack_shortlink":"https:\/\/wp.me\/p7ZJR4-9h4","jetpack_likes_enabled":false,"jetpack-related-posts":[{"id":51861,"url":"http:\/\/www.grieta.org.mx\/index.php\/2020\/06\/17\/bloquea-crac-pf-en-chilapa-para-impedir-entrada-de-la-guardia-nacional-guerrero\/","url_meta":{"origin":35654,"position":0},"title":"Bloquea CRAC-PF en Chilapa para impedir entrada de la Guardia Nacional  (Guerrero)","author":"Admin","date":"17 junio, 2020","format":false,"excerpt":"Eduardo Y\u00e9ner \/ Quadrat\u00edn CHILPANCINGO, Gro., 17 de junio de 2020.- Integrantes de la Coordinadora Regional de Autoridades Comunitarias-Pueblos Fundadores (CRAC-PF) de Chilapa bloquean la carretera que conduce a Hueycantenango en el crucero de la comunidad de Alcozac\u00e1n. El bloqueo que se instal\u00f3 esta tarde y en el cual participan\u2026","rel":"","context":"En &quot;CINTILLO&quot;","block_context":{"text":"CINTILLO","link":"http:\/\/www.grieta.org.mx\/index.php\/category\/cintillo\/"},"img":{"alt_text":"","src":"https:\/\/i0.wp.com\/www.grieta.org.mx\/wp-content\/uploads\/2020\/07\/bloqueoCRAC-PF-1160x700.jpeg?resize=350%2C200","width":350,"height":200,"srcset":"https:\/\/i0.wp.com\/www.grieta.org.mx\/wp-content\/uploads\/2020\/07\/bloqueoCRAC-PF-1160x700.jpeg?resize=350%2C200 1x, https:\/\/i0.wp.com\/www.grieta.org.mx\/wp-content\/uploads\/2020\/07\/bloqueoCRAC-PF-1160x700.jpeg?resize=525%2C300 1.5x, https:\/\/i0.wp.com\/www.grieta.org.mx\/wp-content\/uploads\/2020\/07\/bloqueoCRAC-PF-1160x700.jpeg?resize=700%2C400 2x, https:\/\/i0.wp.com\/www.grieta.org.mx\/wp-content\/uploads\/2020\/07\/bloqueoCRAC-PF-1160x700.jpeg?resize=1050%2C600 3x"},"classes":[]},{"id":9171,"url":"http:\/\/www.grieta.org.mx\/index.php\/2016\/04\/21\/la-crac-pc-de-chilapa-realiza-recorridos-para-frenar-la-entrada-de-grupos-delictivos\/","url_meta":{"origin":35654,"position":1},"title":"Seguridad y justicia comunitaria en Guerrero","author":"grieta","date":"21 abril, 2016","format":false,"excerpt":"21\/04\/16 Mando \u00fanico para reprimir: Cirino Pl\u00e1cido El Faro 21\/10\/15 Para reconstituir la CRAC-PC hacen falta valores y principios: CIPOG-EZ Subversiones 13\/10\/15 La seguridad comunitaria en Guerrero cumple 20 a\u00f1os Subversiones 24\/08\/15 \u201cRechazamos cualquier intento para oficializarnos, no nos subordinaremos al Estado\u201d, pueblos fundadores de la polic\u00eda comunitaria de Guerrero.\u2026","rel":"","context":"En &quot;Guerrero&quot;","block_context":{"text":"Guerrero","link":"http:\/\/www.grieta.org.mx\/index.php\/category\/noticias-nacionales\/guerrero\/"},"img":{"alt_text":"","src":"https:\/\/i0.wp.com\/www.grieta.org.mx\/wp-content\/uploads\/2018\/03\/14524434_1106112876131411_958039263622046936_o.jpg?resize=350%2C200","width":350,"height":200,"srcset":"https:\/\/i0.wp.com\/www.grieta.org.mx\/wp-content\/uploads\/2018\/03\/14524434_1106112876131411_958039263622046936_o.jpg?resize=350%2C200 1x, https:\/\/i0.wp.com\/www.grieta.org.mx\/wp-content\/uploads\/2018\/03\/14524434_1106112876131411_958039263622046936_o.jpg?resize=525%2C300 1.5x, https:\/\/i0.wp.com\/www.grieta.org.mx\/wp-content\/uploads\/2018\/03\/14524434_1106112876131411_958039263622046936_o.jpg?resize=700%2C400 2x"},"classes":[]},{"id":34623,"url":"http:\/\/www.grieta.org.mx\/index.php\/2019\/06\/03\/responsabilizan-al-gobierno-por-posible-enfrentamiento-en-hueycantenango-guerrero\/","url_meta":{"origin":35654,"position":2},"title":"Responsabilizan al gobierno por posible enfrentamiento en Hueycantenango (Guerrero)","author":"Admin","date":"3 junio, 2019","format":false,"excerpt":"Eduardo Yener Santos \/ Quadrat\u00edn CHILPANCINGO, Gro., 3 de junio de 2019.- Integrantes de la Coordinadora Regional de Autoridades Comunitarias-Polic\u00eda Comunitaria de los Pueblos Fundadores (CRAC-PC- PF) de Rinc\u00f3n de Chautla, Chilapa, responsabilizaron a los tres \u00f3rdenes de gobierno de cualquier enfrentamiento armado que se pueda originar este martes en\u2026","rel":"","context":"En &quot;CINTILLO&quot;","block_context":{"text":"CINTILLO","link":"http:\/\/www.grieta.org.mx\/index.php\/category\/cintillo\/"},"img":{"alt_text":"","src":"https:\/\/i0.wp.com\/www.grieta.org.mx\/wp-content\/uploads\/2019\/06\/CRACPCPF-1160x700.jpg?resize=350%2C200","width":350,"height":200,"srcset":"https:\/\/i0.wp.com\/www.grieta.org.mx\/wp-content\/uploads\/2019\/06\/CRACPCPF-1160x700.jpg?resize=350%2C200 1x, https:\/\/i0.wp.com\/www.grieta.org.mx\/wp-content\/uploads\/2019\/06\/CRACPCPF-1160x700.jpg?resize=525%2C300 1.5x, https:\/\/i0.wp.com\/www.grieta.org.mx\/wp-content\/uploads\/2019\/06\/CRACPCPF-1160x700.jpg?resize=700%2C400 2x, https:\/\/i0.wp.com\/www.grieta.org.mx\/wp-content\/uploads\/2019\/06\/CRACPCPF-1160x700.jpg?resize=1050%2C600 3x"},"classes":[]},{"id":32325,"url":"http:\/\/www.grieta.org.mx\/index.php\/2019\/04\/16\/ante-el-asesinato-de-julian-cortes-flores-organizaciones-exigen-justicia\/","url_meta":{"origin":35654,"position":3},"title":"Ante el asesinato de Juli\u00e1n Cort\u00e9s Flores, organizaciones exigen justicia","author":"grieta","date":"16 abril, 2019","format":false,"excerpt":"Redacci\u00f3n \/ Somoselmedio El Centro de Derechos Humanos de la Monta\u00f1a, Tlachinollan, y el Movimiento por la Libertad de los Presos Pol\u00edticos del Estado de Guerrero (MOLPPEG), a trav\u00e9s del Congreso Nacional Ind\u00edgena (CNI), exigieron justicia por el asesinato de Juli\u00e1n Cort\u00e9s Flores, l\u00edder de la Coordinadora Regional de Autoridades\u2026","rel":"","context":"En &quot;CINTILLO&quot;","block_context":{"text":"CINTILLO","link":"http:\/\/www.grieta.org.mx\/index.php\/category\/cintillo\/"},"img":{"alt_text":"","src":"https:\/\/i0.wp.com\/www.grieta.org.mx\/wp-content\/uploads\/2019\/04\/direct-15.jpg?resize=350%2C200","width":350,"height":200,"srcset":"https:\/\/i0.wp.com\/www.grieta.org.mx\/wp-content\/uploads\/2019\/04\/direct-15.jpg?resize=350%2C200 1x, https:\/\/i0.wp.com\/www.grieta.org.mx\/wp-content\/uploads\/2019\/04\/direct-15.jpg?resize=525%2C300 1.5x"},"classes":[]},{"id":36763,"url":"http:\/\/www.grieta.org.mx\/index.php\/2019\/07\/21\/sitiaron-y-atacaron-a-balazos-a-comunidad-indigena-de-chilapa-denuncian-guerrero\/","url_meta":{"origin":35654,"position":4},"title":"Sitiaron y atacaron a balazos a comunidad ind\u00edgena de Chilapa, denuncian (Guerrero)","author":"Admin","date":"21 julio, 2019","format":false,"excerpt":"Francisca Meza Carranza \/ Quadrat\u00edn CHILPANCINGO, Gro., 21 de julio de 2019.-Integrantes del Concejo Ind\u00edgena y Popular de Guerrero-Emiliano Zapata (Cipog-EZ) denunciaron un ataque armado contra la comunidad nahua de Tula, municipio de Chilapa, durante la tarde-noche del s\u00e1bado, con saldo de al menos un herido, y solicitaron la intervenci\u00f3n\u2026","rel":"","context":"En &quot;CINTILLO&quot;","block_context":{"text":"CINTILLO","link":"http:\/\/www.grieta.org.mx\/index.php\/category\/cintillo\/"},"img":{"alt_text":"","src":"https:\/\/i0.wp.com\/www.grieta.org.mx\/wp-content\/uploads\/2019\/07\/Crimen-Violencia-M%C3%A9xico03-1160x700.png?resize=350%2C200","width":350,"height":200,"srcset":"https:\/\/i0.wp.com\/www.grieta.org.mx\/wp-content\/uploads\/2019\/07\/Crimen-Violencia-M%C3%A9xico03-1160x700.png?resize=350%2C200 1x, https:\/\/i0.wp.com\/www.grieta.org.mx\/wp-content\/uploads\/2019\/07\/Crimen-Violencia-M%C3%A9xico03-1160x700.png?resize=525%2C300 1.5x, https:\/\/i0.wp.com\/www.grieta.org.mx\/wp-content\/uploads\/2019\/07\/Crimen-Violencia-M%C3%A9xico03-1160x700.png?resize=700%2C400 2x, https:\/\/i0.wp.com\/www.grieta.org.mx\/wp-content\/uploads\/2019\/07\/Crimen-Violencia-M%C3%A9xico03-1160x700.png?resize=1050%2C600 3x"},"classes":[]},{"id":9172,"url":"http:\/\/www.grieta.org.mx\/index.php\/2016\/02\/03\/buscan-comunitarios-a-rojos-y-ardillos-en-chilapa\/","url_meta":{"origin":35654,"position":5},"title":"Buscan comunitarios a Rojos y Ardillos en Chilapa","author":"grieta","date":"3 febrero, 2016","format":false,"excerpt":"Quadratin CHILAPA, Gro., 3 de febrero de 2016.- La Polic\u00eda Comunitaria de Rinc\u00f3n de Chautla del municipio de Chilapa perteneciente a la Coordinadora Regional de Autoridades Comunitarias- Polic\u00eda Comunitaria de los Pueblos Fundadores (CRAC-PC-PF), ha emprendido una serie de recorridos en poblaciones y cerros de las 18 comunidades de Chilapa\u2026","rel":"","context":"En &quot;CINTILLO&quot;","block_context":{"text":"CINTILLO","link":"http:\/\/www.grieta.org.mx\/index.php\/category\/cintillo\/"},"img":{"alt_text":"","src":"https:\/\/i0.wp.com\/www.grieta.org.mx\/wp-content\/uploads\/2018\/03\/14524434_1106112876131411_958039263622046936_o.jpg?resize=350%2C200","width":350,"height":200,"srcset":"https:\/\/i0.wp.com\/www.grieta.org.mx\/wp-content\/uploads\/2018\/03\/14524434_1106112876131411_958039263622046936_o.jpg?resize=350%2C200 1x, https:\/\/i0.wp.com\/www.grieta.org.mx\/wp-content\/uploads\/2018\/03\/14524434_1106112876131411_958039263622046936_o.jpg?resize=525%2C300 1.5x, https:\/\/i0.wp.com\/www.grieta.org.mx\/wp-content\/uploads\/2018\/03\/14524434_1106112876131411_958039263622046936_o.jpg?resize=700%2C400 2x"},"classes":[]}],"_links":{"self":[{"href":"http:\/\/www.grieta.org.mx\/index.php\/wp-json\/wp\/v2\/posts\/35654","targetHints":{"allow":["GET"]}}],"collection":[{"href":"http:\/\/www.grieta.org.mx\/index.php\/wp-json\/wp\/v2\/posts"}],"about":[{"href":"http:\/\/www.grieta.org.mx\/index.php\/wp-json\/wp\/v2\/types\/post"}],"author":[{"embeddable":true,"href":"http:\/\/www.grieta.org.mx\/index.php\/wp-json\/wp\/v2\/users\/1"}],"replies":[{"embeddable":true,"href":"http:\/\/www.grieta.org.mx\/index.php\/wp-json\/wp\/v2\/comments?post=35654"}],"version-history":[{"count":1,"href":"http:\/\/www.grieta.org.mx\/index.php\/wp-json\/wp\/v2\/posts\/35654\/revisions"}],"predecessor-version":[{"id":35661,"href":"http:\/\/www.grieta.org.mx\/index.php\/wp-json\/wp\/v2\/posts\/35654\/revisions\/35661"}],"wp:featuredmedia":[{"embeddable":true,"href":"http:\/\/www.grieta.org.mx\/index.php\/wp-json\/wp\/v2\/media\/35657"}],"wp:attachment":[{"href":"http:\/\/www.grieta.org.mx\/index.php\/wp-json\/wp\/v2\/media?parent=35654"}],"wp:term":[{"taxonomy":"category","embeddable":true,"href":"http:\/\/www.grieta.org.mx\/index.php\/wp-json\/wp\/v2\/categories?post=35654"},{"taxonomy":"post_tag","embeddable":true,"href":"http:\/\/www.grieta.org.mx\/index.php\/wp-json\/wp\/v2\/tags?post=35654"}],"curies":[{"name":"wp","href":"https:\/\/api.w.org\/{rel}","templated":true}]}}