{"id":3560,"date":"2016-02-03T20:13:34","date_gmt":"2016-02-03T20:13:34","guid":{"rendered":"http:\/\/50.22.11.12\/~grietaor\/?p=3560"},"modified":"2016-03-15T20:15:28","modified_gmt":"2016-03-15T20:15:28","slug":"toman-maestros-el-bulevar-pape","status":"publish","type":"post","link":"http:\/\/www.grieta.org.mx\/index.php\/2016\/02\/03\/toman-maestros-el-bulevar-pape\/","title":{"rendered":"Toman maestros el Bulevar Pape"},"content":{"rendered":"<p>Maestros jubilados y pensionados caminaron por el Bulevar Harold R. Pape para llegar hasta la explanada del Hospital del Magisterio donde concluyeron con una manifestaci\u00f3n luego que a varios a\u00f1os no hay una soluci\u00f3n de fondo a la falta de medicamentos, situaci\u00f3n que pone en riesgo la vida.<\/p>\n<p>La falta de recursos en el Magisterio Estatal mantiene sin medicamento Hospital del Magisterio, se han aplicado recursos como soluci\u00f3n temporal y nuevamente hasta tres semanas padeciendo la falta del f\u00e1rmaco.<\/p>\n<p>Por en\u00e9sima vez los maestros jubilados y pensionados de la Secci\u00f3n 38 se manifestaron al exterior del Hospital del Magisterio Exigiendo se den soluciones de fondo y no solo temporales a la falta de medicamento.<\/p>\n<p>Tres o cuatro ocasiones se dijo que ha intervenido por parte de la titular del Servicio M\u00e9dico de los Trabajadores de la Educaci\u00f3n, Profesora Dolores Alicia Maldonado Leza y se soluciona la problem\u00e1tica y vuelve a presentarse la escasez hasta por tres semanas.<\/p>\n<p>Ra\u00fal Garc\u00eda Vald\u00e9s, Secretario General de la Delegaci\u00f3n IV 2 del Sindicato de Pensionados y Jubilados del gremio hizo ver que siendo justos la verdad es que si les han visitado la Profesora Dolores Alicia Maldonado Leza que es la titular del Servicio M\u00e9dico de los Trabajadores de la Educaci\u00f3n ha estado en m\u00e1s de una ocasi\u00f3n quiz\u00e1s unas tres o cuatro veces.<\/p>\n<p>Viene resuelve temporalmente env\u00eda una cantidad de dinero al encargado de administra la farmacia y a los pocos d\u00edas se agota y sigue otro tiempo  dos tres semanas sin medicamento.<\/p>\n<p>Donde se agudiza m\u00e1s la falta de medicamentos es para las enfermedades cr\u00f3nicas degenerativas, como diabetes e hipertensi\u00f3n que adolecen los jubilados y pensionados.<\/p>\n<p>Asimismo dijeron hacen falta m\u00e9dicos especialistas se requiere de un m\u00e9dico general m\u00e1s en los tres turnos, y el de guardia para el hospital, faltan especialistas como un Geriatra, un Psic\u00f3logo y el Onc\u00f3logo que ya nos dijeron que va a venir a consultar cada mes y el cardi\u00f3logo tambi\u00e9n, aumentaron otro.<\/p>\n<p><a href=\"http:\/\/www.periodicoeltiempo.mx\/index.php?option=com_content&#038;view=article&#038;id=124964:toman-maestros-el-bulevar-pape&#038;catid=121:mas-monclova&#038;Itemid=935\" target=\"_blank\">www.periodicoeltiempo.mx\/index.php?option=com_content&#038;view=article&#038;id=124964:toman-maestros-el-bulevar-pape&#038;catid=121:mas-monclova&#038;Itemid=935<\/a><\/p>\n","protected":false},"excerpt":{"rendered":"<p>Maestros jubilados y pensionados caminaron por el Bulevar Harold R. Pape para llegar hasta la explanada del Hospital del Magisterio donde concluyeron con una manifestaci\u00f3n luego que a varios a\u00f1os &hellip; <a href=\"http:\/\/www.grieta.org.mx\/index.php\/2016\/02\/03\/toman-maestros-el-bulevar-pape\/\" class=\"more-link\">Leer m\u00e1s<\/a><\/p>\n","protected":false},"author":2,"featured_media":21928,"comment_status":"closed","ping_status":"open","sticky":false,"template":"","format":"standard","meta":{"ngg_post_thumbnail":0,"_jetpack_newsletter_access":"","_jetpack_dont_email_post_to_subs":false,"_jetpack_newsletter_tier_id":0,"_jetpack_memberships_contains_paywalled_content":false,"_jetpack_memberships_contains_paid_content":false,"footnotes":""},"categories":[80],"tags":[312,310,133,271],"class_list":["post-3560","post","type-post","status-publish","format-standard","has-post-thumbnail","hentry","category-cintillo","tag-desabasto","tag-jubilados","tag-maestros","tag-marcha","entry"],"jetpack_featured_media_url":"http:\/\/www.grieta.org.mx\/wp-content\/uploads\/2018\/03\/14524434_1106112876131411_958039263622046936_o.jpg","jetpack_sharing_enabled":true,"jetpack_shortlink":"https:\/\/wp.me\/p7ZJR4-Vq","jetpack_likes_enabled":false,"jetpack-related-posts":[{"id":6841,"url":"http:\/\/www.grieta.org.mx\/index.php\/2016\/05\/01\/jubilados-de-coahuila-protestan-contra-trato-indigno-en-hospitales\/","url_meta":{"origin":3560,"position":0},"title":"Jubilados de Coahuila protestan contra trato indigno en hospitales","author":"grieta","date":"1 mayo, 2016","format":false,"excerpt":"28\/04\/16. Se manifiestan \u2018profes\u2019 en inicio de Copecol El Siglo de Torre\u00f3n 16\/04\/16. Maestros inician tercer d\u00eda de plant\u00f3n\u2026 Nadie escucha sus demandas El Dem\u00f3crata Coahuila 14\/04\/16. Exigen maestros medicamentos y hacen marcha El Diario de Coahuila 09\/03\/16. Maestros paralizan cl\u00ednica; exigen que Moreira devuelva dinero de la 38 El\u2026","rel":"","context":"En &quot;Coahuila&quot;","block_context":{"text":"Coahuila","link":"http:\/\/www.grieta.org.mx\/index.php\/category\/noticias-nacionales\/coahuila\/"},"img":{"alt_text":"","src":"https:\/\/i0.wp.com\/www.grieta.org.mx\/wp-content\/uploads\/2018\/03\/14524434_1106112876131411_958039263622046936_o.jpg?resize=350%2C200","width":350,"height":200,"srcset":"https:\/\/i0.wp.com\/www.grieta.org.mx\/wp-content\/uploads\/2018\/03\/14524434_1106112876131411_958039263622046936_o.jpg?resize=350%2C200 1x, https:\/\/i0.wp.com\/www.grieta.org.mx\/wp-content\/uploads\/2018\/03\/14524434_1106112876131411_958039263622046936_o.jpg?resize=525%2C300 1.5x, https:\/\/i0.wp.com\/www.grieta.org.mx\/wp-content\/uploads\/2018\/03\/14524434_1106112876131411_958039263622046936_o.jpg?resize=700%2C400 2x"},"classes":[]},{"id":3556,"url":"http:\/\/www.grieta.org.mx\/index.php\/2016\/02\/04\/marchan-jubilados-del-snte\/","url_meta":{"origin":3560,"position":1},"title":"Marchan Jubilados del SNTE","author":"grieta","date":"4 febrero, 2016","format":false,"excerpt":"Nuevamente maestros Jubilados y pensionados del magisterio estatal tomaron las calles de la Ciudad, en demanda de que se mejore el abasto de medicamentos y que este sea de forma permanente y no soluciones temporales como se ha venido haciendo desde a\u00f1os atr\u00e1s. Portando pancartas donde se lanzaban consignas \u00a1Exigimos\u2026","rel":"","context":"En &quot;CINTILLO&quot;","block_context":{"text":"CINTILLO","link":"http:\/\/www.grieta.org.mx\/index.php\/category\/cintillo\/"},"img":{"alt_text":"","src":"https:\/\/i0.wp.com\/www.grieta.org.mx\/wp-content\/uploads\/2018\/03\/14524434_1106112876131411_958039263622046936_o.jpg?resize=350%2C200","width":350,"height":200,"srcset":"https:\/\/i0.wp.com\/www.grieta.org.mx\/wp-content\/uploads\/2018\/03\/14524434_1106112876131411_958039263622046936_o.jpg?resize=350%2C200 1x, https:\/\/i0.wp.com\/www.grieta.org.mx\/wp-content\/uploads\/2018\/03\/14524434_1106112876131411_958039263622046936_o.jpg?resize=525%2C300 1.5x, https:\/\/i0.wp.com\/www.grieta.org.mx\/wp-content\/uploads\/2018\/03\/14524434_1106112876131411_958039263622046936_o.jpg?resize=700%2C400 2x"},"classes":[]},{"id":25868,"url":"http:\/\/www.grieta.org.mx\/index.php\/2018\/08\/23\/maestros-pensionados-y-jubilados-exigen-aguinaldo-retrasado-sinaloa\/","url_meta":{"origin":3560,"position":2},"title":"Maestros pensionados y jubilados exigen aguinaldo retrasado (Sinaloa)","author":"grieta","date":"23 agosto, 2018","format":false,"excerpt":"Maestros pensionados y jubilados exigen aguinaldo retrasado. Foto: El Debate Blanca Regalado Mazatl\u00e1n, Sinaloa.- Maestros pensionados y jubilados exigen el pago del bono de aguinaldo del a\u00f1o pasado. Luego de tantos retrasos, hab\u00eda una minuta que destacaba como d\u00eda de pago el 15 de agosto y no se cumpli\u00f3, aseguran\u2026","rel":"","context":"En &quot;CINTILLO&quot;","block_context":{"text":"CINTILLO","link":"http:\/\/www.grieta.org.mx\/index.php\/category\/cintillo\/"},"img":{"alt_text":"","src":"https:\/\/i0.wp.com\/www.grieta.org.mx\/wp-content\/uploads\/2018\/08\/dsc0049.jpg_539665225.jpg?resize=350%2C200","width":350,"height":200,"srcset":"https:\/\/i0.wp.com\/www.grieta.org.mx\/wp-content\/uploads\/2018\/08\/dsc0049.jpg_539665225.jpg?resize=350%2C200 1x, https:\/\/i0.wp.com\/www.grieta.org.mx\/wp-content\/uploads\/2018\/08\/dsc0049.jpg_539665225.jpg?resize=525%2C300 1.5x"},"classes":[]},{"id":6116,"url":"http:\/\/www.grieta.org.mx\/index.php\/2016\/07\/13\/pensionados-y-jubilados-de-veracruz-exigen-el-pago-inmediato-de-adeudos\/","url_meta":{"origin":3560,"position":3},"title":"Pensionados, jubilados y maestros de Veracruz exigen el pago inmediato de adeudos","author":"Admin","date":"13 julio, 2016","format":false,"excerpt":"13\/07\/16. Maestros jubilados y en activo se unen en nueva protesta E-Consulta Veracruz 05\/07\/16. Protestas en Veracruz La Cr\u00f3nica de Hoy 04\/07\/16. Protestan sindicatos y jubilados en Veracruz por falta de pagos La Jornada 03\/06\/16. Jubilados del puerto se suman a rechazo de pago de deuda con inmuebles E-consulta Veracruz\u2026","rel":"","context":"En &quot;NOTICIAS NACIONALES&quot;","block_context":{"text":"NOTICIAS NACIONALES","link":"http:\/\/www.grieta.org.mx\/index.php\/category\/noticias-nacionales\/"},"img":{"alt_text":"","src":"https:\/\/i0.wp.com\/www.grieta.org.mx\/wp-content\/uploads\/2018\/03\/14524434_1106112876131411_958039263622046936_o.jpg?resize=350%2C200","width":350,"height":200,"srcset":"https:\/\/i0.wp.com\/www.grieta.org.mx\/wp-content\/uploads\/2018\/03\/14524434_1106112876131411_958039263622046936_o.jpg?resize=350%2C200 1x, https:\/\/i0.wp.com\/www.grieta.org.mx\/wp-content\/uploads\/2018\/03\/14524434_1106112876131411_958039263622046936_o.jpg?resize=525%2C300 1.5x, https:\/\/i0.wp.com\/www.grieta.org.mx\/wp-content\/uploads\/2018\/03\/14524434_1106112876131411_958039263622046936_o.jpg?resize=700%2C400 2x"},"classes":[]},{"id":23852,"url":"http:\/\/www.grieta.org.mx\/index.php\/2018\/06\/12\/maestros-jubilados-se-manifiestan-en-el-congreso-de-sinaloa\/","url_meta":{"origin":3560,"position":4},"title":"Maestros jubilados se manifiestan en el Congreso de Sinaloa","author":"grieta","date":"12 junio, 2018","format":false,"excerpt":"Maestros jubilados se manifiestan en el Congreso de Sinaloa La exigencia de los pensionados es que no se les pague su pensi\u00f3n en salarios m\u00ednimos Edith Andrade Culiac\u00e1n, Sinaloa.- Por falta de inter\u00e9s de las autoridades para pagarles un adeudo de 2017 por bonos compensatorios decenas de maestros salieron a\u2026","rel":"","context":"En &quot;CINTILLO&quot;","block_context":{"text":"CINTILLO","link":"http:\/\/www.grieta.org.mx\/index.php\/category\/cintillo\/"},"img":{"alt_text":"","src":"https:\/\/i0.wp.com\/www.grieta.org.mx\/wp-content\/uploads\/2018\/06\/whatsapp_image_2018-06-12_at_10_14_21_am_crop1528820658384.jpeg_539665225.jpeg?resize=350%2C200","width":350,"height":200,"srcset":"https:\/\/i0.wp.com\/www.grieta.org.mx\/wp-content\/uploads\/2018\/06\/whatsapp_image_2018-06-12_at_10_14_21_am_crop1528820658384.jpeg_539665225.jpeg?resize=350%2C200 1x, https:\/\/i0.wp.com\/www.grieta.org.mx\/wp-content\/uploads\/2018\/06\/whatsapp_image_2018-06-12_at_10_14_21_am_crop1528820658384.jpeg_539665225.jpeg?resize=525%2C300 1.5x"},"classes":[]},{"id":16674,"url":"http:\/\/www.grieta.org.mx\/index.php\/2016\/07\/13\/maestros-jubilados-y-en-activo-se-unen-en-nueva-protesta\/","url_meta":{"origin":3560,"position":5},"title":"Maestros jubilados y en activo se unen en nueva protesta","author":"grieta","date":"13 julio, 2016","format":false,"excerpt":"Ira\u00eds Aguirre Reclaman la falta de pago a los profesores pensionados as\u00ed como la descompactaci\u00f3n de la carrera magisterial del sueldo tabulador. Veracruz, Ver.- Maestros y profesores jubilados marcharon por las calles del centro hist\u00f3rico de Veracruz hacia el puente Morelos - que permanecer\u00e1 bloqueado hasta el mediod\u00eda - como\u2026","rel":"","context":"En &quot;CINTILLO&quot;","block_context":{"text":"CINTILLO","link":"http:\/\/www.grieta.org.mx\/index.php\/category\/cintillo\/"},"img":{"alt_text":"","src":"https:\/\/i0.wp.com\/www.grieta.org.mx\/wp-content\/uploads\/2018\/03\/14524434_1106112876131411_958039263622046936_o.jpg?resize=350%2C200","width":350,"height":200,"srcset":"https:\/\/i0.wp.com\/www.grieta.org.mx\/wp-content\/uploads\/2018\/03\/14524434_1106112876131411_958039263622046936_o.jpg?resize=350%2C200 1x, https:\/\/i0.wp.com\/www.grieta.org.mx\/wp-content\/uploads\/2018\/03\/14524434_1106112876131411_958039263622046936_o.jpg?resize=525%2C300 1.5x, https:\/\/i0.wp.com\/www.grieta.org.mx\/wp-content\/uploads\/2018\/03\/14524434_1106112876131411_958039263622046936_o.jpg?resize=700%2C400 2x"},"classes":[]}],"_links":{"self":[{"href":"http:\/\/www.grieta.org.mx\/index.php\/wp-json\/wp\/v2\/posts\/3560","targetHints":{"allow":["GET"]}}],"collection":[{"href":"http:\/\/www.grieta.org.mx\/index.php\/wp-json\/wp\/v2\/posts"}],"about":[{"href":"http:\/\/www.grieta.org.mx\/index.php\/wp-json\/wp\/v2\/types\/post"}],"author":[{"embeddable":true,"href":"http:\/\/www.grieta.org.mx\/index.php\/wp-json\/wp\/v2\/users\/2"}],"replies":[{"embeddable":true,"href":"http:\/\/www.grieta.org.mx\/index.php\/wp-json\/wp\/v2\/comments?post=3560"}],"version-history":[{"count":1,"href":"http:\/\/www.grieta.org.mx\/index.php\/wp-json\/wp\/v2\/posts\/3560\/revisions"}],"predecessor-version":[{"id":3562,"href":"http:\/\/www.grieta.org.mx\/index.php\/wp-json\/wp\/v2\/posts\/3560\/revisions\/3562"}],"wp:featuredmedia":[{"embeddable":true,"href":"http:\/\/www.grieta.org.mx\/index.php\/wp-json\/wp\/v2\/media\/21928"}],"wp:attachment":[{"href":"http:\/\/www.grieta.org.mx\/index.php\/wp-json\/wp\/v2\/media?parent=3560"}],"wp:term":[{"taxonomy":"category","embeddable":true,"href":"http:\/\/www.grieta.org.mx\/index.php\/wp-json\/wp\/v2\/categories?post=3560"},{"taxonomy":"post_tag","embeddable":true,"href":"http:\/\/www.grieta.org.mx\/index.php\/wp-json\/wp\/v2\/tags?post=3560"}],"curies":[{"name":"wp","href":"https:\/\/api.w.org\/{rel}","templated":true}]}}