{"id":35562,"date":"2019-06-21T10:06:57","date_gmt":"2019-06-21T15:06:57","guid":{"rendered":"http:\/\/www.grieta.org.mx\/?p=35562"},"modified":"2019-06-29T10:27:24","modified_gmt":"2019-06-29T15:27:24","slug":"vecinos-de-la-juarez-entre-la-inaccion-del-gobierno-las-inmobiliarias-y-el-racismo-cdmx","status":"publish","type":"post","link":"http:\/\/www.grieta.org.mx\/index.php\/2019\/06\/21\/vecinos-de-la-juarez-entre-la-inaccion-del-gobierno-las-inmobiliarias-y-el-racismo-cdmx\/","title":{"rendered":"Vecinos de la Ju\u00e1rez, entre la inacci\u00f3n del gobierno, las inmobiliarias y el racismo (CDMX)"},"content":{"rendered":"<p><img loading=\"lazy\" decoding=\"async\" data-attachment-id=\"35563\" data-permalink=\"http:\/\/www.grieta.org.mx\/index.php\/2019\/06\/21\/vecinos-de-la-juarez-entre-la-inaccion-del-gobierno-las-inmobiliarias-y-el-racismo-cdmx\/pdp_vecinosjuarez_10052019_dr2\/\" data-orig-file=\"http:\/\/www.grieta.org.mx\/wp-content\/uploads\/2019\/06\/pdp_VecinosJuarez_10052019_DR2.jpg\" data-orig-size=\"4032,3024\" data-comments-opened=\"0\" data-image-meta=\"{&quot;aperture&quot;:&quot;1.8&quot;,&quot;credit&quot;:&quot;&quot;,&quot;camera&quot;:&quot;iPhone 8 Plus&quot;,&quot;caption&quot;:&quot;&quot;,&quot;created_timestamp&quot;:&quot;1560444303&quot;,&quot;copyright&quot;:&quot;&quot;,&quot;focal_length&quot;:&quot;3.99&quot;,&quot;iso&quot;:&quot;20&quot;,&quot;shutter_speed&quot;:&quot;0.00087489063867017&quot;,&quot;title&quot;:&quot;&quot;,&quot;orientation&quot;:&quot;1&quot;}\" data-image-title=\"pdp_VecinosJuarez_10052019_DR2\" data-image-description=\"\" data-image-caption=\"\" data-medium-file=\"http:\/\/www.grieta.org.mx\/wp-content\/uploads\/2019\/06\/pdp_VecinosJuarez_10052019_DR2-300x225.jpg\" data-large-file=\"http:\/\/www.grieta.org.mx\/wp-content\/uploads\/2019\/06\/pdp_VecinosJuarez_10052019_DR2-1024x768.jpg\" class=\"alignleft wp-image-35563\" src=\"http:\/\/www.grieta.org.mx\/wp-content\/uploads\/2019\/06\/pdp_VecinosJuarez_10052019_DR2.jpg\" alt=\"\" width=\"708\" height=\"531\" srcset=\"http:\/\/www.grieta.org.mx\/wp-content\/uploads\/2019\/06\/pdp_VecinosJuarez_10052019_DR2.jpg 4032w, http:\/\/www.grieta.org.mx\/wp-content\/uploads\/2019\/06\/pdp_VecinosJuarez_10052019_DR2-300x225.jpg 300w, http:\/\/www.grieta.org.mx\/wp-content\/uploads\/2019\/06\/pdp_VecinosJuarez_10052019_DR2-768x576.jpg 768w, http:\/\/www.grieta.org.mx\/wp-content\/uploads\/2019\/06\/pdp_VecinosJuarez_10052019_DR2-1024x768.jpg 1024w, http:\/\/www.grieta.org.mx\/wp-content\/uploads\/2019\/06\/pdp_VecinosJuarez_10052019_DR2-667x500.jpg 667w\" sizes=\"auto, (max-width: 708px) 100vw, 708px\" \/><\/p>\n<p>Arturo Contreras: texto; Dulio Rodr\u00edguez: foto\/ PIE DE P\u00c1GINA<\/p>\n<p>Para distintos vecinos de la colonia Ju\u00e1rez, la falta de hogar de 80 familias otom\u00edes los ha llevado al extremo en las din\u00e1micas del vecindario, pues viven en la calle desde hace casi dos a\u00f1os. Aseguran que el gobierno, no les ha dado una soluci\u00f3n y eso en parte causa de que los campamentos instalados por las familias que quedaron sin casa bloqueen el paso vehicular en las calles de Roma y Mil\u00e1n. En suma, tienen sospechas de una nueva construcci\u00f3n inmobiliaria en ese predio.<\/p>\n<p>\u201cLos vecinos quedamos entre dos intereses, el del due\u00f1o o la inmobiliaria, y de estas personas que su demanda es la de la una vivienda digna\u201d, asegura uno de los vecinos de esta colonia de la Ciudad de M\u00e9xico.<\/p>\n<p>Desde los terremotos de 2017, cientos de personas ind\u00edgenas tuvieron que dejar el predio que ocupaban por los da\u00f1os severos que tuvo despu\u00e9s los sismos. Desde entonces, tendieron un campamento de lonas y mantas en dos puntos del predio. Uno en la entrada que est\u00e1 sobre la calle Roma 18, y una m\u00e1s en la otra entrada, ubicada en el n\u00famero 7 de la calle Londres.<\/p>\n<p>\u201cPareciera que nosotros somos los rehenes de la gente que est\u00e1 ocupando la calle, del grupo que los usa a ellos para invadir predios y de las mismas autoridades que omiten. Los que sufrimos la situaci\u00f3n d\u00eda a d\u00eda somos los vecinos. No nos dejan dormir, se ponen a jugar futbol a las 2 o 3 de la ma\u00f1ana, est\u00e1n dando pelotazos, se pelean, imag\u00ednate la puerta de tu casas, hacen sus necesidades ah\u00ed a veces, consumen sustancias, se est\u00e1n drogando en la puerta de tu casa\u201d, asegura uno de los vecinos de la calle Roma en entrevista.<\/p>\n<p>Las familias de ind\u00edgenas sin casa han expresado su inconformidad ante las actitudes racistas que tienen los vecinos de la Ju\u00e1rez hacia ellos, incluso realizaron una conferencia de prensa en donde denunciaron que los molestan y que les dan malos tratos. Los vecinos aseguran que esos tratos se dan por el ambiente de hostilidades que se ha desarrollado desde que los ind\u00edgenas ocupan la calle.<\/p>\n<p>El grupo de Vecinos Unidos de la colonia Ju\u00e1rez se reuni\u00f3 con Pie de P\u00e1gina para dar su versi\u00f3n sobre un conflicto que, aseguran, ha hecho que los tilden de racistas. Por temor a represiones piden se guarde su identidad.<\/p>\n<p>\u201cEstas son las personas m\u00e1s d\u00e9biles de la ecuaci\u00f3n, que son usados por grupos que se dedican a invadir predios. Aqu\u00ed el tema principal de nosotros como vecinos es la falta de atenci\u00f3n por parte de una autoridad competente, que en este caso, ser\u00eda el alcalde\u201d, se quejan.<\/p>\n<p>Hace veinte d\u00edas, trabajadores de la Alcald\u00eda de Cuauht\u00e9moc levantaron una parte de este campamento sobre la calle de Londres, ayudados por una centena de polic\u00edas, equipados con equipo antimotines. Seg\u00fan el alcalde de Cuauht\u00e9moc, N\u00e9stor N\u00fa\u00f1ez, y el subsecretario de gobierno de la ciudad, Arturo Medina, las acciones se realizaron por petici\u00f3n de los vecinos, aunque ellos lo niegan rotundamente.<\/p>\n<p>\u201c\u00bfPor qu\u00e9 fue el desalojo de Londres? Nuestra presunci\u00f3n es que fue el due\u00f1o del predio presionando al alcalde, porque el mismo alcalde ha dicho que se ha reunido con \u00e9l due\u00f1o. A los dos d\u00edas que liberaron la calle de Londres, quitaron la jardinera que est\u00e1 enfrente de la puerta del predio, para que pudiera entrar todos los materiales de construcci\u00f3n. \u00bfCu\u00e1l es la presunci\u00f3n? Que van a quitar los \u00e1rboles para empezar la obra, y nosotros vamos a quedar entre dos fuegos, entre la construcci\u00f3n inmobiliaria y el campamento\u201d, dicen.<\/p>\n<p>En la \u00faltima semana las bardas del predio fueron remozadas y un grupo de obreros levant\u00f3 una malla cicl\u00f3nica coronada por alambre de p\u00faas. Al interior del inmueble hay guardias privados con armas largas que lo resguardan.<\/p>\n<p>\u201cLo chistoso es que el due\u00f1o y el alcalde s\u00ed se ha sentado a discutir el tema. A \u00e9l le est\u00e1n facilitando todo. \u00bfPor qu\u00e9 liberaron la calle de Londres \u00fanicamente? Porque por ah\u00ed est\u00e1n empezando ya a construir y a bardear el predio\u201d, dicen.<\/p>\n<p>Los vecinos aseguran que el desalojo del mes pasado no se debi\u00f3 a sus solicitudes, pues desde hace meses han pedido una reuni\u00f3n privada con el alcalde, que no ha llegado.<\/p>\n<p>Due\u00f1o incierto<br \/>\nA pesar de que los vecinos y el alcalde nombran con toda seguridad a un due\u00f1o, no hay certeza de que est\u00e9n hablando de la misma persona, pues la propiedad del predio no est\u00e1 clara.<\/p>\n<p>Este predio alberg\u00f3, de 1938 a 1976, la embajada de la Espa\u00f1a Republicana en M\u00e9xico. \u201cLa casona fue dada en comodato por el gobierno del general C\u00e1rdenas, por do\u00f1a Amalia, a la rep\u00fablica espa\u00f1ola en el exilio\u201d, cuenta uno de los vecinos. \u201cDespu\u00e9s, la casona, la cierran. Hay una ceremonia y queda la casa abandonada\u201d.<\/p>\n<p>Tiempo despu\u00e9s, aparecer\u00eda una persona que ellos identifican como Jacobo, sin saber si es un nombre o un apellido, a reclamar la propiedad.<\/p>\n<p>\u201cLo que Jacobo dice es que se la regal\u00f3 su pap\u00e1, que era de una familia jud\u00eda y que el primer inmueble que se lo dieron a \u00e9l como regalo para que invirtiera. \u00c9l, por su inexperiencia y su juventud no hizo nada y la dej\u00f3 ah\u00ed\u201d, complementa otro de los vecinos a la historia.<\/p>\n<p>Tanto los vecinos como los ind\u00edgenas que ahora viven en la calle identifican a una empresa, Eduardo SA de CV, como otra de las entidades interesadas en el predio. Incluso los vecinos aseguran que aparece en archivos y carpetas judiciales sobre el inmueble, pero no han podido comprobar nada.<\/p>\n<p>\u201cLo peor es que el folio real del inmueble, que es el n\u00famero con el que se cataloga y tiene toda la historia del inmueble. Los del registro p\u00fablico de la propiedad dicen que est\u00e1 reservado, porque est\u00e1 en un proceso jurisdiccional\u201d. se quejan.<\/p>\n<p>Sin embargo, ni Eduardo SA de CV ni el nombre de Jacobo han sido mencionados por el alcalde como los due\u00f1os del predio. A pregunta expresa de a qui\u00e9n se refer\u00eda cuando hablaba del due\u00f1o, el alcalde nombr\u00f3 a Marcos Ushdi, un nombre que ni los vecinos, ni los ind\u00edgenas hab\u00edan escuchado antes.<\/p>\n<p>Por seguridad, nadie en la calle<br \/>\nAunque la propiedad del inmueble es un tema fundamental para la resoluci\u00f3n del conflicto, a los vecinos no les parece importar demasiado.<\/p>\n<p>\u201cNosotros como vecinos no nos podemos ni pronunciar ni a favor ni en contra de qui\u00e9n es el leg\u00edtimo propietario, porque no nos corresponde. Si est\u00e1 chueco el papel, si el se\u00f1or Jacobo no es Jacobo, a los vecinos la verdad es que ni nos compete, ni nos deber\u00eda de importar\u201d.<\/p>\n<p>A ellos, lo que les preocupa es la liberaci\u00f3n de la calle, aseguran, por una preocupaci\u00f3n genuina de la calidad de vida que actualmente vive en las calles.<\/p>\n<p>\u201cSon personas ellos, no pueden vivir en situaciones infrahumanas, en situaciones de hacinamiento que los provoca y los altera de una manera terrible y que va en prejuicio de ellos y de los vecinos tambi\u00e9n. Todos estamos en ese caldo de cultivo desde hace siete u ocho a\u00f1os\u201d, dice uno de ellos.<\/p>\n<p>Ese mismo vecino niega que los ind\u00edgenas hayan llegado a ocupar el predio desde hace m\u00e1s de 20 a\u00f1os, como dicen. \u00c9l ha vivido en el edificio de departamentos contiguo desde hace 35 a\u00f1os. Desde su cocina y su cuarto alcanza a ver el predio, y dice que ellos no tienen ah\u00ed m\u00e1s de siete u ocho a\u00f1os.<\/p>\n<p>\u201cEl lugar no nos interesa, el asunto aqu\u00ed es lo que ha sucedido y lo que est\u00e1 sucediendo. Yo te lo puedo decir como vecino de ah\u00ed, como alguien que sufri\u00f3 la invasi\u00f3n de estas personas. Fue verdaderamente un caos, se cre\u00f3 una ciudad perdida, sin ley, ah\u00ed\u201d.<\/p>\n<p>Otro m\u00e1s agrega: \u201cYo hice un arreglo a mi casa hace tres a\u00f1os, y saqu\u00e9 muchos muebles y se los regal\u00e9 a una de las familias que estaban ah\u00ed. Ellos me contaron que les estaban pagando por vivir ah\u00ed\u201d.<\/p>\n<p>\u201cNosotros nos hemos dado cuenta que los van sacando y metiendo, sacando y metiendo, porque la gente que vive ah\u00ed no es siempre la misma. Esto da cuenta de una operaci\u00f3n de personas que usan a otras personas para ocupar, en los sistemas de invasi\u00f3n de predios es muy conocido, los famosos ocupas, o paracaidistas\u201d, A\u00f1ade una tercera m\u00e1s, como para que no queden dudas de lo que dicen sus compa\u00f1eros.<\/p>\n<p>\u00bfRacismo?<br \/>\nLos vecinos aseguran que el debate sobre el predio se ha centrado en si los vecinos quieren a los ind\u00edgenas o no, o si es su discurso es racista. \u201cNos hemos polarizado en juzgar qui\u00e9n es el due\u00f1o y si tienen derecho o no. Y lo que queremos es salir de esa din\u00e1mica que nos ha enfrascado en prejuicios de los dos lados\u201d.<\/p>\n<p>Incluso, ellos se desmarcan de los se\u00f1alamientos de racismo que les imputan. Aseguran que despu\u00e9s de tanto tiempo, la situaci\u00f3n ha generado hartazgo entre otros habitantes de la colonia, que s\u00ed llegan a emitir comentarios muy agresivos, pero no son de este grupo en espec\u00edfico.<\/p>\n<p>Incluso, dicen, que estas expresiones son las que han cambiado el foco de la discusi\u00f3n a la propiedad del due\u00f1o y no a la atenci\u00f3n de estas personas que viven en la calle.<\/p>\n<p>\u201cEl punto es que es un problema para ellos, para los ni\u00f1os, vivir en esa situaci\u00f3n. O sea, es violencia, es drogadicci\u00f3n, es foco de infecci\u00f3n, es desnutrici\u00f3n, es falta de educaci\u00f3n, son muchas cosas. \u00a1Es un caldo de cultivo que ya queremos que corten de ra\u00edz!\u201d, dice uno sobre la gente que vive en las calles.<\/p>\n<p>A pesar de todos los conflictos, los vecinos no se han acercado a dialogar con los ind\u00edgenas. \u201cEl acercamiento con ellos no se ha dado hasta el momento, pero estamos en eso, porque queremos saber qu\u00e9 se puede hacer\u201d, dicen.<\/p>\n<p>Tampoco est\u00e1n seguros de que los ind\u00edgenas operen a nombre de un grupo que se apodera de viviendas y predios, como se\u00f1alaron.<\/p>\n<p>\u00bfUstedes est\u00e1n convencidos de que ellos son un grupo de invasores? La pregunta parece caerles de peso. No todos responden, algunos se quedan callados, y despu\u00e9s, como que no queriendo, alguien dice un s\u00ed dubitativo, alargado, sin certeza.<\/p>\n<p>La misma respuesta se muestra cuando se les pregunta que si ellos estar\u00edan de acuerdo con que los ind\u00edgenas regresaran a vivir al terreno que ocupaban, en el caso hipot\u00e9tico de que la propiedad del predio no se pudiera comprobar.<\/p>\n<p>\u201cYo s\u00ed tendr\u00eda problema porque ya se vivi\u00f3 ah\u00ed una situaci\u00f3n como de ciudad perdida, en donde hubo delitos graves por el hacinamiento en el que viv\u00edan ah\u00ed adentro\u201d, contesta uno tajante.<\/p>\n<p>Otra, m\u00e1s mesurada, responde. \u201c\u00bfT\u00fa qu\u00e9 quisieras en donde vives? \u00a1Una comunidad en paz! A m\u00ed no me interesa si son jud\u00edos, chinos, otom\u00edes, mientras est\u00e9n dispuestos a vivir en esta comunidad bajo sus reglas, como vivimos todos\u201d.<\/p>\n<p><a href=\"https:\/\/piedepagina.mx\/vecinos-de-la-juarez-entre-la-inaccion-del-gobierno-las-inmobiliarias-y-el-racismo\/\" target=\"_blank\" rel=\"noopener noreferrer\">https:\/\/piedepagina.mx\/vecinos-de-la-juarez-entre-la-inaccion-del-gobierno-las-inmobiliarias-y-el-racismo\/<\/a><\/p>\n","protected":false},"excerpt":{"rendered":"<p>Arturo Contreras: texto; Dulio Rodr\u00edguez: foto\/ PIE DE P\u00c1GINA Para distintos vecinos de la colonia Ju\u00e1rez, la falta de hogar de 80 familias otom\u00edes los ha llevado al extremo en &hellip; <a href=\"http:\/\/www.grieta.org.mx\/index.php\/2019\/06\/21\/vecinos-de-la-juarez-entre-la-inaccion-del-gobierno-las-inmobiliarias-y-el-racismo-cdmx\/\" class=\"more-link\">Leer m\u00e1s<\/a><\/p>\n","protected":false},"author":2,"featured_media":35563,"comment_status":"closed","ping_status":"closed","sticky":false,"template":"","format":"standard","meta":{"ngg_post_thumbnail":0,"_jetpack_newsletter_access":"","_jetpack_dont_email_post_to_subs":false,"_jetpack_newsletter_tier_id":0,"_jetpack_memberships_contains_paywalled_content":false,"_jetpack_memberships_contains_paid_content":false,"footnotes":""},"categories":[80,14,1044,1026,1742,2615,86,2,2219,83],"tags":[1716,1210,1718,1717,2271,2699,1030,1833],"class_list":["post-35562","post","type-post","status-publish","format-standard","has-post-thumbnail","hentry","category-cintillo","category-ciudad-de-mexico","category-desarrollos-inmobiliarios-en-la-ciudad-de-mexico","category-damnificados-por-el-sismo-del-19-de-septiembre","category-damnificados-y-reconstruccion-en-la-ciudad-de-mexico","category-desalojos-en-la-ciudad-de-mexico","category-migrantes","category-noticias-nacionales","category-resistencias-en-la-ciudad-de-mexico","category-temas-nacionales","tag-abuso-contra-indigenas","tag-conflictos-por-desarrollos-inmobiliarios","tag-desprecio-contra-indigenas","tag-discriminacion-contra-indigenas","tag-especulacion-inmobiliaria","tag-pueblos-indios-en-la-ciudad-de-mexico","tag-racismo","tag-violencia-contra-pueblos-indigenas","entry"],"jetpack_featured_media_url":"http:\/\/www.grieta.org.mx\/wp-content\/uploads\/2019\/06\/pdp_VecinosJuarez_10052019_DR2.jpg","jetpack_sharing_enabled":true,"jetpack_shortlink":"https:\/\/wp.me\/p7ZJR4-9fA","jetpack_likes_enabled":false,"jetpack-related-posts":[{"id":42173,"url":"http:\/\/www.grieta.org.mx\/index.php\/2019\/12\/07\/temen-desalojo-contra-comunidad-otomi-en-la-ciudad-de-mexico\/","url_meta":{"origin":35562,"position":0},"title":"Temen desalojo contra comunidad otom\u00ed en la Ciudad de M\u00e9xico","author":"grieta","date":"7 diciembre, 2019","format":false,"excerpt":"Foto: Notoriox Mercedes Matz \/ Notoriox Integrantes de la comunidad Ind\u00edgena Otom\u00ed Residente en la Ciudad de M\u00e9xico denunciaron la amenaza de un desalojo en su contra que podr\u00eda llevarse \u201cen cualquier momento\u201d por parte de las autoridades de la alcald\u00eda Cuauht\u00e9moc y del gobierno capitalino. El pasado mi\u00e9rcoles 4\u2026","rel":"","context":"En &quot;CINTILLO&quot;","block_context":{"text":"CINTILLO","link":"http:\/\/www.grieta.org.mx\/index.php\/category\/cintillo\/"},"img":{"alt_text":"","src":"https:\/\/i0.wp.com\/www.grieta.org.mx\/wp-content\/uploads\/2019\/12\/Temen-desalojo-contra-comunidad-otom%C3%AD-en-la-Ciudad-de-M%C3%A9xico-dic.jpg?resize=350%2C200","width":350,"height":200,"srcset":"https:\/\/i0.wp.com\/www.grieta.org.mx\/wp-content\/uploads\/2019\/12\/Temen-desalojo-contra-comunidad-otom%C3%AD-en-la-Ciudad-de-M%C3%A9xico-dic.jpg?resize=350%2C200 1x, https:\/\/i0.wp.com\/www.grieta.org.mx\/wp-content\/uploads\/2019\/12\/Temen-desalojo-contra-comunidad-otom%C3%AD-en-la-Ciudad-de-M%C3%A9xico-dic.jpg?resize=525%2C300 1.5x"},"classes":[]},{"id":27175,"url":"http:\/\/www.grieta.org.mx\/index.php\/2018\/09\/22\/damnificados-del-edificio-centauro-perdieron-sus-escrituras-el-19s-y-no-saben-si-recuperaran-su-hogar\/","url_meta":{"origin":35562,"position":1},"title":"Damnificados del edificio Centauro perdieron sus escrituras el 19S y no saben si recuperar\u00e1n su hogar","author":"grieta","date":"22 septiembre, 2018","format":false,"excerpt":"","rel":"","context":"En &quot;CINTILLO&quot;","block_context":{"text":"CINTILLO","link":"http:\/\/www.grieta.org.mx\/index.php\/category\/cintillo\/"},"img":{"alt_text":"","src":"https:\/\/i0.wp.com\/www.grieta.org.mx\/wp-content\/uploads\/2018\/10\/Demolicion_Edificio_Osa_Mayor-5-e1537582336854-960x500.jpg?resize=350%2C200","width":350,"height":200,"srcset":"https:\/\/i0.wp.com\/www.grieta.org.mx\/wp-content\/uploads\/2018\/10\/Demolicion_Edificio_Osa_Mayor-5-e1537582336854-960x500.jpg?resize=350%2C200 1x, https:\/\/i0.wp.com\/www.grieta.org.mx\/wp-content\/uploads\/2018\/10\/Demolicion_Edificio_Osa_Mayor-5-e1537582336854-960x500.jpg?resize=525%2C300 1.5x, https:\/\/i0.wp.com\/www.grieta.org.mx\/wp-content\/uploads\/2018\/10\/Demolicion_Edificio_Osa_Mayor-5-e1537582336854-960x500.jpg?resize=700%2C400 2x"},"classes":[]},{"id":58903,"url":"http:\/\/www.grieta.org.mx\/index.php\/2021\/04\/19\/vecinos-de-azcapotzalco-protestan-contra-construccion-de-mega-obras-ciudad-de-mexico\/","url_meta":{"origin":35562,"position":2},"title":"Vecinos de Azcapotzalco protestan contra construcci\u00f3n de mega obras (Ciudad de M\u00e9xico)","author":"grieta","date":"19 abril, 2021","format":false,"excerpt":"Ram\u00f3n Ram\u00edrez \/ Milenio Foto tomada de: Milenio Acusan que la alcald\u00eda ha realizado cambios de uso de suelo con el objetivo de permitir la construcci\u00f3n de obras que salen del n\u00famero de pisos.\u00a0 Vecinos de varias colonias en la alcald\u00eda Azcapotzalco bloquean la vialidad del Eje 3 norte Cuitl\u00e1huac\u2026","rel":"","context":"En &quot;CINTILLO&quot;","block_context":{"text":"CINTILLO","link":"http:\/\/www.grieta.org.mx\/index.php\/category\/cintillo\/"},"img":{"alt_text":"","src":"https:\/\/i0.wp.com\/www.grieta.org.mx\/wp-content\/uploads\/2021\/04\/Vecinos-de-Azcapotzalco-protestan-contra-construccion-de-mega-obras-cdmx-abr.jpg?resize=350%2C200","width":350,"height":200,"srcset":"https:\/\/i0.wp.com\/www.grieta.org.mx\/wp-content\/uploads\/2021\/04\/Vecinos-de-Azcapotzalco-protestan-contra-construccion-de-mega-obras-cdmx-abr.jpg?resize=350%2C200 1x, https:\/\/i0.wp.com\/www.grieta.org.mx\/wp-content\/uploads\/2021\/04\/Vecinos-de-Azcapotzalco-protestan-contra-construccion-de-mega-obras-cdmx-abr.jpg?resize=525%2C300 1.5x, https:\/\/i0.wp.com\/www.grieta.org.mx\/wp-content\/uploads\/2021\/04\/Vecinos-de-Azcapotzalco-protestan-contra-construccion-de-mega-obras-cdmx-abr.jpg?resize=700%2C400 2x"},"classes":[]},{"id":54514,"url":"http:\/\/www.grieta.org.mx\/index.php\/2020\/10\/16\/aqui-si-podemos-vivir-estabamos-en-la-calle-la-toma-otomi-del-inpi-ciudad-de-mexico\/","url_meta":{"origin":35562,"position":3},"title":"\u201cAqu\u00ed s\u00ed podemos vivir, est\u00e1bamos en la calle\u201d. La toma otom\u00ed del INPI (Ciudad de M\u00e9xico)","author":"grieta","date":"16 octubre, 2020","format":false,"excerpt":"Texto y Fotos: Arturo Contreras Camero \/ Pie de P\u00e1gina Desde el lunes tres comunidades otom\u00edes y una mazahua ocupan una parte del Instituto Nacional de Pueblos Ind\u00edgenas. Piden que el gobierno de la Ciudad de M\u00e9xico responda sus demandas de vivienda, mismas que llevan esperando desde hace 20 a\u00f1os.\u2026","rel":"","context":"En &quot;CIG&quot;","block_context":{"text":"CIG","link":"http:\/\/www.grieta.org.mx\/index.php\/category\/cig\/"},"img":{"alt_text":"","src":"https:\/\/i0.wp.com\/www.grieta.org.mx\/wp-content\/uploads\/2020\/10\/ocoupa_inpi__otomies_ARturo_contreras.jpg?resize=350%2C200","width":350,"height":200,"srcset":"https:\/\/i0.wp.com\/www.grieta.org.mx\/wp-content\/uploads\/2020\/10\/ocoupa_inpi__otomies_ARturo_contreras.jpg?resize=350%2C200 1x, https:\/\/i0.wp.com\/www.grieta.org.mx\/wp-content\/uploads\/2020\/10\/ocoupa_inpi__otomies_ARturo_contreras.jpg?resize=525%2C300 1.5x, https:\/\/i0.wp.com\/www.grieta.org.mx\/wp-content\/uploads\/2020\/10\/ocoupa_inpi__otomies_ARturo_contreras.jpg?resize=700%2C400 2x"},"classes":[]},{"id":35425,"url":"http:\/\/www.grieta.org.mx\/index.php\/2019\/06\/16\/estar-aqui-ha-sido-muy-duro-ciudad-de-mexico\/","url_meta":{"origin":35562,"position":4},"title":"\u2018Estar aqu\u00ed ha sido muy duro\u2019 (Ciudad de M\u00e9xico)","author":"grieta","date":"16 junio, 2019","format":false,"excerpt":"\u00a0 Texto y fotos: Arturo Contreras Camero\/Piedep\u00e1gina Las familias que acampan en la calle Roma, de la colonia Ju\u00e1rez, temen un nuevo desalojo como el que ocurri\u00f3 el 30 de mayo en la calle de Londres. Es la \u00fanica respuesta que les han dado las autoridades capitalinas a su demanda\u2026","rel":"","context":"En &quot;CINTILLO&quot;","block_context":{"text":"CINTILLO","link":"http:\/\/www.grieta.org.mx\/index.php\/category\/cintillo\/"},"img":{"alt_text":"","src":"https:\/\/i0.wp.com\/www.grieta.org.mx\/wp-content\/uploads\/2019\/06\/Nuevotama%C3%B1o-1140x570.jpg?resize=350%2C200","width":350,"height":200,"srcset":"https:\/\/i0.wp.com\/www.grieta.org.mx\/wp-content\/uploads\/2019\/06\/Nuevotama%C3%B1o-1140x570.jpg?resize=350%2C200 1x, https:\/\/i0.wp.com\/www.grieta.org.mx\/wp-content\/uploads\/2019\/06\/Nuevotama%C3%B1o-1140x570.jpg?resize=525%2C300 1.5x, https:\/\/i0.wp.com\/www.grieta.org.mx\/wp-content\/uploads\/2019\/06\/Nuevotama%C3%B1o-1140x570.jpg?resize=700%2C400 2x, https:\/\/i0.wp.com\/www.grieta.org.mx\/wp-content\/uploads\/2019\/06\/Nuevotama%C3%B1o-1140x570.jpg?resize=1050%2C600 3x"},"classes":[]},{"id":27024,"url":"http:\/\/www.grieta.org.mx\/index.php\/2018\/10\/08\/en-las-obras-de-mantik-pedregal-muere-trabajador-se-abre-averiguacion-por-encubrimiento-de-lesiones-ciudad-de-mexico\/","url_meta":{"origin":35562,"position":5},"title":"En las obras de Mantik Pedregal muere trabajador; se abre averiguaci\u00f3n por encubrimiento de lesiones (Ciudad de M\u00e9xico)","author":"grieta","date":"8 octubre, 2018","format":false,"excerpt":"COLECTIVO GRIETA Sellos que la Procuradur\u00eda General de Justicia de la Ciudad de M\u00e9xico y la Secretar\u00eda de Protecci\u00f3n Civil capitalina colocaron a la entrada del predio localizado en Perif\u00e9rico Sur 5178. La tarde del martes 2 de octubre hacia las 16 hrs., en la obra de Mantik Pedregal muri\u00f3\u2026","rel":"","context":"En &quot;CINTILLO&quot;","block_context":{"text":"CINTILLO","link":"http:\/\/www.grieta.org.mx\/index.php\/category\/cintillo\/"},"img":{"alt_text":"","src":"https:\/\/i0.wp.com\/www.grieta.org.mx\/wp-content\/uploads\/2018\/03\/14524434_1106112876131411_958039263622046936_o.jpg?resize=350%2C200","width":350,"height":200,"srcset":"https:\/\/i0.wp.com\/www.grieta.org.mx\/wp-content\/uploads\/2018\/03\/14524434_1106112876131411_958039263622046936_o.jpg?resize=350%2C200 1x, https:\/\/i0.wp.com\/www.grieta.org.mx\/wp-content\/uploads\/2018\/03\/14524434_1106112876131411_958039263622046936_o.jpg?resize=525%2C300 1.5x, https:\/\/i0.wp.com\/www.grieta.org.mx\/wp-content\/uploads\/2018\/03\/14524434_1106112876131411_958039263622046936_o.jpg?resize=700%2C400 2x"},"classes":[]}],"_links":{"self":[{"href":"http:\/\/www.grieta.org.mx\/index.php\/wp-json\/wp\/v2\/posts\/35562","targetHints":{"allow":["GET"]}}],"collection":[{"href":"http:\/\/www.grieta.org.mx\/index.php\/wp-json\/wp\/v2\/posts"}],"about":[{"href":"http:\/\/www.grieta.org.mx\/index.php\/wp-json\/wp\/v2\/types\/post"}],"author":[{"embeddable":true,"href":"http:\/\/www.grieta.org.mx\/index.php\/wp-json\/wp\/v2\/users\/2"}],"replies":[{"embeddable":true,"href":"http:\/\/www.grieta.org.mx\/index.php\/wp-json\/wp\/v2\/comments?post=35562"}],"version-history":[{"count":1,"href":"http:\/\/www.grieta.org.mx\/index.php\/wp-json\/wp\/v2\/posts\/35562\/revisions"}],"predecessor-version":[{"id":35566,"href":"http:\/\/www.grieta.org.mx\/index.php\/wp-json\/wp\/v2\/posts\/35562\/revisions\/35566"}],"wp:featuredmedia":[{"embeddable":true,"href":"http:\/\/www.grieta.org.mx\/index.php\/wp-json\/wp\/v2\/media\/35563"}],"wp:attachment":[{"href":"http:\/\/www.grieta.org.mx\/index.php\/wp-json\/wp\/v2\/media?parent=35562"}],"wp:term":[{"taxonomy":"category","embeddable":true,"href":"http:\/\/www.grieta.org.mx\/index.php\/wp-json\/wp\/v2\/categories?post=35562"},{"taxonomy":"post_tag","embeddable":true,"href":"http:\/\/www.grieta.org.mx\/index.php\/wp-json\/wp\/v2\/tags?post=35562"}],"curies":[{"name":"wp","href":"https:\/\/api.w.org\/{rel}","templated":true}]}}