{"id":35425,"date":"2019-06-16T06:42:26","date_gmt":"2019-06-16T11:42:26","guid":{"rendered":"http:\/\/www.grieta.org.mx\/?p=35425"},"modified":"2019-06-27T07:22:14","modified_gmt":"2019-06-27T12:22:14","slug":"estar-aqui-ha-sido-muy-duro-ciudad-de-mexico","status":"publish","type":"post","link":"http:\/\/www.grieta.org.mx\/index.php\/2019\/06\/16\/estar-aqui-ha-sido-muy-duro-ciudad-de-mexico\/","title":{"rendered":"\u2018Estar aqu\u00ed ha sido muy duro\u2019 (Ciudad de M\u00e9xico)"},"content":{"rendered":"<p><img loading=\"lazy\" decoding=\"async\" data-attachment-id=\"35426\" data-permalink=\"http:\/\/www.grieta.org.mx\/index.php\/2019\/06\/16\/estar-aqui-ha-sido-muy-duro-ciudad-de-mexico\/nuevotamano-1140x570\/\" data-orig-file=\"http:\/\/www.grieta.org.mx\/wp-content\/uploads\/2019\/06\/Nuevotama\u00f1o-1140x570.jpg\" data-orig-size=\"1140,570\" data-comments-opened=\"0\" data-image-meta=\"{&quot;aperture&quot;:&quot;0&quot;,&quot;credit&quot;:&quot;&quot;,&quot;camera&quot;:&quot;&quot;,&quot;caption&quot;:&quot;&quot;,&quot;created_timestamp&quot;:&quot;0&quot;,&quot;copyright&quot;:&quot;&quot;,&quot;focal_length&quot;:&quot;0&quot;,&quot;iso&quot;:&quot;0&quot;,&quot;shutter_speed&quot;:&quot;0&quot;,&quot;title&quot;:&quot;&quot;,&quot;orientation&quot;:&quot;0&quot;}\" data-image-title=\"Nuevotama\u00f1o-1140&amp;#215;570\" data-image-description=\"\" data-image-caption=\"\" data-medium-file=\"http:\/\/www.grieta.org.mx\/wp-content\/uploads\/2019\/06\/Nuevotama\u00f1o-1140x570-300x150.jpg\" data-large-file=\"http:\/\/www.grieta.org.mx\/wp-content\/uploads\/2019\/06\/Nuevotama\u00f1o-1140x570-1024x512.jpg\" class=\"wp-image-35426 aligncenter\" src=\"http:\/\/www.grieta.org.mx\/wp-content\/uploads\/2019\/06\/Nuevotama\u00f1o-1140x570-300x150.jpg\" alt=\"\" width=\"500\" height=\"250\" srcset=\"http:\/\/www.grieta.org.mx\/wp-content\/uploads\/2019\/06\/Nuevotama\u00f1o-1140x570-300x150.jpg 300w, http:\/\/www.grieta.org.mx\/wp-content\/uploads\/2019\/06\/Nuevotama\u00f1o-1140x570-768x384.jpg 768w, http:\/\/www.grieta.org.mx\/wp-content\/uploads\/2019\/06\/Nuevotama\u00f1o-1140x570-1024x512.jpg 1024w, http:\/\/www.grieta.org.mx\/wp-content\/uploads\/2019\/06\/Nuevotama\u00f1o-1140x570-1000x500.jpg 1000w, http:\/\/www.grieta.org.mx\/wp-content\/uploads\/2019\/06\/Nuevotama\u00f1o-1140x570.jpg 1140w\" sizes=\"auto, (max-width: 500px) 100vw, 500px\" \/><\/p>\n<p>&nbsp;<\/p>\n<p>Texto y fotos: Arturo Contreras Camero\/Piedep\u00e1gina<\/p>\n<blockquote><p>Las familias que acampan en la calle Roma, de la colonia Ju\u00e1rez, temen un nuevo desalojo como el que ocurri\u00f3 el 30 de mayo en la calle de Londres. Es la \u00fanica respuesta que les han dado las autoridades capitalinas a su demanda de vivienda. Mientras, hombres armados vigilan el predio que ocupaban antes del 19S y en una reuni\u00f3n con colonos, el alcalde N\u00e9stor N\u00fa\u00f1ez prometi\u00f3 liberar la calle<\/p><\/blockquote>\n<p>Dos semanas despu\u00e9s de que trabajadores de la alcald\u00eda Cuauht\u00e9moc desalojaran el campamento que ocupaba parte de la calle Londres, en la colonia Ju\u00e1rez, el alcalde N\u00e9stor N\u00fa\u00f1ez prometi\u00f3 a los vecinos liberar la calle Roma, donde a\u00fan queda la otra parte del mismo campamento, en el que unas 80 familias ind\u00edgenas viven desde hace un a\u00f1o y ocho meses.<\/p>\n<p>\u201cYa atendimos la petici\u00f3n del levantamiento de la v\u00eda p\u00fablica en la calle de Londres, y tenemos ahora la solicitud de liberar el paso en la calle de Roma\u201d, asegur\u00f3 N\u00fa\u00f1ez a los colonos, en la reuni\u00f3n realizada el jueves 13.<\/p>\n<p>El alcalde no estableci\u00f3 fecha ni plazo para la liberaci\u00f3n, pero en el campamento, las familias temen que sea de un momento al otro.<\/p>\n<p>\u201cTenemos amenazas de que esta semana viene el desalojo\u201d, dice Filiberto Margarito, uno de los habitantes del campamento.<\/p>\n<p>\u201cEstar aqu\u00ed ha sido muy duro, los vecinos nos discriminan y nos dice que nos vayamos. Nos vienen a decir que nos van a quitar, \u00bfSi abren los carriles, a d\u00f3nde nos vamos a ir a vivir? \u00bfNos va estar otro desalojo sin \u00f3rdenes judiciales, como los otros?\u201d Estela Quirino.<\/p>\n<p>Las 80 familias de ind\u00edgenas otom\u00edes, nahuas y tsotsiles que hoy viven sobre el asfalto ocuparon antes el predio ubicado en Roma 18, que alguna vez alberg\u00f3 la embajada de la Espa\u00f1a Republicana en M\u00e9xico.<\/p>\n<p>Son familias llegaron a la ciudad hace m\u00e1s de 30 a\u00f1os, y que ocuparon predios abandonados tras el terremoto de 1985. En un inicio, cuentan, pagaban renta al cuidador del lugar, quien los dejaba vivir en el lugar, pero de un d\u00eda a otro desapareci\u00f3 sin dejar rastro y ellos permanecieron en el lugar.<\/p>\n<p>Con el sismo del 19 de septiembre de 2017 el edificio en el que viv\u00edan result\u00f3 tan da\u00f1ado que ya no se pudo habitar. Sin tener a d\u00f3nde ir, la comunidad resolvi\u00f3 tomar las calles como hogar para que nadie m\u00e1s se apoderara del lugar.<\/p>\n<p><img loading=\"lazy\" decoding=\"async\" data-attachment-id=\"35427\" data-permalink=\"http:\/\/www.grieta.org.mx\/index.php\/2019\/06\/16\/estar-aqui-ha-sido-muy-duro-ciudad-de-mexico\/pdp_constuccionprediootomi_10052019_acc3-1200x800\/\" data-orig-file=\"http:\/\/www.grieta.org.mx\/wp-content\/uploads\/2019\/06\/pdp_Constucci\u00f3nPredioOtom\u00ed_10052019_acc3-1200x800.jpg\" data-orig-size=\"1200,800\" data-comments-opened=\"0\" data-image-meta=\"{&quot;aperture&quot;:&quot;4.5&quot;,&quot;credit&quot;:&quot;Arturo Contreras Camero&quot;,&quot;camera&quot;:&quot;Canon EOS REBEL T3i&quot;,&quot;caption&quot;:&quot;&quot;,&quot;created_timestamp&quot;:&quot;1560597697&quot;,&quot;copyright&quot;:&quot;ACC&quot;,&quot;focal_length&quot;:&quot;27&quot;,&quot;iso&quot;:&quot;100&quot;,&quot;shutter_speed&quot;:&quot;0.016666666666667&quot;,&quot;title&quot;:&quot;&quot;,&quot;orientation&quot;:&quot;1&quot;}\" data-image-title=\"pdp_Constucci\u00f3nPredioOtom\u00ed_10052019_acc3-1200&amp;#215;800\" data-image-description=\"\" data-image-caption=\"\" data-medium-file=\"http:\/\/www.grieta.org.mx\/wp-content\/uploads\/2019\/06\/pdp_Constucci\u00f3nPredioOtom\u00ed_10052019_acc3-1200x800-300x200.jpg\" data-large-file=\"http:\/\/www.grieta.org.mx\/wp-content\/uploads\/2019\/06\/pdp_Constucci\u00f3nPredioOtom\u00ed_10052019_acc3-1200x800-1024x683.jpg\" class=\"alignleft wp-image-35427\" src=\"http:\/\/www.grieta.org.mx\/wp-content\/uploads\/2019\/06\/pdp_Constucci\u00f3nPredioOtom\u00ed_10052019_acc3-1200x800-300x200.jpg\" alt=\"\" width=\"400\" height=\"267\" srcset=\"http:\/\/www.grieta.org.mx\/wp-content\/uploads\/2019\/06\/pdp_Constucci\u00f3nPredioOtom\u00ed_10052019_acc3-1200x800-300x200.jpg 300w, http:\/\/www.grieta.org.mx\/wp-content\/uploads\/2019\/06\/pdp_Constucci\u00f3nPredioOtom\u00ed_10052019_acc3-1200x800-768x512.jpg 768w, http:\/\/www.grieta.org.mx\/wp-content\/uploads\/2019\/06\/pdp_Constucci\u00f3nPredioOtom\u00ed_10052019_acc3-1200x800-1024x683.jpg 1024w, http:\/\/www.grieta.org.mx\/wp-content\/uploads\/2019\/06\/pdp_Constucci\u00f3nPredioOtom\u00ed_10052019_acc3-1200x800-750x500.jpg 750w, http:\/\/www.grieta.org.mx\/wp-content\/uploads\/2019\/06\/pdp_Constucci\u00f3nPredioOtom\u00ed_10052019_acc3-1200x800.jpg 1200w\" sizes=\"auto, (max-width: 400px) 100vw, 400px\" \/><\/p>\n<p>Su estancia en la calle gener\u00f3 tensi\u00f3n con los vecinos, y fue creciendo hasta terminar en una enemistad abierta entre ind\u00edgenas y vecinos, quienes reclaman la soluci\u00f3n inmediata de la v\u00eda p\u00fablica.<\/p>\n<p>\u201cComo la gente ya no pasa por la calle, nos han bajado las ventas m\u00e1s de 30 por ciento, ya no nos da para mantener el negocio. En este punto no sabemos si cerrar o aguantar un poco m\u00e1s\u201d, dice el due\u00f1o de una cafeter\u00eda, afectado por el cierre.<\/p>\n<p>El pasado 30 de mayo, un grupo de trabajadores de la Alcald\u00eda Cuauht\u00e9moc desaloj\u00f3 a una parte de esta comunidad. De acuerdo con las autoridades, se hizo a petici\u00f3n expresa de los vecinos y no fue un desalojo, sino un \u201clevantamiento de la v\u00eda p\u00fablica\u201d a petici\u00f3n de los vecinos.<\/p>\n<p>Ese d\u00eda, mientras los trabajadores se llevaban muebles y objetos de una parte de las personas del campamento, polic\u00edas de la ciudad rodearon al resto del campamento por m\u00e1s de cinco horas para impedir la salida de sus habitantes.<\/p>\n<p>Al d\u00eda siguiente del desalojo, comenzaron a llegar obreros con material de construcci\u00f3n. Ahora, muros, vallas y alambre de p\u00faas dificultan el acceso al predio. Dentro, hombres armados resguardan el lugar.<\/p>\n<p><img loading=\"lazy\" decoding=\"async\" data-attachment-id=\"35428\" data-permalink=\"http:\/\/www.grieta.org.mx\/index.php\/2019\/06\/16\/estar-aqui-ha-sido-muy-duro-ciudad-de-mexico\/pdp_constuccionprediootomi_10052019_acc1-1-1200x800\/\" data-orig-file=\"http:\/\/www.grieta.org.mx\/wp-content\/uploads\/2019\/06\/pdp_Constucci\u00f3nPredioOtom\u00ed_10052019_acc1-1-1200x800.jpg\" data-orig-size=\"1200,800\" data-comments-opened=\"0\" data-image-meta=\"{&quot;aperture&quot;:&quot;10&quot;,&quot;credit&quot;:&quot;Arturo Contreras Camero&quot;,&quot;camera&quot;:&quot;Canon EOS REBEL T3i&quot;,&quot;caption&quot;:&quot;&quot;,&quot;created_timestamp&quot;:&quot;1560596194&quot;,&quot;copyright&quot;:&quot;ACC&quot;,&quot;focal_length&quot;:&quot;24&quot;,&quot;iso&quot;:&quot;100&quot;,&quot;shutter_speed&quot;:&quot;0.005&quot;,&quot;title&quot;:&quot;&quot;,&quot;orientation&quot;:&quot;1&quot;}\" data-image-title=\"pdp_Constucci\u00f3nPredioOtom\u00ed_10052019_acc1-1-1200&amp;#215;800\" data-image-description=\"\" data-image-caption=\"\" data-medium-file=\"http:\/\/www.grieta.org.mx\/wp-content\/uploads\/2019\/06\/pdp_Constucci\u00f3nPredioOtom\u00ed_10052019_acc1-1-1200x800-300x200.jpg\" data-large-file=\"http:\/\/www.grieta.org.mx\/wp-content\/uploads\/2019\/06\/pdp_Constucci\u00f3nPredioOtom\u00ed_10052019_acc1-1-1200x800-1024x683.jpg\" src=\"http:\/\/www.grieta.org.mx\/wp-content\/uploads\/2019\/06\/pdp_Constucci\u00f3nPredioOtom\u00ed_10052019_acc1-1-1200x800-300x200.jpg\" alt=\"\" width=\"300\" height=\"200\" class=\"alignleft size-medium wp-image-35428\" srcset=\"http:\/\/www.grieta.org.mx\/wp-content\/uploads\/2019\/06\/pdp_Constucci\u00f3nPredioOtom\u00ed_10052019_acc1-1-1200x800-300x200.jpg 300w, http:\/\/www.grieta.org.mx\/wp-content\/uploads\/2019\/06\/pdp_Constucci\u00f3nPredioOtom\u00ed_10052019_acc1-1-1200x800-768x512.jpg 768w, http:\/\/www.grieta.org.mx\/wp-content\/uploads\/2019\/06\/pdp_Constucci\u00f3nPredioOtom\u00ed_10052019_acc1-1-1200x800-1024x683.jpg 1024w, http:\/\/www.grieta.org.mx\/wp-content\/uploads\/2019\/06\/pdp_Constucci\u00f3nPredioOtom\u00ed_10052019_acc1-1-1200x800-750x500.jpg 750w, http:\/\/www.grieta.org.mx\/wp-content\/uploads\/2019\/06\/pdp_Constucci\u00f3nPredioOtom\u00ed_10052019_acc1-1-1200x800.jpg 1200w\" sizes=\"auto, (max-width: 300px) 100vw, 300px\" \/><\/p>\n<p>El terreno est\u00e1 actualmente en un juicio para determinar su leg\u00edtima propiedad. De acuerdo con los ind\u00edgenas, una empresa llamada Eduardo S.A. de C.V. reclama la propiedad del inmueble, aunque no sabes a qui\u00e9n pertenece la empresa.<\/p>\n<p>En la reuni\u00f3n con los vecinos, el alcalde N\u00fa\u00f1ez \u2013quien no ha buscado reunirse con los ind\u00edgenas del campamento\u2013 asegur\u00f3 que el inmueble es propiedad de Marcos Ushdi, con quien ya tuvo una reuni\u00f3n, pero no especific\u00f3 bajo qu\u00e9 argumentos reclama la propiedad.<\/p>\n<p>N\u00fa\u00f1ez no tiene un plan para reubicar a las personas que sol\u00edan vivir en el predio.<\/p>\n<p>Asegura que buscar\u00e1 que sean atendidos por el instituto de vivienda, para que puedan conseguir un departamento; sin embargo, no tiene a\u00fan una oferta de reubicaci\u00f3n.<\/p>\n<p>En la calle, las familias siguen esperando.  <\/p>\n<p><a href=\"https:\/\/piedepagina.mx\/estar-aqui-ha-sido-muy-duro\/\">https:\/\/piedepagina.mx\/estar-aqui-ha-sido-muy-duro\/<\/a><\/p>\n","protected":false},"excerpt":{"rendered":"<p>&nbsp; Texto y fotos: Arturo Contreras Camero\/Piedep\u00e1gina Las familias que acampan en la calle Roma, de la colonia Ju\u00e1rez, temen un nuevo desalojo como el que ocurri\u00f3 el 30 de &hellip; <a href=\"http:\/\/www.grieta.org.mx\/index.php\/2019\/06\/16\/estar-aqui-ha-sido-muy-duro-ciudad-de-mexico\/\" class=\"more-link\">Leer m\u00e1s<\/a><\/p>\n","protected":false},"author":2,"featured_media":35426,"comment_status":"closed","ping_status":"closed","sticky":false,"template":"","format":"standard","meta":{"ngg_post_thumbnail":0,"_jetpack_newsletter_access":"","_jetpack_dont_email_post_to_subs":false,"_jetpack_newsletter_tier_id":0,"_jetpack_memberships_contains_paywalled_content":false,"_jetpack_memberships_contains_paid_content":false,"footnotes":""},"categories":[80,14,1044,1026,2615,2],"tags":[2616,1717,1362,1027],"class_list":["post-35425","post","type-post","status-publish","format-standard","has-post-thumbnail","hentry","category-cintillo","category-ciudad-de-mexico","category-desarrollos-inmobiliarios-en-la-ciudad-de-mexico","category-damnificados-por-el-sismo-del-19-de-septiembre","category-desalojos-en-la-ciudad-de-mexico","category-noticias-nacionales","tag-desalojos","tag-discriminacion-contra-indigenas","tag-movilizaciones-de-damnificados","tag-sismo-19-s","entry"],"jetpack_featured_media_url":"http:\/\/www.grieta.org.mx\/wp-content\/uploads\/2019\/06\/Nuevotama\u00f1o-1140x570.jpg","jetpack_sharing_enabled":true,"jetpack_shortlink":"https:\/\/wp.me\/p7ZJR4-9dn","jetpack_likes_enabled":false,"jetpack-related-posts":[{"id":23950,"url":"http:\/\/www.grieta.org.mx\/index.php\/2018\/06\/22\/damnificados-de-tlalpan-doblan-al-gobierno-de-la-cdmx-consiguen-reconstruccion-con-recursos-publicos\/","url_meta":{"origin":35425,"position":0},"title":"Damnificados de Tlalpan doblan al gobierno de la CDMX: consiguen reconstrucci\u00f3n con recursos p\u00fablicos","author":"grieta","date":"22 junio, 2018","format":false,"excerpt":"Proceso CIUDAD DE M\u00c9XICO (apro).- De manera in\u00e9dita, el gobierno de la Ciudad de M\u00e9xico y la Asamblea Legislativa firmaron una declaratoria de compromisos para iniciar los trabajos de reconstrucci\u00f3n con recursos p\u00fablicos en beneficio de los damnificados que bloquearon alrededor de ocho horas la Calzada de Tlalpan. Esta madrugada,\u2026","rel":"","context":"En &quot;CINTILLO&quot;","block_context":{"text":"CINTILLO","link":"http:\/\/www.grieta.org.mx\/index.php\/category\/cintillo\/"},"img":{"alt_text":"","src":"https:\/\/i0.wp.com\/www.grieta.org.mx\/wp-content\/uploads\/2018\/06\/tlalpan-1.jpg?resize=350%2C200","width":350,"height":200,"srcset":"https:\/\/i0.wp.com\/www.grieta.org.mx\/wp-content\/uploads\/2018\/06\/tlalpan-1.jpg?resize=350%2C200 1x, https:\/\/i0.wp.com\/www.grieta.org.mx\/wp-content\/uploads\/2018\/06\/tlalpan-1.jpg?resize=525%2C300 1.5x, https:\/\/i0.wp.com\/www.grieta.org.mx\/wp-content\/uploads\/2018\/06\/tlalpan-1.jpg?resize=700%2C400 2x"},"classes":[]},{"id":23394,"url":"http:\/\/www.grieta.org.mx\/index.php\/2018\/05\/30\/damnificados-montan-campamento-en-calzada-de-tlalpan-reclaman-que-autoridades-cumplan-con-reconstruccion\/","url_meta":{"origin":35425,"position":1},"title":"Damnificados montan campamento en calzada de Tlalpan; reclaman que autoridades cumplan con reconstrucci\u00f3n","author":"grieta","date":"30 mayo, 2018","format":false,"excerpt":"Redacci\u00f3n Animal Pol\u00edtico Damnificados del Multifamiliar dijeron que mantendr\u00e1n un campamento en calzada de Tlalpan, hasta que las autoridades de la CDMX cumplan con sus exigencias de reconstrucci\u00f3n de viviendas, luego de los da\u00f1os causados por el sismo del 19 de septiembre. Damnificados del Multifamiliar Tlalpan informaron la noche de\u2026","rel":"","context":"En &quot;CINTILLO&quot;","block_context":{"text":"CINTILLO","link":"http:\/\/www.grieta.org.mx\/index.php\/category\/cintillo\/"},"img":{"alt_text":"","src":"https:\/\/i0.wp.com\/www.grieta.org.mx\/wp-content\/uploads\/2018\/06\/tlalpan-960x500.jpg?resize=350%2C200","width":350,"height":200,"srcset":"https:\/\/i0.wp.com\/www.grieta.org.mx\/wp-content\/uploads\/2018\/06\/tlalpan-960x500.jpg?resize=350%2C200 1x, https:\/\/i0.wp.com\/www.grieta.org.mx\/wp-content\/uploads\/2018\/06\/tlalpan-960x500.jpg?resize=525%2C300 1.5x, https:\/\/i0.wp.com\/www.grieta.org.mx\/wp-content\/uploads\/2018\/06\/tlalpan-960x500.jpg?resize=700%2C400 2x"},"classes":[]},{"id":22057,"url":"http:\/\/www.grieta.org.mx\/index.php\/2018\/02\/26\/cdmx-denuncian-intimidacion-de-policia-contra-damnificados-otomis\/","url_meta":{"origin":35425,"position":2},"title":"CDMX: Denuncian intimidaci\u00f3n de polic\u00eda contra damnificados otom\u00eds","author":"grieta","date":"26 febrero, 2018","format":false,"excerpt":"Elementos de polic\u00eda de la CDMX arribaron en horas de la madrugada al campamento de damnificados por sismo pertenecientes a comunidad otom\u00ed. Temen desalojo Regeneraci\u00f3n, 26 de febrero del 2018. Integrantes del campamento de damnificados otom\u00eds de la Ciudad de Mexico, denunciaron que hoy lunes 26 de febrero, aproximadamente a\u2026","rel":"","context":"En &quot;CINTILLO&quot;","block_context":{"text":"CINTILLO","link":"http:\/\/www.grieta.org.mx\/index.php\/category\/cintillo\/"},"img":{"alt_text":"","src":"https:\/\/i0.wp.com\/www.grieta.org.mx\/wp-content\/uploads\/2018\/03\/patrulla_.jpg?resize=350%2C200","width":350,"height":200,"srcset":"https:\/\/i0.wp.com\/www.grieta.org.mx\/wp-content\/uploads\/2018\/03\/patrulla_.jpg?resize=350%2C200 1x, https:\/\/i0.wp.com\/www.grieta.org.mx\/wp-content\/uploads\/2018\/03\/patrulla_.jpg?resize=525%2C300 1.5x, https:\/\/i0.wp.com\/www.grieta.org.mx\/wp-content\/uploads\/2018\/03\/patrulla_.jpg?resize=700%2C400 2x"},"classes":[]},{"id":46484,"url":"http:\/\/www.grieta.org.mx\/index.php\/2020\/03\/23\/grave-situacion-que-vive-la-comunidad-otomi-en-la-ciudad-de-mexico-ante-covid-19\/","url_meta":{"origin":35425,"position":3},"title":"Grave, situaci\u00f3n que vive la comunidad otom\u00ed en la Ciudad de M\u00e9xico ante Covid-19","author":"grieta","date":"23 marzo, 2020","format":false,"excerpt":"Foto tomada de: www.somoselmedio.com Mercedes Matz\/@abraxas_m \/ Somos el medio Filiberto Margarito Juan, concejal de la comunidad otom\u00ed residente de la Ciudad de M\u00e9xico, calific\u00f3 como grave la situaci\u00f3n que enfrentan alrededor de 110 familias pertenecientes a la comunidad a consecuencia de la falta de acceso al agua, y al\u2026","rel":"","context":"En &quot;CINTILLO&quot;","block_context":{"text":"CINTILLO","link":"http:\/\/www.grieta.org.mx\/index.php\/category\/cintillo\/"},"img":{"alt_text":"","src":"https:\/\/i0.wp.com\/www.grieta.org.mx\/wp-content\/uploads\/2020\/03\/Grave-situaci%C3%B3n-que-vive-la-comunidad-otom%C3%AD-en-la-Ciudad-de-M%C3%A9xico-ante-Covid-19-cdmx-mzo.jpeg?resize=350%2C200","width":350,"height":200,"srcset":"https:\/\/i0.wp.com\/www.grieta.org.mx\/wp-content\/uploads\/2020\/03\/Grave-situaci%C3%B3n-que-vive-la-comunidad-otom%C3%AD-en-la-Ciudad-de-M%C3%A9xico-ante-Covid-19-cdmx-mzo.jpeg?resize=350%2C200 1x, https:\/\/i0.wp.com\/www.grieta.org.mx\/wp-content\/uploads\/2020\/03\/Grave-situaci%C3%B3n-que-vive-la-comunidad-otom%C3%AD-en-la-Ciudad-de-M%C3%A9xico-ante-Covid-19-cdmx-mzo.jpeg?resize=525%2C300 1.5x"},"classes":[]},{"id":39222,"url":"http:\/\/www.grieta.org.mx\/index.php\/2019\/09\/15\/en-la-calle-y-endeudados-80-de-damnificados-del-19-s\/","url_meta":{"origin":35425,"position":4},"title":"En la calle y endeudados 80% de damnificados del 19-S","author":"grieta","date":"15 septiembre, 2019","format":false,"excerpt":"Daniel Flores\/Publ\u00edmetro De acuerdo con el comisionado para la Reconstrucci\u00f3n de la Ciudad de M\u00e9xico ser\u00e1 hasta 2021 cuando finalice el plan de reconstrucci\u00f3n y regresen a sus casas m\u00e1s de 80 mil personas, lo cual se estima tendr\u00eda un costo final de siete mil millones de pesos A 24\u2026","rel":"","context":"En &quot;CINTILLO&quot;","block_context":{"text":"CINTILLO","link":"http:\/\/www.grieta.org.mx\/index.php\/category\/cintillo\/"},"img":{"alt_text":"","src":"https:\/\/i0.wp.com\/www.grieta.org.mx\/wp-content\/uploads\/2019\/09\/441a3307-7eda1956eb74fa16ea9e4373baad87a8-1200x600.jpg?resize=350%2C200","width":350,"height":200,"srcset":"https:\/\/i0.wp.com\/www.grieta.org.mx\/wp-content\/uploads\/2019\/09\/441a3307-7eda1956eb74fa16ea9e4373baad87a8-1200x600.jpg?resize=350%2C200 1x, https:\/\/i0.wp.com\/www.grieta.org.mx\/wp-content\/uploads\/2019\/09\/441a3307-7eda1956eb74fa16ea9e4373baad87a8-1200x600.jpg?resize=525%2C300 1.5x, https:\/\/i0.wp.com\/www.grieta.org.mx\/wp-content\/uploads\/2019\/09\/441a3307-7eda1956eb74fa16ea9e4373baad87a8-1200x600.jpg?resize=700%2C400 2x, https:\/\/i0.wp.com\/www.grieta.org.mx\/wp-content\/uploads\/2019\/09\/441a3307-7eda1956eb74fa16ea9e4373baad87a8-1200x600.jpg?resize=1050%2C600 3x"},"classes":[]},{"id":27175,"url":"http:\/\/www.grieta.org.mx\/index.php\/2018\/09\/22\/damnificados-del-edificio-centauro-perdieron-sus-escrituras-el-19s-y-no-saben-si-recuperaran-su-hogar\/","url_meta":{"origin":35425,"position":5},"title":"Damnificados del edificio Centauro perdieron sus escrituras el 19S y no saben si recuperar\u00e1n su hogar","author":"grieta","date":"22 septiembre, 2018","format":false,"excerpt":"","rel":"","context":"En &quot;CINTILLO&quot;","block_context":{"text":"CINTILLO","link":"http:\/\/www.grieta.org.mx\/index.php\/category\/cintillo\/"},"img":{"alt_text":"","src":"https:\/\/i0.wp.com\/www.grieta.org.mx\/wp-content\/uploads\/2018\/10\/Demolicion_Edificio_Osa_Mayor-5-e1537582336854-960x500.jpg?resize=350%2C200","width":350,"height":200,"srcset":"https:\/\/i0.wp.com\/www.grieta.org.mx\/wp-content\/uploads\/2018\/10\/Demolicion_Edificio_Osa_Mayor-5-e1537582336854-960x500.jpg?resize=350%2C200 1x, https:\/\/i0.wp.com\/www.grieta.org.mx\/wp-content\/uploads\/2018\/10\/Demolicion_Edificio_Osa_Mayor-5-e1537582336854-960x500.jpg?resize=525%2C300 1.5x, https:\/\/i0.wp.com\/www.grieta.org.mx\/wp-content\/uploads\/2018\/10\/Demolicion_Edificio_Osa_Mayor-5-e1537582336854-960x500.jpg?resize=700%2C400 2x"},"classes":[]}],"_links":{"self":[{"href":"http:\/\/www.grieta.org.mx\/index.php\/wp-json\/wp\/v2\/posts\/35425","targetHints":{"allow":["GET"]}}],"collection":[{"href":"http:\/\/www.grieta.org.mx\/index.php\/wp-json\/wp\/v2\/posts"}],"about":[{"href":"http:\/\/www.grieta.org.mx\/index.php\/wp-json\/wp\/v2\/types\/post"}],"author":[{"embeddable":true,"href":"http:\/\/www.grieta.org.mx\/index.php\/wp-json\/wp\/v2\/users\/2"}],"replies":[{"embeddable":true,"href":"http:\/\/www.grieta.org.mx\/index.php\/wp-json\/wp\/v2\/comments?post=35425"}],"version-history":[{"count":1,"href":"http:\/\/www.grieta.org.mx\/index.php\/wp-json\/wp\/v2\/posts\/35425\/revisions"}],"predecessor-version":[{"id":35429,"href":"http:\/\/www.grieta.org.mx\/index.php\/wp-json\/wp\/v2\/posts\/35425\/revisions\/35429"}],"wp:featuredmedia":[{"embeddable":true,"href":"http:\/\/www.grieta.org.mx\/index.php\/wp-json\/wp\/v2\/media\/35426"}],"wp:attachment":[{"href":"http:\/\/www.grieta.org.mx\/index.php\/wp-json\/wp\/v2\/media?parent=35425"}],"wp:term":[{"taxonomy":"category","embeddable":true,"href":"http:\/\/www.grieta.org.mx\/index.php\/wp-json\/wp\/v2\/categories?post=35425"},{"taxonomy":"post_tag","embeddable":true,"href":"http:\/\/www.grieta.org.mx\/index.php\/wp-json\/wp\/v2\/tags?post=35425"}],"curies":[{"name":"wp","href":"https:\/\/api.w.org\/{rel}","templated":true}]}}