{"id":35306,"date":"2019-05-23T11:37:31","date_gmt":"2019-05-23T16:37:31","guid":{"rendered":"http:\/\/www.grieta.org.mx\/?p=35306"},"modified":"2019-06-24T11:46:40","modified_gmt":"2019-06-24T16:46:40","slug":"constructora-de-city-center-en-leon-catalogo-de-irregularidades-guanajuato","status":"publish","type":"post","link":"http:\/\/www.grieta.org.mx\/index.php\/2019\/05\/23\/constructora-de-city-center-en-leon-catalogo-de-irregularidades-guanajuato\/","title":{"rendered":"Constructora de City Center en Le\u00f3n: cat\u00e1logo de irregularidades (Guanajuato)"},"content":{"rendered":"<p>Por Kennia-Velazquez\/ Pie de P\u00e1gina, 23 de mayo de 2019<br \/>\nFotos: PopLab<\/p>\n<figure id=\"attachment_35307\" aria-describedby=\"caption-attachment-35307\" style=\"width: 800px\" class=\"wp-caption aligncenter\"><img loading=\"lazy\" decoding=\"async\" data-attachment-id=\"35307\" data-permalink=\"http:\/\/www.grieta.org.mx\/index.php\/2019\/05\/23\/constructora-de-city-center-en-leon-catalogo-de-irregularidades-guanajuato\/pdp_poplab_kennv-1140x570\/\" data-orig-file=\"http:\/\/www.grieta.org.mx\/wp-content\/uploads\/2019\/06\/pdp_poplab_kennv-1140x570.jpg\" data-orig-size=\"1140,570\" data-comments-opened=\"0\" data-image-meta=\"{&quot;aperture&quot;:&quot;0&quot;,&quot;credit&quot;:&quot;&quot;,&quot;camera&quot;:&quot;&quot;,&quot;caption&quot;:&quot;&quot;,&quot;created_timestamp&quot;:&quot;1558372994&quot;,&quot;copyright&quot;:&quot;&quot;,&quot;focal_length&quot;:&quot;0&quot;,&quot;iso&quot;:&quot;0&quot;,&quot;shutter_speed&quot;:&quot;0&quot;,&quot;title&quot;:&quot;&quot;,&quot;orientation&quot;:&quot;0&quot;}\" data-image-title=\"pdp_poplab_kennv-1140&amp;#215;570\" data-image-description=\"\" data-image-caption=\"&lt;p&gt;Foto: PopLab&lt;\/p&gt;\n\" data-medium-file=\"http:\/\/www.grieta.org.mx\/wp-content\/uploads\/2019\/06\/pdp_poplab_kennv-1140x570-300x150.jpg\" data-large-file=\"http:\/\/www.grieta.org.mx\/wp-content\/uploads\/2019\/06\/pdp_poplab_kennv-1140x570-1024x512.jpg\" class=\"wp-image-35307\" src=\"http:\/\/www.grieta.org.mx\/wp-content\/uploads\/2019\/06\/pdp_poplab_kennv-1140x570.jpg\" alt=\"\" width=\"800\" height=\"400\" srcset=\"http:\/\/www.grieta.org.mx\/wp-content\/uploads\/2019\/06\/pdp_poplab_kennv-1140x570.jpg 1140w, http:\/\/www.grieta.org.mx\/wp-content\/uploads\/2019\/06\/pdp_poplab_kennv-1140x570-300x150.jpg 300w, http:\/\/www.grieta.org.mx\/wp-content\/uploads\/2019\/06\/pdp_poplab_kennv-1140x570-768x384.jpg 768w, http:\/\/www.grieta.org.mx\/wp-content\/uploads\/2019\/06\/pdp_poplab_kennv-1140x570-1024x512.jpg 1024w, http:\/\/www.grieta.org.mx\/wp-content\/uploads\/2019\/06\/pdp_poplab_kennv-1140x570-1000x500.jpg 1000w\" sizes=\"auto, (max-width: 800px) 100vw, 800px\" \/><figcaption id=\"caption-attachment-35307\" class=\"wp-caption-text\">Foto: PopLab<\/figcaption><\/figure>\n<blockquote><p>La oposici\u00f3n al proyecto comercial City Center, en Le\u00f3n, Guanajuato, que pone en peligro a Los C\u00e1rcamos, el \u00faltimo humedal del municipio, es una m\u00e1s de las batallas ciudadanas contra la empresa M\u00e9xico Retail Properties (MRP), que se ha caracterizado en otros proyectos por actuar con irregularidades legales y opacidad<\/p><\/blockquote>\n<p>El proyecto comercial City Center en Le\u00f3n no ha avanzado como la empresa M\u00e9xico Retail Properties hubiera deseado. Su vicepresidente, V\u00edctor Manuel Barreiro, lo atribuy\u00f3 en una entrevista el diario A. M. de Le\u00f3n, a una resistencia in\u00e9dita respecto a otros proyectos de la firma.<\/p>\n<p>El portal POPLab, sin embargo, descubri\u00f3 la defensa del humedal de Los C\u00e1rcamos por irregularidades en el proyecto marcar\u00eda la regla para este corporativo. En al menos en siete proyectos, adem\u00e1s de City Center, ha habido oposici\u00f3n de vecinos y pobladores contra los proyectos de esta empresa por da\u00f1ar el entorno natural y patrimonial, y actuar con opacidad y falta de permisos. En cinco de ellos se han cancelado las obras.<\/p>\n<p><strong>El Cerrito en Naucalpan<\/strong><\/p>\n<p>En 2005 habitantes de 78 colonias de Naucalpan exigieron a las autoridades municipales y estatales la expropiaci\u00f3n y conservaci\u00f3n de 42 hect\u00e1reas de El Cerrito, donde M\u00e9xico Retail Properties buscaban construir el megaproyecto comercial Lomas Verdes Plaza.<\/p>\n<p>MRP planeaba urbanizar al menos 300 hect\u00e1reas,para construir supermercados, bodegas, salas de cine, establecimientos de comida r\u00e1pida, tiendas de ropa y \u00e1reas de entretenimiento.<\/p>\n<p>Seg\u00fan los inversionistas, a cambio retribuir\u00edan a los vecinos con empleos, servicios y la construcci\u00f3n de un distribuidor y un circuito viales.<\/p>\n<p>El Cerrito es utilizado por los pobladores para hacer ejercicio, y es h\u00e1bitat de conejos, camaleones, ardillas, aves diversas y flora. El movimiento Defendamos el Cerrito se moviliz\u00f3 y logr\u00f3 impedir que el proyecto se realizara.<\/p>\n<p><strong>La Joyita, un Walmart en un bosque de niebla<\/strong><\/p>\n<p>En 2007 MRP buscaba construir una plaza comercial en La Joyita, dentro de un bosque mes\u00f3filo de m\u00e1s de 30 hect\u00e1reas en Xalapa, Veracruz. Sin que el ayuntamiento de Xalapa conociera el proyecto y entregara los permisos, MRP ya promov\u00eda la plaza Patio La Joyita en un terreno de 3 hect\u00e1reas, con un valor de mil 109 millones 530 mil pesos, seg\u00fan un aval\u00fao realizado en la \u00e9poca. El complejo contar\u00eda con una tienda Walmart, 20 locales comerciales y 850 cajones de estacionamiento, el cual se planeaba inaugurar en 2015.<\/p>\n<p>La Joyita es una de las \u00e1reas verdes m\u00e1s grandes cerca del centro de Xalapa, h\u00e1bitat de armadillos, tuzas, garzas, halcones y otros 150 tipos de aves migratorias. Adem\u00e1s de contar con \u00e1rboles como el ocozote, ixpepe, madro\u00f1o, higuera, marangola, nogal, haya, entre otras especies nativas del bosque de niebla; cuenta con un cafetal de sombra.<\/p>\n<p>Durante varios meses los constructores derribaron \u00e1rboles, pavimentaron un circuito interior, marcaron los trazos de las manzanas de un nuevo fraccionamiento.<\/p>\n<p>Entre otras irregularidades administrativas buscaron cambiar el uso de suelo con operaciones il\u00edcitas y carecieron de un resolutivo del impacto ambiental oficial.<\/p>\n<p>Miembros de la sociedad civil, grupos de ambientalistas e investigadores crearon el Comit\u00e9 Ciudadano en Defensa de la Joyita y el Medio Ambiente, pidieron al gobierno de Veracruz la expropiaci\u00f3n del predio, pero la solicitud no ha tenido respuesta hasta la fecha, aunque no se ha construido el centro comercial del Grupo MRP.<br \/>\n167 \u00e1rboles sacrificados por el Patio Tlalpan<\/p>\n<p>La Orden Hospitalaria de San Juan de Dios vendi\u00f3 en 2012 unos terrenos a M\u00e9xico Retail Properties por 400 millones de pesos, donde estaba ubicada la cl\u00ednica psiqui\u00e1trica San Rafael.<\/p>\n<p>En los 30 mil metros cuadrados de terrenos que le fueron donados a la orden religiosa, hab\u00eda m\u00e1s de 200 \u00e1rboles, de los cuales 167 fueron talados para construir 80 tiendas, tres supermercados y 20 salas de cine.<\/p>\n<p>Ante el temor de una cat\u00e1strofe ecol\u00f3gica, vial y social, vecinos de Santa \u00darsula Xitla se movilizaron. Un dictamen del Instituto de Ingenier\u00eda de la UNAM se\u00f1al\u00f3 que \u201cuna alta saturaci\u00f3n vial, aun sin la presencia del nuevo desarrollo, por lo que no se debi\u00f3 autorizar el estudio de impacto vial\u201d.<\/p>\n<p>Los habitantes obtuvieron un amparo en ese a\u00f1o; sin embargo, pocos d\u00edas despu\u00e9s, los trabajadores de la obra reanudaron labores, violando, en ese momento, el fallo de la Corte.<\/p>\n<p>Luego el Grupo MRP interpuso un amparo, el cual le fue concedido y pudo seguir trabajando, un tercer amparo volvi\u00f3 a frenar la construcci\u00f3n. Los colonos organizaron brigadas de vigilancia en los alrededores de la plaza que ya llevaba un 80 por ciento de avance. El largo proceso legal fue ganado por la empresa; la plaza comenz\u00f3 a operar en marzo de 2018, dos a\u00f1os despu\u00e9s de lo que se ten\u00eda previsto.<\/p>\n<p><strong>Walmart en un edificio patrimonio art\u00edstico del pa\u00eds<\/strong><\/p>\n<p>En 2013 se pretendi\u00f3 que la casa hogar de la Fundaci\u00f3n Mier y Pesado en Orizaba, Veracruz, catalogado por el Instituto Nacional de Bellas Artes (INBA) como patrimonio art\u00edstico del pa\u00eds, se convirtiera en Patio Orizaba, un centro comercial de 30 locales con un Walmart y un Sam\u2019s Club con 900 cajones de estacionamiento, seg\u00fan revel\u00f3 una investigaci\u00f3n period\u00edstica de Eirinet G\u00f3mez, corresponsal de La Jornada.<\/p>\n<p>El proyecto inici\u00f3 sus gestiones por medio de Retail Management Services, parte del conglomerado del Grupo MRP. Acad\u00e9micos, artistas y ciudadanos crearon la Asociaci\u00f3n Salvemos el Mier y Pesado y protestaron para defender el inmueble. El Comit\u00e9 Cient\u00edfico de Arquitectura del Siglo XX de ICOMOS mexicano emiti\u00f3 una alerta de agresi\u00f3n a nivel internacional en contra del proyecto comercial.<\/p>\n<p>El argumento empresarial: mil 200 empleos en Sam\u2019s y Walmart. Pero los cr\u00edticos del proyecto advirtieron que las tiendas suelen contratar entre 150 y 160 empleados cada una, y que en los 30 locales de la plaza habr\u00eda entre uno y dos encargados.<\/p>\n<p>El edificio de la casa hogar de la Fundaci\u00f3n Mier y Pesado fue construido por Juan Segura Guti\u00e9rrez entre 1939 y 1944. El gobierno de Veracruz emiti\u00f3 en enero de 2010 un decreto para nombrarlo patrimonio cultural del estado, y en 1984, el INBA lo catalog\u00f3 como edificio de inter\u00e9s art\u00edstico para el pa\u00eds.<\/p>\n<p>La Fundaci\u00f3n Mier y Pesado dijo que con los recursos obtenidos con la venta de la casa hogar, los ancianos ser\u00edan reubicados en un inmueble nuevo, m\u00e1s adecuado y menos caro en su manutenci\u00f3n.<\/p>\n<p>En una presentaci\u00f3n a posibles socios realizada en diciembre de 2012, V\u00edctor Barreiro, representante de la empresa MRP, asegur\u00f3 que el edificio no ser\u00eda modificado.<\/p>\n<p>Finalmente, el castillo Mier y Pesado fue comprado por 90 millones de pesos por el Ayuntamiento de Orizaba y el gobierno de Veracruz, el cual se convirti\u00f3 en el Poliforum Orizaba.<br \/>\nDa\u00f1o a humedales en Tres Santos<\/p>\n<p>Para 2014 se anunci\u00f3 que MIRA Companies invertir\u00eda al menos mil 200 millones de pesos en La Paz, Baja California Sur, para crear el desarrollo tur\u00edstico Tres Santos, con un hotel en la playa de 34 cuartos, el campus de la Universidad de Colorado y un complejo residencial de casi 5 mil viviendas.<\/p>\n<p>La empresa es filial de Black Creek Group, un fondo de inversi\u00f3n inmobiliaria (creada en Colorado), del cual MRP tambi\u00e9n forma parte. La revista Proceso revel\u00f3 que John A. Blumberg, uno de los tres fundadores de Black Creek Group, co-cre\u00f3 MRP e Infraestructura Institucional (I2) con Jer\u00f3nimo Gerard Rivero.<\/p>\n<p>Ante las dudas de los habitantes, los representantes de Tres Santos se comprometieron a mostrar sus estudios y permisos en regla, sin cumplir. Seg\u00fan informa Nexos, la empresa hab\u00eda firmado un acuerdo secreto con los l\u00edderes de la cooperativa pesquera, al saberse esto, la cooperativa destituy\u00f3 a los l\u00edderes y declar\u00f3 inv\u00e1lido el documento.<\/p>\n<p>En febrero de 2016, 200 granaderos agredieron a pescadores de la cooperativa en el campamento que levantaron tres meses atr\u00e1s para protestar contra la empresa. En julio de 2017 el abogado que apoyaba a los pescadores, John Moreno Rutowski, fue encarcelado. Finalmente, el proyecto s\u00ed se realiz\u00f3.<\/p>\n<p><strong>Bodega Aurrer\u00e1 en zona arqueol\u00f3gica<\/strong><\/p>\n<p>En Valle de Bravo se encuentra un centro ceremonial de la cultura matlazinca; en la secci\u00f3n \u201cCasa de \u00cddolos\u201d, est\u00e1 en un terreno propiedad de Alejandro Mart\u00ed y Alejandro Aboumrad, donde se proyect\u00f3 la construcci\u00f3n del centro comercial Patio Valle.<\/p>\n<p>Periodistas de a pie denunciaron que parte de las estructuras prehisp\u00e1nicas ah\u00ed ubicadas fueron destruidas en 2014 por MRP, pues en la zona se construir\u00eda una Bodega Aurrer\u00e1, un \u00e1rea de comida, cines, locales comerciales y estacionamiento.<\/p>\n<p>Despu\u00e9s de las denuncias, el INAH suspendi\u00f3 las obras. Sin embargo, la empresa ya hab\u00eda realizado el despalme del terreno y la excavaci\u00f3n de pozos con maquinaria pesada.<\/p>\n<p>Los pobladores de Valle de Bravo se opusieron a la construcci\u00f3n del centro comercial, acusaron al INAH de otorgar la liberaci\u00f3n de los predios por la influencia econ\u00f3mica y pol\u00edtica de los due\u00f1os del desarrollo.<\/p>\n<p>Finalmente en marzo de 2017 se anunci\u00f3 la cancelaci\u00f3n del proyecto Patio Valle.<\/p>\n<p><strong>Torre de 40 pisos en Chapultepec<\/strong><\/p>\n<p>En septiembre de 2017, Miguel \u00c1ngel Mancera, entonces jefe de Gobierno de la Ciudad de M\u00e9xico, anunci\u00f3 que el nuevo Centro de Transferencia Multimodal (CETRAM) Chapultepec se realizar\u00eda como una inversi\u00f3n p\u00fablico-privada.<\/p>\n<p>Seg\u00fan public\u00f3 Nexos, \u201cel caso del CETRAM Chapultepec se ha recurrido a una APP debatible. B\u00e1sicamente el terreno del CETRAM (30 mil m2) se ha concesionado por 40 a\u00f1os a Inveravante y M\u00e9xico Retail Properties\u201d, para desarrollar un centro comercial de tres niveles, un hotel de 10 niveles, un edificio de 49 niveles, 1 mil 878 cajones de estacionamiento y espacios comerciales, a cambio de remodelar el CETRAM y obtener un 5% de los ingresos anuales.<\/p>\n<p>El proyecto fue opaco y los opositores evidenciaron que alteraba el \u00c1rea de Valor Ambiental del Bosque de Chapultepec.<\/p>\n<p>Este proyecto se fue a juicio. En diciembre, la nueva administraci\u00f3n de la Ciudad inform\u00f3 que el proyecto se cancelar\u00eda \u201cpor no haber estado en regla\u201d.<\/p>\n<p>El senador Miguel \u00c1ngel Mancera fue el \u00fanico integrante de la Comisi\u00f3n de Medio Ambiente en el actual Senado que no apoy\u00f3 el punto de acuerdo para pedirle a la Secretar\u00eda de Medio Ambiente y Recursos Naturales (Semarnat) y a la Procuradur\u00eda Federal de Protecci\u00f3n al Ambiente (Profepa) que suspendan temporalmente la construcci\u00f3n de City Center en Le\u00f3n.<\/p>\n<p><a href=\"https:\/\/piedepagina.mx\/constructora-de-city-center-en-leon-catalogo-de-irregularidades\/\">https:\/\/piedepagina.mx\/constructora-de-city-center-en-leon-catalogo-de-irregularidades\/<\/a><\/p>\n","protected":false},"excerpt":{"rendered":"<p>Por Kennia-Velazquez\/ Pie de P\u00e1gina, 23 de mayo de 2019 Fotos: PopLab La oposici\u00f3n al proyecto comercial City Center, en Le\u00f3n, Guanajuato, que pone en peligro a Los C\u00e1rcamos, el &hellip; <a href=\"http:\/\/www.grieta.org.mx\/index.php\/2019\/05\/23\/constructora-de-city-center-en-leon-catalogo-de-irregularidades-guanajuato\/\" class=\"more-link\">Leer m\u00e1s<\/a><\/p>\n","protected":false},"author":2,"featured_media":35308,"comment_status":"closed","ping_status":"closed","sticky":false,"template":"","format":"standard","meta":{"ngg_post_thumbnail":0,"_jetpack_newsletter_access":"","_jetpack_dont_email_post_to_subs":false,"_jetpack_newsletter_tier_id":0,"_jetpack_memberships_contains_paywalled_content":false,"_jetpack_memberships_contains_paid_content":false,"footnotes":""},"categories":[80,1066,1776,17,2689],"tags":[1065,1178,764],"class_list":["post-35306","post","type-post","status-publish","format-standard","has-post-thumbnail","hentry","category-cintillo","category-contaminacion-ambiental-en-guanajuato","category-despojo-de-tierras-y-territorio-en-guanajuato","category-guanajuato","category-privatizacion-del-agua-en-guanajuato","tag-despojo-de-agua-y-tierras","tag-destruccion-de-la-naturaleza","tag-privatizacion-del-agua","entry"],"jetpack_featured_media_url":"http:\/\/www.grieta.org.mx\/wp-content\/uploads\/2019\/06\/pdp_poplab_kennv-1140x570-1.jpg","jetpack_sharing_enabled":true,"jetpack_shortlink":"https:\/\/wp.me\/p7ZJR4-9bs","jetpack_likes_enabled":false,"jetpack-related-posts":[{"id":35301,"url":"http:\/\/www.grieta.org.mx\/index.php\/2019\/05\/16\/city-center-la-destruccion-del-ultimo-humedal-en-leon-guanajuato\/","url_meta":{"origin":35306,"position":0},"title":"City Center: la destrucci\u00f3n del \u00faltimo humedal en Le\u00f3n (Guanajuato)","author":"grieta","date":"16 mayo, 2019","format":false,"excerpt":"Jose Ignacio de Alba \/Pie de P\u00e1gina, 16 de mayo de 2019 La construcci\u00f3n de un centro comercial podr\u00eda desaparecer el \u00fanico humedal del municipio de Le\u00f3n. Diversas organizaciones aseguran que las autoridades locales act\u00faan como facilitadoras del proyecto e ignoran los reclamos sobre da\u00f1os ambientales Fotograf\u00edas: Juan Jos\u00e9 Plascencia\/\u2026","rel":"","context":"En &quot;CINTILLO&quot;","block_context":{"text":"CINTILLO","link":"http:\/\/www.grieta.org.mx\/index.php\/category\/cintillo\/"},"img":{"alt_text":"","src":"https:\/\/i0.wp.com\/www.grieta.org.mx\/wp-content\/uploads\/2019\/06\/PDP_Humedal_Guanajuato_15052019_2-1140x570.jpg?resize=350%2C200","width":350,"height":200,"srcset":"https:\/\/i0.wp.com\/www.grieta.org.mx\/wp-content\/uploads\/2019\/06\/PDP_Humedal_Guanajuato_15052019_2-1140x570.jpg?resize=350%2C200 1x, https:\/\/i0.wp.com\/www.grieta.org.mx\/wp-content\/uploads\/2019\/06\/PDP_Humedal_Guanajuato_15052019_2-1140x570.jpg?resize=525%2C300 1.5x, https:\/\/i0.wp.com\/www.grieta.org.mx\/wp-content\/uploads\/2019\/06\/PDP_Humedal_Guanajuato_15052019_2-1140x570.jpg?resize=700%2C400 2x, https:\/\/i0.wp.com\/www.grieta.org.mx\/wp-content\/uploads\/2019\/06\/PDP_Humedal_Guanajuato_15052019_2-1140x570.jpg?resize=1050%2C600 3x"},"classes":[]},{"id":51708,"url":"http:\/\/www.grieta.org.mx\/index.php\/2020\/07\/11\/municipio-de-leon-aprobo-desarrollo-inmobiliario-sin-tener-atribuciones-semarnat\/","url_meta":{"origin":35306,"position":1},"title":"Municipio de Le\u00f3n aprob\u00f3 desarrollo inmobiliario sin tener atribuciones: Semarnat","author":"grieta","date":"11 julio, 2020","format":false,"excerpt":"El municipio de Le\u00f3n autoriz\u00f3 un megaproyecto inmobiliario sin tener facultades y sobrepusieron los intereses de Mexico Retail Properties y Grupo Impulza, por encima de la normatividad. Con ello, uno de los \u00faltimos humedales de Guanajuato corre peligro Texto: Jos\u00e9 Ignacio De Alba Foto: Cortes\u00eda Desde noviembre de 2016, cuando\u2026","rel":"","context":"En &quot;CINTILLO&quot;","block_context":{"text":"CINTILLO","link":"http:\/\/www.grieta.org.mx\/index.php\/category\/cintillo\/"},"img":{"alt_text":"","src":"https:\/\/i0.wp.com\/www.grieta.org.mx\/wp-content\/uploads\/2020\/07\/Guanajuato_humedal_cortesia-.jpg?resize=350%2C200","width":350,"height":200,"srcset":"https:\/\/i0.wp.com\/www.grieta.org.mx\/wp-content\/uploads\/2020\/07\/Guanajuato_humedal_cortesia-.jpg?resize=350%2C200 1x, https:\/\/i0.wp.com\/www.grieta.org.mx\/wp-content\/uploads\/2020\/07\/Guanajuato_humedal_cortesia-.jpg?resize=525%2C300 1.5x, https:\/\/i0.wp.com\/www.grieta.org.mx\/wp-content\/uploads\/2020\/07\/Guanajuato_humedal_cortesia-.jpg?resize=700%2C400 2x"},"classes":[]},{"id":37311,"url":"http:\/\/www.grieta.org.mx\/index.php\/2019\/07\/17\/la-cuenca-de-la-independencia-amenazada-por-proyecto-minero-guanajuato\/","url_meta":{"origin":35306,"position":2},"title":"La Cuenca de la Independencia amenazada por proyecto minero (Guanajuato)","author":"grieta","date":"17 julio, 2019","format":false,"excerpt":"Se contaminar\u00eda el acu\u00edfero que surte a municipios como Dolores Hidalgo y San Miguel de Allende. \u00a0 Redacci\u00f3n La Coperacha Ciudad de M\u00e9xico \/\/ 17 de julio de 2019 a Coalici\u00f3n en Defensa de la Cuenca de la Independencia y el colectivo Guardianes de la Cuenca, advirtieron que el proyecto\u2026","rel":"","context":"En &quot;CINTILLO&quot;","block_context":{"text":"CINTILLO","link":"http:\/\/www.grieta.org.mx\/index.php\/category\/cintillo\/"},"img":{"alt_text":"","src":"https:\/\/i0.wp.com\/www.grieta.org.mx\/wp-content\/uploads\/2019\/08\/cuenca-independencia-amenazada-proyecto-minero.jpg?resize=350%2C200","width":350,"height":200,"srcset":"https:\/\/i0.wp.com\/www.grieta.org.mx\/wp-content\/uploads\/2019\/08\/cuenca-independencia-amenazada-proyecto-minero.jpg?resize=350%2C200 1x, https:\/\/i0.wp.com\/www.grieta.org.mx\/wp-content\/uploads\/2019\/08\/cuenca-independencia-amenazada-proyecto-minero.jpg?resize=525%2C300 1.5x, https:\/\/i0.wp.com\/www.grieta.org.mx\/wp-content\/uploads\/2019\/08\/cuenca-independencia-amenazada-proyecto-minero.jpg?resize=700%2C400 2x, https:\/\/i0.wp.com\/www.grieta.org.mx\/wp-content\/uploads\/2019\/08\/cuenca-independencia-amenazada-proyecto-minero.jpg?resize=1050%2C600 3x"},"classes":[]},{"id":33398,"url":"http:\/\/www.grieta.org.mx\/index.php\/2019\/05\/08\/grupos-ecologistas-cierran-filas-en-torno-a-defensores-del-humedal-que-denuncian-amenazas-por-oponerse-al-city-center-guanajuato\/","url_meta":{"origin":35306,"position":3},"title":"Grupos ecologistas cierran filas en torno a defensores del humedal, que denuncian amenazas por oponerse al City Center (Guanajuato)","author":"grieta","date":"8 mayo, 2019","format":false,"excerpt":"Activistas no cesan en su lucha: ahora llevan el caso a la Comisi\u00f3n para la Cooperaci\u00f3n Ambiental en el marco del (todav\u00eda vigente) TLCAN, para proteger las aves migratorias que cruzan los tres pa\u00edses Martha Silva, POPlab\/ 08 de mayo de 2019, Le\u00f3n, Guanajuato.- En rueda de prensa, Gustavo Lozano\u2026","rel":"","context":"En &quot;CINTILLO&quot;","block_context":{"text":"CINTILLO","link":"http:\/\/www.grieta.org.mx\/index.php\/category\/cintillo\/"},"img":{"alt_text":"","src":"https:\/\/i0.wp.com\/www.grieta.org.mx\/wp-content\/uploads\/2019\/05\/2019-05-07_defensa-city-3.jpg?resize=350%2C200","width":350,"height":200,"srcset":"https:\/\/i0.wp.com\/www.grieta.org.mx\/wp-content\/uploads\/2019\/05\/2019-05-07_defensa-city-3.jpg?resize=350%2C200 1x, https:\/\/i0.wp.com\/www.grieta.org.mx\/wp-content\/uploads\/2019\/05\/2019-05-07_defensa-city-3.jpg?resize=525%2C300 1.5x, https:\/\/i0.wp.com\/www.grieta.org.mx\/wp-content\/uploads\/2019\/05\/2019-05-07_defensa-city-3.jpg?resize=700%2C400 2x, https:\/\/i0.wp.com\/www.grieta.org.mx\/wp-content\/uploads\/2019\/05\/2019-05-07_defensa-city-3.jpg?resize=1050%2C600 3x, https:\/\/i0.wp.com\/www.grieta.org.mx\/wp-content\/uploads\/2019\/05\/2019-05-07_defensa-city-3.jpg?resize=1400%2C800 4x"},"classes":[]},{"id":37783,"url":"http:\/\/www.grieta.org.mx\/index.php\/2019\/08\/09\/guanajuato-se-acerca-al-dia-cero-por-crisis-de-agua\/","url_meta":{"origin":35306,"position":4},"title":"Guanajuato se acerca al \u201cD\u00eda Cero\u201d por crisis de agua","author":"grieta","date":"9 agosto, 2019","format":false,"excerpt":"Seg\u00fan datos del Instituto de Recursos Mundiales, el peligro de quedarse sin agua es m\u00e1s latente en M\u00e9xico . A nivel global, la naci\u00f3n est\u00e1 en el nivel de \u2018alto estr\u00e9s h\u00eddrico\u2019. Por: Francisco Mancera \/ AM Le\u00f3n Guanajuato, 09 de Agosto de 2019 Celaya.- Guanajuato es el segundo estado\u2026","rel":"","context":"En &quot;CINTILLO&quot;","block_context":{"text":"CINTILLO","link":"http:\/\/www.grieta.org.mx\/index.php\/category\/cintillo\/"},"img":{"alt_text":"","src":"https:\/\/i0.wp.com\/www.grieta.org.mx\/wp-content\/uploads\/2019\/08\/guanajuato-dia-cero-crisis-agua.jpg_851672003.jpg?resize=350%2C200","width":350,"height":200,"srcset":"https:\/\/i0.wp.com\/www.grieta.org.mx\/wp-content\/uploads\/2019\/08\/guanajuato-dia-cero-crisis-agua.jpg_851672003.jpg?resize=350%2C200 1x, https:\/\/i0.wp.com\/www.grieta.org.mx\/wp-content\/uploads\/2019\/08\/guanajuato-dia-cero-crisis-agua.jpg_851672003.jpg?resize=525%2C300 1.5x, https:\/\/i0.wp.com\/www.grieta.org.mx\/wp-content\/uploads\/2019\/08\/guanajuato-dia-cero-crisis-agua.jpg_851672003.jpg?resize=700%2C400 2x"},"classes":[]},{"id":37733,"url":"http:\/\/www.grieta.org.mx\/index.php\/2019\/08\/07\/ong-reprochan-al-gobernador-de-guanajuato-su-apoyo-a-el-zapotillo\/","url_meta":{"origin":35306,"position":5},"title":"ONG reprochan al gobernador de Guanajuato su apoyo a El Zapotillo","author":"grieta","date":"7 agosto, 2019","format":false,"excerpt":"Por Ver\u00f3nica Espinosa , Proceso, 7 de agosto de 2019 GUANAJUATO, Gto., (apro).- En una dura carta, organizaciones civiles ambientalistas de distintos municipios del estado reprocharon al gobernador Diego Sinhue Rodr\u00edguez Vallejo su posici\u00f3n de respaldo total al proyecto de la presa y acueducto de El Zapotillo y lo acusan\u2026","rel":"","context":"En &quot;CINTILLO&quot;","block_context":{"text":"CINTILLO","link":"http:\/\/www.grieta.org.mx\/index.php\/category\/cintillo\/"},"img":{"alt_text":"","src":"https:\/\/i0.wp.com\/www.grieta.org.mx\/wp-content\/uploads\/2019\/08\/zapotillo.jpg?resize=350%2C200","width":350,"height":200,"srcset":"https:\/\/i0.wp.com\/www.grieta.org.mx\/wp-content\/uploads\/2019\/08\/zapotillo.jpg?resize=350%2C200 1x, https:\/\/i0.wp.com\/www.grieta.org.mx\/wp-content\/uploads\/2019\/08\/zapotillo.jpg?resize=525%2C300 1.5x, https:\/\/i0.wp.com\/www.grieta.org.mx\/wp-content\/uploads\/2019\/08\/zapotillo.jpg?resize=700%2C400 2x"},"classes":[]}],"_links":{"self":[{"href":"http:\/\/www.grieta.org.mx\/index.php\/wp-json\/wp\/v2\/posts\/35306","targetHints":{"allow":["GET"]}}],"collection":[{"href":"http:\/\/www.grieta.org.mx\/index.php\/wp-json\/wp\/v2\/posts"}],"about":[{"href":"http:\/\/www.grieta.org.mx\/index.php\/wp-json\/wp\/v2\/types\/post"}],"author":[{"embeddable":true,"href":"http:\/\/www.grieta.org.mx\/index.php\/wp-json\/wp\/v2\/users\/2"}],"replies":[{"embeddable":true,"href":"http:\/\/www.grieta.org.mx\/index.php\/wp-json\/wp\/v2\/comments?post=35306"}],"version-history":[{"count":1,"href":"http:\/\/www.grieta.org.mx\/index.php\/wp-json\/wp\/v2\/posts\/35306\/revisions"}],"predecessor-version":[{"id":35309,"href":"http:\/\/www.grieta.org.mx\/index.php\/wp-json\/wp\/v2\/posts\/35306\/revisions\/35309"}],"wp:featuredmedia":[{"embeddable":true,"href":"http:\/\/www.grieta.org.mx\/index.php\/wp-json\/wp\/v2\/media\/35308"}],"wp:attachment":[{"href":"http:\/\/www.grieta.org.mx\/index.php\/wp-json\/wp\/v2\/media?parent=35306"}],"wp:term":[{"taxonomy":"category","embeddable":true,"href":"http:\/\/www.grieta.org.mx\/index.php\/wp-json\/wp\/v2\/categories?post=35306"},{"taxonomy":"post_tag","embeddable":true,"href":"http:\/\/www.grieta.org.mx\/index.php\/wp-json\/wp\/v2\/tags?post=35306"}],"curies":[{"name":"wp","href":"https:\/\/api.w.org\/{rel}","templated":true}]}}