{"id":353,"date":"2016-02-26T22:44:40","date_gmt":"2016-02-26T22:44:40","guid":{"rendered":"http:\/\/50.22.11.12\/~grietaor\/?p=353"},"modified":"2016-02-29T00:16:16","modified_gmt":"2016-02-29T00:16:16","slug":"promueven-frente-ambientalista-contra-megaproyecto-en-mexicali","status":"publish","type":"post","link":"http:\/\/www.grieta.org.mx\/index.php\/2016\/02\/26\/promueven-frente-ambientalista-contra-megaproyecto-en-mexicali\/","title":{"rendered":"Promueven frente ambientalista contra megaproyecto en Mexicali"},"content":{"rendered":"<p>Febrero 26, 2016<\/p>\n<p>Antonio Heras, Mexicali<\/p>\n<p>\u201cNo queremos un Tajamar en Baja California\u201d, advirtieron senderistas y monta\u00f1istas de Mexicali al considerar que un proyecto industrial en la Sierra Cucap\u00e1 destruir\u00e1 la fauna y la flora end\u00e9micas, pero sobre todo el h\u00e1bitat del borrego cimarr\u00f3n.<\/p>\n<p>Acusaron que \u201cde manera subrepticia\u201d la Secretar\u00eda del Medio Ambiente y Recursos Naturales convoc\u00f3 a una consulta p\u00fablica sobre este proyecto industrial, habitacional y comercial de la iniciativa privada a desarrollarse en 14 mil hect\u00e1reas de la zona \u00e1rida y monta\u00f1osa al suroeste de Mexicali.<\/p>\n<p>La \u00fanica v\u00eda legal para frenar un proyecto de alto impacto a la ecolog\u00eda de la regi\u00f3n es rechazarlo en la consulta popular, advirtieron.<\/p>\n<p>Este \u201cproyecto integral\u201d pone en riesgo al borrego cimarr\u00f3n que a  diferencia del que habita en la Sierra de Ju\u00e1rez, en esta zona monta\u00f1osa permanecen durante todas las temporadas del a\u00f1o pese a la escasez de agua, se\u00f1al\u00f3 Cuauht\u00e9moc Herrera, quien cada a\u00f1o acostumbra hacer caminatas por la zona durante el periodo de noviembre a enero.<\/p>\n<p>Refiri\u00f3 que la presencia del borrego cimarr\u00f3n es evidente desde las faldas de la sierra donde se detectan huellas y se hacen m\u00e1s frecuentes conforme la zona se vuelve m\u00e1s escarpada. Como prueba mostr\u00f3 una serie de fotos donde se observan ejemplares en las monta\u00f1as.<\/p>\n<p>El proyecto integral EcoZone Mx contiene desarrollos industriales que repercutir\u00e1n de manera adversa al medio ambiente, aunque la principal amenaza la representa el desarrollo habitacional porque las casas se incrustar\u00e1n en ca\u00f1ones, laderas y rocas, espacios naturales del cimarr\u00f3n, de acuerdo con la informaci\u00f3n que ha trascendido.<\/p>\n<p>La unidad habitacional se proyecta en una zona de 712 hect\u00e1reas en la que se invertir\u00e1n 450 millones de pesos.<\/p>\n<p>Seg\u00fan fuentes consultadas, el proyecto habitacional reproduce el dise\u00f1o de Valle de Guadalupe, una zona vin\u00edcola donde se desarrollaron hoteles boutique que cuentan con vi\u00f1edos.<\/p>\n<p>El borrego cimarr\u00f3n, una especie emblem\u00e1tica de la entidad, se hidrata con l\u00edquido de la biznaga, una cact\u00e1cea protegida que representa el 15 por ciento de la vegetaci\u00f3n de la zona donde la Fundaci\u00f3n Vizcarra pretende construir un desarrollo habitacional bajo el argumento de que ser\u00e1n casas para empleados de la zona industrial de recicladoras y la planta de energ\u00eda fotovoltaica que forman parte del proyecto.<\/p>\n<p>Adem\u00e1s del borrego cimarr\u00f3n, en esta zona monta\u00f1osa hay una variedad de murci\u00e9lagos, conejos, codornices, mapaches y ardillas, mientras que el palofierro se encuentra en la mayor parte de esta superficie agreste, en la que tambi\u00e9n hay ocotillo, gobernadora y choya.<\/p>\n<p>La zona del proyecto es de 14 mil hect\u00e1reas, de las cuales se remover\u00e1 vegetaci\u00f3n en una tercera parte y se destinar\u00e1n a conservaci\u00f3n m\u00e1s de 9 mil, entre ellas 718 hect\u00e1reas para aprovechamiento forestal sustentable.<\/p>\n<p>Grupos de monta\u00f1istas como \u201cLos Picacheros de Mexicali\u201d que se adentran a esta zona \u00e1rida y a otras de la pen\u00ednsula de Baja California, sobre todo al \u201cPicacho del Diablo\u201d, ubicado en la Sierra de San Pedro M\u00e1rtir, con una altura de poco m\u00e1s de 3 mil metros sobre el nivel del mar, son los opositores al proyecto privado.<\/p>\n<p>Pr\u00f3rroga de consulta p\u00fablica<\/p>\n<p>Durante la ma\u00f1ana del viernes 12 de febrero, un grupo de monta\u00f1istas acudi\u00f3 a las oficinas de la delegaci\u00f3n en Baja California de la Secretar\u00eda de Medio Ambiente y Recursos Naturales (Semarnat) para solicitar por escrito que se declare una pr\u00f3rroga de tres meses a la consulta p\u00fablica sobre el proyecto de la empresa EcoZone Mx, propiedad del sinaloense Jes\u00fas Vizcarra Calder\u00f3n, que pretende construir en la Sierra Cucap\u00e1.<\/p>\n<p>Los monta\u00f1istas que integran varias agrupaciones de Mexicali buscaron reunirse con el delegado Alfonso Blancafort, un militante del Partido Verde Ecologista que contendi\u00f3 por una curul al Senado de la Rep\u00fablica en la elecci\u00f3n de 2012 y que tras su derrota, fue designado en la representaci\u00f3n federal en la entidad.<\/p>\n<p>La petici\u00f3n de extender el plazo de la consulta que concluir\u00e1 el 17 de febrero, se basa en que no se difundi\u00f3 de manera p\u00fablica porque se convoc\u00f3 a trav\u00e9s del portal de la Semarnat.<\/p>\n<p>El documento se entreg\u00f3 en Oficial\u00eda de Partes; el \u00e1rea administrativa argument\u00f3 que Blancafort se encontraba de comisi\u00f3n en las oficinas centrales de la Ciudad de M\u00e9xico.<\/p>\n<p>Firmada por 60 ciudadanos, la demanda de extensi\u00f3n del plazo se sustenta en la necesidad de revisar los resultados de la Manifestaci\u00f3n de Impacto Ambiental (MIA) con la que se pretende justificar la construcci\u00f3n de viviendas, la planta de generaci\u00f3n de energ\u00eda solar, una zona industrial de recicladoras y un \u00e1rea de confinamiento de residuos peligrosos.<\/p>\n<p>Marco Enr\u00edquez G\u00f3mez y Cuauht\u00e9moc Herrera consideraron que la consulta p\u00fablica se difundi\u00f3 de manera discrecional y deficiente, adem\u00e1s de que la MIA est\u00e1 incompleta ya que \u201cno menciona la fauna que ser\u00e1 afectada por el proyecto, pues en las p\u00e1ginas de la 186 a la 193 del documento pr\u00e1cticamente est\u00e1n en blanco\u201d.<\/p>\n<p>Reiteraron que este proyecto los \u201calerta, ya que en las 14 mil hect\u00e1reas donde se pretende construir se encuentra el h\u00e1bitat del borrego cimarr\u00f3n\u201d donde se registra un equilibrio ecol\u00f3gico particular porque las especies sobreviven, a pesar de la inexistencia de afluentes de agua.<\/p>\n<p>Indicaron que para evitar esta acci\u00f3n que calificaron \u201cecocidio\u201d convocar\u00e1n a un frente con ambientalistas y organismos de la sociedad civil para manifestar su rechazo en la consulta p\u00fablica.<\/p>\n<p>Otro punto adverso, seg\u00fan ambientalistas consultados, es la construcci\u00f3n de la estaci\u00f3n de manejo, revalorizaci\u00f3n y disposici\u00f3n final de residuos peligrosos en 348 hect\u00e1reas porque servir\u00eda para depositar los desechos de la planta SuKarne, una empresa ubicada en la zona poniente de Mexicali, que tambi\u00e9n es propiedad del empresario Vizcarra Calder\u00f3n, posesionario de los terrenos federales de la Sierra Cucap\u00e1 \u201314 mil hect\u00e1reas\u2013 consideradas para este desarrollo industrial.<\/p>\n<p>\u201cSi quieren generar energ\u00eda el\u00e9ctrica lo pueden hacer con el excremento de las vacas de su planta de carne que se encuentra en la carretera Mexicali-Tijuana, que representa un foco de contaminaci\u00f3n\u201d, advirtieron los ambientalistas.<\/p>\n<p><a href=\"http:\/\/jornadabc.mx\/tijuana\/26-02-2016\/promueven-frente-ambientalista-contra-megaproyecto-en-mexicali\" target=\"_blank\">http:\/\/jornadabc.mx\/tijuana\/26-02-2016\/promueven-frente-ambientalista-contra-megaproyecto-en-mexicali<\/a><\/p>\n","protected":false},"excerpt":{"rendered":"<p>Febrero 26, 2016 Antonio Heras, Mexicali \u201cNo queremos un Tajamar en Baja California\u201d, advirtieron senderistas y monta\u00f1istas de Mexicali al considerar que un proyecto industrial en la Sierra Cucap\u00e1 destruir\u00e1 &hellip; <a href=\"http:\/\/www.grieta.org.mx\/index.php\/2016\/02\/26\/promueven-frente-ambientalista-contra-megaproyecto-en-mexicali\/\" class=\"more-link\">Leer m\u00e1s<\/a><\/p>\n","protected":false},"author":2,"featured_media":21928,"comment_status":"closed","ping_status":"open","sticky":false,"template":"","format":"standard","meta":{"ngg_post_thumbnail":0,"_jetpack_newsletter_access":"","_jetpack_dont_email_post_to_subs":false,"_jetpack_newsletter_tier_id":0,"_jetpack_memberships_contains_paywalled_content":false,"_jetpack_memberships_contains_paid_content":false,"footnotes":""},"categories":[80],"tags":[117,116],"class_list":["post-353","post","type-post","status-publish","format-standard","has-post-thumbnail","hentry","category-cintillo","tag-cucapas","tag-proyecto-fotovoltaico","entry"],"jetpack_featured_media_url":"http:\/\/www.grieta.org.mx\/wp-content\/uploads\/2018\/03\/14524434_1106112876131411_958039263622046936_o.jpg","jetpack_sharing_enabled":true,"jetpack_shortlink":"https:\/\/wp.me\/p7ZJR4-5H","jetpack_likes_enabled":false,"jetpack-related-posts":[{"id":319,"url":"http:\/\/www.grieta.org.mx\/index.php\/2016\/02\/08\/megaproyecto-amenaza-habitat-en-sierra-cucapa\/","url_meta":{"origin":353,"position":0},"title":"Megaproyecto amenaza h\u00e1bitat en Sierra Cucap\u00e1","author":"grieta","date":"8 febrero, 2016","format":false,"excerpt":"Febrero 8, 2016 Gabriela Mart\u00ednez y Jorge Heras, Tijuana, B.C. La empresa Viz Resource Management SA de CV pretende construir una de las m\u00e1s grandes plantas de energ\u00eda solar (fotovoltaica) de Am\u00e9rica Latina en 14 mil hect\u00e1reas en la Sierra Cucap\u00e1 del municipio de Mexicali. El proyecto tambi\u00e9n incluye la\u2026","rel":"","context":"En &quot;CINTILLO&quot;","block_context":{"text":"CINTILLO","link":"http:\/\/www.grieta.org.mx\/index.php\/category\/cintillo\/"},"img":{"alt_text":"","src":"https:\/\/i0.wp.com\/www.grieta.org.mx\/wp-content\/uploads\/2018\/03\/14524434_1106112876131411_958039263622046936_o.jpg?resize=350%2C200","width":350,"height":200,"srcset":"https:\/\/i0.wp.com\/www.grieta.org.mx\/wp-content\/uploads\/2018\/03\/14524434_1106112876131411_958039263622046936_o.jpg?resize=350%2C200 1x, https:\/\/i0.wp.com\/www.grieta.org.mx\/wp-content\/uploads\/2018\/03\/14524434_1106112876131411_958039263622046936_o.jpg?resize=525%2C300 1.5x, https:\/\/i0.wp.com\/www.grieta.org.mx\/wp-content\/uploads\/2018\/03\/14524434_1106112876131411_958039263622046936_o.jpg?resize=700%2C400 2x"},"classes":[]},{"id":6552,"url":"http:\/\/www.grieta.org.mx\/index.php\/2016\/03\/09\/cucapas-insisten-en-danos-que-causaria-ecozonemx\/","url_meta":{"origin":353,"position":1},"title":"Cucap\u00e1s insisten en da\u00f1os que causar\u00eda EcozoneMX","author":"grieta","date":"9 marzo, 2016","format":false,"excerpt":"Jorge Heras, Mexicali, B.C. El megaproyecto industrial, habitacional y comercial que tiene contemplado construir la compa\u00f1\u00eda sinaloense Viz Resource Management en la zona agreste al sur de Mexicali causar\u00e1 contaminaci\u00f3n y afectar\u00e1 a la flora y fauna que habita o transita en el lugar, advirti\u00f3 Juana Aguilar Gonz\u00e1lez, presidenta del\u2026","rel":"","context":"En &quot;CINTILLO&quot;","block_context":{"text":"CINTILLO","link":"http:\/\/www.grieta.org.mx\/index.php\/category\/cintillo\/"},"img":{"alt_text":"","src":"https:\/\/i0.wp.com\/www.grieta.org.mx\/wp-content\/uploads\/2018\/03\/14524434_1106112876131411_958039263622046936_o.jpg?resize=350%2C200","width":350,"height":200,"srcset":"https:\/\/i0.wp.com\/www.grieta.org.mx\/wp-content\/uploads\/2018\/03\/14524434_1106112876131411_958039263622046936_o.jpg?resize=350%2C200 1x, https:\/\/i0.wp.com\/www.grieta.org.mx\/wp-content\/uploads\/2018\/03\/14524434_1106112876131411_958039263622046936_o.jpg?resize=525%2C300 1.5x, https:\/\/i0.wp.com\/www.grieta.org.mx\/wp-content\/uploads\/2018\/03\/14524434_1106112876131411_958039263622046936_o.jpg?resize=700%2C400 2x"},"classes":[]},{"id":341,"url":"http:\/\/www.grieta.org.mx\/index.php\/2016\/02\/19\/aprueba-gobierno-municipal-megaproyecto-en-sierra-cucapa\/","url_meta":{"origin":353,"position":2},"title":"Aprueba gobierno municipal megaproyecto en Sierra Cucap\u00e1","author":"grieta","date":"19 febrero, 2016","format":false,"excerpt":"Febrero 19, 2016 Jorge Heras, Mexicali Autoridades de primer nivel del gobierno municipal avalaron el proyecto EconoZoneMx que se pretende construir en las faldas de la Sierra Cucap\u00e1 al considerar que de acuerdo a los planos publicados la empresa no contaminar\u00eda el medio ambiente. El alcalde Jaime D\u00edaz Ochoa manifest\u00f3\u2026","rel":"","context":"En &quot;CINTILLO&quot;","block_context":{"text":"CINTILLO","link":"http:\/\/www.grieta.org.mx\/index.php\/category\/cintillo\/"},"img":{"alt_text":"","src":"https:\/\/i0.wp.com\/www.grieta.org.mx\/wp-content\/uploads\/2018\/03\/14524434_1106112876131411_958039263622046936_o.jpg?resize=350%2C200","width":350,"height":200,"srcset":"https:\/\/i0.wp.com\/www.grieta.org.mx\/wp-content\/uploads\/2018\/03\/14524434_1106112876131411_958039263622046936_o.jpg?resize=350%2C200 1x, https:\/\/i0.wp.com\/www.grieta.org.mx\/wp-content\/uploads\/2018\/03\/14524434_1106112876131411_958039263622046936_o.jpg?resize=525%2C300 1.5x, https:\/\/i0.wp.com\/www.grieta.org.mx\/wp-content\/uploads\/2018\/03\/14524434_1106112876131411_958039263622046936_o.jpg?resize=700%2C400 2x"},"classes":[]},{"id":339,"url":"http:\/\/www.grieta.org.mx\/index.php\/2016\/02\/26\/enviarian-a-eu-energia-producida-en-sierra-cucapa\/","url_meta":{"origin":353,"position":3},"title":"Enviar\u00edan a EU energ\u00eda producida en Sierra Cucap\u00e1","author":"grieta","date":"26 febrero, 2016","format":false,"excerpt":"Febrero 26, 2016 Antonio Heras, Mexicali Con una inversi\u00f3n de casi 10 mil millones de pesos, el Proyecto Integral EcoZone Mx pretende construir la mayor planta fotovoltaica en Am\u00e9rica Latina que destinar\u00e1 su producci\u00f3n al mercado estadunidense. Seg\u00fan las proyecciones ocupar\u00e1 una superficie de mil 203 hect\u00e1reas en la Sierra\u2026","rel":"","context":"En &quot;CINTILLO&quot;","block_context":{"text":"CINTILLO","link":"http:\/\/www.grieta.org.mx\/index.php\/category\/cintillo\/"},"img":{"alt_text":"","src":"https:\/\/i0.wp.com\/www.grieta.org.mx\/wp-content\/uploads\/2018\/03\/14524434_1106112876131411_958039263622046936_o.jpg?resize=350%2C200","width":350,"height":200,"srcset":"https:\/\/i0.wp.com\/www.grieta.org.mx\/wp-content\/uploads\/2018\/03\/14524434_1106112876131411_958039263622046936_o.jpg?resize=350%2C200 1x, https:\/\/i0.wp.com\/www.grieta.org.mx\/wp-content\/uploads\/2018\/03\/14524434_1106112876131411_958039263622046936_o.jpg?resize=525%2C300 1.5x, https:\/\/i0.wp.com\/www.grieta.org.mx\/wp-content\/uploads\/2018\/03\/14524434_1106112876131411_958039263622046936_o.jpg?resize=700%2C400 2x"},"classes":[]},{"id":6559,"url":"http:\/\/www.grieta.org.mx\/index.php\/2016\/03\/26\/activistas-se-manifiestan-en-contra-del-proyecto-ecozone\/","url_meta":{"origin":353,"position":4},"title":"Activistas se manifiestan en contra del proyecto Ecozone","author":"grieta","date":"26 marzo, 2016","format":false,"excerpt":". Jorge Heras, Mexicali, B.C Colectivos de artistas y activistas se pronunciaron en contra del proyecto habitacional, comercial e industrial que intenta llevar a cabo la empresa Viz Resource Management, S.A. de C.V, filial del corporativo Su Karne. La tarde de este s\u00e1bado, una docena de personas protestaron en el\u2026","rel":"","context":"En &quot;CINTILLO&quot;","block_context":{"text":"CINTILLO","link":"http:\/\/www.grieta.org.mx\/index.php\/category\/cintillo\/"},"img":{"alt_text":"","src":"https:\/\/i0.wp.com\/www.grieta.org.mx\/wp-content\/uploads\/2018\/03\/14524434_1106112876131411_958039263622046936_o.jpg?resize=350%2C200","width":350,"height":200,"srcset":"https:\/\/i0.wp.com\/www.grieta.org.mx\/wp-content\/uploads\/2018\/03\/14524434_1106112876131411_958039263622046936_o.jpg?resize=350%2C200 1x, https:\/\/i0.wp.com\/www.grieta.org.mx\/wp-content\/uploads\/2018\/03\/14524434_1106112876131411_958039263622046936_o.jpg?resize=525%2C300 1.5x, https:\/\/i0.wp.com\/www.grieta.org.mx\/wp-content\/uploads\/2018\/03\/14524434_1106112876131411_958039263622046936_o.jpg?resize=700%2C400 2x"},"classes":[]},{"id":46579,"url":"http:\/\/www.grieta.org.mx\/index.php\/2020\/03\/23\/colectivos-afirman-que-ganaron-consulta-contra-constellation-brands-pero-dejan-anuncio-a-amlo-baja-california\/","url_meta":{"origin":353,"position":5},"title":"Colectivos afirman que ganaron consulta contra Constellation Brands, pero dejan anuncio a AMLO (Baja California)","author":"grieta","date":"23 marzo, 2020","format":false,"excerpt":"Proceso \/ Jesusa Cervantes. El folleto que circul\u00f3 este s\u00e1bado en Mexicali a favor de Constellation Brands, previo a la consulta del pr\u00f3ximo fin de semana. Fotos: Jesusa Cervantes. MEXICALI, BC (apro).- A pesar del triunfo irreversible que obtuvieron en la consulta popular quienes est\u00e1n en contra de la instalaci\u00f3n\u2026","rel":"","context":"En &quot;Baja California&quot;","block_context":{"text":"Baja California","link":"http:\/\/www.grieta.org.mx\/index.php\/category\/noticias-nacionales\/baja-california\/"},"img":{"alt_text":"","src":"https:\/\/i0.wp.com\/www.grieta.org.mx\/wp-content\/uploads\/2020\/03\/mexicali-870x522-2.jpg?resize=350%2C200","width":350,"height":200,"srcset":"https:\/\/i0.wp.com\/www.grieta.org.mx\/wp-content\/uploads\/2020\/03\/mexicali-870x522-2.jpg?resize=350%2C200 1x, https:\/\/i0.wp.com\/www.grieta.org.mx\/wp-content\/uploads\/2020\/03\/mexicali-870x522-2.jpg?resize=525%2C300 1.5x, https:\/\/i0.wp.com\/www.grieta.org.mx\/wp-content\/uploads\/2020\/03\/mexicali-870x522-2.jpg?resize=700%2C400 2x"},"classes":[]}],"_links":{"self":[{"href":"http:\/\/www.grieta.org.mx\/index.php\/wp-json\/wp\/v2\/posts\/353","targetHints":{"allow":["GET"]}}],"collection":[{"href":"http:\/\/www.grieta.org.mx\/index.php\/wp-json\/wp\/v2\/posts"}],"about":[{"href":"http:\/\/www.grieta.org.mx\/index.php\/wp-json\/wp\/v2\/types\/post"}],"author":[{"embeddable":true,"href":"http:\/\/www.grieta.org.mx\/index.php\/wp-json\/wp\/v2\/users\/2"}],"replies":[{"embeddable":true,"href":"http:\/\/www.grieta.org.mx\/index.php\/wp-json\/wp\/v2\/comments?post=353"}],"version-history":[{"count":1,"href":"http:\/\/www.grieta.org.mx\/index.php\/wp-json\/wp\/v2\/posts\/353\/revisions"}],"predecessor-version":[{"id":354,"href":"http:\/\/www.grieta.org.mx\/index.php\/wp-json\/wp\/v2\/posts\/353\/revisions\/354"}],"wp:featuredmedia":[{"embeddable":true,"href":"http:\/\/www.grieta.org.mx\/index.php\/wp-json\/wp\/v2\/media\/21928"}],"wp:attachment":[{"href":"http:\/\/www.grieta.org.mx\/index.php\/wp-json\/wp\/v2\/media?parent=353"}],"wp:term":[{"taxonomy":"category","embeddable":true,"href":"http:\/\/www.grieta.org.mx\/index.php\/wp-json\/wp\/v2\/categories?post=353"},{"taxonomy":"post_tag","embeddable":true,"href":"http:\/\/www.grieta.org.mx\/index.php\/wp-json\/wp\/v2\/tags?post=353"}],"curies":[{"name":"wp","href":"https:\/\/api.w.org\/{rel}","templated":true}]}}