{"id":35285,"date":"2019-06-18T22:25:09","date_gmt":"2019-06-19T03:25:09","guid":{"rendered":"http:\/\/www.grieta.org.mx\/?p=35285"},"modified":"2019-06-23T22:30:48","modified_gmt":"2019-06-24T03:30:48","slug":"colima-ha-hallado-90-fosas-clandestinas-en-lo-que-va-del-ano","status":"publish","type":"post","link":"http:\/\/www.grieta.org.mx\/index.php\/2019\/06\/18\/colima-ha-hallado-90-fosas-clandestinas-en-lo-que-va-del-ano\/","title":{"rendered":"Colima ha hallado 90 fosas clandestinas en lo que va del a\u00f1o"},"content":{"rendered":"<blockquote><p>Se contabilizan 593 personas no localizadas en el estado, n\u00famero que podr\u00eda aumentar debido a que, en muchos de los casos, los familiares decidieron no interponer una denuncia por desaparici\u00f3n ante la Fiscal\u00eda del Estado<\/p><\/blockquote>\n<p>Noticieros Televisa| COLIMA, M\u00e9xico | 18 de junio de 2019<\/p>\n<figure id=\"attachment_35286\" aria-describedby=\"caption-attachment-35286\" style=\"width: 1045px\" class=\"wp-caption alignleft\"><img loading=\"lazy\" decoding=\"async\" data-attachment-id=\"35286\" data-permalink=\"http:\/\/www.grieta.org.mx\/index.php\/2019\/06\/18\/colima-ha-hallado-90-fosas-clandestinas-en-lo-que-va-del-ano\/colima-ha-hallado-90-fosas-clandestinas-en-lo-que-va-del-anofiscalia-colima\/\" data-orig-file=\"http:\/\/www.grieta.org.mx\/wp-content\/uploads\/2019\/06\/colima-ha-hallado-90-fosas-clandestinas-en-lo-que-va-del-anofiscalia-colima.jpg\" data-orig-size=\"1045,602\" data-comments-opened=\"0\" data-image-meta=\"{&quot;aperture&quot;:&quot;0&quot;,&quot;credit&quot;:&quot;&quot;,&quot;camera&quot;:&quot;&quot;,&quot;caption&quot;:&quot;&quot;,&quot;created_timestamp&quot;:&quot;0&quot;,&quot;copyright&quot;:&quot;&quot;,&quot;focal_length&quot;:&quot;0&quot;,&quot;iso&quot;:&quot;0&quot;,&quot;shutter_speed&quot;:&quot;0&quot;,&quot;title&quot;:&quot;&quot;,&quot;orientation&quot;:&quot;0&quot;}\" data-image-title=\"colima-ha-hallado-90-fosas-clandestinas-en-lo-que-va-del-anofiscalia-colima\" data-image-description=\"\" data-image-caption=\"&lt;p&gt;Colima ha hallado 90 fosas clandestinas en lo que va del a\u00f1o.(Fiscal\u00eda Colima)&lt;\/p&gt;\n\" data-medium-file=\"http:\/\/www.grieta.org.mx\/wp-content\/uploads\/2019\/06\/colima-ha-hallado-90-fosas-clandestinas-en-lo-que-va-del-anofiscalia-colima-300x173.jpg\" data-large-file=\"http:\/\/www.grieta.org.mx\/wp-content\/uploads\/2019\/06\/colima-ha-hallado-90-fosas-clandestinas-en-lo-que-va-del-anofiscalia-colima-1024x590.jpg\" src=\"http:\/\/www.grieta.org.mx\/wp-content\/uploads\/2019\/06\/colima-ha-hallado-90-fosas-clandestinas-en-lo-que-va-del-anofiscalia-colima.jpg\" alt=\"\" width=\"1045\" height=\"602\" class=\"size-full wp-image-35286\" srcset=\"http:\/\/www.grieta.org.mx\/wp-content\/uploads\/2019\/06\/colima-ha-hallado-90-fosas-clandestinas-en-lo-que-va-del-anofiscalia-colima.jpg 1045w, http:\/\/www.grieta.org.mx\/wp-content\/uploads\/2019\/06\/colima-ha-hallado-90-fosas-clandestinas-en-lo-que-va-del-anofiscalia-colima-300x173.jpg 300w, http:\/\/www.grieta.org.mx\/wp-content\/uploads\/2019\/06\/colima-ha-hallado-90-fosas-clandestinas-en-lo-que-va-del-anofiscalia-colima-768x442.jpg 768w, http:\/\/www.grieta.org.mx\/wp-content\/uploads\/2019\/06\/colima-ha-hallado-90-fosas-clandestinas-en-lo-que-va-del-anofiscalia-colima-1024x590.jpg 1024w, http:\/\/www.grieta.org.mx\/wp-content\/uploads\/2019\/06\/colima-ha-hallado-90-fosas-clandestinas-en-lo-que-va-del-anofiscalia-colima-868x500.jpg 868w\" sizes=\"auto, (max-width: 1045px) 100vw, 1045px\" \/><figcaption id=\"caption-attachment-35286\" class=\"wp-caption-text\">Colima ha hallado 90 fosas clandestinas en lo que va del a\u00f1o.(Fiscal\u00eda Colima)<\/figcaption><\/figure>\n<p>En lo que va del a\u00f1o en el estado de Colima se han localizado 90 fosas clandestinas con 122 restos humanos. La mayor\u00eda en predios urbanos y rurales, en los municipios de Manzanillo, Coquimatl\u00e1n, Colima, Villa de \u00c1lvarez y Tecom\u00e1n, en este \u00faltimo se han ubicado el mayor n\u00famero de restos humanos.<\/p>\n<p>De las que hemos obtenido en estas fosas clandestinas 122 indicios entre restos humanos y cuerpos; en el mes de mayo hubo unas fosas que se localizaron en los municipios de Tecom\u00e1n y Manzanillo, sin embargo, el mes \u00e1lgido para nosotros fue el mes de febrero, en donde se localizaron 69 restos humanos en 49 fosas en Tecom\u00e1n en la comunidad de Santa Rosa\u201d, explic\u00f3 Gustavo Adri\u00e1n Joya Cervera, vicefiscal de procedimientos penales de la Fiscal\u00eda de Colima.<\/p>\n<p>Seg\u00fan el Registro Nacional de Datos de Personas Extraviadas o Desaparecidas, del 2014 al 2018, se contabilizan 593 personas no localizadas en el estado de Colima, sin embargo, este n\u00famero podr\u00eda ser mayor, ya que en muchos de los casos, los familiares decidieron no interponer una denuncia por desaparici\u00f3n ante la Fiscal\u00eda del Estado.<\/p>\n<p>    Porque tanto hay gente que tiene su familiar desaparecido que no puso una denuncia, como hay gente que tampoco ha venido a que se le tome una muestra de ADN sin la denuncia, entonces de esas personas no tenemos ning\u00fan dato\u201d, dijo Rosa Evelia P\u00e9rez, comisionada estatal para la b\u00fasqueda de personas desaparecidas en Colima.<\/p>\n<p>Por su parte, Gustavo Adri\u00e1n Joya Cervera, vicefiscal de procedimientos penales de la Fiscal\u00eda de Colima, se\u00f1al\u00f3: \u201cEn la comunidad de Santa Rosa hemos obtenido 67 perfiles gen\u00e9ticos, es decir, hemos identificado 67 cuerpos, lo que nos ha permitido identificar debido a la confronta nuestra base de datos, 26 cuerpos que ya han sido entregados a sus familiares, nos restan 41 cuerpos que no han dado resultado positivo\u201d.<\/p>\n<p>Seg\u00fan datos de la Subsecretar\u00eda de Derechos Humanos de la Secretar\u00eda de Gobernaci\u00f3n, Colima es el estado con el mayor n\u00famero de hallazgos en lo que va del a\u00f1o, por encima de Sinaloa donde han identificado 80 fosas, le sigue Sonora con 55 y Nayarit con 35.<\/p>\n<p>El 3 de mayo, la Fiscal\u00eda del Estado de Colima localiz\u00f3 13 fosas clandestinas con restos de 13 personas en el puerto de Manzanillo y Tecom\u00e1n, este \u00faltimo, el municipio con el mayor n\u00famero de hallazgos en lo que va del a\u00f1o.<\/p>\n<p>En Manzanillo, fueron ubicadas 10 fosas, muy cerca de los l\u00edmites con el estado de Jalisco.<\/p>\n<p><a href=\"https:\/\/noticieros.televisa.com\/ultimas-noticias\/fosas-clandestinas-colima-desaparecidos-restos-humanos\/\">https:\/\/noticieros.televisa.com\/ultimas-noticias\/fosas-clandestinas-colima-desaparecidos-restos-humanos\/<\/a><\/p>\n","protected":false},"excerpt":{"rendered":"<p>Se contabilizan 593 personas no localizadas en el estado, n\u00famero que podr\u00eda aumentar debido a que, en muchos de los casos, los familiares decidieron no interponer una denuncia por desaparici\u00f3n &hellip; <a href=\"http:\/\/www.grieta.org.mx\/index.php\/2019\/06\/18\/colima-ha-hallado-90-fosas-clandestinas-en-lo-que-va-del-ano\/\" class=\"more-link\">Leer m\u00e1s<\/a><\/p>\n","protected":false},"author":2,"featured_media":35286,"comment_status":"closed","ping_status":"closed","sticky":false,"template":"","format":"standard","meta":{"ngg_post_thumbnail":0,"_jetpack_newsletter_access":"","_jetpack_dont_email_post_to_subs":false,"_jetpack_newsletter_tier_id":0,"_jetpack_memberships_contains_paywalled_content":false,"_jetpack_memberships_contains_paid_content":false,"footnotes":""},"categories":[80,13,87,368,1829],"tags":[2220,856],"class_list":["post-35285","post","type-post","status-publish","format-standard","has-post-thumbnail","hentry","category-cintillo","category-colima","category-desaparecidos","category-desaparecidos-analisis","category-desaparecidos-en-colima","tag-colectivos-rastreadores-de-desaparecidos","tag-fosas-clandestinas","entry"],"jetpack_featured_media_url":"http:\/\/www.grieta.org.mx\/wp-content\/uploads\/2019\/06\/colima-ha-hallado-90-fosas-clandestinas-en-lo-que-va-del-anofiscalia-colima.jpg","jetpack_sharing_enabled":true,"jetpack_shortlink":"https:\/\/wp.me\/p7ZJR4-9b7","jetpack_likes_enabled":false,"jetpack-related-posts":[{"id":66880,"url":"http:\/\/www.grieta.org.mx\/index.php\/2023\/04\/29\/tecoman-el-municipio-con-mas-fosas-clandestinas-colima\/","url_meta":{"origin":35285,"position":0},"title":"Tecom\u00e1n, el municipio con m\u00e1s fosas clandestinas (Colima)","author":"grieta","date":"29 abril, 2023","format":false,"excerpt":"Imagen: El Comentario de Colima Con el reciente hallazgo anunciado por la Fiscal\u00eda General del Estado (FGE), de\u00a010 fosas clandestinas\u00a0encontradas en la comunidad de Cerro de Ortega en el municipio de Tecom\u00e1n, donde fueron exhumados 26 restos \u00f3seos y la entidad suma 29\u00a0fosas clandestinas\u00a0encontradas y 44 cad\u00e1veres y un resto\u2026","rel":"","context":"En &quot;CINTILLO&quot;","block_context":{"text":"CINTILLO","link":"http:\/\/www.grieta.org.mx\/index.php\/category\/cintillo\/"},"img":{"alt_text":"","src":"https:\/\/i0.wp.com\/www.grieta.org.mx\/wp-content\/uploads\/2023\/04\/LOCAL-6-3-780x470-1.jpg?resize=350%2C200","width":350,"height":200,"srcset":"https:\/\/i0.wp.com\/www.grieta.org.mx\/wp-content\/uploads\/2023\/04\/LOCAL-6-3-780x470-1.jpg?resize=350%2C200 1x, https:\/\/i0.wp.com\/www.grieta.org.mx\/wp-content\/uploads\/2023\/04\/LOCAL-6-3-780x470-1.jpg?resize=525%2C300 1.5x, https:\/\/i0.wp.com\/www.grieta.org.mx\/wp-content\/uploads\/2023\/04\/LOCAL-6-3-780x470-1.jpg?resize=700%2C400 2x"},"classes":[]},{"id":71649,"url":"http:\/\/www.grieta.org.mx\/index.php\/2025\/04\/29\/fiscalia-de-colima-mas-fosas-mas-silencio\/","url_meta":{"origin":35285,"position":1},"title":"Fiscal\u00eda de Colima: m\u00e1s fosas, m\u00e1s silencio","author":"grieta","date":"29 abril, 2025","format":false,"excerpt":"Imagen: Diario Avanzada Heidi de Le\u00f3n Guti\u00e9rrez \/ Diario Avanzada Colima, M\u00e9xico, Avanzada (29\/04\/2025).- A m\u00e1s de una semana de que se confirm\u00f3 el hallazgo de seis fosas clandestinas en la capital de Colima, la Fiscal\u00eda General del Estado no ha proporcionado informaci\u00f3n actualizada sobre el n\u00famero de cuerpos o\u2026","rel":"","context":"En &quot;CINTILLO&quot;","block_context":{"text":"CINTILLO","link":"http:\/\/www.grieta.org.mx\/index.php\/category\/cintillo\/"},"img":{"alt_text":"","src":"https:\/\/i0.wp.com\/www.grieta.org.mx\/wp-content\/uploads\/2025\/05\/img_1201-1.jpg?resize=350%2C200","width":350,"height":200,"srcset":"https:\/\/i0.wp.com\/www.grieta.org.mx\/wp-content\/uploads\/2025\/05\/img_1201-1.jpg?resize=350%2C200 1x, https:\/\/i0.wp.com\/www.grieta.org.mx\/wp-content\/uploads\/2025\/05\/img_1201-1.jpg?resize=525%2C300 1.5x, https:\/\/i0.wp.com\/www.grieta.org.mx\/wp-content\/uploads\/2025\/05\/img_1201-1.jpg?resize=700%2C400 2x, https:\/\/i0.wp.com\/www.grieta.org.mx\/wp-content\/uploads\/2025\/05\/img_1201-1.jpg?resize=1050%2C600 3x, https:\/\/i0.wp.com\/www.grieta.org.mx\/wp-content\/uploads\/2025\/05\/img_1201-1.jpg?resize=1400%2C800 4x"},"classes":[]},{"id":68693,"url":"http:\/\/www.grieta.org.mx\/index.php\/2024\/03\/22\/fiscalia-guarda-silencio-sobre-fosas-clandestinas-en-ixtlahuacan-red-de-desaparecidos-colima\/","url_meta":{"origin":35285,"position":2},"title":"Fiscal\u00eda guarda silencio sobre fosas clandestinas en Ixtlahuac\u00e1n: Red de Desaparecidos (Colima)","author":"grieta","date":"22 marzo, 2024","format":false,"excerpt":"Imagen: El Comentario Francis Bravo \/ El Comentario Los buscadores y buscadoras del estado a\u00fan no han recibido informaci\u00f3n por parte de la\u00a0Fiscal\u00eda General de la Rep\u00fablica\u00a0(FGR) sobre la o las\u00a0fosas clandestinas\u00a0encontradas en el municipio de\u00a0Ixtlahuac\u00e1n\u00a0el pasado 23 de enero. Carmen Sep\u00falveda G\u00f3mez, presidenta de la Red de Desaparecidos en\u2026","rel":"","context":"En &quot;CINTILLO&quot;","block_context":{"text":"CINTILLO","link":"http:\/\/www.grieta.org.mx\/index.php\/category\/cintillo\/"},"img":{"alt_text":"","src":"https:\/\/i0.wp.com\/www.grieta.org.mx\/wp-content\/uploads\/2024\/03\/BDVFGDF.webp?resize=350%2C200","width":350,"height":200,"srcset":"https:\/\/i0.wp.com\/www.grieta.org.mx\/wp-content\/uploads\/2024\/03\/BDVFGDF.webp?resize=350%2C200 1x, https:\/\/i0.wp.com\/www.grieta.org.mx\/wp-content\/uploads\/2024\/03\/BDVFGDF.webp?resize=525%2C300 1.5x, https:\/\/i0.wp.com\/www.grieta.org.mx\/wp-content\/uploads\/2024\/03\/BDVFGDF.webp?resize=700%2C400 2x, https:\/\/i0.wp.com\/www.grieta.org.mx\/wp-content\/uploads\/2024\/03\/BDVFGDF.webp?resize=1050%2C600 3x, https:\/\/i0.wp.com\/www.grieta.org.mx\/wp-content\/uploads\/2024\/03\/BDVFGDF.webp?resize=1400%2C800 4x"},"classes":[]},{"id":65573,"url":"http:\/\/www.grieta.org.mx\/index.php\/2022\/10\/17\/localizaron-69-fosas-clandestinas-con-70-cuerpos-y-10-restos-oseos-colima\/","url_meta":{"origin":35285,"position":3},"title":"Localizaron 69 fosas clandestinas con 70 cuerpos y 10 restos \u00f3seos (Colima)","author":"grieta","date":"17 octubre, 2022","format":false,"excerpt":"Imagen: Diario Avanzada Heidi de Le\u00f3n Guti\u00e9rrez \/ Diario Avanzada Colima, M\u00e9xico, Avanzada (17\/10\/2022).- En lo que va de este a\u00f1o, 70 cuerpos fueron localizados en fosas clandestinas en la entidad, principalmente en el municipio de Tecom\u00e1n y Manzanillo. Los datos oficiales revelan que entre enero y el pasado mes\u2026","rel":"","context":"En &quot;CINTILLO&quot;","block_context":{"text":"CINTILLO","link":"http:\/\/www.grieta.org.mx\/index.php\/category\/cintillo\/"},"img":{"alt_text":"","src":"https:\/\/i0.wp.com\/www.grieta.org.mx\/wp-content\/uploads\/2022\/10\/Fosas-Clandestinas.jpg?resize=350%2C200","width":350,"height":200,"srcset":"https:\/\/i0.wp.com\/www.grieta.org.mx\/wp-content\/uploads\/2022\/10\/Fosas-Clandestinas.jpg?resize=350%2C200 1x, https:\/\/i0.wp.com\/www.grieta.org.mx\/wp-content\/uploads\/2022\/10\/Fosas-Clandestinas.jpg?resize=525%2C300 1.5x, https:\/\/i0.wp.com\/www.grieta.org.mx\/wp-content\/uploads\/2022\/10\/Fosas-Clandestinas.jpg?resize=700%2C400 2x"},"classes":[]},{"id":68098,"url":"http:\/\/www.grieta.org.mx\/index.php\/2023\/10\/30\/colima-el-estado-de-las-fosas-clandestinas\/","url_meta":{"origin":35285,"position":4},"title":"Colima, el estado de las fosas clandestinas","author":"grieta","date":"30 octubre, 2023","format":false,"excerpt":"Imagen: Diario Avanzada Heidi de Le\u00f3n Guti\u00e9rrez \/ Diario Avanzada Colima, M\u00e9xico, Avanzada (30\/10\/2023).-\u00a0Una llamada an\u00f3nima, o el cateo de un predio ha sido el inicio de una de las tantas tragedias que se cuentan en Colima: la localizaci\u00f3n de cad\u00e1veres\u00a0enterrados de manera ilegal y cuya identificaci\u00f3n, en la mayor\u00eda\u2026","rel":"","context":"En &quot;CINTILLO&quot;","block_context":{"text":"CINTILLO","link":"http:\/\/www.grieta.org.mx\/index.php\/category\/cintillo\/"},"img":{"alt_text":"","src":"https:\/\/i0.wp.com\/www.grieta.org.mx\/wp-content\/uploads\/2023\/11\/Fosas-Clandestinas.jpg?resize=350%2C200","width":350,"height":200,"srcset":"https:\/\/i0.wp.com\/www.grieta.org.mx\/wp-content\/uploads\/2023\/11\/Fosas-Clandestinas.jpg?resize=350%2C200 1x, https:\/\/i0.wp.com\/www.grieta.org.mx\/wp-content\/uploads\/2023\/11\/Fosas-Clandestinas.jpg?resize=525%2C300 1.5x, https:\/\/i0.wp.com\/www.grieta.org.mx\/wp-content\/uploads\/2023\/11\/Fosas-Clandestinas.jpg?resize=700%2C400 2x"},"classes":[]},{"id":65142,"url":"http:\/\/www.grieta.org.mx\/index.php\/2022\/09\/05\/tecoman-el-municipio-con-mas-fosas-clandestinas-en-el-pais-colima\/","url_meta":{"origin":35285,"position":5},"title":"Tecom\u00e1n, el municipio con m\u00e1s fosas clandestinas en el pa\u00eds (Colima)","author":"grieta","date":"5 septiembre, 2022","format":false,"excerpt":"Imagen: Diario Avanzada Redacci\u00f3n \/ Diario Avanzada Colima, M\u00e9xico, Avanzada (05\/09\/2022).- Este fin de semana, la Fiscal\u00eda General del Estado reconoci\u00f3 la localizaci\u00f3n de seis cuerpos sin vida y restos humanos en fosas clandestinas en la comunidad de Caleras,\u00a0en el municipio de Tecom\u00e1n. Unos meses antes,\u00a0en Tecolapa, en el mismo\u2026","rel":"","context":"En &quot;CINTILLO&quot;","block_context":{"text":"CINTILLO","link":"http:\/\/www.grieta.org.mx\/index.php\/category\/cintillo\/"},"img":{"alt_text":"","src":"https:\/\/i0.wp.com\/www.grieta.org.mx\/wp-content\/uploads\/2022\/09\/Fosas-Clandestinas.jpg?resize=350%2C200","width":350,"height":200,"srcset":"https:\/\/i0.wp.com\/www.grieta.org.mx\/wp-content\/uploads\/2022\/09\/Fosas-Clandestinas.jpg?resize=350%2C200 1x, https:\/\/i0.wp.com\/www.grieta.org.mx\/wp-content\/uploads\/2022\/09\/Fosas-Clandestinas.jpg?resize=525%2C300 1.5x, https:\/\/i0.wp.com\/www.grieta.org.mx\/wp-content\/uploads\/2022\/09\/Fosas-Clandestinas.jpg?resize=700%2C400 2x"},"classes":[]}],"_links":{"self":[{"href":"http:\/\/www.grieta.org.mx\/index.php\/wp-json\/wp\/v2\/posts\/35285","targetHints":{"allow":["GET"]}}],"collection":[{"href":"http:\/\/www.grieta.org.mx\/index.php\/wp-json\/wp\/v2\/posts"}],"about":[{"href":"http:\/\/www.grieta.org.mx\/index.php\/wp-json\/wp\/v2\/types\/post"}],"author":[{"embeddable":true,"href":"http:\/\/www.grieta.org.mx\/index.php\/wp-json\/wp\/v2\/users\/2"}],"replies":[{"embeddable":true,"href":"http:\/\/www.grieta.org.mx\/index.php\/wp-json\/wp\/v2\/comments?post=35285"}],"version-history":[{"count":1,"href":"http:\/\/www.grieta.org.mx\/index.php\/wp-json\/wp\/v2\/posts\/35285\/revisions"}],"predecessor-version":[{"id":35287,"href":"http:\/\/www.grieta.org.mx\/index.php\/wp-json\/wp\/v2\/posts\/35285\/revisions\/35287"}],"wp:featuredmedia":[{"embeddable":true,"href":"http:\/\/www.grieta.org.mx\/index.php\/wp-json\/wp\/v2\/media\/35286"}],"wp:attachment":[{"href":"http:\/\/www.grieta.org.mx\/index.php\/wp-json\/wp\/v2\/media?parent=35285"}],"wp:term":[{"taxonomy":"category","embeddable":true,"href":"http:\/\/www.grieta.org.mx\/index.php\/wp-json\/wp\/v2\/categories?post=35285"},{"taxonomy":"post_tag","embeddable":true,"href":"http:\/\/www.grieta.org.mx\/index.php\/wp-json\/wp\/v2\/tags?post=35285"}],"curies":[{"name":"wp","href":"https:\/\/api.w.org\/{rel}","templated":true}]}}