{"id":35101,"date":"2019-06-15T01:40:10","date_gmt":"2019-06-15T06:40:10","guid":{"rendered":"http:\/\/www.grieta.org.mx\/?p=35101"},"modified":"2019-06-20T21:22:17","modified_gmt":"2019-06-21T02:22:17","slug":"artesanos-del-tianguis-cultural-revolucion-juntan-firmas-ante-amenaza-de-desalojo-chihuahua","status":"publish","type":"post","link":"http:\/\/www.grieta.org.mx\/index.php\/2019\/06\/15\/artesanos-del-tianguis-cultural-revolucion-juntan-firmas-ante-amenaza-de-desalojo-chihuahua\/","title":{"rendered":"Artesanos del Tianguis Cultural Revoluci\u00f3n juntan firmas ante amenaza de desalojo (Chihuahua)"},"content":{"rendered":"<p><img loading=\"lazy\" decoding=\"async\" data-attachment-id=\"35134\" data-permalink=\"http:\/\/www.grieta.org.mx\/index.php\/2019\/06\/15\/artesanos-del-tianguis-cultural-revolucion-juntan-firmas-ante-amenaza-de-desalojo-chihuahua\/tianguero\/\" data-orig-file=\"http:\/\/www.grieta.org.mx\/wp-content\/uploads\/2019\/06\/Tianguero.jpg\" data-orig-size=\"1280,853\" data-comments-opened=\"0\" data-image-meta=\"{&quot;aperture&quot;:&quot;0&quot;,&quot;credit&quot;:&quot;&quot;,&quot;camera&quot;:&quot;&quot;,&quot;caption&quot;:&quot;&quot;,&quot;created_timestamp&quot;:&quot;0&quot;,&quot;copyright&quot;:&quot;&quot;,&quot;focal_length&quot;:&quot;0&quot;,&quot;iso&quot;:&quot;0&quot;,&quot;shutter_speed&quot;:&quot;0&quot;,&quot;title&quot;:&quot;&quot;,&quot;orientation&quot;:&quot;0&quot;}\" data-image-title=\"Tianguero\" data-image-description=\"\" data-image-caption=\"\" data-medium-file=\"http:\/\/www.grieta.org.mx\/wp-content\/uploads\/2019\/06\/Tianguero-300x200.jpg\" data-large-file=\"http:\/\/www.grieta.org.mx\/wp-content\/uploads\/2019\/06\/Tianguero-1024x682.jpg\" class=\"alignleft size-full wp-image-35134\" src=\"http:\/\/www.grieta.org.mx\/wp-content\/uploads\/2019\/06\/Tianguero.jpg\" alt=\"\" width=\"1280\" height=\"853\" srcset=\"http:\/\/www.grieta.org.mx\/wp-content\/uploads\/2019\/06\/Tianguero.jpg 1280w, http:\/\/www.grieta.org.mx\/wp-content\/uploads\/2019\/06\/Tianguero-300x200.jpg 300w, http:\/\/www.grieta.org.mx\/wp-content\/uploads\/2019\/06\/Tianguero-768x512.jpg 768w, http:\/\/www.grieta.org.mx\/wp-content\/uploads\/2019\/06\/Tianguero-1024x682.jpg 1024w, http:\/\/www.grieta.org.mx\/wp-content\/uploads\/2019\/06\/Tianguero-750x500.jpg 750w\" sizes=\"auto, (max-width: 1280px) 100vw, 1280px\" \/><\/p>\n<p>Redacci\u00f3n\/ RA\u00cdCHALI<\/p>\n<p>Chihuahua.- Con la amenaza de que en cualquier momento pueden ser desalojados, los artesanos del Tianguis\u00a0Cultural Revoluci\u00f3n aseguraron que van a continuar sus actividades culturales porque tienen\u00a0el derecho\u00a0de\u00a0utilizar\u00a0el espacio p\u00fablico.Hace una semana, mientras realizaban un taller de medicina tradicional, dos inspectores de Gobernaci\u00f3n Municipal llegaron al Parque Revoluci\u00f3n para pedirles que se retiraran del lugar que, desde hace seis a\u00f1os, es utilizado por el colectivo para realizar actividades culturales.<\/p>\n<p>Los artesanos les pidieron una explicaci\u00f3n o un documento para conocer los motivos del desalojo, sin embargo, lo \u00fanico que les comentaron fue que \u00abpor \u00f3rdenes de arriba\u00bb ya nadie deb\u00eda estar en el parque.<\/p>\n<figure class=\"wp-block-image\"><img decoding=\"async\" class=\"wp-image-2152\" src=\"https:\/\/raichali.com\/wp-content\/uploads\/2019\/06\/IMG-20190615-WA0029-1-1024x682.jpg\" sizes=\"(max-width: 1024px) 100vw, 1024px\" srcset=\"https:\/\/raichali.com\/wp-content\/uploads\/2019\/06\/IMG-20190615-WA0029-1-1024x682.jpg 1024w, https:\/\/raichali.com\/wp-content\/uploads\/2019\/06\/IMG-20190615-WA0029-1-300x200.jpg 300w, https:\/\/raichali.com\/wp-content\/uploads\/2019\/06\/IMG-20190615-WA0029-1-768x512.jpg 768w, https:\/\/raichali.com\/wp-content\/uploads\/2019\/06\/IMG-20190615-WA0029-1.jpg 1280w\" alt=\"\" \/><\/figure>\n<p>El problema naci\u00f3 por una denuncia de los vecinos del parque contra vendedores ambulantes que se hab\u00edan instalado en el lugar. Como de solicit\u00f3 el apoyo de las autoridades para retirarlos, la respuesta del Ayuntamiento fue que no pod\u00edan hacer excepciones, por lo que tambi\u00e9n procedieron a retirar a los artesanos.<\/p>\n<p>Zinnia Medrano, coordinadora del tianguis, inform\u00f3 que el jueves acudieron a la presidencia para explicarles de qu\u00e9 se trata el proyecto, pero no obtuvieron una respuesta favorable.<\/p>\n<p><em><strong>\u00abNosotros les explicamos nuestro proyecto. Les dijimos que tenemos aqu\u00ed seis a\u00f1os, pero nos dijeron que no pod\u00edan hacer excepciones, que si quitaban a uno, ten\u00edan que quitarnos a todos\u00bb<\/strong><\/em><\/p>\n<figure class=\"wp-block-image\"><img decoding=\"async\" class=\"wp-image-2143\" src=\"https:\/\/raichali.com\/wp-content\/uploads\/2019\/06\/IMG-20190615-WA0027-1-1024x682.jpg\" sizes=\"(max-width: 1024px) 100vw, 1024px\" srcset=\"https:\/\/raichali.com\/wp-content\/uploads\/2019\/06\/IMG-20190615-WA0027-1-1024x682.jpg 1024w, https:\/\/raichali.com\/wp-content\/uploads\/2019\/06\/IMG-20190615-WA0027-1-300x200.jpg 300w, https:\/\/raichali.com\/wp-content\/uploads\/2019\/06\/IMG-20190615-WA0027-1-768x512.jpg 768w, https:\/\/raichali.com\/wp-content\/uploads\/2019\/06\/IMG-20190615-WA0027-1.jpg 1280w\" alt=\"\" \/><\/figure>\n<p>La artesana sostuvo que no van a retirarse del lugar, por lo que est\u00e9 s\u00e1bado realizaron varias actividades para iniciar la defensa de tianguis, entre ellas una recolecci\u00f3n de firmas.<\/p>\n<p>Destac\u00f3 que el Ayuntamiento\u00a0se comprometi\u00f3 a no desalojarlos este fin de semana, sin embargo, trabajan bajo la incertidumbre de que en cualquier momento los pueden retirar del parque.<\/p>\n<figure class=\"wp-block-image\"><img decoding=\"async\" class=\"wp-image-2144\" src=\"https:\/\/raichali.com\/wp-content\/uploads\/2019\/06\/IMG-20190615-WA0030-1-1024x682.jpg\" sizes=\"(max-width: 1024px) 100vw, 1024px\" srcset=\"https:\/\/raichali.com\/wp-content\/uploads\/2019\/06\/IMG-20190615-WA0030-1-1024x682.jpg 1024w, https:\/\/raichali.com\/wp-content\/uploads\/2019\/06\/IMG-20190615-WA0030-1-300x200.jpg 300w, https:\/\/raichali.com\/wp-content\/uploads\/2019\/06\/IMG-20190615-WA0030-1-768x512.jpg 768w, https:\/\/raichali.com\/wp-content\/uploads\/2019\/06\/IMG-20190615-WA0030-1.jpg 1280w\" alt=\"\" \/><\/figure>\n<p>&nbsp;<\/p>\n<p><a href=\"https:\/\/raichali.com\/2019\/06\/15\/2136\/\" target=\"_blank\" rel=\"noopener noreferrer\">https:\/\/raichali.com\/2019\/06\/15\/2136\/<\/a><\/p>\n","protected":false},"excerpt":{"rendered":"<p>Redacci\u00f3n\/ RA\u00cdCHALI Chihuahua.- Con la amenaza de que en cualquier momento pueden ser desalojados, los artesanos del Tianguis\u00a0Cultural Revoluci\u00f3n aseguraron que van a continuar sus actividades culturales porque tienen\u00a0el derecho\u00a0de\u00a0utilizar\u00a0el &hellip; <a href=\"http:\/\/www.grieta.org.mx\/index.php\/2019\/06\/15\/artesanos-del-tianguis-cultural-revolucion-juntan-firmas-ante-amenaza-de-desalojo-chihuahua\/\" class=\"more-link\">Leer m\u00e1s<\/a><\/p>\n","protected":false},"author":2,"featured_media":35134,"comment_status":"closed","ping_status":"closed","sticky":false,"template":"","format":"standard","meta":{"ngg_post_thumbnail":0,"_jetpack_newsletter_access":"","_jetpack_dont_email_post_to_subs":false,"_jetpack_newsletter_tier_id":0,"_jetpack_memberships_contains_paywalled_content":false,"_jetpack_memberships_contains_paid_content":false,"footnotes":""},"categories":[12,80,2],"tags":[661,870],"class_list":["post-35101","post","type-post","status-publish","format-standard","has-post-thumbnail","hentry","category-chihuahua","category-cintillo","category-noticias-nacionales","tag-artesanos","tag-gentrificacion","entry"],"jetpack_featured_media_url":"http:\/\/www.grieta.org.mx\/wp-content\/uploads\/2019\/06\/Tianguero.jpg","jetpack_sharing_enabled":true,"jetpack_shortlink":"https:\/\/wp.me\/p7ZJR4-989","jetpack_likes_enabled":false,"jetpack-related-posts":[{"id":46651,"url":"http:\/\/www.grieta.org.mx\/index.php\/2020\/03\/23\/denuncian-acoso-a-artesanos-en-amealco-queretaro\/","url_meta":{"origin":35101,"position":0},"title":"Denuncian acoso a artesanos en Amealco (Quer\u00e9taro)","author":"grieta","date":"23 marzo, 2020","format":false,"excerpt":"Foto tomada de: www.alertaqronoticias.com Alerta Quer\u00e9taro Noticias Artesanos de Santiago Mexquititan, en Amealco, denunciaron la detenci\u00f3n y desalojo arbitrario, por parte de autoridades de ese municipio, este fin de semana, a consecuencia de su oposici\u00f3n a la propuesta de un tianguis. Narraron que el pasado s\u00e1bado a las 7 de\u2026","rel":"","context":"En &quot;Abuso policiaco y tortura en Quer\u00e9taro&quot;","block_context":{"text":"Abuso policiaco y tortura en Quer\u00e9taro","link":"http:\/\/www.grieta.org.mx\/index.php\/category\/noticias-nacionales\/queretaro\/abuso-policiaco-y-tortura-en-queretaro\/"},"img":{"alt_text":"","src":"https:\/\/i0.wp.com\/www.grieta.org.mx\/wp-content\/uploads\/2020\/03\/Denuncian-acoso-a-artesanos-en-Amealco-qro-mzo.jpg?resize=350%2C200","width":350,"height":200,"srcset":"https:\/\/i0.wp.com\/www.grieta.org.mx\/wp-content\/uploads\/2020\/03\/Denuncian-acoso-a-artesanos-en-Amealco-qro-mzo.jpg?resize=350%2C200 1x, https:\/\/i0.wp.com\/www.grieta.org.mx\/wp-content\/uploads\/2020\/03\/Denuncian-acoso-a-artesanos-en-Amealco-qro-mzo.jpg?resize=525%2C300 1.5x, https:\/\/i0.wp.com\/www.grieta.org.mx\/wp-content\/uploads\/2020\/03\/Denuncian-acoso-a-artesanos-en-Amealco-qro-mzo.jpg?resize=700%2C400 2x"},"classes":[]},{"id":12315,"url":"http:\/\/www.grieta.org.mx\/index.php\/2016\/05\/06\/desalojo-a-artesanos-triquis-en-monterrey-nuevo-leon\/","url_meta":{"origin":35101,"position":1},"title":"Desalojo a artesanos Triquis en Monterrey Nuevo Le\u00f3n","author":"grieta","date":"6 mayo, 2016","format":false,"excerpt":"Sr. Adalberto Hern\u00e1ndez Alvarez, Representante del Consejo Ind\u00edgena Triqui del Estado de Oaxaca radicado en Nuevo Le\u00f3n. Denuncia que: El d\u00eda 17 de Abril, mi familia y yo, fuimos violentamente desalojados de nuestro local de ventas de artesan\u00edas oaxaque\u00f1as, ubicado en el centro comercial \u201cPlaza Fiesta San Agust\u00edn\u201d, local 2085\u2026","rel":"","context":"En &quot;CINTILLO&quot;","block_context":{"text":"CINTILLO","link":"http:\/\/www.grieta.org.mx\/index.php\/category\/cintillo\/"},"img":{"alt_text":"","src":"https:\/\/i0.wp.com\/www.grieta.org.mx\/wp-content\/uploads\/2018\/03\/14524434_1106112876131411_958039263622046936_o.jpg?resize=350%2C200","width":350,"height":200,"srcset":"https:\/\/i0.wp.com\/www.grieta.org.mx\/wp-content\/uploads\/2018\/03\/14524434_1106112876131411_958039263622046936_o.jpg?resize=350%2C200 1x, https:\/\/i0.wp.com\/www.grieta.org.mx\/wp-content\/uploads\/2018\/03\/14524434_1106112876131411_958039263622046936_o.jpg?resize=525%2C300 1.5x, https:\/\/i0.wp.com\/www.grieta.org.mx\/wp-content\/uploads\/2018\/03\/14524434_1106112876131411_958039263622046936_o.jpg?resize=700%2C400 2x"},"classes":[]},{"id":12316,"url":"http:\/\/www.grieta.org.mx\/index.php\/2016\/05\/10\/desalojo-de-comerciantes-en-nuevo-leon\/","url_meta":{"origin":35101,"position":2},"title":"Desalojo de comerciantes en Nuevo Le\u00f3n","author":"grieta","date":"10 mayo, 2016","format":false,"excerpt":"06\/05\/16. Desalojo a artesanos Triquis en Monterrey Nuevo Le\u00f3nCentro de Medios Libres","rel":"","context":"En &quot;NOTICIAS NACIONALES&quot;","block_context":{"text":"NOTICIAS NACIONALES","link":"http:\/\/www.grieta.org.mx\/index.php\/category\/noticias-nacionales\/"},"img":{"alt_text":"","src":"https:\/\/i0.wp.com\/www.grieta.org.mx\/wp-content\/uploads\/2018\/03\/14524434_1106112876131411_958039263622046936_o.jpg?resize=350%2C200","width":350,"height":200,"srcset":"https:\/\/i0.wp.com\/www.grieta.org.mx\/wp-content\/uploads\/2018\/03\/14524434_1106112876131411_958039263622046936_o.jpg?resize=350%2C200 1x, https:\/\/i0.wp.com\/www.grieta.org.mx\/wp-content\/uploads\/2018\/03\/14524434_1106112876131411_958039263622046936_o.jpg?resize=525%2C300 1.5x, https:\/\/i0.wp.com\/www.grieta.org.mx\/wp-content\/uploads\/2018\/03\/14524434_1106112876131411_958039263622046936_o.jpg?resize=700%2C400 2x"},"classes":[]},{"id":58097,"url":"http:\/\/www.grieta.org.mx\/index.php\/2021\/04\/03\/las-autoridades-no-nos-cumplen-protestan-artesanos-queretaro\/","url_meta":{"origin":35101,"position":3},"title":"&#8220;Las autoridades no nos cumplen&#8221;, protestan artesanos (Quer\u00e9taro)","author":"grieta","date":"3 abril, 2021","format":false,"excerpt":"Foto: Demian Ch\u00e1vez Alma G\u00f3mez \/ El Universal Niegan fin pol\u00edtico por instalarse en el andador 5 de Mayo Los artesanos y ambulantes instalados desde hace seis meses en el andador 5 de mayo, en el centro de la ciudad, respondieron a las denuncias hechas en rueda de prensa por\u2026","rel":"","context":"En &quot;Abuso policiaco y tortura en Quer\u00e9taro&quot;","block_context":{"text":"Abuso policiaco y tortura en Quer\u00e9taro","link":"http:\/\/www.grieta.org.mx\/index.php\/category\/noticias-nacionales\/queretaro\/abuso-policiaco-y-tortura-en-queretaro\/"},"img":{"alt_text":"","src":"https:\/\/i0.wp.com\/www.grieta.org.mx\/wp-content\/uploads\/2021\/04\/Las-autoridades-no-nos-cumplen-qro-abr.jpg?resize=350%2C200","width":350,"height":200},"classes":[]},{"id":47859,"url":"http:\/\/www.grieta.org.mx\/index.php\/2020\/04\/15\/prometen-ayuda-a-artesanos-y-no-les-cumplen-en-quiroga\/","url_meta":{"origin":35101,"position":4},"title":"Prometen ayuda a artesanos y no les cumplen, en Quiroga (Michoac\u00e1n)","author":"grieta","date":"15 abril, 2020","format":false,"excerpt":"Patzcuaronoticias.com \/ 15 de abril de 2020 No les cumplen a artesanos Un grupo de artesanos han manifestado su inconformidad y se dicen defraudados por su gobierno municipal por no apoyarlos durante la contingencia sanitaria. \u201cNos dieron atole con el dedo\u201d, dicen los artesanos. En una reuni\u00f3n, las autoridades municipales\u2026","rel":"","context":"En &quot;CINTILLO&quot;","block_context":{"text":"CINTILLO","link":"http:\/\/www.grieta.org.mx\/index.php\/category\/cintillo\/"},"img":{"alt_text":"","src":"https:\/\/i0.wp.com\/www.grieta.org.mx\/wp-content\/uploads\/2020\/04\/QuirogaMich.jpg?resize=350%2C200","width":350,"height":200,"srcset":"https:\/\/i0.wp.com\/www.grieta.org.mx\/wp-content\/uploads\/2020\/04\/QuirogaMich.jpg?resize=350%2C200 1x, https:\/\/i0.wp.com\/www.grieta.org.mx\/wp-content\/uploads\/2020\/04\/QuirogaMich.jpg?resize=525%2C300 1.5x"},"classes":[]},{"id":12347,"url":"http:\/\/www.grieta.org.mx\/index.php\/2016\/05\/15\/pretenden-reubicar-a-la-fuerza-a-artesanos-de-chichen-itza\/","url_meta":{"origin":35101,"position":5},"title":"Pretenden reubicar a la fuerza a artesanos de Chich\u00e9n Itz\u00e1","author":"grieta","date":"15 mayo, 2016","format":false,"excerpt":"015\/05\/16. Artesanos de Chich\u00e9n Itz\u00e1 ampl\u00edan denuncia ante la CODHEY, nos quieren reubicar a la fuerza Infolliteras","rel":"","context":"En &quot;NOTICIAS NACIONALES&quot;","block_context":{"text":"NOTICIAS NACIONALES","link":"http:\/\/www.grieta.org.mx\/index.php\/category\/noticias-nacionales\/"},"img":{"alt_text":"","src":"https:\/\/i0.wp.com\/www.grieta.org.mx\/wp-content\/uploads\/2018\/03\/14524434_1106112876131411_958039263622046936_o.jpg?resize=350%2C200","width":350,"height":200,"srcset":"https:\/\/i0.wp.com\/www.grieta.org.mx\/wp-content\/uploads\/2018\/03\/14524434_1106112876131411_958039263622046936_o.jpg?resize=350%2C200 1x, https:\/\/i0.wp.com\/www.grieta.org.mx\/wp-content\/uploads\/2018\/03\/14524434_1106112876131411_958039263622046936_o.jpg?resize=525%2C300 1.5x, https:\/\/i0.wp.com\/www.grieta.org.mx\/wp-content\/uploads\/2018\/03\/14524434_1106112876131411_958039263622046936_o.jpg?resize=700%2C400 2x"},"classes":[]}],"_links":{"self":[{"href":"http:\/\/www.grieta.org.mx\/index.php\/wp-json\/wp\/v2\/posts\/35101","targetHints":{"allow":["GET"]}}],"collection":[{"href":"http:\/\/www.grieta.org.mx\/index.php\/wp-json\/wp\/v2\/posts"}],"about":[{"href":"http:\/\/www.grieta.org.mx\/index.php\/wp-json\/wp\/v2\/types\/post"}],"author":[{"embeddable":true,"href":"http:\/\/www.grieta.org.mx\/index.php\/wp-json\/wp\/v2\/users\/2"}],"replies":[{"embeddable":true,"href":"http:\/\/www.grieta.org.mx\/index.php\/wp-json\/wp\/v2\/comments?post=35101"}],"version-history":[{"count":1,"href":"http:\/\/www.grieta.org.mx\/index.php\/wp-json\/wp\/v2\/posts\/35101\/revisions"}],"predecessor-version":[{"id":35137,"href":"http:\/\/www.grieta.org.mx\/index.php\/wp-json\/wp\/v2\/posts\/35101\/revisions\/35137"}],"wp:featuredmedia":[{"embeddable":true,"href":"http:\/\/www.grieta.org.mx\/index.php\/wp-json\/wp\/v2\/media\/35134"}],"wp:attachment":[{"href":"http:\/\/www.grieta.org.mx\/index.php\/wp-json\/wp\/v2\/media?parent=35101"}],"wp:term":[{"taxonomy":"category","embeddable":true,"href":"http:\/\/www.grieta.org.mx\/index.php\/wp-json\/wp\/v2\/categories?post=35101"},{"taxonomy":"post_tag","embeddable":true,"href":"http:\/\/www.grieta.org.mx\/index.php\/wp-json\/wp\/v2\/tags?post=35101"}],"curies":[{"name":"wp","href":"https:\/\/api.w.org\/{rel}","templated":true}]}}