{"id":35011,"date":"2019-06-18T00:33:45","date_gmt":"2019-06-18T05:33:45","guid":{"rendered":"http:\/\/www.grieta.org.mx\/?p=35011"},"modified":"2019-06-19T00:45:12","modified_gmt":"2019-06-19T05:45:12","slug":"desplazamiento-en-la-tarahumara-perder-la-paz-el-patrimonio-y-la-identidad-chihuahua","status":"publish","type":"post","link":"http:\/\/www.grieta.org.mx\/index.php\/2019\/06\/18\/desplazamiento-en-la-tarahumara-perder-la-paz-el-patrimonio-y-la-identidad-chihuahua\/","title":{"rendered":"Desplazamiento en la tarahumara: perder la paz, el patrimonio y la identidad (Chihuahua)"},"content":{"rendered":"<p>Ra\u00edchali\/ LA VERDAD<\/p>\n<blockquote><p>Chihuahua \u2013 Huyen por el monte, como ganado.<\/p>\n<p>\u2013A veces se pasan semanas enteras caminado, escondi\u00e9ndose.<\/p>\n<p>\u2013Comen lo que pueden: nopales, plantas, lo que encentran en el camino.<\/p>\n<p>\u2013Se van apenas con lo que llevan puesto. Son pocos los que logran planear su salida.<\/p>\n<p>\u2013Pasan de comunidad en comunidad hasta que encuentran en d\u00f3nde volver a empezar.<\/p><\/blockquote>\n<p>\u2013El tiempo no cura el da\u00f1o. Los persigue la incertidumbre, la idea de que los pueden encontrar\u2026<\/p>\n<p>As\u00ed comienzan las historias de las familias rar\u00e1muri desplazadas por la violencia generalizada en la Sierra Tarahumara. Los sobrevivientes de este fen\u00f3meno, que lleva en el estado m\u00e1s de 10 a\u00f1os, suelen encontrar asilo con amigos o familiares de municipios cercanos a su comunidad, otros llegan hasta la capital e incluso a otro estado.<\/p>\n<p>Dimensionar el problema no es tan sencillo. Varios de ellos prefieren no denunciar por miedo a ser localizados, por lo que prefieren volver a comenzar de cero, pues huyen sin ning\u00fan proyecto de vida.<\/p>\n<p>De acuerdo con la titular de la Comisi\u00f3n Ejecutiva de Atenci\u00f3n a V\u00edctimas del Estado, Irma Villanueva, en los \u00faltimos dos a\u00f1os han identificado al menos 400 casos de desplazamiento interno.<\/p>\n<p>Uno de los casos m\u00e1s recientes ocurri\u00f3 en Atascaderos, Guadalupe y Calvo. Seg\u00fan los habitantes de la comunidad, cerca de 60 por ciento de sus habitantes prefirieron irse a vivir con el miedo de ser asesinados.<\/p>\n<p>En redes sociales circul\u00f3 un video que muestra a familias enteras abandonan el lugar en caravana. De acuerdo con los habitantes de esa regi\u00f3n, a varios de ellos los emplazaron para salir del pueblo en m\u00e1ximo 24 horas porque se negaron a entregar sus camionetas.<\/p>\n<p><iframe loading=\"lazy\" src=\"https:\/\/www.youtube.com\/embed\/g80lsqlSNCY\" width=\"764\" height=\"750\" frameborder=\"0\" allowfullscreen=\"allowfullscreen\"><\/iframe> Video tomado de Ra\u00edchali<\/p>\n<p>Vivir con miedo y en silencio<\/p>\n<p>Como este caso hay varios que no se cuentan, aunque el camino para todos es igual de dif\u00edcil. Una familia desplazada puede tardar hasta seis meses en encontrar un hogar y un trabajo para establecerse.<\/p>\n<p>Por ello, es m\u00e1s dif\u00edcil que las ni\u00f1as, ni\u00f1os y j\u00f3venes en edad escolar puedan continuar con sus estudios.<\/p>\n<p>En sus comunidades no s\u00f3lo dejan el patrimonio que hab\u00edan logrado construir con su familia, cambiar de la sierra a ciudades m\u00e1s grandes como Ju\u00e1rez o Chihuahua, tambi\u00e9n trae consigo la p\u00e9rdida de su identidad \u00e9tnica.<\/p>\n<p>No importa cu\u00e1nto tiempo pase desde su desplazamiento, las familias viven con la zozobra de que los vengan persiguiendo y, con tal de no correr m\u00e1s riesgos, optan por vivir en escondidos y en silencio.<\/p>\n<p>Aunque la p\u00e9rdida de identidad \u00e9tnica est\u00e1 ligada a varios factores, en el desplazamiento forzado se puede observar en la dificultad que tienen las personas para reproducir su cultura fuera de su territorio.<\/p>\n<p>Al salir de sus comunidades, tanto los rar\u00e1mrui como los \u00f3dami (tepehuanes), inician un proceso de desterritorializaci\u00f3n, es decir, que se alejan de su identidad ind\u00edgena al estar \u00edntimamente vinculado al territorio y sus elementos materiales del medio ambiente.<\/p>\n<p>Encontrar un sustento es uno de los problemas m\u00e1s dif\u00edciles que enfrentan. Al ser familias grandes que viv\u00edan en un rancho, viven acinados en una casa y batallan m\u00e1s para conseguir sus alimentos.<\/p>\n<p>Por ejemplo, los desplazados pasan de una econom\u00eda de autoconsumo en el campo a trabajar en oficios a los que no est\u00e1n acostumbrados como la construcci\u00f3n o maquiladoras, mientras que las mujeres suelen encontrar un espacio en el trabajo dom\u00e9stico.<\/p>\n<figure id=\"attachment_35012\" aria-describedby=\"caption-attachment-35012\" style=\"width: 300px\" class=\"wp-caption alignleft\"><img loading=\"lazy\" decoding=\"async\" data-attachment-id=\"35012\" data-permalink=\"http:\/\/www.grieta.org.mx\/index.php\/2019\/06\/18\/desplazamiento-en-la-tarahumara-perder-la-paz-el-patrimonio-y-la-identidad-chihuahua\/operativo-coordinado-atascaderos-2\/\" data-orig-file=\"http:\/\/www.grieta.org.mx\/wp-content\/uploads\/2019\/06\/Operativo-coordinado-Atascaderos-2.jpeg\" data-orig-size=\"780,600\" data-comments-opened=\"0\" data-image-meta=\"{&quot;aperture&quot;:&quot;0&quot;,&quot;credit&quot;:&quot;&quot;,&quot;camera&quot;:&quot;&quot;,&quot;caption&quot;:&quot;&quot;,&quot;created_timestamp&quot;:&quot;0&quot;,&quot;copyright&quot;:&quot;&quot;,&quot;focal_length&quot;:&quot;0&quot;,&quot;iso&quot;:&quot;0&quot;,&quot;shutter_speed&quot;:&quot;0&quot;,&quot;title&quot;:&quot;&quot;,&quot;orientation&quot;:&quot;0&quot;}\" data-image-title=\"Operativo-coordinado-Atascaderos-2\" data-image-description=\"\" data-image-caption=\"&lt;p&gt;Operativo en Atascaderos. Fotograf\u00eda Ra\u00edchali&lt;\/p&gt;\n\" data-medium-file=\"http:\/\/www.grieta.org.mx\/wp-content\/uploads\/2019\/06\/Operativo-coordinado-Atascaderos-2-300x231.jpeg\" data-large-file=\"http:\/\/www.grieta.org.mx\/wp-content\/uploads\/2019\/06\/Operativo-coordinado-Atascaderos-2.jpeg\" class=\"size-medium wp-image-35012\" src=\"http:\/\/www.grieta.org.mx\/wp-content\/uploads\/2019\/06\/Operativo-coordinado-Atascaderos-2-300x231.jpeg\" alt=\"\" width=\"300\" height=\"231\" srcset=\"http:\/\/www.grieta.org.mx\/wp-content\/uploads\/2019\/06\/Operativo-coordinado-Atascaderos-2-300x231.jpeg 300w, http:\/\/www.grieta.org.mx\/wp-content\/uploads\/2019\/06\/Operativo-coordinado-Atascaderos-2-768x591.jpeg 768w, http:\/\/www.grieta.org.mx\/wp-content\/uploads\/2019\/06\/Operativo-coordinado-Atascaderos-2-650x500.jpeg 650w, http:\/\/www.grieta.org.mx\/wp-content\/uploads\/2019\/06\/Operativo-coordinado-Atascaderos-2.jpeg 780w\" sizes=\"auto, (max-width: 300px) 100vw, 300px\" \/><figcaption id=\"caption-attachment-35012\" class=\"wp-caption-text\">Operativo en Atascaderos. Fotograf\u00eda Ra\u00edchali<\/figcaption><\/figure>\n<p>Operativo Conjunto Chihuahua, el detonante<\/p>\n<p>El desplazamiento forzado en Chihuahua est\u00e1 directamente asociado con la violencia generalizada provocado por el crimen organizado, principalmente en los municipios de Guadalupe y Calvo y Balleza.<\/p>\n<p>De acuerdo con el antrop\u00f3logo Rafael Ortega, este fen\u00f3meno inicia con el asedio de un grupo criminal local sobre una comunidad. Los conflictos pueden variar desde alguna rivalidad sobre una familia, el despojo del territorio por pr\u00e1cticas como la tala ilegal del bosque.<\/p>\n<p>Aunque hay registros de desplazamiento forzado antes del 2007, explic\u00f3, fue a partir del operativo Conjunto Chihuahua que los \u00edndices delictivos en el estado se dispararon y la Sierra Tarahumara fue una de las regiones m\u00e1s afectadas.<\/p>\n<p>En el 2008, cuando el entonces presidente Felipe Calder\u00f3n anunci\u00f3 la estrategia, la estad\u00edstica de homicidios en Chihuahua se dispar\u00f3 de 700 casos 6 mil en 2010, seg\u00fan datos del Instituto Nacional de Estad\u00edstica y Geograf\u00eda (Inegi).<\/p>\n<p>En ese contexto de violencia, detall\u00f3 Ortega, el desplazamiento se da como una consecuencia, no como un delito, por lo que es dif\u00edcil pensar en una soluci\u00f3n a corto plazo.<\/p>\n<p>\u201cHay muchos conflictos que pueden provocar el desplazamiento, pero todos, invariablemente, est\u00e1n ligados al crimen organizado. A veces se quieren salir porque sus hijos est\u00e1n enganchados, casi esclavizados en la siembra, otras porque son acusados de llevar o traer informaci\u00f3n a grupos contrarios o por rivalidades con personas de un apellido espec\u00edfico\u201d<\/p>\n<p>Como ejemplo, mencion\u00f3 que muchas familias salen porque escucharon que iban a asesinar a las personas de una familia en espec\u00edfico, no se les considera v\u00edctimas porque salieron por un contexto de violencia.<\/p>\n<p>Tambi\u00e9n hay personas que sufrieron en su familia delitos como homicidio, secuestro y extorsi\u00f3n, pero deciden no denunciar porque desconf\u00edan en las instituciones de seguridad, por lo que tampoco pueden acceder a los fondos de atenci\u00f3n para la reparaci\u00f3n del da\u00f1o.<\/p>\n<p>Por la complejidad de este fen\u00f3meno social, Ortega Sinaloa insisti\u00f3 en que m\u00e1s all\u00e1 de las medidas de seguridad por parte del Estado, establecer una estrategia de prevenci\u00f3n y atenci\u00f3n a las v\u00edctimas requiere de un an\u00e1lisis profundo.<\/p>\n<p>\u201cLa generalizaci\u00f3n de la violencia va desplazando a la gente de sus comunidades, es la consecuencia de un fen\u00f3meno social que se llama narco y que viene de un proceso de muy larga duraci\u00f3n y, si estamos hablando de un problema de larga duraci\u00f3n, la soluci\u00f3n tambi\u00e9n lo es\u201d<\/p>\n<p><a href=\"https:\/\/laverdadjuarez.com\/index.php\/2019\/06\/18\/desplazamiento-en-la-tarahumara-perder-la-paz-el-patrimonio-y-la-identidad\/\" target=\"_blank\" rel=\"noopener noreferrer\">https:\/\/laverdadjuarez.com\/index.php\/2019\/06\/18\/desplazamiento-en-la-tarahumara-perder-la-paz-el-patrimonio-y-la-identidad\/<\/a><\/p>\n","protected":false},"excerpt":{"rendered":"<p>Ra\u00edchali\/ LA VERDAD Chihuahua \u2013 Huyen por el monte, como ganado. \u2013A veces se pasan semanas enteras caminado, escondi\u00e9ndose. \u2013Comen lo que pueden: nopales, plantas, lo que encentran en el &hellip; <a href=\"http:\/\/www.grieta.org.mx\/index.php\/2019\/06\/18\/desplazamiento-en-la-tarahumara-perder-la-paz-el-patrimonio-y-la-identidad-chihuahua\/\" class=\"more-link\">Leer m\u00e1s<\/a><\/p>\n","protected":false},"author":2,"featured_media":35012,"comment_status":"closed","ping_status":"closed","sticky":false,"template":"","format":"standard","meta":{"ngg_post_thumbnail":0,"_jetpack_newsletter_access":"","_jetpack_dont_email_post_to_subs":false,"_jetpack_newsletter_tier_id":0,"_jetpack_memberships_contains_paywalled_content":false,"_jetpack_memberships_contains_paid_content":false,"footnotes":""},"categories":[12,80,1029,1278,912,1184,2,2211,83,1914],"tags":[1836,1835,1715,1714,2563,2564,1720,591],"class_list":["post-35011","post","type-post","status-publish","format-standard","has-post-thumbnail","hentry","category-chihuahua","category-cintillo","category-conflictos-y-resistencias-del-pueblo-raramuri","category-despojo-de-tierras-y-territorios","category-militarizacion","category-militarizacion-en-chihuahua","category-noticias-nacionales","category-tala-ilegal-en-la-tarahumara","category-temas-nacionales","category-violencia-contra-defensores-de-derechos-humanos-y-ecologistas-en-chihuahua","tag-asesinatos-de-raramuris","tag-lideres-tarahumaras-asesinados","tag-pueblo-raramuri","tag-pueblo-tarahuamara","tag-pueblo-tarahumara","tag-raramuris-desplazados-por-violencia","tag-raramuris-migrantes","tag-sierra-tarahumara","entry"],"jetpack_featured_media_url":"http:\/\/www.grieta.org.mx\/wp-content\/uploads\/2019\/06\/Operativo-coordinado-Atascaderos-2.jpeg","jetpack_sharing_enabled":true,"jetpack_shortlink":"https:\/\/wp.me\/p7ZJR4-96H","jetpack_likes_enabled":false,"jetpack-related-posts":[{"id":33741,"url":"http:\/\/www.grieta.org.mx\/index.php\/2019\/04\/25\/secuestran-al-hijo-de-cruz-sanchez-defensor-indigena-en-chihuahua\/","url_meta":{"origin":35011,"position":0},"title":"Secuestran al hijo de Cruz S\u00e1nchez, defensor ind\u00edgena en Chihuahua","author":"grieta","date":"25 abril, 2019","format":false,"excerpt":"Hombres armados sacaron a la fuerza de su casa a Joel S\u00e1nchez. La familia es parte de la comunidad El Manzano, cuyos habitantes son v\u00edctimas de desplazamiento por la violencia del crimen organizado. Redacci\u00f3n\/ ANIMAL POL\u00cdTICO Hombres armados secuestraron este mi\u00e9rcoles a Joel S\u00e1nchez Cruz, hijo del defensor y activista\u2026","rel":"","context":"En &quot;Chihuahua&quot;","block_context":{"text":"Chihuahua","link":"http:\/\/www.grieta.org.mx\/index.php\/category\/noticias-nacionales\/chihuahua\/"},"img":{"alt_text":"","src":"https:\/\/i0.wp.com\/www.grieta.org.mx\/wp-content\/uploads\/2019\/05\/Secuestro.jpg?resize=350%2C200","width":350,"height":200,"srcset":"https:\/\/i0.wp.com\/www.grieta.org.mx\/wp-content\/uploads\/2019\/05\/Secuestro.jpg?resize=350%2C200 1x, https:\/\/i0.wp.com\/www.grieta.org.mx\/wp-content\/uploads\/2019\/05\/Secuestro.jpg?resize=525%2C300 1.5x, https:\/\/i0.wp.com\/www.grieta.org.mx\/wp-content\/uploads\/2019\/05\/Secuestro.jpg?resize=700%2C400 2x, https:\/\/i0.wp.com\/www.grieta.org.mx\/wp-content\/uploads\/2019\/05\/Secuestro.jpg?resize=1050%2C600 3x, https:\/\/i0.wp.com\/www.grieta.org.mx\/wp-content\/uploads\/2019\/05\/Secuestro.jpg?resize=1400%2C800 4x"},"classes":[]},{"id":33698,"url":"http:\/\/www.grieta.org.mx\/index.php\/2019\/05\/17\/mexico-asesinan-a-madre-e-hijo-defensores-de-tierra-y-territorio-de-la-sierra-tarahumara-y-familiares-de-lider-julian-carrillo-martinez-asesinado-en-2018\/","url_meta":{"origin":35011,"position":1},"title":"M\u00e9xico: Asesinan a madre e hijo, defensores de tierra y territorio de la Sierra Tarahumara y familiares de l\u00edder Juli\u00e1n Carrillo Mart\u00ednez asesinado en 2018","author":"grieta","date":"17 mayo, 2019","format":false,"excerpt":"BUSINESS-HUMANRIGHT\/ LA JORNADA \u201cMatan a madre e hijo, defensores de bosques en Chihuahua\u201d, 4 de mayo de 2019 \u2026Asesinos a sueldo ultimaron a Otilia Mart\u00ednez Cruz\u2026y a su hijo Gregorio Chaparro Cruz, de 20, en el municipio de Guadalupe y Calvo, en los l\u00edmites de Chihuahua y Sinaloa. Las v\u00edctimas\u2026","rel":"","context":"En &quot;Chihuahua&quot;","block_context":{"text":"Chihuahua","link":"http:\/\/www.grieta.org.mx\/index.php\/category\/noticias-nacionales\/chihuahua\/"},"img":{"alt_text":"","src":"https:\/\/i0.wp.com\/www.grieta.org.mx\/wp-content\/uploads\/2018\/03\/14524434_1106112876131411_958039263622046936_o.jpg?resize=350%2C200","width":350,"height":200,"srcset":"https:\/\/i0.wp.com\/www.grieta.org.mx\/wp-content\/uploads\/2018\/03\/14524434_1106112876131411_958039263622046936_o.jpg?resize=350%2C200 1x, https:\/\/i0.wp.com\/www.grieta.org.mx\/wp-content\/uploads\/2018\/03\/14524434_1106112876131411_958039263622046936_o.jpg?resize=525%2C300 1.5x, https:\/\/i0.wp.com\/www.grieta.org.mx\/wp-content\/uploads\/2018\/03\/14524434_1106112876131411_958039263622046936_o.jpg?resize=700%2C400 2x"},"classes":[]},{"id":22841,"url":"http:\/\/www.grieta.org.mx\/index.php\/2015\/01\/24\/raramuris-impiden-construccion-del-gasoducto-en-batopilas\/","url_meta":{"origin":35011,"position":2},"title":"Rar\u00e1muris impiden construcci\u00f3n del gasoducto en Batopilas (Chihuahua)","author":"grieta","date":"24 enero, 2015","format":false,"excerpt":"Cientos de ind\u00edgenas lograron detener de forma pac\u00edfica, sin que exista una resoluci\u00f3n judicial, pues acordaron que se realice primero una consulta en los pueblos rar\u00e1muris por no haber respetado los derechos de los pueblos rar\u00e1muri. Se trata del gasoducto El Encino-Topolobampo, que implica construir 530 kil\u00f3metros de tuber\u00eda de\u2026","rel":"","context":"En &quot;Chihuahua&quot;","block_context":{"text":"Chihuahua","link":"http:\/\/www.grieta.org.mx\/index.php\/category\/noticias-nacionales\/chihuahua\/"},"img":{"alt_text":"","src":"https:\/\/i0.wp.com\/www.grieta.org.mx\/wp-content\/uploads\/2018\/03\/14524434_1106112876131411_958039263622046936_o.jpg?resize=350%2C200","width":350,"height":200,"srcset":"https:\/\/i0.wp.com\/www.grieta.org.mx\/wp-content\/uploads\/2018\/03\/14524434_1106112876131411_958039263622046936_o.jpg?resize=350%2C200 1x, https:\/\/i0.wp.com\/www.grieta.org.mx\/wp-content\/uploads\/2018\/03\/14524434_1106112876131411_958039263622046936_o.jpg?resize=525%2C300 1.5x, https:\/\/i0.wp.com\/www.grieta.org.mx\/wp-content\/uploads\/2018\/03\/14524434_1106112876131411_958039263622046936_o.jpg?resize=700%2C400 2x"},"classes":[]},{"id":33754,"url":"http:\/\/www.grieta.org.mx\/index.php\/2017\/02\/03\/fiscalia-de-chihuahua-entorpece-investigacion-del-asesinato-del-raramuri-ontiveros-ong\/","url_meta":{"origin":35011,"position":3},"title":"Fiscal\u00eda de Chihuahua entorpece investigaci\u00f3n del asesinato del rar\u00e1muri Ontiveros: ONG","author":"grieta","date":"3 febrero, 2017","format":false,"excerpt":"Nancy Flores\/ CONTRAL\u00cdNEA \u00a0 M\u00e1s de 20 organizaciones de defensor\u00eda de los derechos humanos se\u00f1alan a la Fiscal\u00eda General del Estado de Chihuahua (FGE) por entorpecer las investigaciones en torno al asesinato del defensor del medio ambiente Juan Ontiveros Ramos, ocurrido el pasado 1 de febrero en el municipio Guadalupe\u2026","rel":"","context":"En &quot;Chihuahua&quot;","block_context":{"text":"Chihuahua","link":"http:\/\/www.grieta.org.mx\/index.php\/category\/noticias-nacionales\/chihuahua\/"},"img":{"alt_text":"","src":"https:\/\/i0.wp.com\/www.grieta.org.mx\/wp-content\/uploads\/2018\/03\/14524434_1106112876131411_958039263622046936_o.jpg?resize=350%2C200","width":350,"height":200,"srcset":"https:\/\/i0.wp.com\/www.grieta.org.mx\/wp-content\/uploads\/2018\/03\/14524434_1106112876131411_958039263622046936_o.jpg?resize=350%2C200 1x, https:\/\/i0.wp.com\/www.grieta.org.mx\/wp-content\/uploads\/2018\/03\/14524434_1106112876131411_958039263622046936_o.jpg?resize=525%2C300 1.5x, https:\/\/i0.wp.com\/www.grieta.org.mx\/wp-content\/uploads\/2018\/03\/14524434_1106112876131411_958039263622046936_o.jpg?resize=700%2C400 2x"},"classes":[]},{"id":22839,"url":"http:\/\/www.grieta.org.mx\/index.php\/2014\/10\/31\/repudian-raramuris-proyecto-de-gasoducto-en-chihuahua\/","url_meta":{"origin":35011,"position":4},"title":"Repudian rar\u00e1muris proyecto de gasoducto en Chihuahua","author":"grieta","date":"31 octubre, 2014","format":false,"excerpt":"Patricia Mayorga CHIHUAHUA, Chih. (apro).- Las organizaciones que acompa\u00f1an a las comunidades ind\u00edgenas por donde pasar\u00e1 el gasoducto El Encino-Topolobampo pidieron seguridad para los rar\u00e1muri, quienes han exigido consulta previa para que avance el proyecto, debido a que est\u00e1n siendo intimidados para desistir y aceptar la construcci\u00f3n de la obra.\u2026","rel":"","context":"En &quot;Chihuahua&quot;","block_context":{"text":"Chihuahua","link":"http:\/\/www.grieta.org.mx\/index.php\/category\/noticias-nacionales\/chihuahua\/"},"img":{"alt_text":"","src":"https:\/\/i0.wp.com\/www.grieta.org.mx\/wp-content\/uploads\/2018\/03\/14524434_1106112876131411_958039263622046936_o.jpg?resize=350%2C200","width":350,"height":200,"srcset":"https:\/\/i0.wp.com\/www.grieta.org.mx\/wp-content\/uploads\/2018\/03\/14524434_1106112876131411_958039263622046936_o.jpg?resize=350%2C200 1x, https:\/\/i0.wp.com\/www.grieta.org.mx\/wp-content\/uploads\/2018\/03\/14524434_1106112876131411_958039263622046936_o.jpg?resize=525%2C300 1.5x, https:\/\/i0.wp.com\/www.grieta.org.mx\/wp-content\/uploads\/2018\/03\/14524434_1106112876131411_958039263622046936_o.jpg?resize=700%2C400 2x"},"classes":[]},{"id":33690,"url":"http:\/\/www.grieta.org.mx\/index.php\/2018\/10\/25\/asesinan-a-defensor-raramuri-en-chihuahua-en-dos-anos-mataron-a-5-de-sus-familiares\/","url_meta":{"origin":35011,"position":5},"title":"Asesinan a defensor rar\u00e1muri en Chihuahua; en dos a\u00f1os mataron a 5 de sus familiares","author":"grieta","date":"25 octubre, 2018","format":false,"excerpt":"Desde 2007 Juli\u00e1n Carrillo luchaba contra la explotaci\u00f3n de recursos naturales en los territorios ancestrales de la zona; en 2016 comenzaron las amenazas y los ataques. Mataron a dos de sus sobrinos, a su hijo y a su yerno. Amnist\u00eda Internacional exige justicia. Redacci\u00f3n\/ ANIMAL POL\u00cdTICO Durante la noche de\u2026","rel":"","context":"En &quot;Chihuahua&quot;","block_context":{"text":"Chihuahua","link":"http:\/\/www.grieta.org.mx\/index.php\/category\/noticias-nacionales\/chihuahua\/"},"img":{"alt_text":"","src":"https:\/\/i0.wp.com\/www.grieta.org.mx\/wp-content\/uploads\/2019\/05\/Raramuris_Semana_Santa-15-e1540496349621.jpg?resize=350%2C200","width":350,"height":200,"srcset":"https:\/\/i0.wp.com\/www.grieta.org.mx\/wp-content\/uploads\/2019\/05\/Raramuris_Semana_Santa-15-e1540496349621.jpg?resize=350%2C200 1x, https:\/\/i0.wp.com\/www.grieta.org.mx\/wp-content\/uploads\/2019\/05\/Raramuris_Semana_Santa-15-e1540496349621.jpg?resize=525%2C300 1.5x, https:\/\/i0.wp.com\/www.grieta.org.mx\/wp-content\/uploads\/2019\/05\/Raramuris_Semana_Santa-15-e1540496349621.jpg?resize=700%2C400 2x, https:\/\/i0.wp.com\/www.grieta.org.mx\/wp-content\/uploads\/2019\/05\/Raramuris_Semana_Santa-15-e1540496349621.jpg?resize=1050%2C600 3x, https:\/\/i0.wp.com\/www.grieta.org.mx\/wp-content\/uploads\/2019\/05\/Raramuris_Semana_Santa-15-e1540496349621.jpg?resize=1400%2C800 4x"},"classes":[]}],"_links":{"self":[{"href":"http:\/\/www.grieta.org.mx\/index.php\/wp-json\/wp\/v2\/posts\/35011","targetHints":{"allow":["GET"]}}],"collection":[{"href":"http:\/\/www.grieta.org.mx\/index.php\/wp-json\/wp\/v2\/posts"}],"about":[{"href":"http:\/\/www.grieta.org.mx\/index.php\/wp-json\/wp\/v2\/types\/post"}],"author":[{"embeddable":true,"href":"http:\/\/www.grieta.org.mx\/index.php\/wp-json\/wp\/v2\/users\/2"}],"replies":[{"embeddable":true,"href":"http:\/\/www.grieta.org.mx\/index.php\/wp-json\/wp\/v2\/comments?post=35011"}],"version-history":[{"count":1,"href":"http:\/\/www.grieta.org.mx\/index.php\/wp-json\/wp\/v2\/posts\/35011\/revisions"}],"predecessor-version":[{"id":35013,"href":"http:\/\/www.grieta.org.mx\/index.php\/wp-json\/wp\/v2\/posts\/35011\/revisions\/35013"}],"wp:featuredmedia":[{"embeddable":true,"href":"http:\/\/www.grieta.org.mx\/index.php\/wp-json\/wp\/v2\/media\/35012"}],"wp:attachment":[{"href":"http:\/\/www.grieta.org.mx\/index.php\/wp-json\/wp\/v2\/media?parent=35011"}],"wp:term":[{"taxonomy":"category","embeddable":true,"href":"http:\/\/www.grieta.org.mx\/index.php\/wp-json\/wp\/v2\/categories?post=35011"},{"taxonomy":"post_tag","embeddable":true,"href":"http:\/\/www.grieta.org.mx\/index.php\/wp-json\/wp\/v2\/tags?post=35011"}],"curies":[{"name":"wp","href":"https:\/\/api.w.org\/{rel}","templated":true}]}}