{"id":34872,"date":"2019-06-12T12:57:09","date_gmt":"2019-06-12T17:57:09","guid":{"rendered":"http:\/\/www.grieta.org.mx\/?p=34872"},"modified":"2019-06-17T13:05:21","modified_gmt":"2019-06-17T18:05:21","slug":"suspenden-reunion-de-informacion-sobre-ixtaca-acusan-manipulacion-de-gorrion-puebla","status":"publish","type":"post","link":"http:\/\/www.grieta.org.mx\/index.php\/2019\/06\/12\/suspenden-reunion-de-informacion-sobre-ixtaca-acusan-manipulacion-de-gorrion-puebla\/","title":{"rendered":"Suspenden reuni\u00f3n de informaci\u00f3n sobre Ixtaca; acusan manipulaci\u00f3n de Gorri\u00f3n (Puebla)"},"content":{"rendered":"<p><a href=\"http:\/\/www.grieta.org.mx\/wp-content\/uploads\/2019\/06\/WhatsApp-Image-2019-04-24-at-11.15.07-1.jpg\"><img loading=\"lazy\" decoding=\"async\" data-attachment-id=\"34875\" data-permalink=\"http:\/\/www.grieta.org.mx\/index.php\/2019\/06\/12\/suspenden-reunion-de-informacion-sobre-ixtaca-acusan-manipulacion-de-gorrion-puebla\/whatsapp-image-2019-04-24-at-11-15-07-1\/\" data-orig-file=\"http:\/\/www.grieta.org.mx\/wp-content\/uploads\/2019\/06\/WhatsApp-Image-2019-04-24-at-11.15.07-1.jpg\" data-orig-size=\"1159,767\" data-comments-opened=\"0\" data-image-meta=\"{&quot;aperture&quot;:&quot;0&quot;,&quot;credit&quot;:&quot;&quot;,&quot;camera&quot;:&quot;&quot;,&quot;caption&quot;:&quot;&quot;,&quot;created_timestamp&quot;:&quot;0&quot;,&quot;copyright&quot;:&quot;&quot;,&quot;focal_length&quot;:&quot;0&quot;,&quot;iso&quot;:&quot;0&quot;,&quot;shutter_speed&quot;:&quot;0&quot;,&quot;title&quot;:&quot;&quot;,&quot;orientation&quot;:&quot;0&quot;}\" data-image-title=\"WhatsApp-Image-2019-04-24-at-11.15.07-1\" data-image-description=\"\" data-image-caption=\"\" data-medium-file=\"http:\/\/www.grieta.org.mx\/wp-content\/uploads\/2019\/06\/WhatsApp-Image-2019-04-24-at-11.15.07-1-300x199.jpg\" data-large-file=\"http:\/\/www.grieta.org.mx\/wp-content\/uploads\/2019\/06\/WhatsApp-Image-2019-04-24-at-11.15.07-1-1024x678.jpg\" class=\"aligncenter wp-image-34875\" src=\"http:\/\/www.grieta.org.mx\/wp-content\/uploads\/2019\/06\/WhatsApp-Image-2019-04-24-at-11.15.07-1.jpg\" alt=\"\" width=\"702\" height=\"465\" srcset=\"http:\/\/www.grieta.org.mx\/wp-content\/uploads\/2019\/06\/WhatsApp-Image-2019-04-24-at-11.15.07-1.jpg 1159w, http:\/\/www.grieta.org.mx\/wp-content\/uploads\/2019\/06\/WhatsApp-Image-2019-04-24-at-11.15.07-1-300x199.jpg 300w, http:\/\/www.grieta.org.mx\/wp-content\/uploads\/2019\/06\/WhatsApp-Image-2019-04-24-at-11.15.07-1-768x508.jpg 768w, http:\/\/www.grieta.org.mx\/wp-content\/uploads\/2019\/06\/WhatsApp-Image-2019-04-24-at-11.15.07-1-1024x678.jpg 1024w, http:\/\/www.grieta.org.mx\/wp-content\/uploads\/2019\/06\/WhatsApp-Image-2019-04-24-at-11.15.07-1-756x500.jpg 756w\" sizes=\"auto, (max-width: 702px) 100vw, 702px\" \/><\/a><\/p>\n<p>MART\u00cdN HERN\u00c1NDEZ ALC\u00c1NTARA \/ La Jornada de Oriente<\/p>\n<p>La Secretar\u00eda de Medio Ambiente y Recursos Naturales (Semarnat) anunci\u00f3 ayer la suspensi\u00f3n de la reuni\u00f3n p\u00fablica de informaci\u00f3n sobre el Proyecto Minero Ixtaca, despu\u00e9s de que la Uni\u00f3n de Ejidos y Comunidades por la Defensa de la Vida y el Territorio Atcolhua denunci\u00f3 ante el titular de la dependencia, V\u00edctor Toledo, un proceso viciado y manipulado por la empresa Minera Gorri\u00f3n, y solicit\u00f3 la cancelaci\u00f3n del evento, inform\u00f3 la organizaci\u00f3n Poder.<\/p>\n<p>En la Gaceta Ecol\u00f3gica de este lunes, la Semarnat anunci\u00f3 la reprogramaci\u00f3n de la reuni\u00f3n p\u00fablica sin dar m\u00e1s detalles. El evento qued\u00f3 fijado para el pr\u00f3ximo martes 25 de junio.<br \/>\nMinera Gorri\u00f3n es subsidiaria de la empresa canadiense Almaden Minerals y promovente de la Manifestaci\u00f3n de Impacto Ambiental (MIA) de una mina a cielo abierto de oro y plata en Ixtacamaxtitl\u00e1n.<\/p>\n<p>La reuni\u00f3n p\u00fablica de informaci\u00f3n fue solicitada a la Semarnat por las comunidades, como un recurso posterior a la presentaci\u00f3n de la MIA. Es la autoridad ambiental la \u00fanica responsable de convocar, organizar y llevar a cabo este proceso de participaci\u00f3n. Sin embargo, \u201cen este caso no ha pasado as\u00ed. La empresa estuvo interviniendo de manera directa en estos d\u00edas previos al evento\u201d, denunci\u00f3 Francisca Zamora, vocera de la Uni\u00f3n de Ejidos.<\/p>\n<p>La portavoz se\u00f1al\u00f3 varias irregularidades, apunt\u00f3 Poder, entre las que destacan que la minera hizo perifoneo y pega de carteles con los que llamaban a acudir a la reuni\u00f3n y dar un \u201cs\u00ed al proyecto minero\u201d, usando el argumento de \u201cno dejarse manipular, presionar ni desinformar\u201d, y que coloc\u00f3 agentes de seguridad privada en la comunidad de Santa Mar\u00eda Zotoltepec, donde se llevar\u00eda a cabo el evento.<\/p>\n<p>Adem\u00e1s, en distintas reuniones previas, representantes de la minera \u201cinsultaron y menospreciaron a quienes nos oponemos al proyecto\u201d. Estos, entre otros, \u201cfueron claramente actos de provocaci\u00f3n para generar un ambiente de confrontaci\u00f3n, tensi\u00f3n y malestar en las comunidades\u201d.<\/p>\n<p>Las integrantes de la Uni\u00f3n tambi\u00e9n denunciaron que la empresa estuvo haciendo trabajos de remozamiento del auditorio de la misma comunidad de Santa Mar\u00eda, lugar de la reuni\u00f3n; que Minera Gorri\u00f3n se ofreci\u00f3 a pagar los alimentos de los asistentes durante la jornada de consulta, y a proveer de mesas, sillas, pantalla y equipo de sonido para que \u00e9sta se lleve a cabo. Las comunidades notificaron inmediatamente de esta situaci\u00f3n a las autoridades responsables.<\/p>\n<p>La propaganda de la minera sobre la reuni\u00f3n p\u00fablica de informaci\u00f3n empapel\u00f3 muros y postes de las comunidades.<br \/>\n\u201cExigimos que ahora la Semarnat tome en cuenta todas las irregularidades que hemos denunciado en el proceso, cancele definitivamente una reuni\u00f3n que ya est\u00e1 viciada y que no autorice la MIA a Almaden Minerals\u201d, asever\u00f3 la vocera.<\/p>\n<p>Desde hace m\u00e1s de 10 a\u00f1os, las comunidades de la Sierra Norte de Puebla han manifestado que no otorgan consentimiento para la realizaci\u00f3n de este proyecto y han construido un proceso organizativo e informativo en la regi\u00f3n, gracias al cual han podido documentar las violaciones cometidas por la empresa en contra del derecho humano a la salud, el agua y el medio ambiente.<\/p>\n<p><a href=\"http:\/\/www.lajornadadeoriente.com.mx\/puebla\/suspenden-xtaca-gorrion\/\">http:\/\/www.lajornadadeoriente.com.mx\/puebla\/suspenden-xtaca-gorrion\/<\/a><\/p>\n","protected":false},"excerpt":{"rendered":"<p>MART\u00cdN HERN\u00c1NDEZ ALC\u00c1NTARA \/ La Jornada de Oriente La Secretar\u00eda de Medio Ambiente y Recursos Naturales (Semarnat) anunci\u00f3 ayer la suspensi\u00f3n de la reuni\u00f3n p\u00fablica de informaci\u00f3n sobre el Proyecto &hellip; <a href=\"http:\/\/www.grieta.org.mx\/index.php\/2019\/06\/12\/suspenden-reunion-de-informacion-sobre-ixtaca-acusan-manipulacion-de-gorrion-puebla\/\" class=\"more-link\">Leer m\u00e1s<\/a><\/p>\n","protected":false},"author":1,"featured_media":34875,"comment_status":"closed","ping_status":"closed","sticky":false,"template":"","format":"standard","meta":{"ngg_post_thumbnail":0,"_jetpack_newsletter_access":"","_jetpack_dont_email_post_to_subs":false,"_jetpack_newsletter_tier_id":0,"_jetpack_memberships_contains_paywalled_content":false,"_jetpack_memberships_contains_paid_content":false,"footnotes":""},"categories":[70,80,974,1,954,3,922,6,1024,942,2,26],"tags":[1487,2216,874],"class_list":["post-34872","post","type-post","status-publish","format-standard","has-post-thumbnail","hentry","category-26-sierra-puebla","category-cintillo","category-esp-puebla","category-espejos-de-la-resistencia","category-espejos-estados","category-megaproyectos","category-megaproyectos-estados","category-mineria","category-mineria-en-puebla","category-mp-puebla","category-noticias-nacionales","category-puebla","tag-almaden","tag-conflictos-por-mineria","tag-mineras-canadienses","entry"],"jetpack_featured_media_url":"http:\/\/www.grieta.org.mx\/wp-content\/uploads\/2019\/06\/WhatsApp-Image-2019-04-24-at-11.15.07-1.jpg","jetpack_sharing_enabled":true,"jetpack_shortlink":"https:\/\/wp.me\/p7ZJR4-94s","jetpack_likes_enabled":false,"jetpack-related-posts":[{"id":35601,"url":"http:\/\/www.grieta.org.mx\/index.php\/2019\/06\/23\/pobladores-rechazan-mina-ixtaca-clausuran-oficina-puebla\/","url_meta":{"origin":34872,"position":0},"title":"Pobladores rechazan Mina Ixtaca, clausuran oficina (Puebla)","author":"Admin","date":"23 junio, 2019","format":false,"excerpt":"Redacci\u00f3n \/ MUNICIPIOS PUEBLA Ixtacamaxtitl\u00e1n, Pue.- Pobladores marcharon contra el proyecto de mina Ixtaca, que impulsa Minera Gorri\u00f3n, subsidiaria de la canadiense Almaden Minerals, y clausuraron la oficina de informaci\u00f3n que tienen instalada en Ixtacamaxtitl\u00e1n. Esto, a dos d\u00edas de una reuni\u00f3n p\u00fablica de informaci\u00f3n que ha sido convocada por\u2026","rel":"","context":"En &quot;26. Sierra Puebla&quot;","block_context":{"text":"26. Sierra Puebla","link":"http:\/\/www.grieta.org.mx\/index.php\/category\/espejos-de-la-resistencia\/26-sierra-puebla\/"},"img":{"alt_text":"","src":"https:\/\/i0.wp.com\/www.grieta.org.mx\/wp-content\/uploads\/2019\/06\/whatsapp_image_2019-06-23_at_3.57.39_pm_4.jpg?resize=350%2C200","width":350,"height":200,"srcset":"https:\/\/i0.wp.com\/www.grieta.org.mx\/wp-content\/uploads\/2019\/06\/whatsapp_image_2019-06-23_at_3.57.39_pm_4.jpg?resize=350%2C200 1x, https:\/\/i0.wp.com\/www.grieta.org.mx\/wp-content\/uploads\/2019\/06\/whatsapp_image_2019-06-23_at_3.57.39_pm_4.jpg?resize=525%2C300 1.5x, https:\/\/i0.wp.com\/www.grieta.org.mx\/wp-content\/uploads\/2019\/06\/whatsapp_image_2019-06-23_at_3.57.39_pm_4.jpg?resize=700%2C400 2x"},"classes":[]},{"id":40588,"url":"http:\/\/www.grieta.org.mx\/index.php\/2019\/10\/22\/ixtacamaxtitlan-pide-a-semarnat-que-pare-proyecto-minero-ixtaca-puebla\/","url_meta":{"origin":34872,"position":1},"title":"Ixtacamaxtitl\u00e1n pide a Semarnat que pare Proyecto Minero Ixtaca (Puebla)","author":"Admin","date":"22 octubre, 2019","format":false,"excerpt":"Paula Carrizosa \/ La Jornada de Oriente Comunidades de Ixtacamaxtitl\u00e1n -organizadas en la Uni\u00f3n de Ejidos y Comunidades en Defensa de la Tierra, el Agua y la Vida Atcolhua as\u00ed como comunidades habitantes de la cuenca del r\u00edo Apulco, acompa\u00f1adas por organizaciones de la sociedad civil se pronunciaron en contra\u2026","rel":"","context":"En &quot;CINTILLO&quot;","block_context":{"text":"CINTILLO","link":"http:\/\/www.grieta.org.mx\/index.php\/category\/cintillo\/"},"img":{"alt_text":"","src":"https:\/\/i0.wp.com\/www.grieta.org.mx\/wp-content\/uploads\/2019\/10\/WhatsApp-Image-2018-11-21-at-10.56.38.jpeg?resize=350%2C200","width":350,"height":200},"classes":[]},{"id":40246,"url":"http:\/\/www.grieta.org.mx\/index.php\/2019\/09\/24\/exigen-30-pueblos-indigenas-de-puebla-y-veracruz-que-la-semarnat-no-autorice-el-proyecto-ixtaca\/","url_meta":{"origin":34872,"position":2},"title":"Exigen 30 pueblos ind\u00edgenas de Puebla y Veracruz que la Semarnat no autorice el proyecto Ixtaca","author":"Admin","date":"24 septiembre, 2019","format":false,"excerpt":"Mart\u00edn Hern\u00e1ndez Alc\u00e1ntara \/ La Jornada de Oriente l menos 4 mil representantes de m\u00e1s de 200 comunidades de Puebla y Veracruz que participaron el pasado domingo en la XXX Asamblea en Defensa de la Vida y del Territorio de los Pueblos Maseual, Tutunaku y Mestizo, acordaron exigir a la\u2026","rel":"","context":"En &quot;26. Sierra Puebla&quot;","block_context":{"text":"26. Sierra Puebla","link":"http:\/\/www.grieta.org.mx\/index.php\/category\/espejos-de-la-resistencia\/26-sierra-puebla\/"},"img":{"alt_text":"","src":"https:\/\/i0.wp.com\/www.grieta.org.mx\/wp-content\/uploads\/2019\/10\/6166-minas.jpg?resize=350%2C200","width":350,"height":200,"srcset":"https:\/\/i0.wp.com\/www.grieta.org.mx\/wp-content\/uploads\/2019\/10\/6166-minas.jpg?resize=350%2C200 1x, https:\/\/i0.wp.com\/www.grieta.org.mx\/wp-content\/uploads\/2019\/10\/6166-minas.jpg?resize=525%2C300 1.5x, https:\/\/i0.wp.com\/www.grieta.org.mx\/wp-content\/uploads\/2019\/10\/6166-minas.jpg?resize=700%2C400 2x, https:\/\/i0.wp.com\/www.grieta.org.mx\/wp-content\/uploads\/2019\/10\/6166-minas.jpg?resize=1050%2C600 3x"},"classes":[]},{"id":36012,"url":"http:\/\/www.grieta.org.mx\/index.php\/2019\/06\/30\/acarreo-e-irregularidades-durante-reunion-publica-de-proyecto-minero-ixtaca-puebla\/","url_meta":{"origin":34872,"position":3},"title":"Acarreo e irregularidades durante reuni\u00f3n p\u00fablica de Proyecto Minero Ixtaca (Puebla)","author":"Admin","date":"30 junio, 2019","format":false,"excerpt":"Aranzaz\u00fa Ayala Mart\u00ednez \/ LADO B Entre irregularidades y acarreo el pasado martes se realiz\u00f3 en el auditorio de Santa Mar\u00eda Zotoltepec, en Ixtacamaxtitl\u00e1n, la reuni\u00f3n p\u00fablica de informaci\u00f3n sobre el proyecto minero Ixtaca, que prev\u00e9 la extracci\u00f3n de oro y plata a cielo abierto. Dicha reuni\u00f3n ten\u00eda como objetivo\u2026","rel":"","context":"En &quot;26. Sierra Puebla&quot;","block_context":{"text":"26. Sierra Puebla","link":"http:\/\/www.grieta.org.mx\/index.php\/category\/espejos-de-la-resistencia\/26-sierra-puebla\/"},"img":{"alt_text":"","src":"https:\/\/i0.wp.com\/www.grieta.org.mx\/wp-content\/uploads\/2019\/07\/Ixtaca-Reunion-informativa-9.jpg?resize=350%2C200","width":350,"height":200,"srcset":"https:\/\/i0.wp.com\/www.grieta.org.mx\/wp-content\/uploads\/2019\/07\/Ixtaca-Reunion-informativa-9.jpg?resize=350%2C200 1x, https:\/\/i0.wp.com\/www.grieta.org.mx\/wp-content\/uploads\/2019\/07\/Ixtaca-Reunion-informativa-9.jpg?resize=525%2C300 1.5x, https:\/\/i0.wp.com\/www.grieta.org.mx\/wp-content\/uploads\/2019\/07\/Ixtaca-Reunion-informativa-9.jpg?resize=700%2C400 2x"},"classes":[]},{"id":39907,"url":"http:\/\/www.grieta.org.mx\/index.php\/2019\/10\/02\/acusa-consejo-tiyat-tlali-irregularidades-en-proyecto-ixtaca-minera-gorrion-responde-pruebla\/","url_meta":{"origin":34872,"position":4},"title":"Acusa Consejo Tiyat Tlali irregularidades en Proyecto Ixtaca; Minera Gorri\u00f3n responde (Pruebla)","author":"Admin","date":"2 octubre, 2019","format":false,"excerpt":"Dulce Fernanda \/ Intolerancia Radio Luego de que el pasado 25 de septiembre, los directivos de Minera Gorri\u00f3n presentaran una serie de documentos en donde diferentes organizamos federales validaron los avances del Proyecto Ixtaca, en el municipio de Ixtacamaxtitl\u00e1n, para la construcci\u00f3n de la mina a cielo abierto de oro\u2026","rel":"","context":"En &quot;26. Sierra Puebla&quot;","block_context":{"text":"26. Sierra Puebla","link":"http:\/\/www.grieta.org.mx\/index.php\/category\/espejos-de-la-resistencia\/26-sierra-puebla\/"},"img":{"alt_text":"","src":"https:\/\/i0.wp.com\/www.grieta.org.mx\/wp-content\/uploads\/2019\/10\/https-_img.intoleranciadiario.com_images_collage-1570012327502.jpg?resize=350%2C200","width":350,"height":200,"srcset":"https:\/\/i0.wp.com\/www.grieta.org.mx\/wp-content\/uploads\/2019\/10\/https-_img.intoleranciadiario.com_images_collage-1570012327502.jpg?resize=350%2C200 1x, https:\/\/i0.wp.com\/www.grieta.org.mx\/wp-content\/uploads\/2019\/10\/https-_img.intoleranciadiario.com_images_collage-1570012327502.jpg?resize=525%2C300 1.5x, https:\/\/i0.wp.com\/www.grieta.org.mx\/wp-content\/uploads\/2019\/10\/https-_img.intoleranciadiario.com_images_collage-1570012327502.jpg?resize=700%2C400 2x, https:\/\/i0.wp.com\/www.grieta.org.mx\/wp-content\/uploads\/2019\/10\/https-_img.intoleranciadiario.com_images_collage-1570012327502.jpg?resize=1050%2C600 3x"},"classes":[]},{"id":36006,"url":"http:\/\/www.grieta.org.mx\/index.php\/2017\/04\/27\/almaden-minerals-mintio-a-semarnat-y-a-pobladores-de-ixtacamaxtitlan-puebla\/","url_meta":{"origin":34872,"position":5},"title":"Almaden Minerals minti\u00f3 a Semarnat y a pobladores de Ixtacamaxtitl\u00e1n (Puebla)","author":"Admin","date":"27 abril, 2017","format":false,"excerpt":"Aranzaz\u00fa Ayala Mart\u00ednez \/ LADO B \u00bfC\u00f3mo entr\u00f3 Almaden Minerals al municipio de Ixtacamaxtitl\u00e1n, en la Sierra de Puebla? \u00bfQu\u00e9 Derechos Humanos de los habitantes ha violado, qu\u00e9 mentiras les ha dicho, cu\u00e1les son las ganancias que espera de explotar durante 14 a\u00f1os? Esas preguntas son las que se responden\u2026","rel":"","context":"En &quot;26. Sierra Puebla&quot;","block_context":{"text":"26. Sierra Puebla","link":"http:\/\/www.grieta.org.mx\/index.php\/category\/espejos-de-la-resistencia\/26-sierra-puebla\/"},"img":{"alt_text":"","src":"https:\/\/i0.wp.com\/www.grieta.org.mx\/wp-content\/uploads\/2019\/07\/IxtacamatitlanB1-95-1.jpg?resize=350%2C200","width":350,"height":200,"srcset":"https:\/\/i0.wp.com\/www.grieta.org.mx\/wp-content\/uploads\/2019\/07\/IxtacamatitlanB1-95-1.jpg?resize=350%2C200 1x, https:\/\/i0.wp.com\/www.grieta.org.mx\/wp-content\/uploads\/2019\/07\/IxtacamatitlanB1-95-1.jpg?resize=525%2C300 1.5x, https:\/\/i0.wp.com\/www.grieta.org.mx\/wp-content\/uploads\/2019\/07\/IxtacamatitlanB1-95-1.jpg?resize=700%2C400 2x"},"classes":[]}],"_links":{"self":[{"href":"http:\/\/www.grieta.org.mx\/index.php\/wp-json\/wp\/v2\/posts\/34872","targetHints":{"allow":["GET"]}}],"collection":[{"href":"http:\/\/www.grieta.org.mx\/index.php\/wp-json\/wp\/v2\/posts"}],"about":[{"href":"http:\/\/www.grieta.org.mx\/index.php\/wp-json\/wp\/v2\/types\/post"}],"author":[{"embeddable":true,"href":"http:\/\/www.grieta.org.mx\/index.php\/wp-json\/wp\/v2\/users\/1"}],"replies":[{"embeddable":true,"href":"http:\/\/www.grieta.org.mx\/index.php\/wp-json\/wp\/v2\/comments?post=34872"}],"version-history":[{"count":1,"href":"http:\/\/www.grieta.org.mx\/index.php\/wp-json\/wp\/v2\/posts\/34872\/revisions"}],"predecessor-version":[{"id":34876,"href":"http:\/\/www.grieta.org.mx\/index.php\/wp-json\/wp\/v2\/posts\/34872\/revisions\/34876"}],"wp:featuredmedia":[{"embeddable":true,"href":"http:\/\/www.grieta.org.mx\/index.php\/wp-json\/wp\/v2\/media\/34875"}],"wp:attachment":[{"href":"http:\/\/www.grieta.org.mx\/index.php\/wp-json\/wp\/v2\/media?parent=34872"}],"wp:term":[{"taxonomy":"category","embeddable":true,"href":"http:\/\/www.grieta.org.mx\/index.php\/wp-json\/wp\/v2\/categories?post=34872"},{"taxonomy":"post_tag","embeddable":true,"href":"http:\/\/www.grieta.org.mx\/index.php\/wp-json\/wp\/v2\/tags?post=34872"}],"curies":[{"name":"wp","href":"https:\/\/api.w.org\/{rel}","templated":true}]}}