{"id":34822,"date":"2019-06-13T21:06:57","date_gmt":"2019-06-14T02:06:57","guid":{"rendered":"http:\/\/www.grieta.org.mx\/?p=34822"},"modified":"2019-06-16T21:12:35","modified_gmt":"2019-06-17T02:12:35","slug":"instituto-de-neurologia-suspende-211-tratamientos-por-falta-de-recursos-ciudad-de-mexico","status":"publish","type":"post","link":"http:\/\/www.grieta.org.mx\/index.php\/2019\/06\/13\/instituto-de-neurologia-suspende-211-tratamientos-por-falta-de-recursos-ciudad-de-mexico\/","title":{"rendered":"Instituto de Neurolog\u00eda suspende 211 tratamientos por falta de recursos (Ciudad de M\u00e9xico)"},"content":{"rendered":"<p><imgsrc=\"http:\/\/www.grieta.org.mx\/wpcontent\/uploads\/2019\/06\/483101a6bc1560399230_standard_desktop_medium_retina.jpeg\" alt=\"\" width=\"860\" height=\"640\" class=\"alignleft size-full wp-image-34823\" \/><\/p>\n<p>Anabel Clemente\/El Financiero<\/p>\n<blockquote><p>Esa instituci\u00f3n p\u00fablica de alta especialidad, que depende de la Secretar\u00eda de Salud, ten\u00eda programados mil 948 procedimientos, pero s\u00f3lo se pudieron realizar mil 737.<\/p><\/blockquote>\n<p>En el primer trimestre del a\u00f1o, el Instituto Nacional de Neurolog\u00eda y Neurocirug\u00eda \u201cManuel Velasco Su\u00e1rez\u201d (INNNMVS) dej\u00f3 de realizar, por falta de presupuesto y de personal, 211 procedimientos terap\u00e9uticos ambulatorios de alta especialidad.<\/p>\n<p>De acuerdo con el documento \u201cPresupuesto basado en resultados, cumplimiento de metas institucionales\u201d, esa instituci\u00f3n p\u00fablica de alta especialidad, que depende de la Secretar\u00eda de Salud, ten\u00eda programados mil 948 procedimientos, pero s\u00f3lo se pudieron realizar mil 737.<\/p>\n<p>En el informe del INNNMVS se detalla que \u201cen enero-marzo de 2019, el n\u00famero de procedimientos terap\u00e9uticos fue menor debido a que se disminuy\u00f3 el presupuesto para recursos humanos, no pudiendo cubrir el servicio en el turno vespertino, lo que gener\u00f3 que el n\u00famero de procedimientos disminuyera\u201d.<\/p>\n<p>Los procedimientos diagn\u00f3sticos ambulatorios de alta especialidad son aquellos que requieren el uso de equipo con tecnolog\u00eda de punta y costo, as\u00ed como personal con altas calificaciones t\u00e9cnicas.<\/p>\n<p>Dichos procedimientos se realizan en equipos multidisciplinarios para lograr intervenciones m\u00e1s costo-efectivas que los m\u00e9todos tradicionales, ya que permiten realizar diagn\u00f3sticos aprovechando el avance de la ciencia y la innovaci\u00f3n.<\/p>\n<p>El martes pasado circul\u00f3 en redes sociales un oficio del Departamento de Neuroimagen de ese instituto, firmado por el jefe de \u00e1rea, el doctor Jes\u00fas Taboada Barajas, dirigido a jefes de Servicio y subdirectores del \u00c1rea M\u00e9dica, en el que informa que la tomograf\u00eda con contraste no se llevar\u00eda a cabo por \u201cfalta de jeringas\u201d.<\/p>\n<p>En respuesta, el INNNMVS asegur\u00f3 que \u201clos servicios de tomograf\u00eda con contraste funcionan de manera normal\u201d, mientras que la Secretar\u00eda de Salud argument\u00f3 que \u201clos que estudios de tomograf\u00eda contrastados fueron suspendidos s\u00f3lo durante el lunes\u201d.<\/p>\n<p>Adolfo Leyva Rend\u00f3n, director m\u00e9dico del instituto, afirm\u00f3 que el servicio de tomograf\u00eda con contraste funciona de manera normal, \u201cno ha habido repercusiones por diagn\u00f3stico o tratamiento en los pacientes hospitalizados, ni estuvieron en riesgo\u201d.<\/p>\n<p>La instituci\u00f3n \u2013que al a\u00f1o atiende a m\u00e1s de 6 mil nuevos pacientes, ofrece cerca de 90 mil consultas y realiza m\u00e1s de 2 mil cirug\u00edas\u2013 fue una de las m\u00e1s castigadas con los recortes presupuestales de este a\u00f1o, al pasar de 134 millones 299 mil pesos, en 2018, a 118 millones 755 mil 629; es decir, 15 millones 543 mil 433 pesos menos.<\/p>\n<p><a href=\"https:\/\/elfinanciero.com.mx\/nacional\/instituto-de-neurologia-suspende-211-tratamientos-por-falta-de-recursos\">https:\/\/elfinanciero.com.mx\/nacional\/instituto-de-neurologia-suspende-211-tratamientos-por-falta-de-recursos<\/a><\/p>\n","protected":false},"excerpt":{"rendered":"<p>Anabel Clemente\/El Financiero Esa instituci\u00f3n p\u00fablica de alta especialidad, que depende de la Secretar\u00eda de Salud, ten\u00eda programados mil 948 procedimientos, pero s\u00f3lo se pudieron realizar mil 737. En el &hellip; <a href=\"http:\/\/www.grieta.org.mx\/index.php\/2019\/06\/13\/instituto-de-neurologia-suspende-211-tratamientos-por-falta-de-recursos-ciudad-de-mexico\/\" class=\"more-link\">Leer m\u00e1s<\/a><\/p>\n","protected":false},"author":2,"featured_media":34823,"comment_status":"closed","ping_status":"closed","sticky":false,"template":"","format":"standard","meta":{"ngg_post_thumbnail":0,"_jetpack_newsletter_access":"","_jetpack_dont_email_post_to_subs":false,"_jetpack_newsletter_tier_id":0,"_jetpack_memberships_contains_paywalled_content":false,"_jetpack_memberships_contains_paid_content":false,"footnotes":""},"categories":[80,14,2434,2],"tags":[2367,2578,2639],"class_list":["post-34822","post","type-post","status-publish","format-standard","has-post-thumbnail","hentry","category-cintillo","category-ciudad-de-mexico","category-desmantelamiento-del-sector-salud-en-la-ciudad-de-mexico","category-noticias-nacionales","tag-crisis-en-el-sector-salud","tag-desmantelamiento-del-sector-salud","tag-falta-de-presupuesto","entry"],"jetpack_featured_media_url":"http:\/\/www.grieta.org.mx\/wp-content\/uploads\/2019\/06\/483101a6bc1560399230_standard_desktop_medium_retina.jpeg","jetpack_sharing_enabled":true,"jetpack_shortlink":"https:\/\/wp.me\/p7ZJR4-93E","jetpack_likes_enabled":false,"jetpack-related-posts":[{"id":47289,"url":"http:\/\/www.grieta.org.mx\/index.php\/2019\/11\/27\/meten-tijeretazo-de-4-mil-mdp-para-2020-a-cancerologia-cardiologia-hospital-infantil\/","url_meta":{"origin":34822,"position":0},"title":"Meten &#8220;tijeretazo&#8221; de 4 mil mdp para 2020 a Cancerolog\u00eda, Cardiolog\u00eda, Hospital Infantil\u2026","author":"grieta","date":"27 noviembre, 2019","format":false,"excerpt":"En el PEF 2020 hubo s\u00f3lo cuatro centros m\u00e9dicos de alta especialidad que se vieron beneficiados con un incremento de recursos (Especial) Mariluz Rold\u00e1n \/ La Silla Rota El Instituto Nacional de Cancerolog\u00eda ser\u00e1 el m\u00e1s afectado, ya que se le asign\u00f3 un presupuesto de mil 409 millones 991 mil\u2026","rel":"","context":"En &quot;CINTILLO&quot;","block_context":{"text":"CINTILLO","link":"http:\/\/www.grieta.org.mx\/index.php\/category\/cintillo\/"},"img":{"alt_text":"","src":"https:\/\/i0.wp.com\/www.grieta.org.mx\/wp-content\/uploads\/2020\/04\/Meten-tijeretazo-de-4-mil-mdp-cdmx-abr.jpg?resize=350%2C200","width":350,"height":200},"classes":[]},{"id":70958,"url":"http:\/\/www.grieta.org.mx\/index.php\/2025\/02\/07\/crisis-en-el-hospital-de-alta-especialidad-yucatan\/","url_meta":{"origin":34822,"position":1},"title":"Crisis en el hospital de alta especialidad (Yucat\u00e1n)","author":"grieta","date":"7 febrero, 2025","format":false,"excerpt":"Redacci\u00f3n\/Sol Yucat\u00e1n El martes pasado fueron colocadas mantas y pancartas en el Hospital Regional de Alta Especialidad de la Pen\u00ednsula de Yucat\u00e1n (HRAEPY) por parte de trabajadores de este nosocomio en el norte de M\u00e9rida quienes denunciaron la falta de medicamentos e insumos hospitalarios que se agudiz\u00f3 con la incorporaci\u00f3n\u2026","rel":"","context":"En &quot;CINTILLO&quot;","block_context":{"text":"CINTILLO","link":"http:\/\/www.grieta.org.mx\/index.php\/category\/cintillo\/"},"img":{"alt_text":"","src":"https:\/\/i0.wp.com\/www.grieta.org.mx\/wp-content\/uploads\/2025\/02\/Crisis-e1739408837835.jpg?resize=350%2C200","width":350,"height":200,"srcset":"https:\/\/i0.wp.com\/www.grieta.org.mx\/wp-content\/uploads\/2025\/02\/Crisis-e1739408837835.jpg?resize=350%2C200 1x, https:\/\/i0.wp.com\/www.grieta.org.mx\/wp-content\/uploads\/2025\/02\/Crisis-e1739408837835.jpg?resize=525%2C300 1.5x, https:\/\/i0.wp.com\/www.grieta.org.mx\/wp-content\/uploads\/2025\/02\/Crisis-e1739408837835.jpg?resize=700%2C400 2x"},"classes":[]},{"id":38348,"url":"http:\/\/www.grieta.org.mx\/index.php\/2019\/08\/26\/padres-de-ninos-con-cancer-protestan-por-falta-de-medicamento-salud-promete-abasto-ciudad-de-mexico\/","url_meta":{"origin":34822,"position":2},"title":"Padres de ni\u00f1os con c\u00e1ncer protestan por falta de medicamento; Salud promete abasto (Ciudad de M\u00e9xico)","author":"grieta","date":"26 agosto, 2019","format":false,"excerpt":"\u00a0 Redacci\u00f3n\/Animal Pol\u00edtico. \u00a0 Padres de ni\u00f1os con c\u00e1ncer bloquearon accesos de la Terminal 1 del Aeropuerto Internacional de la Ciudad de M\u00e9xico; la Secretar\u00eda de Salud prometi\u00f3 que s\u00ed contar\u00e1n con el medicamento. Padres de ni\u00f1os con c\u00e1ncer realizaron un bloqueo en la Terminal 1 del Aeropuerto Internacional de\u2026","rel":"","context":"En &quot;CINTILLO&quot;","block_context":{"text":"CINTILLO","link":"http:\/\/www.grieta.org.mx\/index.php\/category\/cintillo\/"},"img":{"alt_text":"","src":"https:\/\/i0.wp.com\/www.grieta.org.mx\/wp-content\/uploads\/2019\/08\/protesta_padres_ninos_cancer-e1566858496150.jpg?resize=350%2C200","width":350,"height":200,"srcset":"https:\/\/i0.wp.com\/www.grieta.org.mx\/wp-content\/uploads\/2019\/08\/protesta_padres_ninos_cancer-e1566858496150.jpg?resize=350%2C200 1x, https:\/\/i0.wp.com\/www.grieta.org.mx\/wp-content\/uploads\/2019\/08\/protesta_padres_ninos_cancer-e1566858496150.jpg?resize=525%2C300 1.5x, https:\/\/i0.wp.com\/www.grieta.org.mx\/wp-content\/uploads\/2019\/08\/protesta_padres_ninos_cancer-e1566858496150.jpg?resize=700%2C400 2x, https:\/\/i0.wp.com\/www.grieta.org.mx\/wp-content\/uploads\/2019\/08\/protesta_padres_ninos_cancer-e1566858496150.jpg?resize=1050%2C600 3x, https:\/\/i0.wp.com\/www.grieta.org.mx\/wp-content\/uploads\/2019\/08\/protesta_padres_ninos_cancer-e1566858496150.jpg?resize=1400%2C800 4x"},"classes":[]},{"id":37301,"url":"http:\/\/www.grieta.org.mx\/index.php\/2019\/07\/29\/los-ninos-se-quedan-sin-quimio-en-el-hospital-de-alta-especialidad-guanajuato\/","url_meta":{"origin":34822,"position":3},"title":"Los ni\u00f1os se quedan sin &#8216;quimio&#8217; en el Hospital de Alta Especialidad (Guanajuato)","author":"grieta","date":"29 julio, 2019","format":false,"excerpt":"Se agudiza la crisis por falta de medicamentos. El Secretario de Salud afirma, no obstante, que no puede confirmar la informaci\u00f3n publicada en la prensa local JORGE FLORES, La Silla Rota 29\/07\/2019 Se encienden las alarmas en el sector salud. La ausencia de vacunas y medicamentos se agudiza. Y los\u2026","rel":"","context":"En &quot;CINTILLO&quot;","block_context":{"text":"CINTILLO","link":"http:\/\/www.grieta.org.mx\/index.php\/category\/cintillo\/"},"img":{"alt_text":"","src":"https:\/\/i0.wp.com\/www.grieta.org.mx\/wp-content\/uploads\/2019\/08\/ninossinquimio-focus-0.03-0.39-983-557.jpg?resize=350%2C200","width":350,"height":200,"srcset":"https:\/\/i0.wp.com\/www.grieta.org.mx\/wp-content\/uploads\/2019\/08\/ninossinquimio-focus-0.03-0.39-983-557.jpg?resize=350%2C200 1x, https:\/\/i0.wp.com\/www.grieta.org.mx\/wp-content\/uploads\/2019\/08\/ninossinquimio-focus-0.03-0.39-983-557.jpg?resize=525%2C300 1.5x, https:\/\/i0.wp.com\/www.grieta.org.mx\/wp-content\/uploads\/2019\/08\/ninossinquimio-focus-0.03-0.39-983-557.jpg?resize=700%2C400 2x"},"classes":[]},{"id":37328,"url":"http:\/\/www.grieta.org.mx\/index.php\/2019\/08\/01\/pasantes-de-enfermeria-y-medicina-exigen-mejoras-laborales-en-mexico\/","url_meta":{"origin":34822,"position":4},"title":"Pasantes de enfermer\u00eda y medicina exigen mejoras laborales en M\u00e9xico","author":"grieta","date":"1 agosto, 2019","format":false,"excerpt":"EFE CIUDAD DE M\u00c9XICO.- Estudiantes de enfermer\u00eda del Instituto Polit\u00e9cnico Nacional (IPN) y de la Universidad Nacional Aut\u00f3noma de M\u00e9xico (UNAM) se manifestaron este jueves en la Ciudad de M\u00e9xico para exigir mejoras laborales y respeto a sus derechos. Centenares de manifestantes exigieron a las autoridades una explicaci\u00f3n sobre c\u00f3mo\u2026","rel":"","context":"En &quot;CINTILLO&quot;","block_context":{"text":"CINTILLO","link":"http:\/\/www.grieta.org.mx\/index.php\/category\/cintillo\/"},"img":{"alt_text":"","src":"https:\/\/i0.wp.com\/www.grieta.org.mx\/wp-content\/uploads\/2019\/08\/M%C3%89XICO-SALUD_42152779.jpg?resize=350%2C200","width":350,"height":200,"srcset":"https:\/\/i0.wp.com\/www.grieta.org.mx\/wp-content\/uploads\/2019\/08\/M%C3%89XICO-SALUD_42152779.jpg?resize=350%2C200 1x, https:\/\/i0.wp.com\/www.grieta.org.mx\/wp-content\/uploads\/2019\/08\/M%C3%89XICO-SALUD_42152779.jpg?resize=525%2C300 1.5x, https:\/\/i0.wp.com\/www.grieta.org.mx\/wp-content\/uploads\/2019\/08\/M%C3%89XICO-SALUD_42152779.jpg?resize=700%2C400 2x, https:\/\/i0.wp.com\/www.grieta.org.mx\/wp-content\/uploads\/2019\/08\/M%C3%89XICO-SALUD_42152779.jpg?resize=1050%2C600 3x, https:\/\/i0.wp.com\/www.grieta.org.mx\/wp-content\/uploads\/2019\/08\/M%C3%89XICO-SALUD_42152779.jpg?resize=1400%2C800 4x"},"classes":[]},{"id":59698,"url":"http:\/\/www.grieta.org.mx\/index.php\/2021\/06\/04\/y-los-ninos-el-65-del-equipo-medico-de-pediatria-es-obsoleto-ciudad-de-mexico\/","url_meta":{"origin":34822,"position":5},"title":"\u00bfY LOS NI\u00d1OS? EL 65% DEL EQUIPO M\u00c9DICO DE PEDIATR\u00cdA ES OBSOLETO (Ciudad de M\u00e9xico)","author":"grieta","date":"4 junio, 2021","format":false,"excerpt":"Enfermera durante la ceremonia del 50 aniversario del Instituto Nacional de Pediatr\u00eda. Foto: Rogelio Morales \/ Cuartoscuro.com. Patricia Tapia \/ EmeEquis El Instituto Nacional de Pediatr\u00eda opera con 3 mil 700 equipos que tienen entre 10 y 20 a\u00f1os de antig\u00fcedad. En suma, ahora enfrentan el desabasto de insumos, por\u2026","rel":"","context":"En &quot;CINTILLO&quot;","block_context":{"text":"CINTILLO","link":"http:\/\/www.grieta.org.mx\/index.php\/category\/cintillo\/"},"img":{"alt_text":"","src":"https:\/\/i0.wp.com\/www.grieta.org.mx\/wp-content\/uploads\/2021\/06\/blob_202106041950.png?resize=350%2C200","width":350,"height":200,"srcset":"https:\/\/i0.wp.com\/www.grieta.org.mx\/wp-content\/uploads\/2021\/06\/blob_202106041950.png?resize=350%2C200 1x, https:\/\/i0.wp.com\/www.grieta.org.mx\/wp-content\/uploads\/2021\/06\/blob_202106041950.png?resize=525%2C300 1.5x, https:\/\/i0.wp.com\/www.grieta.org.mx\/wp-content\/uploads\/2021\/06\/blob_202106041950.png?resize=700%2C400 2x, https:\/\/i0.wp.com\/www.grieta.org.mx\/wp-content\/uploads\/2021\/06\/blob_202106041950.png?resize=1050%2C600 3x"},"classes":[]}],"_links":{"self":[{"href":"http:\/\/www.grieta.org.mx\/index.php\/wp-json\/wp\/v2\/posts\/34822","targetHints":{"allow":["GET"]}}],"collection":[{"href":"http:\/\/www.grieta.org.mx\/index.php\/wp-json\/wp\/v2\/posts"}],"about":[{"href":"http:\/\/www.grieta.org.mx\/index.php\/wp-json\/wp\/v2\/types\/post"}],"author":[{"embeddable":true,"href":"http:\/\/www.grieta.org.mx\/index.php\/wp-json\/wp\/v2\/users\/2"}],"replies":[{"embeddable":true,"href":"http:\/\/www.grieta.org.mx\/index.php\/wp-json\/wp\/v2\/comments?post=34822"}],"version-history":[{"count":1,"href":"http:\/\/www.grieta.org.mx\/index.php\/wp-json\/wp\/v2\/posts\/34822\/revisions"}],"predecessor-version":[{"id":34824,"href":"http:\/\/www.grieta.org.mx\/index.php\/wp-json\/wp\/v2\/posts\/34822\/revisions\/34824"}],"wp:featuredmedia":[{"embeddable":true,"href":"http:\/\/www.grieta.org.mx\/index.php\/wp-json\/wp\/v2\/media\/34823"}],"wp:attachment":[{"href":"http:\/\/www.grieta.org.mx\/index.php\/wp-json\/wp\/v2\/media?parent=34822"}],"wp:term":[{"taxonomy":"category","embeddable":true,"href":"http:\/\/www.grieta.org.mx\/index.php\/wp-json\/wp\/v2\/categories?post=34822"},{"taxonomy":"post_tag","embeddable":true,"href":"http:\/\/www.grieta.org.mx\/index.php\/wp-json\/wp\/v2\/tags?post=34822"}],"curies":[{"name":"wp","href":"https:\/\/api.w.org\/{rel}","templated":true}]}}