{"id":34806,"date":"2019-06-13T19:35:10","date_gmt":"2019-06-14T00:35:10","guid":{"rendered":"http:\/\/www.grieta.org.mx\/?p=34806"},"modified":"2019-06-16T20:19:27","modified_gmt":"2019-06-17T01:19:27","slug":"presa-milpillas-la-pelea-por-el-agua-en-zacatecas","status":"publish","type":"post","link":"http:\/\/www.grieta.org.mx\/index.php\/2019\/06\/13\/presa-milpillas-la-pelea-por-el-agua-en-zacatecas\/","title":{"rendered":"Presa Milpillas: la pelea por el agua en Zacatecas"},"content":{"rendered":"<p><img loading=\"lazy\" decoding=\"async\" data-attachment-id=\"34807\" data-permalink=\"http:\/\/www.grieta.org.mx\/index.php\/2019\/06\/13\/presa-milpillas-la-pelea-por-el-agua-en-zacatecas\/m1-7\/\" data-orig-file=\"http:\/\/www.grieta.org.mx\/wp-content\/uploads\/2019\/06\/m1.jpg\" data-orig-size=\"1068,709\" data-comments-opened=\"0\" data-image-meta=\"{&quot;aperture&quot;:&quot;2.8&quot;,&quot;credit&quot;:&quot;&quot;,&quot;camera&quot;:&quot;SLT-A77V&quot;,&quot;caption&quot;:&quot;&quot;,&quot;created_timestamp&quot;:&quot;1560003807&quot;,&quot;copyright&quot;:&quot;&quot;,&quot;focal_length&quot;:&quot;18&quot;,&quot;iso&quot;:&quot;50&quot;,&quot;shutter_speed&quot;:&quot;0.00125&quot;,&quot;title&quot;:&quot;&quot;,&quot;orientation&quot;:&quot;1&quot;}\" data-image-title=\"m1\" data-image-description=\"\" data-image-caption=\"\" data-medium-file=\"http:\/\/www.grieta.org.mx\/wp-content\/uploads\/2019\/06\/m1-300x199.jpg\" data-large-file=\"http:\/\/www.grieta.org.mx\/wp-content\/uploads\/2019\/06\/m1-1024x680.jpg\" src=\"http:\/\/www.grieta.org.mx\/wp-content\/uploads\/2019\/06\/m1-1024x680.jpg\" alt=\"\" width=\"1024\" height=\"680\" class=\"alignleft size-large wp-image-34807\" srcset=\"http:\/\/www.grieta.org.mx\/wp-content\/uploads\/2019\/06\/m1-1024x680.jpg 1024w, http:\/\/www.grieta.org.mx\/wp-content\/uploads\/2019\/06\/m1-300x199.jpg 300w, http:\/\/www.grieta.org.mx\/wp-content\/uploads\/2019\/06\/m1-768x510.jpg 768w, http:\/\/www.grieta.org.mx\/wp-content\/uploads\/2019\/06\/m1-753x500.jpg 753w, http:\/\/www.grieta.org.mx\/wp-content\/uploads\/2019\/06\/m1.jpg 1068w\" sizes=\"auto, (max-width: 1024px) 100vw, 1024px\" \/><br \/>\nMario Marlo\/Somos el medio<\/p>\n<blockquote><p>Bajo el argumento de llevar el agua a donde m\u00e1s se necesita, autoridades de Zacatecas y la Comisi\u00f3n Nacional del Agua (Conagua) pretenden construir, en el municipio de Jim\u00e9nez del Te\u00fal, un embalse de almacenamiento, se proyecta por a\u00f1o represar 69.88 millones de metros c\u00fabicos de agua, lo cual afectar\u00eda directamente a 19 ejidos, su producci\u00f3n local y poblaci\u00f3n.<\/p>\n<p>La realizaci\u00f3n de este megaproyecto conocido como Presa Milpillas sobre el r\u00edo Atenco, se inici\u00f3 sin el menor respeto a los derechos de los ejidatarios y bajo argumentos de bienestar, pero como en todo megaproyecto lejos del beneficio social hay empresas que podr\u00edan verse favorecidas por la construcci\u00f3n del embalse y un acueducto que atravesar\u00eda la sierra; ZonaDocs visit\u00f3 las comunidades afectadas por esta iniciativa del gobierno local como el federal y el reportero se percat\u00f3 que \u201ccasualmente\u201d en el camino de la l\u00ednea de conducci\u00f3n para el abastecimiento del agua que pretende llevarla al corredor urbano Fresnillo-Zacatecas-Guadalupe, hay mineras y productoras de cerveza.<\/p>\n<p>En este reportaje se cuenta la historia de quienes luchan por defender su territorio y autonom\u00eda ante la imposici\u00f3n de otro megaproyecto h\u00eddrico.<\/p><\/blockquote>\n<p>Texto y fotograf\u00edas: Mario Marlo \/ @MarioMarlo<\/p>\n<p>El 8 de septiembre de 2015, durante su Quinto Informe de Gobierno, el entonces gobernador pri\u00edsta de Zacatecas, Miguel Alonso Reyes, anunci\u00f3 oficialmente la construcci\u00f3n del proyecto: \u201cPresa Milpillas y la l\u00ednea de conducci\u00f3n para el abastecimiento de agua potable en el corredor Fresnillo-Zacatecas-Guadalupe\u201d, en el municipio de Jim\u00e9nez del Te\u00fal, ubicado a 250 kil\u00f3metros de distancia de la capital del estado; el proyecto consta de una cortina de 88 metros de altura y un acueducto 166 kil\u00f3metros que llevar\u00eda agua del r\u00edo Atenco al corredor urbano e industrial a Fresnillo, Zacatecas y Guadalupe, municipios donde se concentra una alta densidad poblacional y se encuentran otros proyectos extractivos como e\u00f3licos y miner\u00eda.<\/p>\n<p>Seg\u00fan Benjam\u00edn de Le\u00f3n Mojarro, director de la Junta Intermunicipal de Agua Potable y Alcantarillado de Zacatecas (Jiapaz), el costo total del estudio de factibilidad ser\u00e1 de 40 millones de pesos,  mientras que la inversi\u00f3n inicial asciende a 6 mil millones de pesos: 1.8 para levantar la cortina y 4.2 para construir el acueducto.; los recursos de la obra provienen del gobierno federal a trav\u00e9s de la Comisi\u00f3n Nacional del Agua, el gobierno municipal de Zacatecas y el sector privado.<\/p>\n<p>Los 19 ejidos directamente afectados por la construcci\u00f3n del trasvase son: dos del municipio de Jim\u00e9nez del Te\u00fal, Atotonilco y El Potrero; cuatro en Sombrerete: Estancia de Guadalupe, Corrales, Ni\u00f1o Artillero y Nuevo M\u00e9xico; 11 ubicados en Fresnillo: La Presa, Misericordia y Anexos, Primero de Mayo, Trujillo y Buenavista, Melchor Ocampo, Tapias, San Crist\u00f3bal, El Salto, Er\u00e9ndira, M\u00e9xico Nuevo y Providencia. Dos ejidos m\u00e1s est\u00e1n en la ruta del acueducto: Hacienda Nueva en Morelos y La Pimienta en Zacatecas.<\/p>\n<p><img loading=\"lazy\" decoding=\"async\" data-attachment-id=\"34808\" data-permalink=\"http:\/\/www.grieta.org.mx\/index.php\/2019\/06\/13\/presa-milpillas-la-pelea-por-el-agua-en-zacatecas\/m2-7\/\" data-orig-file=\"http:\/\/www.grieta.org.mx\/wp-content\/uploads\/2019\/06\/m2.jpg\" data-orig-size=\"1469,831\" data-comments-opened=\"0\" data-image-meta=\"{&quot;aperture&quot;:&quot;0&quot;,&quot;credit&quot;:&quot;&quot;,&quot;camera&quot;:&quot;&quot;,&quot;caption&quot;:&quot;&quot;,&quot;created_timestamp&quot;:&quot;0&quot;,&quot;copyright&quot;:&quot;&quot;,&quot;focal_length&quot;:&quot;0&quot;,&quot;iso&quot;:&quot;0&quot;,&quot;shutter_speed&quot;:&quot;0&quot;,&quot;title&quot;:&quot;&quot;,&quot;orientation&quot;:&quot;0&quot;}\" data-image-title=\"m2\" data-image-description=\"\" data-image-caption=\"\" data-medium-file=\"http:\/\/www.grieta.org.mx\/wp-content\/uploads\/2019\/06\/m2-300x170.jpg\" data-large-file=\"http:\/\/www.grieta.org.mx\/wp-content\/uploads\/2019\/06\/m2-1024x579.jpg\" src=\"http:\/\/www.grieta.org.mx\/wp-content\/uploads\/2019\/06\/m2-1024x579.jpg\" alt=\"\" width=\"1024\" height=\"579\" class=\"alignleft size-large wp-image-34808\" srcset=\"http:\/\/www.grieta.org.mx\/wp-content\/uploads\/2019\/06\/m2-1024x579.jpg 1024w, http:\/\/www.grieta.org.mx\/wp-content\/uploads\/2019\/06\/m2-300x170.jpg 300w, http:\/\/www.grieta.org.mx\/wp-content\/uploads\/2019\/06\/m2-768x434.jpg 768w, http:\/\/www.grieta.org.mx\/wp-content\/uploads\/2019\/06\/m2-884x500.jpg 884w, http:\/\/www.grieta.org.mx\/wp-content\/uploads\/2019\/06\/m2.jpg 1469w\" sizes=\"auto, (max-width: 1024px) 100vw, 1024px\" \/><\/p>\n<p><strong>Una comunidad organizada<\/strong><br \/>\nNi\u00f1os y ni\u00f1as juegan en las inmediaciones de la cancha de basquetbol de la comunidad El potrero en el municipio de Jim\u00e9nez del Te\u00fal. Debajo de dos \u00e1rboles, mujeres han montado puestos de elotes, agua, refrescos y dulces que ofrecen a las m\u00e1s de trescientas personas que ocupan sus asientos frente a una manta en la que se lee: 1er Encuentro de Pueblos Afectados por el Modelo Extractivo en Zacatecas que se realiz\u00f3 el s\u00e1bado 8 de junio para extender solidaridad y visibilidad al conflicto socio-ambiental que ocupa a estos pueblos.<\/p>\n<p>A trav\u00e9s del equipo de sonido se escucha: \u201cTen\u00edamos miedo porque dec\u00edamos qu\u00e9 se puede hacer contra el gobierno: \u00e9l es todo poderoso, pero hemos aprendido que debemos de luchar, no nos podemos quedar ah\u00ed estacionados viendo c\u00f3mo llegan a nuestra casa y se llevan todo lo que tenemos.\u201d, es la voz de una de las mujeres de Jim\u00e9nez del Te\u00fal, las cuales participan activamente desde hace m\u00e1s de un a\u00f1o en la resistencia contra la presa Milpillas. Su intervenci\u00f3n culmin\u00f3 sentenciando lo que he escuchado en muchos otros pueblos m\u00e1s: \u201csolo han tra\u00eddo divisi\u00f3n y nos han quitado la tranquilidad\u201d.<\/p>\n<p>Desde que las autoridades del gobierno de Zacatecas en el a\u00f1o 2016, lograron que ejidatarios otorgaran los permisos para que ingenieros de la CONAGUA comenzaran a realizar el Estudio de Factibilidad, la vida ha cambiado en Jim\u00e9nez del Te\u00fal: \u201cNos dijeron que no iba a pasar nada, solo quer\u00edan un permiso para hacer un estudio, pero nos convencieron al decirnos que Zacatecas, Fresnillo y Calera estaban padeciendo de agua, hab\u00eda que darles agua. Despu\u00e9s ya no volvieron a pedir permiso, s\u00f3lo los ve\u00edamos, midiendo, sacando medidas por todos los ejidos.\u201d<\/p>\n<p><img loading=\"lazy\" decoding=\"async\" data-attachment-id=\"34810\" data-permalink=\"http:\/\/www.grieta.org.mx\/index.php\/2019\/06\/13\/presa-milpillas-la-pelea-por-el-agua-en-zacatecas\/m3-5\/\" data-orig-file=\"http:\/\/www.grieta.org.mx\/wp-content\/uploads\/2019\/06\/m3.jpg\" data-orig-size=\"1300,840\" data-comments-opened=\"0\" data-image-meta=\"{&quot;aperture&quot;:&quot;3.2&quot;,&quot;credit&quot;:&quot;&quot;,&quot;camera&quot;:&quot;SLT-A77V&quot;,&quot;caption&quot;:&quot;&quot;,&quot;created_timestamp&quot;:&quot;1560001314&quot;,&quot;copyright&quot;:&quot;&quot;,&quot;focal_length&quot;:&quot;24&quot;,&quot;iso&quot;:&quot;50&quot;,&quot;shutter_speed&quot;:&quot;0.002&quot;,&quot;title&quot;:&quot;&quot;,&quot;orientation&quot;:&quot;1&quot;}\" data-image-title=\"m3\" data-image-description=\"\" data-image-caption=\"\" data-medium-file=\"http:\/\/www.grieta.org.mx\/wp-content\/uploads\/2019\/06\/m3-300x194.jpg\" data-large-file=\"http:\/\/www.grieta.org.mx\/wp-content\/uploads\/2019\/06\/m3-1024x662.jpg\" src=\"http:\/\/www.grieta.org.mx\/wp-content\/uploads\/2019\/06\/m3-1024x662.jpg\" alt=\"\" width=\"1024\" height=\"662\" class=\"alignleft size-large wp-image-34810\" srcset=\"http:\/\/www.grieta.org.mx\/wp-content\/uploads\/2019\/06\/m3-1024x662.jpg 1024w, http:\/\/www.grieta.org.mx\/wp-content\/uploads\/2019\/06\/m3-300x194.jpg 300w, http:\/\/www.grieta.org.mx\/wp-content\/uploads\/2019\/06\/m3-768x496.jpg 768w, http:\/\/www.grieta.org.mx\/wp-content\/uploads\/2019\/06\/m3-774x500.jpg 774w, http:\/\/www.grieta.org.mx\/wp-content\/uploads\/2019\/06\/m3.jpg 1300w\" sizes=\"auto, (max-width: 1024px) 100vw, 1024px\" \/><\/p>\n<p><img loading=\"lazy\" decoding=\"async\" data-attachment-id=\"34809\" data-permalink=\"http:\/\/www.grieta.org.mx\/index.php\/2019\/06\/13\/presa-milpillas-la-pelea-por-el-agua-en-zacatecas\/m4-3\/\" data-orig-file=\"http:\/\/www.grieta.org.mx\/wp-content\/uploads\/2019\/06\/m4.jpg\" data-orig-size=\"1300,867\" data-comments-opened=\"0\" data-image-meta=\"{&quot;aperture&quot;:&quot;2.8&quot;,&quot;credit&quot;:&quot;&quot;,&quot;camera&quot;:&quot;SLT-A77V&quot;,&quot;caption&quot;:&quot;&quot;,&quot;created_timestamp&quot;:&quot;1560088758&quot;,&quot;copyright&quot;:&quot;&quot;,&quot;focal_length&quot;:&quot;18&quot;,&quot;iso&quot;:&quot;100&quot;,&quot;shutter_speed&quot;:&quot;0.0003125&quot;,&quot;title&quot;:&quot;&quot;,&quot;orientation&quot;:&quot;1&quot;}\" data-image-title=\"m4\" data-image-description=\"\" data-image-caption=\"\" data-medium-file=\"http:\/\/www.grieta.org.mx\/wp-content\/uploads\/2019\/06\/m4-300x200.jpg\" data-large-file=\"http:\/\/www.grieta.org.mx\/wp-content\/uploads\/2019\/06\/m4-1024x683.jpg\" src=\"http:\/\/www.grieta.org.mx\/wp-content\/uploads\/2019\/06\/m4-1024x683.jpg\" alt=\"\" width=\"1024\" height=\"683\" class=\"alignleft size-large wp-image-34809\" srcset=\"http:\/\/www.grieta.org.mx\/wp-content\/uploads\/2019\/06\/m4-1024x683.jpg 1024w, http:\/\/www.grieta.org.mx\/wp-content\/uploads\/2019\/06\/m4-300x200.jpg 300w, http:\/\/www.grieta.org.mx\/wp-content\/uploads\/2019\/06\/m4-768x512.jpg 768w, http:\/\/www.grieta.org.mx\/wp-content\/uploads\/2019\/06\/m4-750x500.jpg 750w, http:\/\/www.grieta.org.mx\/wp-content\/uploads\/2019\/06\/m4.jpg 1300w\" sizes=\"auto, (max-width: 1024px) 100vw, 1024px\" \/><\/p>\n<p>Desde entonces representantes de Comisi\u00f3n Nacional del Agua emprendieron la misma estrategia de baja intensidad que divide a los pueblos: se acercaron a convencer y comprar uno a uno a los ejidatarios; la posesi\u00f3n y derechos sobre las tierras ha generado que el pueblo se fragmente entre los que est\u00e1n a favor de la presa y los que est\u00e1n en contra.<\/p>\n<p>\u201cNosotros comenzamos a buscar apoyo e informaci\u00f3n, as\u00ed fue como comenzamos a organizarnos y comenzar con la resistencia contra la imposici\u00f3n de la Presa Milpillas y se cre\u00f3 el Movimiento en Defensa del Territorio y del R\u00edo Atenco.<\/p>\n<p>Apoyados por la Red Mexicana de Afectados por la Miner\u00eda (REMA), los habitantes de los ejidos a quienes se les est\u00e1n violentando sus derechos, han comenzado a realizar acciones jur\u00eddicas: ante el Ministerio P\u00fablico en Sombrerete se denunci\u00f3 la  violaci\u00f3n a la Ley Agraria y la libre determinaci\u00f3n de los ejidos en la Asamblea Ejidal del 14 de octubre del 2018,  en la que denunciaron tambi\u00e9n, la invasi\u00f3n de maquinaria en propiedad ejidal de Atotonilco.<\/p>\n<p>En su proceso tambi\u00e9n han presentado dos quejas ante la Comisi\u00f3n Estatal de Derechos Humanos de Zacatecas y tres en la Comisi\u00f3n Nacional de Derechos Humanos.<\/p>\n<p>Actualmente, Comisariados Ejidales de Atotonilco, El Potrero, Estancia de Guadalupe y Corrales, as\u00ed como delegados municipales de los ejidos, La Lagunita del Mezquite Blanco, Carretas, Las Bocas, Las Palmas, La Mota y habitantes de la cabecera municipal de Jim\u00e9nez de Te\u00fal se organizaron en resistencia contra la imposici\u00f3n de la Presa Milpillas, la cual amenaza con inundar su territorio.<\/p>\n<p><img loading=\"lazy\" decoding=\"async\" data-attachment-id=\"34811\" data-permalink=\"http:\/\/www.grieta.org.mx\/index.php\/2019\/06\/13\/presa-milpillas-la-pelea-por-el-agua-en-zacatecas\/m5-2\/\" data-orig-file=\"http:\/\/www.grieta.org.mx\/wp-content\/uploads\/2019\/06\/m5.jpg\" data-orig-size=\"1300,867\" data-comments-opened=\"0\" data-image-meta=\"{&quot;aperture&quot;:&quot;3.2&quot;,&quot;credit&quot;:&quot;&quot;,&quot;camera&quot;:&quot;SLT-A77V&quot;,&quot;caption&quot;:&quot;&quot;,&quot;created_timestamp&quot;:&quot;1559994071&quot;,&quot;copyright&quot;:&quot;&quot;,&quot;focal_length&quot;:&quot;24&quot;,&quot;iso&quot;:&quot;50&quot;,&quot;shutter_speed&quot;:&quot;0.0025&quot;,&quot;title&quot;:&quot;&quot;,&quot;orientation&quot;:&quot;1&quot;}\" data-image-title=\"m5\" data-image-description=\"\" data-image-caption=\"\" data-medium-file=\"http:\/\/www.grieta.org.mx\/wp-content\/uploads\/2019\/06\/m5-300x200.jpg\" data-large-file=\"http:\/\/www.grieta.org.mx\/wp-content\/uploads\/2019\/06\/m5-1024x683.jpg\" src=\"http:\/\/www.grieta.org.mx\/wp-content\/uploads\/2019\/06\/m5-1024x683.jpg\" alt=\"\" width=\"1024\" height=\"683\" class=\"alignleft size-large wp-image-34811\" srcset=\"http:\/\/www.grieta.org.mx\/wp-content\/uploads\/2019\/06\/m5-1024x683.jpg 1024w, http:\/\/www.grieta.org.mx\/wp-content\/uploads\/2019\/06\/m5-300x200.jpg 300w, http:\/\/www.grieta.org.mx\/wp-content\/uploads\/2019\/06\/m5-768x512.jpg 768w, http:\/\/www.grieta.org.mx\/wp-content\/uploads\/2019\/06\/m5-750x500.jpg 750w, http:\/\/www.grieta.org.mx\/wp-content\/uploads\/2019\/06\/m5.jpg 1300w\" sizes=\"auto, (max-width: 1024px) 100vw, 1024px\" \/><\/p>\n<p><strong>El Comal, una AC paraestatal que divide para imponer la presa<\/strong><\/p>\n<p>El 20 de mayo del 2019 en una conferencia de prensa en la capital de Zacatecas, se present\u00f3 la creaci\u00f3n de la asociaci\u00f3n civil Comunidades por el Agua y la Libertad (Comal), presidida por Benjam\u00edn Miranda Gonz\u00e1lez, uno de los principales promotores de la Presa Milpillas; de las declaraciones vertidas hace unos d\u00edas, destaca la de la intenci\u00f3n de convertir a Comal AC como antagonista al derecho de los pueblos en resistir y oponerse al megaproyecto de agua que les despoja del territorio y podr\u00eda hasta inundarlos: \u201cNosotros no nos oponemos a la construcci\u00f3n de la Presa, pero s\u00ed queremos que antes que cualquier cosa, nos informen todo lo que esto significa y c\u00f3mo nos va a afectar\u201d, dijo uno de los ejidatarios involucrados.<\/p>\n<p>Siete meses antes, el 14 de octubre de 2018, autoridades estatales y municipales, resguardados por m\u00e1s de cien polic\u00edas estatales, llegaron al sal\u00f3n ejidal en El Potrero donde se realizar\u00eda una asamblea para decidir la construcci\u00f3n del embalse; ese d\u00eda integrantes de El Comal fueron los primeros en ingresar al lugar.<\/p>\n<div class=\"fb-video\" data-allowfullscreen=\"true\" data-href=\"https:\/\/www.facebook.com\/OCMZacatecas\/videos\/572239013205155\/\" style=\"background-color: #fff; display: inline-block;\"><\/div>\n<p>La instalaci\u00f3n de dos filtros de seguridad a cargo de la polic\u00eda estatal, impidi\u00f3 el paso a ejidatarios y  ejidatarias opositores al megaproyecto, violando los derechos de autonom\u00eda que otorga la ley Agraria; en la entrada narraron a ZonaDocs, una persona del gobierno estatal con lista en mano, decid\u00eda qui\u00e9n entraba y qui\u00e9n no al sal\u00f3n ejidal que es el m\u00e1ximo recinto de autonom\u00eda de un ejido.<\/p>\n<p>En la Asamblea, Alfonso Carlos del Real L\u00f3pez, representante del gobernador de Zacatecas, el titular de la Secretar\u00eda de Agua y Medio Ambiente en el estado, Luis Fernando Maldonado Moreno; el Procurador Agrario, Francisco Godoy Cort\u00e9s y la Presidenta Municipal de Jim\u00e9nez del Te\u00fal, Victoriana Espinoza S\u00e1nchez, lograron obtener el resultado de 34 votos a favor y 28 en contra para otorgar un convenio de ocupaci\u00f3n previa a una superficie de 125 hect\u00e1reas de uso com\u00fan para la construcci\u00f3n de la cortina de la Presa Milpillas.<\/p>\n<p>A fuera de la Asamblea, la polic\u00eda estatal intimid\u00f3, golpe\u00f3 y desaloj\u00f3 a ejidatarios que intentaban ingresar para emitir su voto, y tambi\u00e9n atac\u00f3 a los habitantes de Jim\u00e9nez de Te\u00fal que protestaban por la intromisi\u00f3n de las autoridades en la vida aut\u00f3noma del ejido.<\/p>\n<p><strong>UNA PRESA INVIABLE<\/strong><\/p>\n<p>Seg\u00fan la Comisi\u00f3n Nacional del Agua (Conagua), Zacatecas se encuentra dentro de los cinco estados con mayores d\u00e9ficit en aguas subterr\u00e1neas como pasa en Chihuahua, Guanajuato, Baja California y Ciudad de M\u00e9xico.<\/p>\n<p>En su texto, La corrupci\u00f3n institucionalizada en el manejo del agua en M\u00e9xico: el caso de Zacatecas, la  investigadora Cindy McCulligh explica que de los 34 acu\u00edferos del estado, 14 se encuentran en d\u00e9ficit, con niveles de extracci\u00f3n que superan la recarga a una tasa de 382.9 millones de metros c\u00fabicos (Mm3) anuales.<\/p>\n<p>Como un intento de resolver esta crisis, la CONAGUA propuso la construcci\u00f3n de la Presa Milpillas bajo el concepto arcaico de que represar r\u00edos garantizar abastecimiento, pero probado est\u00e1 a nivel mundial que ese paradigma ha resultado insustentable. Su argumento es ya no explotar m\u00e1s los acu\u00edferos que dotan de agua a estas poblaciones y podr\u00edan recuperarse, pero no hay evidencia cient\u00edfica que lo compruebe.<\/p>\n<p>Darcy Tetreault, investigador de la Unidad Acad\u00e9mica en Estudios del Desarrollo de la Universidad Aut\u00f3noma de Zacatecas, no est\u00e1 de acuerdo con la teor\u00eda de represar para que se recuperen los mantos fre\u00e1ticos.  En su texto La No Factibilidad de la presa Milpillas, detalla que el estudio de factibilidad no presenta: \u201cen ning\u00fan lugar los datos y c\u00e1lculos correspondientes para respaldar la afirmaci\u00f3n de que a finales de la vida \u00fatil de la presa, 50 a\u00f1os, se espera que los acu\u00edferos que dotan de agua a estas poblaciones, ya hayan recuperado sus niveles fre\u00e1ticos y se encuentran en condiciones satisfactorias para poder abastecer la demanda de agua en ese momento.\u201d<\/p>\n<p><img loading=\"lazy\" decoding=\"async\" data-attachment-id=\"34816\" data-permalink=\"http:\/\/www.grieta.org.mx\/index.php\/2019\/06\/13\/presa-milpillas-la-pelea-por-el-agua-en-zacatecas\/m6-2\/\" data-orig-file=\"http:\/\/www.grieta.org.mx\/wp-content\/uploads\/2019\/06\/m6.jpg\" data-orig-size=\"1300,850\" data-comments-opened=\"0\" data-image-meta=\"{&quot;aperture&quot;:&quot;5.6&quot;,&quot;credit&quot;:&quot;&quot;,&quot;camera&quot;:&quot;Canon EOS REBEL T5i&quot;,&quot;caption&quot;:&quot;&quot;,&quot;created_timestamp&quot;:&quot;1560070799&quot;,&quot;copyright&quot;:&quot;&quot;,&quot;focal_length&quot;:&quot;62&quot;,&quot;iso&quot;:&quot;100&quot;,&quot;shutter_speed&quot;:&quot;0.002&quot;,&quot;title&quot;:&quot;&quot;,&quot;orientation&quot;:&quot;1&quot;}\" data-image-title=\"m6\" data-image-description=\"\" data-image-caption=\"\" data-medium-file=\"http:\/\/www.grieta.org.mx\/wp-content\/uploads\/2019\/06\/m6-300x196.jpg\" data-large-file=\"http:\/\/www.grieta.org.mx\/wp-content\/uploads\/2019\/06\/m6-1024x670.jpg\" src=\"http:\/\/www.grieta.org.mx\/wp-content\/uploads\/2019\/06\/m6-1024x670.jpg\" alt=\"\" width=\"1024\" height=\"670\" class=\"alignleft size-large wp-image-34816\" srcset=\"http:\/\/www.grieta.org.mx\/wp-content\/uploads\/2019\/06\/m6-1024x670.jpg 1024w, http:\/\/www.grieta.org.mx\/wp-content\/uploads\/2019\/06\/m6-300x196.jpg 300w, http:\/\/www.grieta.org.mx\/wp-content\/uploads\/2019\/06\/m6-768x502.jpg 768w, http:\/\/www.grieta.org.mx\/wp-content\/uploads\/2019\/06\/m6-765x500.jpg 765w, http:\/\/www.grieta.org.mx\/wp-content\/uploads\/2019\/06\/m6.jpg 1300w\" sizes=\"auto, (max-width: 1024px) 100vw, 1024px\" \/><br \/>\nPor otro lado, el investigador resalta -en el mismo texto -que seg\u00fan los datos del estudio oficial para el megaproyecto, para que el agua llegue a la capital del estado se tiene la necesidad de bombear el agua de la presa Milpillas desde una distancia vertical de casi 600 metros en su trayectoria a la capital. Se calculan los costos energ\u00e9ticos asociados con este bombeo en 8.62 pesos por cada metro c\u00fabico por lo que s\u00ed el acueducto mueve 41 Mm3 \/a\u00f1o de agua hacia la regi\u00f3n centro del estado, entonces, el costo anual promedio de operaci\u00f3n de la presa y el acueducto ser\u00e1 de 353.4 millones de pesos durante un periodo de 50 a\u00f1os, a cargo del erario p\u00fablico y con impacto en las tarifas de cobro de agua para peque\u00f1os consumidores.<\/p>\n<p>El investigador se\u00f1ala que el acueducto de la presa Milpillas, estar\u00e1 en las inmediaciones de al menos tres empresas mineras propiedad de Grupo Pe\u00f1oles y de Fresnillo PLC; incluso Darcy Ttetreault afirma que el Grupo Modelo ha mostrado inter\u00e9s por financiar el proyecto h\u00eddrico lo que le permitir\u00eda tambi\u00e9n beneficiarse del agua.<\/p>\n<p><strong>DEFIENDEN EL AGUA, EL TERRITORIO Y SU SUBSISTENCIA<\/strong><br \/>\n\u201cEs muy triste que a uno le quieran quitar su casa donde naci\u00f3, su vida, su historia. Todo Jim\u00e9nez est\u00e1 situado sobre el r\u00edo, al desaparecer el r\u00edo, pues desaparecer\u00eda Jim\u00e9nez\u2026 la gente tendr\u00edamos que salir, no s\u00f3lo de Jim\u00e9nez, tambi\u00e9n de las comunidades r\u00edo abajo que ser\u00edan afectadas\u201d, relata Manuel Miranda, uno de los ejidatarios de Jim\u00e9nez del Te\u00fal en claro rechazo por el proyecto.<\/p>\n<p>Manuel y sus hermanos, Jes\u00fas y Fernando Miranda S\u00e1nchez, son cuarta generaci\u00f3n, heredaron el rancho de la Providencia que tiene 600 hect\u00e1reas actualmente usadas como agostadero para m\u00e1s de 150 cabezas de ganado.<\/p>\n<p><img loading=\"lazy\" decoding=\"async\" data-attachment-id=\"34817\" data-permalink=\"http:\/\/www.grieta.org.mx\/index.php\/2019\/06\/13\/presa-milpillas-la-pelea-por-el-agua-en-zacatecas\/m7-2\/\" data-orig-file=\"http:\/\/www.grieta.org.mx\/wp-content\/uploads\/2019\/06\/m7.jpg\" data-orig-size=\"1300,731\" data-comments-opened=\"0\" data-image-meta=\"{&quot;aperture&quot;:&quot;2.8&quot;,&quot;credit&quot;:&quot;&quot;,&quot;camera&quot;:&quot;SLT-A77V&quot;,&quot;caption&quot;:&quot;&quot;,&quot;created_timestamp&quot;:&quot;1560081986&quot;,&quot;copyright&quot;:&quot;&quot;,&quot;focal_length&quot;:&quot;18&quot;,&quot;iso&quot;:&quot;100&quot;,&quot;shutter_speed&quot;:&quot;0.0003125&quot;,&quot;title&quot;:&quot;&quot;,&quot;orientation&quot;:&quot;1&quot;}\" data-image-title=\"m7\" data-image-description=\"\" data-image-caption=\"\" data-medium-file=\"http:\/\/www.grieta.org.mx\/wp-content\/uploads\/2019\/06\/m7-300x169.jpg\" data-large-file=\"http:\/\/www.grieta.org.mx\/wp-content\/uploads\/2019\/06\/m7-1024x576.jpg\" src=\"http:\/\/www.grieta.org.mx\/wp-content\/uploads\/2019\/06\/m7-1024x576.jpg\" alt=\"\" width=\"1024\" height=\"576\" class=\"alignleft size-large wp-image-34817\" srcset=\"http:\/\/www.grieta.org.mx\/wp-content\/uploads\/2019\/06\/m7-1024x576.jpg 1024w, http:\/\/www.grieta.org.mx\/wp-content\/uploads\/2019\/06\/m7-300x169.jpg 300w, http:\/\/www.grieta.org.mx\/wp-content\/uploads\/2019\/06\/m7-768x432.jpg 768w, http:\/\/www.grieta.org.mx\/wp-content\/uploads\/2019\/06\/m7-889x500.jpg 889w, http:\/\/www.grieta.org.mx\/wp-content\/uploads\/2019\/06\/m7.jpg 1300w\" sizes=\"auto, (max-width: 1024px) 100vw, 1024px\" \/><\/p>\n<p>Este rancho ser\u00eda el primer territorio en inundarse debido a que se encuentra a escasos 800 metros del punto donde se construir\u00eda la cortina de la presa Milpillas.<\/p>\n<p>\u201cNosotros nacimos y nos criamos en este Rancho, por eso es que no estamos de acuerdo con que se inunde, nunca vamos a ver La Providencia\u201d, cuenta Fernando, mientras camina por el patio del que fuera su casa cuando era ni\u00f1o.<\/p>\n<p><img loading=\"lazy\" decoding=\"async\" data-attachment-id=\"34818\" data-permalink=\"http:\/\/www.grieta.org.mx\/index.php\/2019\/06\/13\/presa-milpillas-la-pelea-por-el-agua-en-zacatecas\/m8\/\" data-orig-file=\"http:\/\/www.grieta.org.mx\/wp-content\/uploads\/2019\/06\/m8.jpg\" data-orig-size=\"1300,867\" data-comments-opened=\"0\" data-image-meta=\"{&quot;aperture&quot;:&quot;13&quot;,&quot;credit&quot;:&quot;&quot;,&quot;camera&quot;:&quot;Canon EOS REBEL T5i&quot;,&quot;caption&quot;:&quot;&quot;,&quot;created_timestamp&quot;:&quot;1560090279&quot;,&quot;copyright&quot;:&quot;&quot;,&quot;focal_length&quot;:&quot;18&quot;,&quot;iso&quot;:&quot;100&quot;,&quot;shutter_speed&quot;:&quot;0.0125&quot;,&quot;title&quot;:&quot;&quot;,&quot;orientation&quot;:&quot;1&quot;}\" data-image-title=\"m8\" data-image-description=\"\" data-image-caption=\"\" data-medium-file=\"http:\/\/www.grieta.org.mx\/wp-content\/uploads\/2019\/06\/m8-300x200.jpg\" data-large-file=\"http:\/\/www.grieta.org.mx\/wp-content\/uploads\/2019\/06\/m8-1024x683.jpg\" src=\"http:\/\/www.grieta.org.mx\/wp-content\/uploads\/2019\/06\/m8-1024x683.jpg\" alt=\"\" width=\"1024\" height=\"683\" class=\"alignleft size-large wp-image-34818\" srcset=\"http:\/\/www.grieta.org.mx\/wp-content\/uploads\/2019\/06\/m8-1024x683.jpg 1024w, http:\/\/www.grieta.org.mx\/wp-content\/uploads\/2019\/06\/m8-300x200.jpg 300w, http:\/\/www.grieta.org.mx\/wp-content\/uploads\/2019\/06\/m8-768x512.jpg 768w, http:\/\/www.grieta.org.mx\/wp-content\/uploads\/2019\/06\/m8-750x500.jpg 750w, http:\/\/www.grieta.org.mx\/wp-content\/uploads\/2019\/06\/m8.jpg 1300w\" sizes=\"auto, (max-width: 1024px) 100vw, 1024px\" \/><\/p>\n<p>Actualmente, los habitantes de los ejidos que ser\u00edan afectadas por la construcci\u00f3n de la presa Milpillas se encuentran articul\u00e1ndose y aprendiendo de otras comunidades que defienden sus r\u00edos contra obras hidr\u00e1ulicas en todo el pa\u00eds.<\/p>\n<p>Entre lo que han constatado es que la estrategia que ha utilizado la Conagua y el gobierno de Zacatecas es la misma que se ha usado en otros casos para imponer este tipo de proyectos que despojan a las personas de su territorio; dividen las comunidades; cooptan a los l\u00edderes,; adem\u00e1s de amenazar, criminalizar y violar los derechos humanos de los habitantes, todo bajo procesos que se desarrollan entre la corrupci\u00f3n y los sobre costos del proyecto.<\/p>\n<p>El caso de la presa Milpillas, es la misma f\u00f3rmula que se uso para imponer la construcci\u00f3n de la presa El Zapotillo en Jalisco; Pilares en Sinaloa; El Caj\u00f3n y Agua Milpa en Nayarit.<br \/>\n<img loading=\"lazy\" decoding=\"async\" data-attachment-id=\"34820\" data-permalink=\"http:\/\/www.grieta.org.mx\/index.php\/2019\/06\/13\/presa-milpillas-la-pelea-por-el-agua-en-zacatecas\/m9-2\/\" data-orig-file=\"http:\/\/www.grieta.org.mx\/wp-content\/uploads\/2019\/06\/m9.jpg\" data-orig-size=\"1300,867\" data-comments-opened=\"0\" data-image-meta=\"{&quot;aperture&quot;:&quot;5.6&quot;,&quot;credit&quot;:&quot;&quot;,&quot;camera&quot;:&quot;Canon EOS REBEL T5i&quot;,&quot;caption&quot;:&quot;&quot;,&quot;created_timestamp&quot;:&quot;1560085529&quot;,&quot;copyright&quot;:&quot;&quot;,&quot;focal_length&quot;:&quot;18&quot;,&quot;iso&quot;:&quot;100&quot;,&quot;shutter_speed&quot;:&quot;0.002&quot;,&quot;title&quot;:&quot;&quot;,&quot;orientation&quot;:&quot;1&quot;}\" data-image-title=\"m9\" data-image-description=\"\" data-image-caption=\"\" data-medium-file=\"http:\/\/www.grieta.org.mx\/wp-content\/uploads\/2019\/06\/m9-300x200.jpg\" data-large-file=\"http:\/\/www.grieta.org.mx\/wp-content\/uploads\/2019\/06\/m9-1024x683.jpg\" src=\"http:\/\/www.grieta.org.mx\/wp-content\/uploads\/2019\/06\/m9-1024x683.jpg\" alt=\"\" width=\"1024\" height=\"683\" class=\"alignleft size-large wp-image-34820\" srcset=\"http:\/\/www.grieta.org.mx\/wp-content\/uploads\/2019\/06\/m9-1024x683.jpg 1024w, http:\/\/www.grieta.org.mx\/wp-content\/uploads\/2019\/06\/m9-300x200.jpg 300w, http:\/\/www.grieta.org.mx\/wp-content\/uploads\/2019\/06\/m9-768x512.jpg 768w, http:\/\/www.grieta.org.mx\/wp-content\/uploads\/2019\/06\/m9-750x500.jpg 750w, http:\/\/www.grieta.org.mx\/wp-content\/uploads\/2019\/06\/m9.jpg 1300w\" sizes=\"auto, (max-width: 1024px) 100vw, 1024px\" \/><br \/>\n<img loading=\"lazy\" decoding=\"async\" data-attachment-id=\"34819\" data-permalink=\"http:\/\/www.grieta.org.mx\/index.php\/2019\/06\/13\/presa-milpillas-la-pelea-por-el-agua-en-zacatecas\/m10-2\/\" data-orig-file=\"http:\/\/www.grieta.org.mx\/wp-content\/uploads\/2019\/06\/m10.jpg\" data-orig-size=\"1300,867\" data-comments-opened=\"0\" data-image-meta=\"{&quot;aperture&quot;:&quot;13&quot;,&quot;credit&quot;:&quot;&quot;,&quot;camera&quot;:&quot;Canon EOS REBEL T5i&quot;,&quot;caption&quot;:&quot;&quot;,&quot;created_timestamp&quot;:&quot;1560087375&quot;,&quot;copyright&quot;:&quot;&quot;,&quot;focal_length&quot;:&quot;35&quot;,&quot;iso&quot;:&quot;100&quot;,&quot;shutter_speed&quot;:&quot;0.0125&quot;,&quot;title&quot;:&quot;&quot;,&quot;orientation&quot;:&quot;1&quot;}\" data-image-title=\"m10\" data-image-description=\"\" data-image-caption=\"\" data-medium-file=\"http:\/\/www.grieta.org.mx\/wp-content\/uploads\/2019\/06\/m10-300x200.jpg\" data-large-file=\"http:\/\/www.grieta.org.mx\/wp-content\/uploads\/2019\/06\/m10-1024x683.jpg\" src=\"http:\/\/www.grieta.org.mx\/wp-content\/uploads\/2019\/06\/m10-1024x683.jpg\" alt=\"\" width=\"1024\" height=\"683\" class=\"alignleft size-large wp-image-34819\" srcset=\"http:\/\/www.grieta.org.mx\/wp-content\/uploads\/2019\/06\/m10-1024x683.jpg 1024w, http:\/\/www.grieta.org.mx\/wp-content\/uploads\/2019\/06\/m10-300x200.jpg 300w, http:\/\/www.grieta.org.mx\/wp-content\/uploads\/2019\/06\/m10-768x512.jpg 768w, http:\/\/www.grieta.org.mx\/wp-content\/uploads\/2019\/06\/m10-750x500.jpg 750w, http:\/\/www.grieta.org.mx\/wp-content\/uploads\/2019\/06\/m10.jpg 1300w\" sizes=\"auto, (max-width: 1024px) 100vw, 1024px\" \/><\/p>\n","protected":false},"excerpt":{"rendered":"<p>Mario Marlo\/Somos el medio Bajo el argumento de llevar el agua a donde m\u00e1s se necesita, autoridades de Zacatecas y la Comisi\u00f3n Nacional del Agua (Conagua) pretenden construir, en el &hellip; <a href=\"http:\/\/www.grieta.org.mx\/index.php\/2019\/06\/13\/presa-milpillas-la-pelea-por-el-agua-en-zacatecas\/\" class=\"more-link\">Leer m\u00e1s<\/a><\/p>\n","protected":false},"author":2,"featured_media":34807,"comment_status":"closed","ping_status":"closed","sticky":false,"template":"","format":"standard","meta":{"ngg_post_thumbnail":0,"_jetpack_newsletter_access":"","_jetpack_dont_email_post_to_subs":false,"_jetpack_newsletter_tier_id":0,"_jetpack_memberships_contains_paywalled_content":false,"_jetpack_memberships_contains_paid_content":false,"footnotes":""},"categories":[80,1278,3,2,38,1107,83,76],"tags":[463,489,1014],"class_list":["post-34806","post","type-post","status-publish","format-standard","has-post-thumbnail","hentry","category-cintillo","category-despojo-de-tierras-y-territorios","category-megaproyectos","category-noticias-nacionales","category-proyectos-hidricos","category-resistencia-contra-la-construccion-de-la-presa-milpillas","category-temas-nacionales","category-zacatecas","tag-defensa-del-agua","tag-grupo-modelo","tag-presa-milpillas","entry"],"jetpack_featured_media_url":"http:\/\/www.grieta.org.mx\/wp-content\/uploads\/2019\/06\/m1.jpg","jetpack_sharing_enabled":true,"jetpack_shortlink":"https:\/\/wp.me\/p7ZJR4-93o","jetpack_likes_enabled":false,"jetpack-related-posts":[{"id":21843,"url":"http:\/\/www.grieta.org.mx\/index.php\/2015\/12\/06\/construccion-de-presa-milpillas-no-abate-el-problema-del-agua-zacatecas\/","url_meta":{"origin":34806,"position":0},"title":"Construcci\u00f3n de presa Milpillas no abate el problema del agua (Zacatecas)","author":"grieta","date":"6 diciembre, 2015","format":false,"excerpt":"Emilia Pesci\/NTR Zacatecas Zacatecas.- Existen \u201cincentivos perversos detr\u00e1s de los planes para construir la presa Milpillas en el municipio de Jim\u00e9nez del Te\u00fal\u201d, afirm\u00f3 Darcy Tretault, investigador de la Unidad Acad\u00e9mica de Estudios del Desarrollo de la Universidad Aut\u00f3noma de Zacatecas (UAZ). El acad\u00e9mico asever\u00f3 que las justificaciones del proyecto\u2026","rel":"","context":"En &quot;CINTILLO&quot;","block_context":{"text":"CINTILLO","link":"http:\/\/www.grieta.org.mx\/index.php\/category\/cintillo\/"},"img":{"alt_text":"","src":"https:\/\/i0.wp.com\/www.grieta.org.mx\/wp-content\/uploads\/2018\/03\/14524434_1106112876131411_958039263622046936_o.jpg?resize=350%2C200","width":350,"height":200,"srcset":"https:\/\/i0.wp.com\/www.grieta.org.mx\/wp-content\/uploads\/2018\/03\/14524434_1106112876131411_958039263622046936_o.jpg?resize=350%2C200 1x, https:\/\/i0.wp.com\/www.grieta.org.mx\/wp-content\/uploads\/2018\/03\/14524434_1106112876131411_958039263622046936_o.jpg?resize=525%2C300 1.5x, https:\/\/i0.wp.com\/www.grieta.org.mx\/wp-content\/uploads\/2018\/03\/14524434_1106112876131411_958039263622046936_o.jpg?resize=700%2C400 2x"},"classes":[]},{"id":34681,"url":"http:\/\/www.grieta.org.mx\/index.php\/2019\/06\/12\/ong-y-pobladores-de-ocho-estados-respaldan-movimiento-contra-presa-milpillas-en-zacatecas\/","url_meta":{"origin":34806,"position":1},"title":"ONG y pobladores de ocho estados respaldan movimiento contra presa Milpillas en Zacatecas","author":"grieta","date":"12 junio, 2019","format":false,"excerpt":"Ver\u00f3nica Espinoza\/Proceso. ZACATECAS, Zac., (apro).- Representantes de pueblos y comunidades ind\u00edgenas y de organizaciones civiles defensoras del agua y territorio de ocho estados se reunieron el fin de semana en el ejido El Potrero del municipio de Jim\u00e9nez del Te\u00fal para respaldar la lucha del Movimiento en defensa del territorio\u2026","rel":"","context":"En &quot;CINTILLO&quot;","block_context":{"text":"CINTILLO","link":"http:\/\/www.grieta.org.mx\/index.php\/category\/cintillo\/"},"img":{"alt_text":"","src":"https:\/\/i0.wp.com\/www.grieta.org.mx\/wp-content\/uploads\/2019\/06\/EncuentroPueblosZac.jpg?resize=350%2C200","width":350,"height":200,"srcset":"https:\/\/i0.wp.com\/www.grieta.org.mx\/wp-content\/uploads\/2019\/06\/EncuentroPueblosZac.jpg?resize=350%2C200 1x, https:\/\/i0.wp.com\/www.grieta.org.mx\/wp-content\/uploads\/2019\/06\/EncuentroPueblosZac.jpg?resize=525%2C300 1.5x, https:\/\/i0.wp.com\/www.grieta.org.mx\/wp-content\/uploads\/2019\/06\/EncuentroPueblosZac.jpg?resize=700%2C400 2x"},"classes":[]},{"id":43062,"url":"http:\/\/www.grieta.org.mx\/index.php\/2020\/01\/13\/ratifican-ejidatarios-rechazo-a-presa-milpillas-zacatecas\/","url_meta":{"origin":34806,"position":2},"title":"Ratifican ejidatarios rechazo a presa Milpillas (Zacatecas)","author":"grieta","date":"13 enero, 2020","format":false,"excerpt":"MIRIAM SERRANO\/ NTR Zacatecas, 13 de enero de 2020 JIM\u00c9NEZ DEL TE\u00daL.- Luego de que el pasado 4 enero se llev\u00f3 a cabo una asamblea en el Ejido Atotonilco, se inform\u00f3 que ejidatarios de esta localidad y de El Potrero de manera un\u00e1nime ratificaron su rechazo a la autorizaci\u00f3n de\u2026","rel":"","context":"En &quot;CINTILLO&quot;","block_context":{"text":"CINTILLO","link":"http:\/\/www.grieta.org.mx\/index.php\/category\/cintillo\/"},"img":{"alt_text":"","src":"https:\/\/i0.wp.com\/www.grieta.org.mx\/wp-content\/uploads\/2018\/03\/14524434_1106112876131411_958039263622046936_o.jpg?resize=350%2C200","width":350,"height":200,"srcset":"https:\/\/i0.wp.com\/www.grieta.org.mx\/wp-content\/uploads\/2018\/03\/14524434_1106112876131411_958039263622046936_o.jpg?resize=350%2C200 1x, https:\/\/i0.wp.com\/www.grieta.org.mx\/wp-content\/uploads\/2018\/03\/14524434_1106112876131411_958039263622046936_o.jpg?resize=525%2C300 1.5x, https:\/\/i0.wp.com\/www.grieta.org.mx\/wp-content\/uploads\/2018\/03\/14524434_1106112876131411_958039263622046936_o.jpg?resize=700%2C400 2x"},"classes":[]},{"id":32999,"url":"http:\/\/www.grieta.org.mx\/index.php\/2019\/04\/30\/por-oponerse-a-la-presa-milpillas-mujeres-son-acusadas-de-secuestro-zacatecas\/","url_meta":{"origin":34806,"position":3},"title":"Por oponerse a la Presa Milpillas mujeres son acusadas de secuestro (Zacatecas)","author":"grieta","date":"30 abril, 2019","format":false,"excerpt":"Redacci\u00f3n\/Somos el medio Mujeres del Ejido Atotonilco son acusadas de secuestro por el gobierno de Zacatecas, al oponerse a la construcci\u00f3n de la Presa Milpillas La Red Mexicana de Afectados por la Miner\u00eda (REMA), denunci\u00f3 mediante un comunicado, al gobierno de Zacatecas de pretender criminalizar a las mujeres que forman\u2026","rel":"","context":"En &quot;CINTILLO&quot;","block_context":{"text":"CINTILLO","link":"http:\/\/www.grieta.org.mx\/index.php\/category\/cintillo\/"},"img":{"alt_text":"","src":"https:\/\/i0.wp.com\/www.grieta.org.mx\/wp-content\/uploads\/2019\/05\/milpill.jpg?resize=350%2C200","width":350,"height":200,"srcset":"https:\/\/i0.wp.com\/www.grieta.org.mx\/wp-content\/uploads\/2019\/05\/milpill.jpg?resize=350%2C200 1x, https:\/\/i0.wp.com\/www.grieta.org.mx\/wp-content\/uploads\/2019\/05\/milpill.jpg?resize=525%2C300 1.5x"},"classes":[]},{"id":21845,"url":"http:\/\/www.grieta.org.mx\/index.php\/2017\/12\/04\/privatizaran-milpillas-zacatecas\/","url_meta":{"origin":34806,"position":4},"title":"Privatizar\u00e1n Milpillas (Zacatecas)","author":"grieta","date":"4 diciembre, 2017","format":false,"excerpt":"Dante Godoy\/NTR Zacatecas ZACATECAS. Durante el informe de avance de la presa Milpillas, emitido por la Comisi\u00f3n Nacional del Agua (Conagua) y la Secretar\u00eda de Agua y Medio Ambiente (SAMA), se destac\u00f3 que el pr\u00f3ximo a\u00f1o la inversi\u00f3n de los gobiernos federal y estatal ser\u00e1 de 175 millones de pesos,\u2026","rel":"","context":"En &quot;CINTILLO&quot;","block_context":{"text":"CINTILLO","link":"http:\/\/www.grieta.org.mx\/index.php\/category\/cintillo\/"},"img":{"alt_text":"","src":"https:\/\/i0.wp.com\/www.grieta.org.mx\/wp-content\/uploads\/2018\/03\/14524434_1106112876131411_958039263622046936_o.jpg?resize=350%2C200","width":350,"height":200,"srcset":"https:\/\/i0.wp.com\/www.grieta.org.mx\/wp-content\/uploads\/2018\/03\/14524434_1106112876131411_958039263622046936_o.jpg?resize=350%2C200 1x, https:\/\/i0.wp.com\/www.grieta.org.mx\/wp-content\/uploads\/2018\/03\/14524434_1106112876131411_958039263622046936_o.jpg?resize=525%2C300 1.5x, https:\/\/i0.wp.com\/www.grieta.org.mx\/wp-content\/uploads\/2018\/03\/14524434_1106112876131411_958039263622046936_o.jpg?resize=700%2C400 2x"},"classes":[]},{"id":29046,"url":"http:\/\/www.grieta.org.mx\/index.php\/2019\/02\/11\/presa-milpillas-otro-proyecto-en-duda-expertos-y-pobladores-dicen-que-es-inviable-zacatecas\/","url_meta":{"origin":34806,"position":5},"title":"Presa Milpillas, otro proyecto en duda, expertos y pobladores dicen que es inviable (Zacatecas)","author":"grieta","date":"11 febrero, 2019","format":false,"excerpt":"Vanguardia MX. Lo advierten investigadores nacionales y extranjeros de las escuelas de Estudios del Desarrollo y de Econom\u00eda, pertenecientes a la Universidad Aut\u00f3noma de Zacatecas (UAZ), as\u00ed como habitantes de la regi\u00f3n, despojar\u00eda de agua a decenas de comunidades rurales, beneficiando a mineras y a cervecera Zacatecas, Zac. La construcci\u00f3n\u2026","rel":"","context":"En &quot;CINTILLO&quot;","block_context":{"text":"CINTILLO","link":"http:\/\/www.grieta.org.mx\/index.php\/category\/cintillo\/"},"img":{"alt_text":"","src":"https:\/\/i0.wp.com\/www.grieta.org.mx\/wp-content\/uploads\/2019\/02\/nedgto-111.jpg?resize=350%2C200","width":350,"height":200,"srcset":"https:\/\/i0.wp.com\/www.grieta.org.mx\/wp-content\/uploads\/2019\/02\/nedgto-111.jpg?resize=350%2C200 1x, https:\/\/i0.wp.com\/www.grieta.org.mx\/wp-content\/uploads\/2019\/02\/nedgto-111.jpg?resize=525%2C300 1.5x, https:\/\/i0.wp.com\/www.grieta.org.mx\/wp-content\/uploads\/2019\/02\/nedgto-111.jpg?resize=700%2C400 2x"},"classes":[]}],"_links":{"self":[{"href":"http:\/\/www.grieta.org.mx\/index.php\/wp-json\/wp\/v2\/posts\/34806","targetHints":{"allow":["GET"]}}],"collection":[{"href":"http:\/\/www.grieta.org.mx\/index.php\/wp-json\/wp\/v2\/posts"}],"about":[{"href":"http:\/\/www.grieta.org.mx\/index.php\/wp-json\/wp\/v2\/types\/post"}],"author":[{"embeddable":true,"href":"http:\/\/www.grieta.org.mx\/index.php\/wp-json\/wp\/v2\/users\/2"}],"replies":[{"embeddable":true,"href":"http:\/\/www.grieta.org.mx\/index.php\/wp-json\/wp\/v2\/comments?post=34806"}],"version-history":[{"count":1,"href":"http:\/\/www.grieta.org.mx\/index.php\/wp-json\/wp\/v2\/posts\/34806\/revisions"}],"predecessor-version":[{"id":34821,"href":"http:\/\/www.grieta.org.mx\/index.php\/wp-json\/wp\/v2\/posts\/34806\/revisions\/34821"}],"wp:featuredmedia":[{"embeddable":true,"href":"http:\/\/www.grieta.org.mx\/index.php\/wp-json\/wp\/v2\/media\/34807"}],"wp:attachment":[{"href":"http:\/\/www.grieta.org.mx\/index.php\/wp-json\/wp\/v2\/media?parent=34806"}],"wp:term":[{"taxonomy":"category","embeddable":true,"href":"http:\/\/www.grieta.org.mx\/index.php\/wp-json\/wp\/v2\/categories?post=34806"},{"taxonomy":"post_tag","embeddable":true,"href":"http:\/\/www.grieta.org.mx\/index.php\/wp-json\/wp\/v2\/tags?post=34806"}],"curies":[{"name":"wp","href":"https:\/\/api.w.org\/{rel}","templated":true}]}}