{"id":34796,"date":"2019-05-20T22:33:55","date_gmt":"2019-05-21T03:33:55","guid":{"rendered":"http:\/\/www.grieta.org.mx\/?p=34796"},"modified":"2019-06-15T22:43:01","modified_gmt":"2019-06-16T03:43:01","slug":"crecen-protestas-por-cientos-de-despidos-via-whatsapp-en-conafe","status":"publish","type":"post","link":"http:\/\/www.grieta.org.mx\/index.php\/2019\/05\/20\/crecen-protestas-por-cientos-de-despidos-via-whatsapp-en-conafe\/","title":{"rendered":"Crecen protestas por cientos de despidos v\u00eda WhatsApp en Conafe"},"content":{"rendered":"<p>En redes sociales, trabajadores de diferentes entidades reprocharon la decisi\u00f3n del director de Conafe, Cuauht\u00e9moc S\u00e1nchez Osio, respecto a los despidos de m\u00e1s de 500 personas.<\/p>\n<figure id=\"attachment_34797\" aria-describedby=\"caption-attachment-34797\" style=\"width: 1024px\" class=\"wp-caption alignleft\"><img loading=\"lazy\" decoding=\"async\" data-attachment-id=\"34797\" data-permalink=\"http:\/\/www.grieta.org.mx\/index.php\/2019\/05\/20\/crecen-protestas-por-cientos-de-despidos-via-whatsapp-en-conafe\/856fc816231558325724_standard_desktop_medium_retina\/\" data-orig-file=\"http:\/\/www.grieta.org.mx\/wp-content\/uploads\/2019\/06\/856fc816231558325724_standard_desktop_medium_retina.jpeg\" data-orig-size=\"1264,711\" data-comments-opened=\"0\" data-image-meta=\"{&quot;aperture&quot;:&quot;0&quot;,&quot;credit&quot;:&quot;&quot;,&quot;camera&quot;:&quot;&quot;,&quot;caption&quot;:&quot;&quot;,&quot;created_timestamp&quot;:&quot;0&quot;,&quot;copyright&quot;:&quot;&quot;,&quot;focal_length&quot;:&quot;0&quot;,&quot;iso&quot;:&quot;0&quot;,&quot;shutter_speed&quot;:&quot;0&quot;,&quot;title&quot;:&quot;&quot;,&quot;orientation&quot;:&quot;0&quot;}\" data-image-title=\"856fc816231558325724_standard_desktop_medium_retina\" data-image-description=\"\" data-image-caption=\"&lt;p&gt;Trabajadores administrativos eventuales del Conafe mantienen protestas por despidos de m\u00e1s de 500 personas. Fuente: tomada de  www.gob.mx\/conafe&lt;\/p&gt;\n\" data-medium-file=\"http:\/\/www.grieta.org.mx\/wp-content\/uploads\/2019\/06\/856fc816231558325724_standard_desktop_medium_retina-300x169.jpeg\" data-large-file=\"http:\/\/www.grieta.org.mx\/wp-content\/uploads\/2019\/06\/856fc816231558325724_standard_desktop_medium_retina-1024x576.jpeg\" src=\"http:\/\/www.grieta.org.mx\/wp-content\/uploads\/2019\/06\/856fc816231558325724_standard_desktop_medium_retina-1024x576.jpeg\" alt=\"\" width=\"1024\" height=\"576\" class=\"size-large wp-image-34797\" srcset=\"http:\/\/www.grieta.org.mx\/wp-content\/uploads\/2019\/06\/856fc816231558325724_standard_desktop_medium_retina-1024x576.jpeg 1024w, http:\/\/www.grieta.org.mx\/wp-content\/uploads\/2019\/06\/856fc816231558325724_standard_desktop_medium_retina-300x169.jpeg 300w, http:\/\/www.grieta.org.mx\/wp-content\/uploads\/2019\/06\/856fc816231558325724_standard_desktop_medium_retina-768x432.jpeg 768w, http:\/\/www.grieta.org.mx\/wp-content\/uploads\/2019\/06\/856fc816231558325724_standard_desktop_medium_retina-889x500.jpeg 889w, http:\/\/www.grieta.org.mx\/wp-content\/uploads\/2019\/06\/856fc816231558325724_standard_desktop_medium_retina.jpeg 1264w\" sizes=\"auto, (max-width: 1024px) 100vw, 1024px\" \/><figcaption id=\"caption-attachment-34797\" class=\"wp-caption-text\">Trabajadores administrativos eventuales del Conafe mantienen protestas por despidos de m\u00e1s de 500 personas. Fuente: tomada de  www.gob.mx\/conafe<\/figcaption><\/figure>\n<p>Anabel Clemente\/ El Financiero, 20\/05\/2019<\/p>\n<p>Trabajadores administrativos eventuales del Consejo Nacional de Fomento Educativo (Conafe) mantienen protestas por despidos de m\u00e1s de 500 personas desde los primeros d\u00edas de mayo.<\/p>\n<p>En redes sociales, trabajadores de diferentes entidades reprocharon la decisi\u00f3n del director de Conafe, Cuauht\u00e9moc S\u00e1nchez Osio, quien, a trav\u00e9s de un comunicado, se\u00f1al\u00f3 que la decisi\u00f3n fue por seguir una petici\u00f3n del Gobierno federal de impulsar la austeridad en el Consejo.<\/p>\n<p>Los despidos comenzaron el 3 de mayo \u201cde forma arbitraria por tel\u00e9fono y hasta por mensajes de WhatsApp\u201d, lo que afect\u00f3 a 33 por ciento de la plantilla.<\/p>\n<p>Los estados con recortes son Chiapas, Campeche, Coahuila, Jalisco, Guerrero, Puebla, Oficinas Centrales (CDMX), Morelos, Yucat\u00e1n, Veracruz, Nayarit, Tabasco, Zacatecas, Sonora, Sinaloa, Baja California, Colima, Durango, Guanajuato, Quer\u00e9taro, Michoac\u00e1n, Tamaulipas, Chihuahua, Hidalgo, Aguascalientes, Quintana Roo, Estado de M\u00e9xico, Michoac\u00e1n, Oaxaca y Nuevo Le\u00f3n.<\/p>\n<p>Los trabajadores a quienes no se les renov\u00f3 contrato realizaban tareas como capacitaci\u00f3n de instructores, difusi\u00f3n de campa\u00f1as en las comunidades, asesor\u00eda pedag\u00f3gica y levantamiento de datos de matr\u00edcula y calificaciones, se\u00f1alaron los inconformes en redes sociales.<\/p>\n<p>De acuerdo con los afectados, los despidos se basan en un comunicado de la Secretar\u00eda de Hacienda, en el que se expresa que \u201ctoda persona contratada del 1 de diciembre de 2018 en alguna plaza permanente, eventual o de honorarios en cualquier delegaci\u00f3n u oficina de representaci\u00f3n de las dependencias y entidades de la administraci\u00f3n p\u00fablica, deber\u00e1 ser separada de su cargo\u201d.<\/p>\n<p>Sin embargo, algunos quejosos detallan que no se afect\u00f3 a personal que llevaba entre cinco y 30 a\u00f1os laborando en el Consejo, con salarios que no superan los 6 mil pesos.<\/p>\n<p>El perfil de Twitter Conafe Veracruz surgi\u00f3 a partir del despido de 42 empleados de esa entidad, a quienes se les notific\u00f3 el t\u00e9rmino de su contrato a trav\u00e9s de WhatsApp.<\/p>\n<p>\u201cSe\u00f1or presidente, delegaci\u00f3n Conafe Veracruz se suma al paro nacional por despidos injustificados, no somos personal contratado en el mes de diciembre, nuestra antig\u00fcedad va desde los tres hasta los 25 a\u00f1os ininterrumpidos, con sueldos austeros\u201d, se\u00f1ala uno de sus mensajes en la red social.<\/p>\n<p>En el actual ciclo escolar se atiende a 301 mil 159 ni\u00f1os de preescolar, primaria y secundaria comunitaria por Conafe en todo el pa\u00eds. <\/p>\n<p><a href=\"https:\/\/www.elfinanciero.com.mx\/nacional\/crecen-protestas-por-cientos-de-despidos-via-whatsapp-en-conafe\">https:\/\/www.elfinanciero.com.mx\/nacional\/crecen-protestas-por-cientos-de-despidos-via-whatsapp-en-conafe<\/a><\/p>\n","protected":false},"excerpt":{"rendered":"<p>En redes sociales, trabajadores de diferentes entidades reprocharon la decisi\u00f3n del director de Conafe, Cuauht\u00e9moc S\u00e1nchez Osio, respecto a los despidos de m\u00e1s de 500 personas. Anabel Clemente\/ El Financiero, &hellip; <a href=\"http:\/\/www.grieta.org.mx\/index.php\/2019\/05\/20\/crecen-protestas-por-cientos-de-despidos-via-whatsapp-en-conafe\/\" class=\"more-link\">Leer m\u00e1s<\/a><\/p>\n","protected":false},"author":2,"featured_media":34797,"comment_status":"closed","ping_status":"closed","sticky":false,"template":"","format":"standard","meta":{"ngg_post_thumbnail":0,"_jetpack_newsletter_access":"","_jetpack_dont_email_post_to_subs":false,"_jetpack_newsletter_tier_id":0,"_jetpack_memberships_contains_paywalled_content":false,"_jetpack_memberships_contains_paid_content":false,"footnotes":""},"categories":[11,80,419,13,1919,1722,1040,1389,2191,2638,999,1355,1982,2585,2210,2142,15,16,17,18,20,24,25],"tags":[2250],"class_list":["post-34796","post","type-post","status-publish","format-standard","has-post-thumbnail","hentry","category-campeche","category-cintillo","category-coahuila","category-colima","category-conflictos-laborales-de-trabajadores-del-estado-en-durango","category-conflictos-laborales-de-trabajadores-del-estado-en-jalisco","category-conflictos-laborales-en-campeche","category-conflictos-laborales-en-coahuila","category-conflictos-laborales-en-el-sector-publico-en-colima","category-conflictos-laborales-en-el-sector-publico-en-guanajuato","category-conflictos-laborales-en-michoacan","category-conflictos-laborales-en-oaxaca","category-crisis-de-la-educacion-publica-en-guerrero","category-crisis-de-la-educacion-publica-en-nuevo-leon","category-crisis-en-el-sistema-educativo-de-michoacan","category-crisis-en-el-sistema-educativo-en-guanajuato","category-durango","category-estado-de-mexico","category-guanajuato","category-guerrero","category-jalisco","category-nuevo-leon","category-oaxaca","tag-conflictos-laborales-en-el-sector-publico","entry"],"jetpack_featured_media_url":"http:\/\/www.grieta.org.mx\/wp-content\/uploads\/2019\/06\/856fc816231558325724_standard_desktop_medium_retina.jpeg","jetpack_sharing_enabled":true,"jetpack_shortlink":"https:\/\/wp.me\/p7ZJR4-93e","jetpack_likes_enabled":false,"jetpack-related-posts":[{"id":32342,"url":"http:\/\/www.grieta.org.mx\/index.php\/2019\/04\/15\/protestan-medicos-residentes-en-colima-por-falta-de-pagos-suman-ya-21-estados\/","url_meta":{"origin":34796,"position":0},"title":"Protestan m\u00e9dicos residentes en Colima por falta de pagos; suman ya 21 estados","author":"grieta","date":"15 abril, 2019","format":false,"excerpt":"Juan Carlos Flores|CN COLIMANOTICIAS, 15 de abril de 2019 Colima, Col.- Al igual que en 21 estados del pa\u00eds, m\u00e9dicos residentes de Colima y Manzanillo protestaron por falta de pagos. Los galenos contin\u00faan sus labores bajo protesta, algunos de ellos portando alg\u00fan distintivo. Reportes indican que los m\u00e9dicos se manifestaron\u2026","rel":"","context":"En &quot;CINTILLO&quot;","block_context":{"text":"CINTILLO","link":"http:\/\/www.grieta.org.mx\/index.php\/category\/cintillo\/"},"img":{"alt_text":"","src":"https:\/\/i0.wp.com\/www.grieta.org.mx\/wp-content\/uploads\/2018\/03\/14524434_1106112876131411_958039263622046936_o.jpg?resize=350%2C200","width":350,"height":200,"srcset":"https:\/\/i0.wp.com\/www.grieta.org.mx\/wp-content\/uploads\/2018\/03\/14524434_1106112876131411_958039263622046936_o.jpg?resize=350%2C200 1x, https:\/\/i0.wp.com\/www.grieta.org.mx\/wp-content\/uploads\/2018\/03\/14524434_1106112876131411_958039263622046936_o.jpg?resize=525%2C300 1.5x, https:\/\/i0.wp.com\/www.grieta.org.mx\/wp-content\/uploads\/2018\/03\/14524434_1106112876131411_958039263622046936_o.jpg?resize=700%2C400 2x"},"classes":[]},{"id":7254,"url":"http:\/\/www.grieta.org.mx\/index.php\/2016\/08\/17\/conflictos-laborales-en-guanajuato\/","url_meta":{"origin":34796,"position":1},"title":"Conflictos laborales en Guanajuato","author":"grieta","date":"17 agosto, 2016","format":false,"excerpt":"17\/08\/16. Crece n\u00famero de muertes por accidentes laborales en Guanajuato El Financiero 24\/04\/2016. Empresas concesionarias explotan a barrenderos en Le\u00f3n AM 30\/03\/2016. Estalla huelga en Cecyteg en Guanajuato, maestros exigen mejores salarios y condiciones dignas de trabajo Zona Franca 03\/08\/2015. Explotan a ni\u00f1os ind\u00edgenas en campos agr\u00edcolas de Guanajuato La\u2026","rel":"","context":"En &quot;Guanajuato&quot;","block_context":{"text":"Guanajuato","link":"http:\/\/www.grieta.org.mx\/index.php\/category\/noticias-nacionales\/guanajuato\/"},"img":{"alt_text":"","src":"https:\/\/i0.wp.com\/www.grieta.org.mx\/wp-content\/uploads\/2018\/03\/14524434_1106112876131411_958039263622046936_o.jpg?resize=350%2C200","width":350,"height":200,"srcset":"https:\/\/i0.wp.com\/www.grieta.org.mx\/wp-content\/uploads\/2018\/03\/14524434_1106112876131411_958039263622046936_o.jpg?resize=350%2C200 1x, https:\/\/i0.wp.com\/www.grieta.org.mx\/wp-content\/uploads\/2018\/03\/14524434_1106112876131411_958039263622046936_o.jpg?resize=525%2C300 1.5x, https:\/\/i0.wp.com\/www.grieta.org.mx\/wp-content\/uploads\/2018\/03\/14524434_1106112876131411_958039263622046936_o.jpg?resize=700%2C400 2x"},"classes":[]},{"id":19812,"url":"http:\/\/www.grieta.org.mx\/index.php\/2016\/08\/12\/conflictos-laborales-de-trabajadores-del-estado-en-colima\/","url_meta":{"origin":34796,"position":2},"title":"Conflictos laborales de trabajadores del Estado en Colima","author":"grieta","date":"12 agosto, 2016","format":false,"excerpt":"12\/08\/16. Se manifiestan trabajadores del INAH ColimaPerriodismo","rel":"","context":"En &quot;Colima&quot;","block_context":{"text":"Colima","link":"http:\/\/www.grieta.org.mx\/index.php\/category\/noticias-nacionales\/colima\/"},"img":{"alt_text":"","src":"https:\/\/i0.wp.com\/www.grieta.org.mx\/wp-content\/uploads\/2018\/03\/14524434_1106112876131411_958039263622046936_o.jpg?resize=350%2C200","width":350,"height":200,"srcset":"https:\/\/i0.wp.com\/www.grieta.org.mx\/wp-content\/uploads\/2018\/03\/14524434_1106112876131411_958039263622046936_o.jpg?resize=350%2C200 1x, https:\/\/i0.wp.com\/www.grieta.org.mx\/wp-content\/uploads\/2018\/03\/14524434_1106112876131411_958039263622046936_o.jpg?resize=525%2C300 1.5x, https:\/\/i0.wp.com\/www.grieta.org.mx\/wp-content\/uploads\/2018\/03\/14524434_1106112876131411_958039263622046936_o.jpg?resize=700%2C400 2x"},"classes":[]},{"id":34359,"url":"http:\/\/www.grieta.org.mx\/index.php\/2019\/05\/28\/trabajadores-del-issste-se-manifiestan-ante-despido-de-personal-de-turissste-jalisco\/","url_meta":{"origin":34796,"position":3},"title":"Trabajadores del ISSSTE se manifiestan ante despido de personal de TURISSSTE (Jalisco)","author":"grieta","date":"28 mayo, 2019","format":false,"excerpt":"El secretario General de SITISSSTE, Enrique Vera Sioria, denunci\u00f3 que a nivel nacional se est\u00e1n llevando a cabo los despidos iniciando con la agencia tur\u00edstica Isaura L\u00f3pez \/\u00a0 El Occidental Ante despidos del personal de Turismo del Instituto de Seguridad y Servicios Sociales de los Trabajadores del Estado (TURISSSTE) a\u2026","rel":"","context":"En &quot;CINTILLO&quot;","block_context":{"text":"CINTILLO","link":"http:\/\/www.grieta.org.mx\/index.php\/category\/cintillo\/"},"img":{"alt_text":"","src":"https:\/\/i0.wp.com\/www.grieta.org.mx\/wp-content\/uploads\/2018\/03\/14524434_1106112876131411_958039263622046936_o.jpg?resize=350%2C200","width":350,"height":200,"srcset":"https:\/\/i0.wp.com\/www.grieta.org.mx\/wp-content\/uploads\/2018\/03\/14524434_1106112876131411_958039263622046936_o.jpg?resize=350%2C200 1x, https:\/\/i0.wp.com\/www.grieta.org.mx\/wp-content\/uploads\/2018\/03\/14524434_1106112876131411_958039263622046936_o.jpg?resize=525%2C300 1.5x, https:\/\/i0.wp.com\/www.grieta.org.mx\/wp-content\/uploads\/2018\/03\/14524434_1106112876131411_958039263622046936_o.jpg?resize=700%2C400 2x"},"classes":[]},{"id":33529,"url":"http:\/\/www.grieta.org.mx\/index.php\/2019\/05\/06\/toman-conafe-por-despidos-injustificados\/","url_meta":{"origin":34796,"position":4},"title":"Toman Conafe por despidos injustificados","author":"grieta","date":"6 mayo, 2019","format":false,"excerpt":"ALBERTO MORONES | NTRZACATECAS.COM Zacatecas.- Personal del Consejo Nacional del Fomento Educativo (Conafe) tomaron las oficinas generales y centros regionales en la entidad, tras el despido injustificado de 16 trabajadores por \u201cordenes presidenciales\u201d. Carlos Javier Cerros de la Cruz, trabajador afectado detall\u00f3 que apenas el pasado viernes 3 de mayo\u2026","rel":"","context":"En &quot;CINTILLO&quot;","block_context":{"text":"CINTILLO","link":"http:\/\/www.grieta.org.mx\/index.php\/category\/cintillo\/"},"img":{"alt_text":"","src":"https:\/\/i0.wp.com\/www.grieta.org.mx\/wp-content\/uploads\/2019\/05\/z2-3.jpeg?resize=350%2C200","width":350,"height":200,"srcset":"https:\/\/i0.wp.com\/www.grieta.org.mx\/wp-content\/uploads\/2019\/05\/z2-3.jpeg?resize=350%2C200 1x, https:\/\/i0.wp.com\/www.grieta.org.mx\/wp-content\/uploads\/2019\/05\/z2-3.jpeg?resize=525%2C300 1.5x, https:\/\/i0.wp.com\/www.grieta.org.mx\/wp-content\/uploads\/2019\/05\/z2-3.jpeg?resize=700%2C400 2x, https:\/\/i0.wp.com\/www.grieta.org.mx\/wp-content\/uploads\/2019\/05\/z2-3.jpeg?resize=1050%2C600 3x"},"classes":[]},{"id":8963,"url":"http:\/\/www.grieta.org.mx\/index.php\/2015\/11\/12\/conflictos-laborales-en-michoacan\/","url_meta":{"origin":34796,"position":5},"title":"Conflictos laborales en Michoac\u00e1n","author":"Admin","date":"12 noviembre, 2015","format":false,"excerpt":"Sindicatos del sector salud se movilizan en Michoac\u00e1n por formalizaci\u00f3n laboral, el pago de salarios y la destituci\u00f3n del titular de la dependencia 12\/11\/15. Arriba manifestaci\u00f3n de trabajadores de Salud al Congreso de Michoac\u00e1n Quadrat\u00edn 26\/10\/15. Sindicatos de Salud hacen plant\u00f3n en Casa y Palacio de Gobierno Provincia 26\/10\/15. Sindicalizados\u2026","rel":"","context":"En &quot;Michoac\u00e1n&quot;","block_context":{"text":"Michoac\u00e1n","link":"http:\/\/www.grieta.org.mx\/index.php\/category\/noticias-nacionales\/michoacan\/"},"img":{"alt_text":"","src":"https:\/\/i0.wp.com\/www.grieta.org.mx\/wp-content\/uploads\/2018\/03\/14524434_1106112876131411_958039263622046936_o.jpg?resize=350%2C200","width":350,"height":200,"srcset":"https:\/\/i0.wp.com\/www.grieta.org.mx\/wp-content\/uploads\/2018\/03\/14524434_1106112876131411_958039263622046936_o.jpg?resize=350%2C200 1x, https:\/\/i0.wp.com\/www.grieta.org.mx\/wp-content\/uploads\/2018\/03\/14524434_1106112876131411_958039263622046936_o.jpg?resize=525%2C300 1.5x, https:\/\/i0.wp.com\/www.grieta.org.mx\/wp-content\/uploads\/2018\/03\/14524434_1106112876131411_958039263622046936_o.jpg?resize=700%2C400 2x"},"classes":[]}],"_links":{"self":[{"href":"http:\/\/www.grieta.org.mx\/index.php\/wp-json\/wp\/v2\/posts\/34796","targetHints":{"allow":["GET"]}}],"collection":[{"href":"http:\/\/www.grieta.org.mx\/index.php\/wp-json\/wp\/v2\/posts"}],"about":[{"href":"http:\/\/www.grieta.org.mx\/index.php\/wp-json\/wp\/v2\/types\/post"}],"author":[{"embeddable":true,"href":"http:\/\/www.grieta.org.mx\/index.php\/wp-json\/wp\/v2\/users\/2"}],"replies":[{"embeddable":true,"href":"http:\/\/www.grieta.org.mx\/index.php\/wp-json\/wp\/v2\/comments?post=34796"}],"version-history":[{"count":1,"href":"http:\/\/www.grieta.org.mx\/index.php\/wp-json\/wp\/v2\/posts\/34796\/revisions"}],"predecessor-version":[{"id":34798,"href":"http:\/\/www.grieta.org.mx\/index.php\/wp-json\/wp\/v2\/posts\/34796\/revisions\/34798"}],"wp:featuredmedia":[{"embeddable":true,"href":"http:\/\/www.grieta.org.mx\/index.php\/wp-json\/wp\/v2\/media\/34797"}],"wp:attachment":[{"href":"http:\/\/www.grieta.org.mx\/index.php\/wp-json\/wp\/v2\/media?parent=34796"}],"wp:term":[{"taxonomy":"category","embeddable":true,"href":"http:\/\/www.grieta.org.mx\/index.php\/wp-json\/wp\/v2\/categories?post=34796"},{"taxonomy":"post_tag","embeddable":true,"href":"http:\/\/www.grieta.org.mx\/index.php\/wp-json\/wp\/v2\/tags?post=34796"}],"curies":[{"name":"wp","href":"https:\/\/api.w.org\/{rel}","templated":true}]}}