{"id":34793,"date":"2019-06-14T22:29:50","date_gmt":"2019-06-15T03:29:50","guid":{"rendered":"http:\/\/www.grieta.org.mx\/?p=34793"},"modified":"2019-06-15T22:33:31","modified_gmt":"2019-06-16T03:33:31","slug":"toman-caseta-guanajuato-silao-para-exigir-justicia-por-axel-coronado","status":"publish","type":"post","link":"http:\/\/www.grieta.org.mx\/index.php\/2019\/06\/14\/toman-caseta-guanajuato-silao-para-exigir-justicia-por-axel-coronado\/","title":{"rendered":"Toman caseta Guanajuato &#8211; Silao para exigir justicia por Axel Coronado"},"content":{"rendered":"<p><figure id=\"attachment_34794\" aria-describedby=\"caption-attachment-34794\" style=\"width: 840px\" class=\"wp-caption alignleft\"><img loading=\"lazy\" decoding=\"async\" data-attachment-id=\"34794\" data-permalink=\"http:\/\/www.grieta.org.mx\/index.php\/2019\/06\/14\/toman-caseta-guanajuato-silao-para-exigir-justicia-por-axel-coronado\/toman-caseta-para-exigir-justicia-por-axel-2-jpg_851672003\/\" data-orig-file=\"http:\/\/www.grieta.org.mx\/wp-content\/uploads\/2019\/06\/toman-caseta-para-exigir-justicia-por-axel-2.jpg_851672003.jpg\" data-orig-size=\"840,471\" data-comments-opened=\"0\" data-image-meta=\"{&quot;aperture&quot;:&quot;0&quot;,&quot;credit&quot;:&quot;&quot;,&quot;camera&quot;:&quot;&quot;,&quot;caption&quot;:&quot;&quot;,&quot;created_timestamp&quot;:&quot;0&quot;,&quot;copyright&quot;:&quot;&quot;,&quot;focal_length&quot;:&quot;0&quot;,&quot;iso&quot;:&quot;0&quot;,&quot;shutter_speed&quot;:&quot;0&quot;,&quot;title&quot;:&quot;&quot;,&quot;orientation&quot;:&quot;0&quot;}\" data-image-title=\"toman-caseta-para-exigir-justicia-por-axel-2.jpg_851672003\" data-image-description=\"\" data-image-caption=\"&lt;p&gt;Manifestantes permitieron el libre paso a automovilistas. Foto: staff AM&lt;\/p&gt;\n\" data-medium-file=\"http:\/\/www.grieta.org.mx\/wp-content\/uploads\/2019\/06\/toman-caseta-para-exigir-justicia-por-axel-2.jpg_851672003-300x168.jpg\" data-large-file=\"http:\/\/www.grieta.org.mx\/wp-content\/uploads\/2019\/06\/toman-caseta-para-exigir-justicia-por-axel-2.jpg_851672003.jpg\" src=\"http:\/\/www.grieta.org.mx\/wp-content\/uploads\/2019\/06\/toman-caseta-para-exigir-justicia-por-axel-2.jpg_851672003.jpg\" alt=\"\" width=\"840\" height=\"471\" class=\"size-full wp-image-34794\" srcset=\"http:\/\/www.grieta.org.mx\/wp-content\/uploads\/2019\/06\/toman-caseta-para-exigir-justicia-por-axel-2.jpg_851672003.jpg 840w, http:\/\/www.grieta.org.mx\/wp-content\/uploads\/2019\/06\/toman-caseta-para-exigir-justicia-por-axel-2.jpg_851672003-300x168.jpg 300w, http:\/\/www.grieta.org.mx\/wp-content\/uploads\/2019\/06\/toman-caseta-para-exigir-justicia-por-axel-2.jpg_851672003-768x431.jpg 768w\" sizes=\"auto, (max-width: 840px) 100vw, 840px\" \/><figcaption id=\"caption-attachment-34794\" class=\"wp-caption-text\"><br \/>Manifestantes permitieron el libre paso a automovilistas. Foto: staff AM<br \/><\/figcaption><\/figure><br \/>\nAM Le\u00f3n Guanajato, 14 de junio de 2019<br \/>\nGuanajuato capital.- Con el paso libre de la caseta de cuota Guanajuato &#8211;  Silao, familiares de Axel Coronado Licea exigen justicia por su muerte; acusan a la jueza que llev\u00f3 el caso del homicidio de Axel de rechazar todas las pruebas en contra de los presuntos asesinos, por lo que determin\u00f3 dejarlos en libertad el pasado martes.<\/p>\n<p>Los aproximadamente 25 manifestantes caminaron desde la glorieta Santa Fe hasta la caseta de cobro de la autopista Guanajuato-Silao, donde dialogaron con dos asesores de gobierno del Estado quienes prometieron a la madre de Axel organizar un encuentro con magistrados del poder judicial y la Fiscal\u00eda General con ella.<br \/>\nLos manifestantes decidieron liberar la caseta en direcci\u00f3n a Silao para que los automovilistas pasen libremente sin pagar la cuota. <\/p>\n<p><a href=\"https:\/\/www.am.com.mx\/guanajuato\/noticias\/Toman-caseta-Guanajuato---Silao-para-exigir-justicia-por-Axel-Coronado-20190614-0019.html\">https:\/\/www.am.com.mx\/guanajuato\/noticias\/Toman-caseta-Guanajuato&#8212;Silao-para-exigir-justicia-por-Axel-Coronado-20190614-0019.html<\/a><\/p>\n","protected":false},"excerpt":{"rendered":"<p>AM Le\u00f3n Guanajato, 14 de junio de 2019 Guanajuato capital.- Con el paso libre de la caseta de cuota Guanajuato &#8211; Silao, familiares de Axel Coronado Licea exigen justicia por &hellip; <a href=\"http:\/\/www.grieta.org.mx\/index.php\/2019\/06\/14\/toman-caseta-guanajuato-silao-para-exigir-justicia-por-axel-coronado\/\" class=\"more-link\">Leer m\u00e1s<\/a><\/p>\n","protected":false},"author":2,"featured_media":34794,"comment_status":"closed","ping_status":"closed","sticky":false,"template":"","format":"standard","meta":{"ngg_post_thumbnail":0,"_jetpack_newsletter_access":"","_jetpack_dont_email_post_to_subs":false,"_jetpack_newsletter_tier_id":0,"_jetpack_memberships_contains_paywalled_content":false,"_jetpack_memberships_contains_paid_content":false,"footnotes":""},"categories":[80,17],"tags":[1678,2259],"class_list":["post-34793","post","type-post","status-publish","format-standard","has-post-thumbnail","hentry","category-cintillo","category-guanajuato","tag-protestas-de-padres-de-familia","tag-victimas","entry"],"jetpack_featured_media_url":"http:\/\/www.grieta.org.mx\/wp-content\/uploads\/2019\/06\/toman-caseta-para-exigir-justicia-por-axel-2.jpg_851672003.jpg","jetpack_sharing_enabled":true,"jetpack_shortlink":"https:\/\/wp.me\/p7ZJR4-93b","jetpack_likes_enabled":false,"jetpack-related-posts":[{"id":59832,"url":"http:\/\/www.grieta.org.mx\/index.php\/2021\/06\/16\/celebran-trabajadores-de-gm-silao-apoyo-internacional-guanajuato\/","url_meta":{"origin":34793,"position":0},"title":"Celebran trabajadores de GM Silao apoyo internacional (Guanajuato)","author":"grieta","date":"16 junio, 2021","format":false,"excerpt":"\u00d3scar Ramos - Alejandra S\u00e1nchez | El Sol de Le\u00f3n, 16 de mayo de 2021 Silao, Gto.- La plantilla de 10 mil trabajadores de General Motors (GM) Planta Silao, son vistos como bot\u00edn pol\u00edtico y econ\u00f3mico por parte de la centrales sindicales como CTM y CATEM, las que intentaron reclutar\u2026","rel":"","context":"En &quot;CINTILLO&quot;","block_context":{"text":"CINTILLO","link":"http:\/\/www.grieta.org.mx\/index.php\/category\/cintillo\/"},"img":{"alt_text":"","src":"https:\/\/i0.wp.com\/www.grieta.org.mx\/wp-content\/uploads\/2021\/06\/SINDICATO-AUTOPARTES-GM-CTM.jpg?resize=350%2C200","width":350,"height":200,"srcset":"https:\/\/i0.wp.com\/www.grieta.org.mx\/wp-content\/uploads\/2021\/06\/SINDICATO-AUTOPARTES-GM-CTM.jpg?resize=350%2C200 1x, https:\/\/i0.wp.com\/www.grieta.org.mx\/wp-content\/uploads\/2021\/06\/SINDICATO-AUTOPARTES-GM-CTM.jpg?resize=525%2C300 1.5x, https:\/\/i0.wp.com\/www.grieta.org.mx\/wp-content\/uploads\/2021\/06\/SINDICATO-AUTOPARTES-GM-CTM.jpg?resize=700%2C400 2x"},"classes":[]},{"id":5896,"url":"http:\/\/www.grieta.org.mx\/index.php\/2015\/11\/28\/suman-79-feminicidios-en-guanajuato\/","url_meta":{"origin":34793,"position":1},"title":"Suman 79 Feminicidios en Guanajuato","author":"grieta","date":"28 noviembre, 2015","format":false,"excerpt":"Carlos Garc\u00eda, Silao, Gto. Los cuerpos de dos mujeres semidesnudas fueron encontradas con disparos en una comunidad del municipio de Silao; con estos asesinatos suman 79 feminicidios perpetrados en el 2015. Las mujeres de unos 30 a\u00f1os de edad fueron localizadas en el camino Baj\u00edo de Guadalupe-El Rascadero, cerca de\u2026","rel":"","context":"En &quot;CINTILLO&quot;","block_context":{"text":"CINTILLO","link":"http:\/\/www.grieta.org.mx\/index.php\/category\/cintillo\/"},"img":{"alt_text":"","src":"https:\/\/i0.wp.com\/www.grieta.org.mx\/wp-content\/uploads\/2018\/03\/14524434_1106112876131411_958039263622046936_o.jpg?resize=350%2C200","width":350,"height":200,"srcset":"https:\/\/i0.wp.com\/www.grieta.org.mx\/wp-content\/uploads\/2018\/03\/14524434_1106112876131411_958039263622046936_o.jpg?resize=350%2C200 1x, https:\/\/i0.wp.com\/www.grieta.org.mx\/wp-content\/uploads\/2018\/03\/14524434_1106112876131411_958039263622046936_o.jpg?resize=525%2C300 1.5x, https:\/\/i0.wp.com\/www.grieta.org.mx\/wp-content\/uploads\/2018\/03\/14524434_1106112876131411_958039263622046936_o.jpg?resize=700%2C400 2x"},"classes":[]},{"id":64087,"url":"http:\/\/www.grieta.org.mx\/index.php\/2022\/04\/20\/sinttia-nuevo-sindicato-de-general-motors-en-silao-emplazara-a-huelga\/","url_meta":{"origin":34793,"position":2},"title":"SINTTIA, nuevo sindicato de General Motors en Silao emplazar\u00e1 a Huelga","author":"grieta","date":"20 abril, 2022","format":false,"excerpt":"Con informaci\u00f3n de El Debate, 20 de abril de 2022 Le\u00f3n, Guanajuato.- La relaci\u00f3n entre General Motors en Silao, Guanajuato y el Sindicato Independiente Nacional de Trabajadores y Trabajadoras de la Industria Automotriz (SINTTIA) sigue dando de qu\u00e9 hablar, ambas organizaciones sostuvieron hoy una reuni\u00f3n frente a un juez para\u2026","rel":"","context":"En &quot;CINTILLO&quot;","block_context":{"text":"CINTILLO","link":"http:\/\/www.grieta.org.mx\/index.php\/category\/cintillo\/"},"img":{"alt_text":"","src":"https:\/\/i0.wp.com\/www.grieta.org.mx\/wp-content\/uploads\/2022\/04\/https-_www.debate.com_.mx___export_1650472510148_sites_debate_img_2022_04_20_gm.jpg_346753400.jpg?resize=350%2C200","width":350,"height":200},"classes":[]},{"id":59595,"url":"http:\/\/www.grieta.org.mx\/index.php\/2021\/05\/07\/reportero-denuncia-amenazas-tras-publicar-nota-sobre-reclamos-de-un-joven-a-candidato-en-silao-guanajuato-2\/","url_meta":{"origin":34793,"position":3},"title":"Reportero denuncia amenazas tras publicar nota sobre reclamos de un joven a candidato en Silao (Guanajuato)","author":"grieta","date":"7 mayo, 2021","format":false,"excerpt":"Hasta hace poco Alejandro Pe\u00f1a fung\u00eda como secretario del ayuntamiento en la actual administraci\u00f3n del tambi\u00e9n panista Antonio Trejo Valdepe\u00f1a. Por Ver\u00f3nica Espinosa, Proceso viernes, 7 de mayo de 2021 GUANAJUATO, Gto. (apro).- Luego de publicar una nota sobre los reclamos de un joven colono al candidato del PAN a\u2026","rel":"","context":"En &quot;Amenzas y agresiones a periodistas en Guanajuato&quot;","block_context":{"text":"Amenzas y agresiones a periodistas en Guanajuato","link":"http:\/\/www.grieta.org.mx\/index.php\/category\/noticias-nacionales\/guanajuato\/amenzas-y-agresiones-a-periodistas-en-guanajuato\/"},"img":{"alt_text":"","src":"https:\/\/i0.wp.com\/www.grieta.org.mx\/wp-content\/uploads\/2021\/05\/f800x450-134855_186301_5050.jpeg?resize=350%2C200","width":350,"height":200,"srcset":"https:\/\/i0.wp.com\/www.grieta.org.mx\/wp-content\/uploads\/2021\/05\/f800x450-134855_186301_5050.jpeg?resize=350%2C200 1x, https:\/\/i0.wp.com\/www.grieta.org.mx\/wp-content\/uploads\/2021\/05\/f800x450-134855_186301_5050.jpeg?resize=525%2C300 1.5x, https:\/\/i0.wp.com\/www.grieta.org.mx\/wp-content\/uploads\/2021\/05\/f800x450-134855_186301_5050.jpeg?resize=700%2C400 2x"},"classes":[]},{"id":58155,"url":"http:\/\/www.grieta.org.mx\/index.php\/2021\/03\/14\/feministas-exigen-justicia-para-bibiana-menor-de-12-anos-asesinada-en-guanajuato\/","url_meta":{"origin":34793,"position":4},"title":"Feministas exigen justicia para Bibiana, menor de 12 a\u00f1os asesinada en Guanajuato","author":"grieta","date":"14 marzo, 2021","format":false,"excerpt":"Feministas de Silao, Guanajuato, marcharon en dicho municipio en exigencia de justicia para Bibiana Monserrat, menor de 12 a\u00f1os asesinada el 6 de marzo presuntamente por su cu\u00f1ado Ver\u00f3nica Espinoza, PROCESO, 14 de marzo de 2021 GUANAJUATO, Gto. (proceso.com.mx).- Los agravios contra mujeres provocaron por lo menos dos protestas en\u2026","rel":"","context":"En &quot;CINTILLO&quot;","block_context":{"text":"CINTILLO","link":"http:\/\/www.grieta.org.mx\/index.php\/category\/cintillo\/"},"img":{"alt_text":"","src":"https:\/\/i0.wp.com\/www.grieta.org.mx\/wp-content\/uploads\/2021\/04\/f800x450-131772_183218_5050.jpeg?resize=350%2C200","width":350,"height":200,"srcset":"https:\/\/i0.wp.com\/www.grieta.org.mx\/wp-content\/uploads\/2021\/04\/f800x450-131772_183218_5050.jpeg?resize=350%2C200 1x, https:\/\/i0.wp.com\/www.grieta.org.mx\/wp-content\/uploads\/2021\/04\/f800x450-131772_183218_5050.jpeg?resize=525%2C300 1.5x, https:\/\/i0.wp.com\/www.grieta.org.mx\/wp-content\/uploads\/2021\/04\/f800x450-131772_183218_5050.jpeg?resize=700%2C400 2x"},"classes":[]},{"id":7200,"url":"http:\/\/www.grieta.org.mx\/index.php\/2015\/07\/22\/maestros-de-guanajuato-advierten-que-no-presentaran-examen-de-evaluacion\/","url_meta":{"origin":34793,"position":5},"title":"Maestros de Guanajuato advierten que no presentar\u00e1n examen de evaluaci\u00f3n","author":"grieta","date":"22 julio, 2015","format":false,"excerpt":"Carmen Pizano, Guanajuato, Gto. Profesores de la Coordinadora Nacional de Trabajadores de la Educaci\u00f3n (CNTE) se plantaron frente al Congreso del Estado en espera de respuestas por parte de la autoridad estatal, por los se\u00f1alamientos que ha hecho el magisterio en contra de la reforma educativa. Los manifestantes advirtieron que\u2026","rel":"","context":"En &quot;CINTILLO&quot;","block_context":{"text":"CINTILLO","link":"http:\/\/www.grieta.org.mx\/index.php\/category\/cintillo\/"},"img":{"alt_text":"","src":"https:\/\/i0.wp.com\/www.grieta.org.mx\/wp-content\/uploads\/2018\/03\/14524434_1106112876131411_958039263622046936_o.jpg?resize=350%2C200","width":350,"height":200,"srcset":"https:\/\/i0.wp.com\/www.grieta.org.mx\/wp-content\/uploads\/2018\/03\/14524434_1106112876131411_958039263622046936_o.jpg?resize=350%2C200 1x, https:\/\/i0.wp.com\/www.grieta.org.mx\/wp-content\/uploads\/2018\/03\/14524434_1106112876131411_958039263622046936_o.jpg?resize=525%2C300 1.5x, https:\/\/i0.wp.com\/www.grieta.org.mx\/wp-content\/uploads\/2018\/03\/14524434_1106112876131411_958039263622046936_o.jpg?resize=700%2C400 2x"},"classes":[]}],"_links":{"self":[{"href":"http:\/\/www.grieta.org.mx\/index.php\/wp-json\/wp\/v2\/posts\/34793","targetHints":{"allow":["GET"]}}],"collection":[{"href":"http:\/\/www.grieta.org.mx\/index.php\/wp-json\/wp\/v2\/posts"}],"about":[{"href":"http:\/\/www.grieta.org.mx\/index.php\/wp-json\/wp\/v2\/types\/post"}],"author":[{"embeddable":true,"href":"http:\/\/www.grieta.org.mx\/index.php\/wp-json\/wp\/v2\/users\/2"}],"replies":[{"embeddable":true,"href":"http:\/\/www.grieta.org.mx\/index.php\/wp-json\/wp\/v2\/comments?post=34793"}],"version-history":[{"count":1,"href":"http:\/\/www.grieta.org.mx\/index.php\/wp-json\/wp\/v2\/posts\/34793\/revisions"}],"predecessor-version":[{"id":34795,"href":"http:\/\/www.grieta.org.mx\/index.php\/wp-json\/wp\/v2\/posts\/34793\/revisions\/34795"}],"wp:featuredmedia":[{"embeddable":true,"href":"http:\/\/www.grieta.org.mx\/index.php\/wp-json\/wp\/v2\/media\/34794"}],"wp:attachment":[{"href":"http:\/\/www.grieta.org.mx\/index.php\/wp-json\/wp\/v2\/media?parent=34793"}],"wp:term":[{"taxonomy":"category","embeddable":true,"href":"http:\/\/www.grieta.org.mx\/index.php\/wp-json\/wp\/v2\/categories?post=34793"},{"taxonomy":"post_tag","embeddable":true,"href":"http:\/\/www.grieta.org.mx\/index.php\/wp-json\/wp\/v2\/tags?post=34793"}],"curies":[{"name":"wp","href":"https:\/\/api.w.org\/{rel}","templated":true}]}}