{"id":34747,"date":"2019-06-15T12:11:34","date_gmt":"2019-06-15T17:11:34","guid":{"rendered":"http:\/\/www.grieta.org.mx\/?p=34747"},"modified":"2019-06-15T12:13:49","modified_gmt":"2019-06-15T17:13:49","slug":"la-tormenta-se-recrudece-video-sobre-asesinatos-a-lideres-comunitarios","status":"publish","type":"post","link":"http:\/\/www.grieta.org.mx\/index.php\/2019\/06\/15\/la-tormenta-se-recrudece-video-sobre-asesinatos-a-lideres-comunitarios\/","title":{"rendered":"La tormenta se recrudece (video sobre asesinatos a l\u00edderes comunitarios)"},"content":{"rendered":"<p>El video enumera los asesinatos y la violencia ejercida entre 2018 y 2019&nbsp;en contra de los pueblos originarios organizados que resisten contra la violencia de la hidra capitalista .<\/p>\n<p>Colectivo Grieta, junio 15.<\/p>\n<p><iframe loading=\"lazy\" src=\"https:\/\/www.youtube.com\/embed\/-cM-pELTSek\" width=\"560\" height=\"315\" frameborder=\"0\" allowfullscreen=\"allowfullscreen\"><\/iframe><\/p>\n","protected":false},"excerpt":{"rendered":"<p>El video enumera los asesinatos y la violencia ejercida entre 2018 y 2019&nbsp;en contra de los pueblos originarios organizados que resisten contra la violencia de la hidra capitalista . Colectivo &hellip; <a href=\"http:\/\/www.grieta.org.mx\/index.php\/2019\/06\/15\/la-tormenta-se-recrudece-video-sobre-asesinatos-a-lideres-comunitarios\/\" class=\"more-link\">Leer m\u00e1s<\/a><\/p>\n","protected":false},"author":1,"featured_media":34649,"comment_status":"closed","ping_status":"closed","sticky":false,"template":"","format":"standard","meta":{"ngg_post_thumbnail":0,"_jetpack_newsletter_access":"","_jetpack_dont_email_post_to_subs":false,"_jetpack_newsletter_tier_id":0,"_jetpack_memberships_contains_paywalled_content":false,"_jetpack_memberships_contains_paid_content":false,"footnotes":""},"categories":[80,1775],"tags":[2140,1834,95],"class_list":["post-34747","post","type-post","status-publish","format-standard","has-post-thumbnail","hentry","category-cintillo","category-colectivo-grieta","tag-asesinato-de-activistas","tag-asesinato-de-lideres-indigenas","tag-cni","entry"],"jetpack_featured_media_url":"http:\/\/www.grieta.org.mx\/wp-content\/uploads\/2019\/06\/Captura-de-pantalla-2019-06-11-23.23.58.png","jetpack_sharing_enabled":true,"jetpack_shortlink":"https:\/\/wp.me\/p7ZJR4-92r","jetpack_likes_enabled":false,"jetpack-related-posts":[{"id":43677,"url":"http:\/\/www.grieta.org.mx\/index.php\/2020\/01\/18\/feministas-protestan-tras-asesinato-de-mujeres-en-queretaro\/","url_meta":{"origin":34747,"position":0},"title":"Feministas protestan tras asesinato de mujeres en Quer\u00e9taro","author":"grieta","date":"18 enero, 2020","format":false,"excerpt":"ADN Informativo Quer\u00e9taro, Qro., 18 de enero de 2020.- Un grupo de mujeres feministas protest\u00f3 la ma\u00f1ana de este s\u00e1bado en las principales plazas del Centro Hist\u00f3rico de Quer\u00e9taro, para mostrar su molestia e indignaci\u00f3n por los asesinatos de mujeres en la \u00faltima semana, as\u00ed como recordar a la joven\u2026","rel":"","context":"En &quot;CINTILLO&quot;","block_context":{"text":"CINTILLO","link":"http:\/\/www.grieta.org.mx\/index.php\/category\/cintillo\/"},"img":{"alt_text":"","src":"https:\/\/i0.wp.com\/www.grieta.org.mx\/wp-content\/uploads\/2020\/01\/Feministas-protestan-tras-asesinato-de-mujeres-en-Quer%C3%A9taro-ene.jpg?resize=350%2C200","width":350,"height":200,"srcset":"https:\/\/i0.wp.com\/www.grieta.org.mx\/wp-content\/uploads\/2020\/01\/Feministas-protestan-tras-asesinato-de-mujeres-en-Quer%C3%A9taro-ene.jpg?resize=350%2C200 1x, https:\/\/i0.wp.com\/www.grieta.org.mx\/wp-content\/uploads\/2020\/01\/Feministas-protestan-tras-asesinato-de-mujeres-en-Quer%C3%A9taro-ene.jpg?resize=525%2C300 1.5x, https:\/\/i0.wp.com\/www.grieta.org.mx\/wp-content\/uploads\/2020\/01\/Feministas-protestan-tras-asesinato-de-mujeres-en-Quer%C3%A9taro-ene.jpg?resize=700%2C400 2x"},"classes":[]},{"id":63417,"url":"http:\/\/www.grieta.org.mx\/index.php\/2022\/02\/14\/protestan-periodistas-de-nayarit-por-los-multiples-asesinatos-de-colegas-en-mexico\/","url_meta":{"origin":34747,"position":1},"title":"Protestan periodistas de Nayarit por los m\u00faltiples asesinatos de colegas en M\u00e9xico","author":"grieta","date":"14 febrero, 2022","format":false,"excerpt":"Foto: El Sol de Nayarit Lucero Santa Anna\/El Sol de Nayarit Este 14 de Febrero, periodistas del estado de Nayarit alzaron la voz por segunda vez en lo que va del a\u00f1o 2022 para protestar por los m\u00faltiples asesinatos y agresiones a comunicadores en M\u00e9xico. En punto de las 5:00\u2026","rel":"","context":"En &quot;CINTILLO&quot;","block_context":{"text":"CINTILLO","link":"http:\/\/www.grieta.org.mx\/index.php\/category\/cintillo\/"},"img":{"alt_text":"","src":"https:\/\/i0.wp.com\/www.grieta.org.mx\/wp-content\/uploads\/2022\/02\/temp_nota_01_82663__2022021504323_117medios.jpg?resize=350%2C200","width":350,"height":200,"srcset":"https:\/\/i0.wp.com\/www.grieta.org.mx\/wp-content\/uploads\/2022\/02\/temp_nota_01_82663__2022021504323_117medios.jpg?resize=350%2C200 1x, https:\/\/i0.wp.com\/www.grieta.org.mx\/wp-content\/uploads\/2022\/02\/temp_nota_01_82663__2022021504323_117medios.jpg?resize=525%2C300 1.5x"},"classes":[]},{"id":38158,"url":"http:\/\/www.grieta.org.mx\/index.php\/2019\/08\/21\/se-unen-periodistas-colimenses-al-repudio-por-agresiones-y-asesinatos-en-su-contra-colima\/","url_meta":{"origin":34747,"position":2},"title":"Se unen periodistas colimenses al repudio por agresiones y asesinatos en su contra (Colima)","author":"grieta","date":"21 agosto, 2019","format":false,"excerpt":"Foto: El Comentario Redacci\u00f3n \/ El Comentario Un grupo de\u00a0periodistas colimenses, efectuaron una\u00a0manifestaci\u00f3n\u00a0a la entrada del inmueble del\u00a0Palacio\u00a0Legislativo, para unirse a la\u00a0protesta nacional\u00a0organizada para manifestar su repudio en contra de las\u00a0agresiones\u00a0y\u00a0asesinatos\u00a0cometidos en\u00a0contra de periodistas\u00a0y\u00a0comunicadores en el pa\u00eds. El corresponsal del peri\u00f3dico\u00a0La Jornada,\u00a0Juan Carlos Flores Carrillo, se\u00f1al\u00f3 que en lo que\u2026","rel":"","context":"En &quot;CINTILLO&quot;","block_context":{"text":"CINTILLO","link":"http:\/\/www.grieta.org.mx\/index.php\/category\/cintillo\/"},"img":{"alt_text":"","src":"https:\/\/i0.wp.com\/www.grieta.org.mx\/wp-content\/uploads\/2019\/08\/ba020e82d02031c87c793e1e29859f65.jpg?resize=350%2C200","width":350,"height":200,"srcset":"https:\/\/i0.wp.com\/www.grieta.org.mx\/wp-content\/uploads\/2019\/08\/ba020e82d02031c87c793e1e29859f65.jpg?resize=350%2C200 1x, https:\/\/i0.wp.com\/www.grieta.org.mx\/wp-content\/uploads\/2019\/08\/ba020e82d02031c87c793e1e29859f65.jpg?resize=525%2C300 1.5x, https:\/\/i0.wp.com\/www.grieta.org.mx\/wp-content\/uploads\/2019\/08\/ba020e82d02031c87c793e1e29859f65.jpg?resize=700%2C400 2x, https:\/\/i0.wp.com\/www.grieta.org.mx\/wp-content\/uploads\/2019\/08\/ba020e82d02031c87c793e1e29859f65.jpg?resize=1050%2C600 3x"},"classes":[]},{"id":63173,"url":"http:\/\/www.grieta.org.mx\/index.php\/2022\/01\/25\/los-periodistas-en-quintana-roo-no-estamos-exentos-de-agresiones-trabajadores-de-medios-en-chetumal-se-suman-a-protesta-nacional-por-asesinatos-de-margarito-martinez-jose-luis-gamboa-y-lourdes-m\/","url_meta":{"origin":34747,"position":3},"title":"&#8220;Los periodistas en Quintana Roo no estamos exentos de agresiones&#8221;: Trabajadores de medios en Chetumal se suman a protesta nacional por asesinatos de Margarito Mart\u00ednez, Jos\u00e9 Luis Gamboa y Lourdes Maldonado","author":"grieta","date":"25 enero, 2022","format":false,"excerpt":"Rafael Brice\u00f1o Noticaribe CHETUMAL, MX. \u2013 Trabajadores de medios de comunicaci\u00f3n en Chetumal se sumaron a la protesta nacional por los asesinatos de los periodistas Margarito Mart\u00ednez, Jos\u00e9 Luis Gamboa y Lourdes Maldonado, con la exigencia de no m\u00e1s. La cita fue enfrente de Palacio de gobierno en donde Gabriel\u2026","rel":"","context":"En &quot;CINTILLO&quot;","block_context":{"text":"CINTILLO","link":"http:\/\/www.grieta.org.mx\/index.php\/category\/cintillo\/"},"img":{"alt_text":"","src":"https:\/\/i0.wp.com\/www.grieta.org.mx\/wp-content\/uploads\/2022\/01\/NoEstamosExentos.png?resize=350%2C200","width":350,"height":200,"srcset":"https:\/\/i0.wp.com\/www.grieta.org.mx\/wp-content\/uploads\/2022\/01\/NoEstamosExentos.png?resize=350%2C200 1x, https:\/\/i0.wp.com\/www.grieta.org.mx\/wp-content\/uploads\/2022\/01\/NoEstamosExentos.png?resize=525%2C300 1.5x, https:\/\/i0.wp.com\/www.grieta.org.mx\/wp-content\/uploads\/2022\/01\/NoEstamosExentos.png?resize=700%2C400 2x"},"classes":[]},{"id":28272,"url":"http:\/\/www.grieta.org.mx\/index.php\/2018\/11\/12\/reclama-colectivo-a-yunes-por-asesinato-de-hijo-de-periodista-veracruzano\/","url_meta":{"origin":34747,"position":4},"title":"Reclama Colectivo a Yunes por asesinato de hijo de periodista veracruzano","author":"grieta","date":"12 noviembre, 2018","format":false,"excerpt":"Eduardo Andrade \/ El Dictamen Integrantes del Colectivo Nacional Alerta Temprana de Periodistas & Activistas, expresaron su repudio al actuar del gobernador ante el crimen del hijo de Cecilio Baltazar Integrantes del Colectivo Nacional Alerta Temprana de Periodistas & Activistas, expresaron su repudio al actuar del gobernador de Veracruz, Miguel\u2026","rel":"","context":"En &quot;NOTICIAS NACIONALES&quot;","block_context":{"text":"NOTICIAS NACIONALES","link":"http:\/\/www.grieta.org.mx\/index.php\/category\/noticias-nacionales\/"},"img":{"alt_text":"","src":"https:\/\/i0.wp.com\/www.grieta.org.mx\/wp-content\/uploads\/2019\/01\/muerto-2-1.jpg?resize=350%2C200","width":350,"height":200,"srcset":"https:\/\/i0.wp.com\/www.grieta.org.mx\/wp-content\/uploads\/2019\/01\/muerto-2-1.jpg?resize=350%2C200 1x, https:\/\/i0.wp.com\/www.grieta.org.mx\/wp-content\/uploads\/2019\/01\/muerto-2-1.jpg?resize=525%2C300 1.5x, https:\/\/i0.wp.com\/www.grieta.org.mx\/wp-content\/uploads\/2019\/01\/muerto-2-1.jpg?resize=700%2C400 2x"},"classes":[]},{"id":63187,"url":"http:\/\/www.grieta.org.mx\/index.php\/2022\/01\/25\/periodistas-campechanos-se-manifiestan-piden-seguridad-y-cero-impunidad-ante-asesinatos\/","url_meta":{"origin":34747,"position":5},"title":"Periodistas campechanos, se manifiestan; piden seguridad y cero impunidad ante asesinatos","author":"grieta","date":"25 enero, 2022","format":false,"excerpt":"Periodistas campechanos se sumaron a la protesta nacional motivada por el asesinato de la compatriota Lourdes Maldonado, asesinada a tiros el pasado lunes en Baja California; durante el discurso, Rosa Santana periodista con m\u00e1s de 15 a\u00f1os de trayectoria, pidi\u00f3 a los tres \u00f3rdenes de gobierno, atender el problema y\u2026","rel":"","context":"En &quot;Campeche&quot;","block_context":{"text":"Campeche","link":"http:\/\/www.grieta.org.mx\/index.php\/category\/noticias-nacionales\/campeche\/"},"img":{"alt_text":"","src":"https:\/\/i0.wp.com\/www.grieta.org.mx\/wp-content\/uploads\/2022\/01\/PeriodistasCampeche-e1643309379140.png?resize=350%2C200","width":350,"height":200,"srcset":"https:\/\/i0.wp.com\/www.grieta.org.mx\/wp-content\/uploads\/2022\/01\/PeriodistasCampeche-e1643309379140.png?resize=350%2C200 1x, https:\/\/i0.wp.com\/www.grieta.org.mx\/wp-content\/uploads\/2022\/01\/PeriodistasCampeche-e1643309379140.png?resize=525%2C300 1.5x, https:\/\/i0.wp.com\/www.grieta.org.mx\/wp-content\/uploads\/2022\/01\/PeriodistasCampeche-e1643309379140.png?resize=700%2C400 2x"},"classes":[]}],"_links":{"self":[{"href":"http:\/\/www.grieta.org.mx\/index.php\/wp-json\/wp\/v2\/posts\/34747","targetHints":{"allow":["GET"]}}],"collection":[{"href":"http:\/\/www.grieta.org.mx\/index.php\/wp-json\/wp\/v2\/posts"}],"about":[{"href":"http:\/\/www.grieta.org.mx\/index.php\/wp-json\/wp\/v2\/types\/post"}],"author":[{"embeddable":true,"href":"http:\/\/www.grieta.org.mx\/index.php\/wp-json\/wp\/v2\/users\/1"}],"replies":[{"embeddable":true,"href":"http:\/\/www.grieta.org.mx\/index.php\/wp-json\/wp\/v2\/comments?post=34747"}],"version-history":[{"count":1,"href":"http:\/\/www.grieta.org.mx\/index.php\/wp-json\/wp\/v2\/posts\/34747\/revisions"}],"predecessor-version":[{"id":34756,"href":"http:\/\/www.grieta.org.mx\/index.php\/wp-json\/wp\/v2\/posts\/34747\/revisions\/34756"}],"wp:featuredmedia":[{"embeddable":true,"href":"http:\/\/www.grieta.org.mx\/index.php\/wp-json\/wp\/v2\/media\/34649"}],"wp:attachment":[{"href":"http:\/\/www.grieta.org.mx\/index.php\/wp-json\/wp\/v2\/media?parent=34747"}],"wp:term":[{"taxonomy":"category","embeddable":true,"href":"http:\/\/www.grieta.org.mx\/index.php\/wp-json\/wp\/v2\/categories?post=34747"},{"taxonomy":"post_tag","embeddable":true,"href":"http:\/\/www.grieta.org.mx\/index.php\/wp-json\/wp\/v2\/tags?post=34747"}],"curies":[{"name":"wp","href":"https:\/\/api.w.org\/{rel}","templated":true}]}}