{"id":34742,"date":"2019-06-07T10:37:06","date_gmt":"2019-06-07T15:37:06","guid":{"rendered":"http:\/\/www.grieta.org.mx\/?p=34742"},"modified":"2019-06-15T11:06:32","modified_gmt":"2019-06-15T16:06:32","slug":"la-minera-san-xavier-y-el-saqueo-al-patrimonio-en-slp","status":"publish","type":"post","link":"http:\/\/www.grieta.org.mx\/index.php\/2019\/06\/07\/la-minera-san-xavier-y-el-saqueo-al-patrimonio-en-slp\/","title":{"rendered":"La Minera San Xavier y el saqueo al patrimonio en SLP"},"content":{"rendered":"<figure id=\"attachment_34744\" aria-describedby=\"caption-attachment-34744\" style=\"width: 1024px\" class=\"wp-caption alignleft\"><img loading=\"lazy\" decoding=\"async\" data-attachment-id=\"34744\" data-permalink=\"http:\/\/www.grieta.org.mx\/index.php\/2019\/06\/07\/la-minera-san-xavier-y-el-saqueo-al-patrimonio-en-slp\/minera-san-xavier\/\" data-orig-file=\"http:\/\/www.grieta.org.mx\/wp-content\/uploads\/2019\/06\/Minera-San-Xavier.jpg\" data-orig-size=\"1200,900\" data-comments-opened=\"0\" data-image-meta=\"{&quot;aperture&quot;:&quot;0&quot;,&quot;credit&quot;:&quot;&quot;,&quot;camera&quot;:&quot;&quot;,&quot;caption&quot;:&quot;&quot;,&quot;created_timestamp&quot;:&quot;0&quot;,&quot;copyright&quot;:&quot;&quot;,&quot;focal_length&quot;:&quot;0&quot;,&quot;iso&quot;:&quot;0&quot;,&quot;shutter_speed&quot;:&quot;0&quot;,&quot;title&quot;:&quot;&quot;,&quot;orientation&quot;:&quot;0&quot;}\" data-image-title=\"Minera San Xavier\" data-image-description=\"\" data-image-caption=\"&lt;p&gt;El Cerro de San Pedro devastado por la actividad minera. Foto: Tomada de Twitter @claucampero&lt;\/p&gt;\n\" data-medium-file=\"http:\/\/www.grieta.org.mx\/wp-content\/uploads\/2019\/06\/Minera-San-Xavier-300x225.jpg\" data-large-file=\"http:\/\/www.grieta.org.mx\/wp-content\/uploads\/2019\/06\/Minera-San-Xavier-1024x768.jpg\" class=\"size-large wp-image-34744\" src=\"http:\/\/www.grieta.org.mx\/wp-content\/uploads\/2019\/06\/Minera-San-Xavier-1024x768.jpg\" alt=\"\" width=\"1024\" height=\"768\" srcset=\"http:\/\/www.grieta.org.mx\/wp-content\/uploads\/2019\/06\/Minera-San-Xavier-1024x768.jpg 1024w, http:\/\/www.grieta.org.mx\/wp-content\/uploads\/2019\/06\/Minera-San-Xavier-300x225.jpg 300w, http:\/\/www.grieta.org.mx\/wp-content\/uploads\/2019\/06\/Minera-San-Xavier-768x576.jpg 768w, http:\/\/www.grieta.org.mx\/wp-content\/uploads\/2019\/06\/Minera-San-Xavier-667x500.jpg 667w, http:\/\/www.grieta.org.mx\/wp-content\/uploads\/2019\/06\/Minera-San-Xavier.jpg 1200w\" sizes=\"auto, (max-width: 1024px) 100vw, 1024px\" \/><figcaption id=\"caption-attachment-34744\" class=\"wp-caption-text\">El Cerro de San Pedro devastado por la actividad minera. Foto: Tomada de Twitter @claucampero<\/figcaption><\/figure>\n<p>Judith Amador Tello\/ PROCESO<\/p>\n<blockquote><p>CIUDAD DE M\u00c9XICO (apro).- La reci\u00e9n creada Sociedad Civil Art\u00edculo 27, encabezada por los especialistas en derechos culturales Jos\u00e9 Manuel Hermosillo y Carlos Lara Gonz\u00e1lez, solicita que el Instituto Nacional de Antropolog\u00eda e Historia (INAH) no siga adelante en su pretensi\u00f3n de declarar Zona de Monumentos Hist\u00f3ricos al municipio de Cerro de San Pedro en San Luis Potos\u00ed (SLP).<\/p><\/blockquote>\n<p>Piden incluso que el escudo de armas de la entidad potosina \u2013que se distingue por tener en el centro la imagen del Cerro de San Pedro con la imagen de San Luis Rey de Francia posando en la cima mientras sostiene una cruz, y a los costados dos barras de plata y dos de oro\u2013 sea modificado para dejar constancia de la destrucci\u00f3n que la Minera San Xavier hizo del emblem\u00e1tico cerro.<\/p>\n<p>El 18 de febrero de 2017, el gobernador de SLP, Juan Manuel Carreras L\u00f3pez y el director general del INAH, Diego Prieto, firmaron un convenio de colaboraci\u00f3n y coordinaci\u00f3n para llevar a cabo acciones de investigaci\u00f3n, protecci\u00f3n, conservaci\u00f3n, restauraci\u00f3n y difusi\u00f3n del patrimonio cultural de la Zona Arqueol\u00f3gica de Tamtoc, el poblado de Real de Catorce y Cerro de San Pedro. Sobre este \u00faltimo destaca un comunicado del INAH:<\/p>\n<p>\u201cSe buscar\u00e1 iniciar un expediente para que el cercano Cerro de San Pedro sea declarado mediante decreto presidencial Zona de Monumentos Hist\u00f3ricos, con miras a diversificar sus fuentes de trabajo, toda vez que la miner\u00eda ya es una actividad en decadencia y podr\u00eda suscitar su despoblamiento, corriendo una suerte similar a la que tuvo Real de Catorce\u201d.<\/p>\n<p>Lo que no menciona el comunicado del INAH es que la miner\u00eda, a la cual declara \u201cen decadencia\u201d, literalmente vol\u00f3 el Cerro de San Pedro, que la empresa canadiense Minera San Xavier \u2013que logr\u00f3 la concesi\u00f3n para explotar los restos de plata y oro que quedaban en el mont\u00edculo\u2013 lo pulveriz\u00f3, que ya no existe m\u00e1s y que, incluso, la poblaci\u00f3n fue presionada de diversos modos para abandonar su lugar de origen y fundar una nueva ciudad, llamada La Zapatilla, y por ello estuvo en riesgo de convertirse como Real de Catorce en un \u201cpueblo fantasma\u201d.<\/p>\n<p>\u201cDe nada sirvi\u00f3 en su momento \u2013exponen los especialistas en el punto de acuerdo\u2013 informar a la empresa y al gobierno, a trav\u00e9s de grupos de la sociedad civil organizada, de que se trataba de un pueblo hist\u00f3rico, declarado zona de monumentos, y de que el cerro donde estaban ya cavando, era el emblema del escudo de armas del estado de San Luis Potos\u00ed\u201d.<\/p>\n<p>Agregan que la zona del Cerro de San Pedro y los municipios conurbados, cuentan con declaratoria como zona de protecci\u00f3n de la vida silvestre, por decreto del 24 de septiembre de 1993, con lo cual se protege al Valle de San Luis de los impactos ambientales:<\/p>\n<p>\u201cDe hecho habla de la instalaci\u00f3n de cualquier tipo de industria en toda la zona decretada. Que, si \u00e9sta se da, los vientos dominantes que pudieran venir de esa zona decretada al Valle de San Luis vendr\u00edan hacia la ciudad de forma natural por los vientos. Como se puede ver, se viol\u00f3 el decreto ambiental y el decreto que lo clasifica como zona de monumentos al Cerro de San Pedro\u201d.<\/p>\n<p>Se\u00f1alan, asimismo, que en la desaparici\u00f3n de cerro \u2013que evocaba el famoso Potos\u00ed de Bolivia\u2013 participaron los tres \u00f3rdenes de gobierno, \u201cla federaci\u00f3n (durante los gobiernos de Vicente Fox y Felipe Calder\u00f3n), el estado y el municipio\u201d, sin tomar en cuenta los reclamos de defensores del medio ambiente y del patrimonio cultural del estado.<\/p>\n<p>Asunto cr\u00edtico<\/p>\n<p>Desde que la Minera San Xavier (MSX) solicit\u00f3 autorizaci\u00f3n para su proyecto de explotaci\u00f3n de oro y plata, mediante el m\u00e9todo de miner\u00eda de tajo a cielo abierto se encendieron las luces de alerta entre la poblaci\u00f3n y los defensores citados. En el a\u00f1o 2000, el entonces Instituto Nacional de Ecolog\u00eda ten\u00eda clasificado al proyecto como \u201ccr\u00edtico y coyuntural\u201d.<\/p>\n<p>El m\u00e9todo se conoc\u00eda poco entonces, pero se puede resumir as\u00ed: Mediante toneladas de cargas de explosivos, se fue demoliendo el cerro, el material extra\u00eddo se lava con grandes cantidades de cianuro (\u201c32 millones de litros de agua mezclada con 16 toneladas de cianuro se han utilizado diariamente para el proceso\u201d, dice el punto de acuerdo) para separar el oro y la plata de la piedra y dem\u00e1s materiales que conformaban el cerro.<\/p>\n<p>Lo que qued\u00f3 donde antes existi\u00f3 el cerro son monta\u00f1as de desechos contaminantes alrededor y una zona semi\u00e1rida. El cerro es hoy un tajo a cielo abierto. Se advirti\u00f3 desde el inicio de los trabajos que quedar\u00eda un cr\u00e1ter \u201csemejante al estado Azteca\u201d y similar al que ya hab\u00eda dejado la mina Real de \u00c1ngeles en el municipio de la Noria, en Zacatecas, y un entorno ecol\u00f3gico devastado en 14 kil\u00f3metros a la redonda con sedimentos de cianuro en los mantos fre\u00e1ticos. Una imagen de la destrucci\u00f3n puede verse en l\u00ednea.<\/p>\n<p>En un breve resumen realizado por esta reportera con motivo del anuncio del cierre de actividades de la empresa, se record\u00f3 que para tratar de frenar su instalaci\u00f3n en el peque\u00f1o poblado se formaron grupos como Pro San Luis Ecol\u00f3gico A.C., y el Frente Amplio Opositor (FAO) a la Minera San Xavier (empresa filial de la empresa canadiense Metallica Resources Inc, y luego New Gold).<\/p>\n<p>En septiembre de 2000 (Proceso 1245), el entonces responsable de relaciones p\u00fablicas de MSX, Pedro Manuel de la Fuente, declar\u00f3 en entrevista que el principal objetivo de la transnacional era la salvaguarda del poblado, pero a\u00f1adi\u00f3 que era m\u00e1s costoso sostener el templo de San Pedro que hacer uno nuevo. Y de plano, construyeron una nueva ciudad, llamada, La Zapatilla, con todo e iglesia.<\/p>\n<p>Hist\u00f3rico saqueo<\/p>\n<p>En abril de 2007, Proceso public\u00f3 el reportaje \u201cLa minera San Xavier quiere doblar al INAH\u201d, en el cual se consign\u00f3 que mientras el hist\u00f3rico Cerro Rico de Bolivia, cuya riqueza en plata dio origen al dicho \u201c\u00a1Vale un Potos\u00ed!\u201d, fue inscrito en la Lista del Patrimonio Mundial de la UNESCO desde 1987, el Cerro de San Pedro fue pulverizado. Y en una evidente contradicci\u00f3n se buscaba que la capital de SLP se reconociera como patrimonio mundial.<\/p>\n<p>Se mencionaron sus 400 monumentos hist\u00f3ricos, construidos entre los siglos XVI al XIX, catalogados por el INAH, entre ellos antiguas haciendas de beneficio y los templos de San Pedro del siglo XVIII y San Nicol\u00e1s Tolentino del XVII, puestos en riesgo por las detonaciones y la contaminaci\u00f3n de la minera.<\/p>\n<p>La historiadora Marta Ter\u00e1n hizo p\u00fablica una carta dirigida al entonces titular del INAH, Alfonso de Maria y Campos, en la cual le record\u00f3 su deber de colocar sellos de clausura en la MSX, \u201crectificando y revisando la actuaci\u00f3n del director anterior\u201d (Luciano Cedillo).<\/p>\n<p>Tambi\u00e9n historiador, el investigador de El Colegio de San Luis, Juan Carlos Ruiz Guadalajara relat\u00f3 a su vez que a diferencia de ciudades como Guanajuato y Zacatecas que hab\u00edan crecido por la miner\u00eda, Cerro de San Pedro siempre fue tratada con desd\u00e9n y desde la llegada de los espa\u00f1oles s\u00f3lo fue saqueada, sus riquezas eran extra\u00eddas y llevadas a la ciudad de San Luis Potos\u00ed e incluso a la Ciudad de M\u00e9xico, sin reportar ning\u00fan beneficio econ\u00f3mico o social para el peque\u00f1o poblado que fue quedando en el abandono.<\/p>\n<p>Y, sobre el origen del escudo de armas dijo a esta reportera que se remite a la historia novohispana y ata\u00f1e no s\u00f3lo a los potosinos, sino a la naci\u00f3n en su conjunto. As\u00ed se public\u00f3 en Proceso:<\/p>\n<p>\u201cHay elementos similares en varios escudos de armas relacionados con pueblos mineros. El mismo del cerro del Potos\u00ed en Bolivia tiene como elemento iconogr\u00e1fico al cerro, sobre el cual est\u00e1 posada una virgen, su mant\u00f3n protector es la monta\u00f1a. Son reflejo del \u201cimaginario espa\u00f1ol en torno de las monta\u00f1as llenas de oro y plata\u201d, as\u00ed como de los buenos gobernantes o v\u00edrgenes protectores del imperio y la riqueza. El de San Pedro es el Potos\u00ed novohispano\u201d.<\/p>\n<p>Nadie imaginaria, agreg\u00f3, que una minera como Metallica Resources o San Xavier llegara al Potos\u00ed boliviano y dijera \u2018vamos a triturarlo\u2019.<\/p>\n<p>Y m\u00e1s saqueo<\/p>\n<p>Desde que se supo del proyecto de explotaci\u00f3n de la minera se afirm\u00f3 que ejecutar\u00eda a partir de julio de 2001, y abarcar\u00eda diez a\u00f1os, ocho de ellos para la explotaci\u00f3n y los dos restantes para \u201cdejar remediada la zona\u201d, acorde con el compromiso que firmaron entonces la minera y el gobierno potosino.<\/p>\n<p>Sus actividades iniciaron \u201cformalmente\u201d en 2007. Entonces se perfilaba no s\u00f3lo como un proyecto industrial de gran envergadura sino \u201ccomo la amenaza m\u00e1s grande contra la ecolog\u00eda y la salud de los habitantes del municipio de Cerro de San Pedro y de la propia capital\u201d.<\/p>\n<p>En diciembre de 2015 se anunci\u00f3 que la MSX sal\u00eda por fin de SLP. Aunque no se iba por un cierre impuesto por las autoridades mexicanas, sino que ella misma daba por concluidas sus actividades y la liquidaci\u00f3n de sus 300 empleados.<\/p>\n<p>Ahora, se se\u00f1ala en el punto de acuerdo, \u201cla empresa ya est\u00e1 por terminar sus operaciones y hasta el momento nunca se cumpli\u00f3 la promesa de riqueza para la poblaci\u00f3n; tambi\u00e9n se terminar\u00e1n los pocos empleos que ofrec\u00eda y nos dejar\u00e1 un da\u00f1o que a\u00fan no ha sido calculado\u201d.<\/p>\n<p>Consideran sus promotores, que lo ocurrido con el Cerro de San Pedro va en contra de la Convenci\u00f3n sobre la Protecci\u00f3n y Promoci\u00f3n de la Diversidad de las Expresiones Culturales y del principio de desarrollo sostenible:<\/p>\n<p>\u201cDebemos tener claro que son ya instrumentos internacionales que forman parte de nuestro derecho vigente, a partir de la nueva antropolog\u00eda jur\u00eddica. Consid\u00e9rese que la misma Corte Interamericana de Derechos Humanos ha sostenido como parte de este nuevo marco, que el derecho a la identidad cultural es un derecho humano de naturaleza colectiva que debe ser respetado en una sociedad multicultural, pluralista y democr\u00e1tica. Lo anterior por la relevancia que tiene tanto para el individuo, como para su comunidad y el entorno en el que se desarrollan\u201d.<\/p>\n<p>Mencionan que el actual director del Centro INAH en SLP, Juan Carlos Machichena, ha afirmado que tiene ya listo el expediente para que el poblado sea declarado como zona de monumentos a nivel federal, pero aclaran que para que se cumpla el objetivo debe contarse con las firmas del alcalde, el ejecutivo estatal y el presidente de la rep\u00fablica y advierten:<\/p>\n<p>\u201c\u2026 ser\u00eda inadmisible; una especie de burla a la protecci\u00f3n, conservaci\u00f3n y correcta difusi\u00f3n del patrimonio cultural. Ser\u00eda un tanto como decir, de ahora en adelante, ya que la Minera nos desapareci\u00f3, no s\u00f3lo el elemento de identidad que a\u00fan figura en el escudo de armas del estado y de la capital, sino tambi\u00e9n que da nombre al municipio, vamos a comenzar a hacer las cosas bien\u201d.<\/p>\n<p>Y es que debe recordarse que la historiadora Marta Ter\u00e1n demand\u00f3 en su momento que Cerro de San Pedro se declarara zona de monumentos, pero con el fin realmente de poner un alto a la MSX y proteger el patrimonio cultural de la poblaci\u00f3n.<\/p>\n<p>Hermosillo y Lara piden asumir la desaparici\u00f3n del Cerro de San Pedro como un s\u00edmbolo y retirarlo del escudo de armas para \u201casumir la responsabilidad hist\u00f3rica ante las acciones y omisiones de nuestros gobiernos pasados\u2026 y como el comienzo de una nueva etapa en nuestra sociedad que busca remediar el da\u00f1o cultural y ecol\u00f3gico sufrido\u201d.<\/p>\n<p>Entonces solicitan que se pida al INAH abstenerse de seguir adelante con la \u201cpretendida declaratoria de zona de monumentos\u201d en tanto no haya la reparaci\u00f3n del da\u00f1o y al gobierno estatal de seguir usando el escudo \u201ctoda vez que dicho elemento de identidad acultural ya no existe\u201d.<\/p>\n<p><a href=\"https:\/\/www.proceso.com.mx\/587469\/la-minera-san-xavier-y-el-saqueo-al-patrimonio-en-slp\" target=\"_blank\" rel=\"noopener noreferrer\">https:\/\/www.proceso.com.mx\/587469\/la-minera-san-xavier-y-el-saqueo-al-patrimonio-en-slp<\/a><\/p>\n","protected":false},"excerpt":{"rendered":"<p>Judith Amador Tello\/ PROCESO CIUDAD DE M\u00c9XICO (apro).- La reci\u00e9n creada Sociedad Civil Art\u00edculo 27, encabezada por los especialistas en derechos culturales Jos\u00e9 Manuel Hermosillo y Carlos Lara Gonz\u00e1lez, solicita &hellip; <a href=\"http:\/\/www.grieta.org.mx\/index.php\/2019\/06\/07\/la-minera-san-xavier-y-el-saqueo-al-patrimonio-en-slp\/\" class=\"more-link\">Leer m\u00e1s<\/a><\/p>\n","protected":false},"author":2,"featured_media":21928,"comment_status":"closed","ping_status":"closed","sticky":false,"template":"","format":"standard","meta":{"ngg_post_thumbnail":0,"_jetpack_newsletter_access":"","_jetpack_dont_email_post_to_subs":false,"_jetpack_newsletter_tier_id":0,"_jetpack_memberships_contains_paywalled_content":false,"_jetpack_memberships_contains_paid_content":false,"footnotes":""},"categories":[80,1619,1278,2,29,83],"tags":[1620,2216,394,2562,2633,2632,874,109],"class_list":["post-34742","post","type-post","status-publish","format-standard","has-post-thumbnail","hentry","category-cintillo","category-conflictos-mineros-en-san-luis-potosi","category-despojo-de-tierras-y-territorios","category-noticias-nacionales","category-san-luis-potosi","category-temas-nacionales","tag-cerro-san-pedro","tag-conflictos-por-mineria","tag-contaminacion-por-mineria","tag-destruccion-ambiental","tag-destruccion-del-patrimonio-historico","tag-minera-san-xavier","tag-mineras-canadienses","tag-mineria","entry"],"jetpack_featured_media_url":"http:\/\/www.grieta.org.mx\/wp-content\/uploads\/2018\/03\/14524434_1106112876131411_958039263622046936_o.jpg","jetpack_sharing_enabled":true,"jetpack_shortlink":"https:\/\/wp.me\/p7ZJR4-92m","jetpack_likes_enabled":false,"jetpack-related-posts":[{"id":8702,"url":"http:\/\/www.grieta.org.mx\/index.php\/2016\/02\/29\/minera-san-xavier-y-la-devastacion-ambiental-por-la-mineria-a-cielo-abierto-en-cerro-de-san-pedro\/","url_meta":{"origin":34742,"position":0},"title":"Conflictos mineros en SLP","author":"grieta","date":"29 febrero, 2016","format":false,"excerpt":"29\/02\/16. \u201cMinera San Xavier no piensa irse a\u00fan de Cerro de San Pedro\u201d La Jornada San Luis 20\/07\/15. Lucha mundial contra la megaminer\u00eda t\u00f3xica Proceso 04\/06\/15. Confirman casos de ni\u00f1os con plomo y dificultad para generar gl\u00f3bulos rojos en \u00e1rea de Minera San XavierPulso SLP","rel":"","context":"En &quot;Miner\u00eda&quot;","block_context":{"text":"Miner\u00eda","link":"http:\/\/www.grieta.org.mx\/index.php\/category\/megaproyectos\/mineria\/"},"img":{"alt_text":"","src":"https:\/\/i0.wp.com\/www.grieta.org.mx\/wp-content\/uploads\/2018\/03\/14524434_1106112876131411_958039263622046936_o.jpg?resize=350%2C200","width":350,"height":200,"srcset":"https:\/\/i0.wp.com\/www.grieta.org.mx\/wp-content\/uploads\/2018\/03\/14524434_1106112876131411_958039263622046936_o.jpg?resize=350%2C200 1x, https:\/\/i0.wp.com\/www.grieta.org.mx\/wp-content\/uploads\/2018\/03\/14524434_1106112876131411_958039263622046936_o.jpg?resize=525%2C300 1.5x, https:\/\/i0.wp.com\/www.grieta.org.mx\/wp-content\/uploads\/2018\/03\/14524434_1106112876131411_958039263622046936_o.jpg?resize=700%2C400 2x"},"classes":[]},{"id":8705,"url":"http:\/\/www.grieta.org.mx\/index.php\/2016\/02\/29\/minera-san-xavier-no-piensa-irse-aun-de-cerro-de-san-pedro\/","url_meta":{"origin":34742,"position":1},"title":"\u201cMinera San Xavier no piensa irse a\u00fan de Cerro de San Pedro\u201d (San Luis Potos\u00ed)","author":"grieta","date":"29 febrero, 2016","format":false,"excerpt":"Jorge Torres \/ La Jornada San Luis El dirigente de la organizaci\u00f3n civil Pro San Luis Ecol\u00f3gico, Sergio Serrano Soriano, consider\u00f3 \u201caberrante\u201d que aunque el director del Consejo Nacional de Ciencia y Tecnolog\u00eda (Conacyt), Enrique Cabrero Mendoza, es potosino y conozca la situaci\u00f3n que existe en Cerro de San Pedro\u2026","rel":"","context":"En &quot;CINTILLO&quot;","block_context":{"text":"CINTILLO","link":"http:\/\/www.grieta.org.mx\/index.php\/category\/cintillo\/"},"img":{"alt_text":"","src":"https:\/\/i0.wp.com\/www.grieta.org.mx\/wp-content\/uploads\/2016\/02\/MSX-no-piensa-irse-a%C3%BAn-de-Cerro-de-San-Pedro-advierte-Sergio-Serrano.jpg?resize=350%2C200","width":350,"height":200,"srcset":"https:\/\/i0.wp.com\/www.grieta.org.mx\/wp-content\/uploads\/2016\/02\/MSX-no-piensa-irse-a%C3%BAn-de-Cerro-de-San-Pedro-advierte-Sergio-Serrano.jpg?resize=350%2C200 1x, https:\/\/i0.wp.com\/www.grieta.org.mx\/wp-content\/uploads\/2016\/02\/MSX-no-piensa-irse-a%C3%BAn-de-Cerro-de-San-Pedro-advierte-Sergio-Serrano.jpg?resize=525%2C300 1.5x"},"classes":[]},{"id":50107,"url":"http:\/\/www.grieta.org.mx\/index.php\/2020\/05\/31\/cerro-de-san-pedro-la-declaratoria-tardia-san-luis-potosi\/","url_meta":{"origin":34742,"position":2},"title":"Cerro de San Pedro: la declaratoria tard\u00eda (San Luis Potos\u00ed)","author":"grieta","date":"31 mayo, 2020","format":false,"excerpt":"Judith Amador Tello\/Proceso 31 mayo 2020 El Cerro de San Pedro devastado por la actividad minera. Foto: Tomada de Twitter @claucampero CIUDAD DE M\u00c9XICO (proceso.com.mx).- Seg\u00fan el Instituto Nacional de Antropolog\u00eda e Historia (INAH), el expediente para declarar Zona de Monumentos Hist\u00f3ricos al Cerro de San Pedro, en San Luis\u2026","rel":"","context":"En &quot;CINTILLO&quot;","block_context":{"text":"CINTILLO","link":"http:\/\/www.grieta.org.mx\/index.php\/category\/cintillo\/"},"img":{"alt_text":"","src":"https:\/\/i0.wp.com\/www.grieta.org.mx\/wp-content\/uploads\/2020\/06\/Minera.jpg?resize=350%2C200","width":350,"height":200,"srcset":"https:\/\/i0.wp.com\/www.grieta.org.mx\/wp-content\/uploads\/2020\/06\/Minera.jpg?resize=350%2C200 1x, https:\/\/i0.wp.com\/www.grieta.org.mx\/wp-content\/uploads\/2020\/06\/Minera.jpg?resize=525%2C300 1.5x, https:\/\/i0.wp.com\/www.grieta.org.mx\/wp-content\/uploads\/2020\/06\/Minera.jpg?resize=700%2C400 2x, https:\/\/i0.wp.com\/www.grieta.org.mx\/wp-content\/uploads\/2020\/06\/Minera.jpg?resize=1050%2C600 3x"},"classes":[]},{"id":35773,"url":"http:\/\/www.grieta.org.mx\/index.php\/2019\/06\/29\/miles-de-desechos-dejo-minera-san-xavier-en-tiradero-clandestino-san-luis-potosi\/","url_meta":{"origin":34742,"position":3},"title":"Miles de desechos dej\u00f3 Minera San Xavier en tiradero clandestino (San Luis Potos\u00ed)","author":"grieta","date":"29 junio, 2019","format":false,"excerpt":"Fotograf\u00eda: El Heraldo SLP El Heraldo SLP Utiliz\u00f3 cien hect\u00e1reas del Ejido Palma de la Cruz No ten\u00eda autorizaciones ambientales: Covarrubias R. El asesor jur\u00eddico Carlos Covarrubias Rend\u00f3n, inform\u00f3 que en cerca de cien hect\u00e1reas ubicadas en el Ejido Palma de la Cruz la Minera San Xavier (MSX) dej\u00f3 un\u2026","rel":"","context":"En &quot;CINTILLO&quot;","block_context":{"text":"CINTILLO","link":"http:\/\/www.grieta.org.mx\/index.php\/category\/cintillo\/"},"img":{"alt_text":"","src":"https:\/\/i0.wp.com\/www.grieta.org.mx\/wp-content\/uploads\/2019\/07\/Miles-de-desechos-dej%C3%B3-Minera-San-Xavier-en-tiradero-clandestino-slp-jul-268x300.jpg?resize=350%2C200","width":350,"height":200,"srcset":"https:\/\/i0.wp.com\/www.grieta.org.mx\/wp-content\/uploads\/2019\/07\/Miles-de-desechos-dej%C3%B3-Minera-San-Xavier-en-tiradero-clandestino-slp-jul-268x300.jpg?resize=350%2C200 1x, https:\/\/i0.wp.com\/www.grieta.org.mx\/wp-content\/uploads\/2019\/07\/Miles-de-desechos-dej%C3%B3-Minera-San-Xavier-en-tiradero-clandestino-slp-jul-268x300.jpg?resize=525%2C300 1.5x, https:\/\/i0.wp.com\/www.grieta.org.mx\/wp-content\/uploads\/2019\/07\/Miles-de-desechos-dej%C3%B3-Minera-San-Xavier-en-tiradero-clandestino-slp-jul-268x300.jpg?resize=700%2C400 2x"},"classes":[]},{"id":35761,"url":"http:\/\/www.grieta.org.mx\/index.php\/2019\/07\/02\/la-minera-san-xavier-se-deshace-de-cerca-de-200-millones-de-toneladas-de-material-sulfuroso-dejando-toda-la-responsabilidad-a-los-ejidatarios-san-luis-potosi\/","url_meta":{"origin":34742,"position":4},"title":"La Minera San Xavier se deshace de cerca de 200 millones de toneladas de material sulfuroso dejando toda la responsabilidad a los ejidatarios (San Luis Potos\u00ed)","author":"grieta","date":"2 julio, 2019","format":false,"excerpt":"Fotograf\u00eda: El Heraldo SLP El Heraldo SLP Su estrategia fue utilizar un contrato de arrendamiento, el cual adem\u00e1s de ser fraudulento es vergonzoso y perverso De acuerdo con el asesor jur\u00eddico del FAO, Carlos Covarrubias Rend\u00f3n, la empresa canadiense Minera San Xavier (MSX), nunca obtuvo las licencias de uso de\u2026","rel":"","context":"En &quot;CINTILLO&quot;","block_context":{"text":"CINTILLO","link":"http:\/\/www.grieta.org.mx\/index.php\/category\/cintillo\/"},"img":{"alt_text":"","src":"https:\/\/i0.wp.com\/www.grieta.org.mx\/wp-content\/uploads\/2019\/07\/La-Minera-San-Xavier-se-deshace-de-cerca-de-200-millones-de-toneladas-de-material-sulfuroso-dejando-toda-la-responsabilidad-a-los-ejidatarios-slp-jul-268x300.jpg?resize=350%2C200","width":350,"height":200,"srcset":"https:\/\/i0.wp.com\/www.grieta.org.mx\/wp-content\/uploads\/2019\/07\/La-Minera-San-Xavier-se-deshace-de-cerca-de-200-millones-de-toneladas-de-material-sulfuroso-dejando-toda-la-responsabilidad-a-los-ejidatarios-slp-jul-268x300.jpg?resize=350%2C200 1x, https:\/\/i0.wp.com\/www.grieta.org.mx\/wp-content\/uploads\/2019\/07\/La-Minera-San-Xavier-se-deshace-de-cerca-de-200-millones-de-toneladas-de-material-sulfuroso-dejando-toda-la-responsabilidad-a-los-ejidatarios-slp-jul-268x300.jpg?resize=525%2C300 1.5x, https:\/\/i0.wp.com\/www.grieta.org.mx\/wp-content\/uploads\/2019\/07\/La-Minera-San-Xavier-se-deshace-de-cerca-de-200-millones-de-toneladas-de-material-sulfuroso-dejando-toda-la-responsabilidad-a-los-ejidatarios-slp-jul-268x300.jpg?resize=700%2C400 2x"},"classes":[]},{"id":8716,"url":"http:\/\/www.grieta.org.mx\/index.php\/2015\/06\/04\/confirman-casos-de-ninos-con-plomo-y-dificultad-para-generar-globulos-rojos-en-area-de-minera-san-xavier\/","url_meta":{"origin":34742,"position":5},"title":"Confirman casos de ni\u00f1os con plomo y dificultad para generar gl\u00f3bulos rojos en \u00e1rea de Minera San Xavier","author":"grieta","date":"4 junio, 2015","format":false,"excerpt":"Aunque no precis\u00f3 cu\u00e1ntos casos de padecimientos por plomo y ars\u00e9nico en la sangre hay, el secretario de Salud Francisco Javier Posadas Robledo admiti\u00f3 que encontraron en estudios, casos de ni\u00f1os vecinos de la actividad minera, con plomo en la sangre y problemas para generar gl\u00f3bulos rojos. Los casos cuyo\u2026","rel":"","context":"En &quot;CINTILLO&quot;","block_context":{"text":"CINTILLO","link":"http:\/\/www.grieta.org.mx\/index.php\/category\/cintillo\/"},"img":{"alt_text":"","src":"https:\/\/i0.wp.com\/www.grieta.org.mx\/wp-content\/uploads\/2018\/03\/14524434_1106112876131411_958039263622046936_o.jpg?resize=350%2C200","width":350,"height":200,"srcset":"https:\/\/i0.wp.com\/www.grieta.org.mx\/wp-content\/uploads\/2018\/03\/14524434_1106112876131411_958039263622046936_o.jpg?resize=350%2C200 1x, https:\/\/i0.wp.com\/www.grieta.org.mx\/wp-content\/uploads\/2018\/03\/14524434_1106112876131411_958039263622046936_o.jpg?resize=525%2C300 1.5x, https:\/\/i0.wp.com\/www.grieta.org.mx\/wp-content\/uploads\/2018\/03\/14524434_1106112876131411_958039263622046936_o.jpg?resize=700%2C400 2x"},"classes":[]}],"_links":{"self":[{"href":"http:\/\/www.grieta.org.mx\/index.php\/wp-json\/wp\/v2\/posts\/34742","targetHints":{"allow":["GET"]}}],"collection":[{"href":"http:\/\/www.grieta.org.mx\/index.php\/wp-json\/wp\/v2\/posts"}],"about":[{"href":"http:\/\/www.grieta.org.mx\/index.php\/wp-json\/wp\/v2\/types\/post"}],"author":[{"embeddable":true,"href":"http:\/\/www.grieta.org.mx\/index.php\/wp-json\/wp\/v2\/users\/2"}],"replies":[{"embeddable":true,"href":"http:\/\/www.grieta.org.mx\/index.php\/wp-json\/wp\/v2\/comments?post=34742"}],"version-history":[{"count":1,"href":"http:\/\/www.grieta.org.mx\/index.php\/wp-json\/wp\/v2\/posts\/34742\/revisions"}],"predecessor-version":[{"id":34745,"href":"http:\/\/www.grieta.org.mx\/index.php\/wp-json\/wp\/v2\/posts\/34742\/revisions\/34745"}],"wp:featuredmedia":[{"embeddable":true,"href":"http:\/\/www.grieta.org.mx\/index.php\/wp-json\/wp\/v2\/media\/21928"}],"wp:attachment":[{"href":"http:\/\/www.grieta.org.mx\/index.php\/wp-json\/wp\/v2\/media?parent=34742"}],"wp:term":[{"taxonomy":"category","embeddable":true,"href":"http:\/\/www.grieta.org.mx\/index.php\/wp-json\/wp\/v2\/categories?post=34742"},{"taxonomy":"post_tag","embeddable":true,"href":"http:\/\/www.grieta.org.mx\/index.php\/wp-json\/wp\/v2\/tags?post=34742"}],"curies":[{"name":"wp","href":"https:\/\/api.w.org\/{rel}","templated":true}]}}