{"id":34685,"date":"2019-06-04T21:17:01","date_gmt":"2019-06-05T02:17:01","guid":{"rendered":"http:\/\/www.grieta.org.mx\/?p=34685"},"modified":"2019-06-13T23:21:12","modified_gmt":"2019-06-14T04:21:12","slug":"maquiladoras-trabajan-largas-jornadas-padecen-malestares-fisicos-y-falta-de-prestaciones-oaxaca","status":"publish","type":"post","link":"http:\/\/www.grieta.org.mx\/index.php\/2019\/06\/04\/maquiladoras-trabajan-largas-jornadas-padecen-malestares-fisicos-y-falta-de-prestaciones-oaxaca\/","title":{"rendered":"Maquiladoras trabajan largas jornadas, padecen malestares f\u00edsicos y falta de prestaciones (Oaxaca)"},"content":{"rendered":"<p>Animal Pol\u00edtico.<\/p>\n<p>Por Andrea Vega,<\/p>\n<p><figure id=\"attachment_34686\" aria-describedby=\"caption-attachment-34686\" style=\"width: 960px\" class=\"wp-caption alignleft\"><img loading=\"lazy\" decoding=\"async\" data-attachment-id=\"34686\" data-permalink=\"http:\/\/www.grieta.org.mx\/index.php\/2019\/06\/04\/maquiladoras-trabajan-largas-jornadas-padecen-malestares-fisicos-y-falta-de-prestaciones-oaxaca\/maquila-maquiladoras-cuartoscuro\/\" data-orig-file=\"http:\/\/www.grieta.org.mx\/wp-content\/uploads\/2019\/06\/maquila-maquiladoras-cuartoscuro.jpg\" data-orig-size=\"960,500\" data-comments-opened=\"0\" data-image-meta=\"{&quot;aperture&quot;:&quot;0&quot;,&quot;credit&quot;:&quot;unknown&quot;,&quot;camera&quot;:&quot;&quot;,&quot;caption&quot;:&quot;M\\u00c9XICO, D.F, 14ABRIL2008.- Personas trabajan en la confecci\\u00f3n de ropa dentro de la Plaza Mixcalco. FOTO: ISAAC ESQUIVEL\/CUARTOSCURO.COM&quot;,&quot;created_timestamp&quot;:&quot;0&quot;,&quot;copyright&quot;:&quot;Sashenka Gutierrez \/ Cuartoscuro.com&quot;,&quot;focal_length&quot;:&quot;0&quot;,&quot;iso&quot;:&quot;0&quot;,&quot;shutter_speed&quot;:&quot;0&quot;,&quot;title&quot;:&quot;&quot;,&quot;orientation&quot;:&quot;1&quot;}\" data-image-title=\"maquila-maquiladoras-cuartoscuro\" data-image-description=\"\" data-image-caption=\"&lt;p&gt;M\u00c9XICO, D.F, 14ABRIL2008.- Personas trabajan en la confecci\u00f3n de ropa dentro de la Plaza Mixcalco. FOTO: ISAAC ESQUIVEL\/CUARTOSCURO.COM&lt;\/p&gt;\n\" data-medium-file=\"http:\/\/www.grieta.org.mx\/wp-content\/uploads\/2019\/06\/maquila-maquiladoras-cuartoscuro-300x156.jpg\" data-large-file=\"http:\/\/www.grieta.org.mx\/wp-content\/uploads\/2019\/06\/maquila-maquiladoras-cuartoscuro.jpg\" src=\"http:\/\/www.grieta.org.mx\/wp-content\/uploads\/2019\/06\/maquila-maquiladoras-cuartoscuro.jpg\" alt=\"\" width=\"960\" height=\"500\" class=\"size-full wp-image-34686\" srcset=\"http:\/\/www.grieta.org.mx\/wp-content\/uploads\/2019\/06\/maquila-maquiladoras-cuartoscuro.jpg 960w, http:\/\/www.grieta.org.mx\/wp-content\/uploads\/2019\/06\/maquila-maquiladoras-cuartoscuro-300x156.jpg 300w, http:\/\/www.grieta.org.mx\/wp-content\/uploads\/2019\/06\/maquila-maquiladoras-cuartoscuro-768x400.jpg 768w\" sizes=\"auto, (max-width: 960px) 100vw, 960px\" \/><figcaption id=\"caption-attachment-34686\" class=\"wp-caption-text\">M\u00c9XICO, D.F, 14ABRIL2008.- Personas trabajan en la confecci\u00f3n de ropa dentro de la Plaza Mixcalco. FOTO: ISAAC ESQUIVEL\/CUARTOSCURO.COM<\/figcaption><\/figure><br \/>\nSin prestaciones o tiempo para comer, a empleadas de maquiladoras textiles les exigen mayor producci\u00f3n, lo que les provoca malestares f\u00edsicos, y no se refleja en mayores salarios.<\/p>\n<p>Mariana es empleada de una empresa maquiladora de textil en el municipio de Magdalena Apasco, Oaxaca. Todos los d\u00edas tiene que cerrar 950 costados de pantalones de mezclilla para poder ganar mil pesos a la semana. Si quiere llevarse un poco m\u00e1s, unos mil 200 pesos, tiene que hacer 1,100 piezas.<\/p>\n<p>Para llegar a ese n\u00famero debe trabajar 10 horas diarias: de 8 de la ma\u00f1ana a 6 de la tarde, casi sin parar. No puede detenerse ni a comer en calma. Apura una torta en 10 minutos y vuelve a la m\u00e1quina.<\/p>\n<p>\u201cNo me puedo tardar m\u00e1s comiendo o no logro rebasar las mil piezas. No me da tiempo ni de tomar agua, porque, adem\u00e1s, no nos dejan meter botellas, que porque podemos tirar el l\u00edquido. Solo nos dejan tomar de a vasito, en los dep\u00f3sitos o grifos que hay en la f\u00e1brica, pero no hay tiempo de andar dando vueltas\u201d. <\/p>\n<p>Tampoco puede parar para ir al ba\u00f1o. \u201cMejor me aguanto todo lo que puedo. Ya s\u00e9 que me hace mal a los ri\u00f1ones, a la vejiga, ya ando mal, todos andamos mal, pero es que aqu\u00ed hay que seguir y seguir\u201d. <\/p>\n<p>De ahora en adelante todo ser\u00e1 peor. La maquila textil donde labora, est\u00e1 exigiendo mayor volumen a sus trabajadores. A Mariana le est\u00e1n pidiendo 1,357 piezas en un d\u00eda, por la misma paga. El sacrificio que antes le representaba al menos un bono extra, ahora se ha quedado rebasado por el nuevo est\u00e1ndar de producci\u00f3n. <\/p>\n<p>\u201cLo \u00fanico que nos dice la empresa para justificar el cambio es que hab\u00edan hecho mal las cuentas y que no est\u00e1 saliendo lo que necesitan entregarle a las marcas\u201d.<\/p>\n<p>La trabajadora no tiene prestaciones ni seguro social. La maquiladora donde trabaja opt\u00f3 por cambiar su figura de sociedad an\u00f3nima a la de una especie de cooperativa y les quit\u00f3 a sus empleados las prestaciones bajo el argumento de que ahora ser\u00edan socios, pero en cinco a\u00f1os no han recibido ning\u00fan beneficio. <\/p>\n<p>La Universidad Aut\u00f3noma de Ciudad Ju\u00e1rez document\u00f3 que de 2007 a 2017 la productividad del sector maquilador creci\u00f3 un 22 %, mientras que el salario de las trabajadoras, s\u00f3lo un 2 %. <\/p>\n<p>Las cifras de INEGI para enero de 2019 muestran que el subsector de fabricaci\u00f3n de prendas de vestir reporta la existencia de 101 mil 659 empleados y empleadas, de los que 89 mil 643 son trabajadores de la empresa y 12 mil 016 est\u00e1n subcontratados. <\/p>\n<p>En la maquila, el peor escenario lo tienen las mujeres, que representan m\u00e1s de 50 % de la plantilla laboral, pero ocupan menos de un tercio de los puestos de supervisi\u00f3n, t\u00e9cnicos y administrativos. La mayor parte se desempe\u00f1a como ensambladoras y reciben salarios m\u00e1s bajos que los hombres.<\/p>\n<p>Cada d\u00eda quieren m\u00e1s<\/p>\n<p>Es com\u00fan que a los trabajadores les eleven la cuota diaria de producci\u00f3n en las maquilas textiles. No hay un registro oficial de en cuantas sucede esto, pero activistas de la organizaci\u00f3n Obreras Insumisas y del Centro de Apoyo al Trabajador (CAT) de Morelos estiman que sucede en 9 de cada 10 f\u00e1bricas.<\/p>\n<p>Cuando los obreros no alcanzan la cuota, no les pagan completo su salario. \u201cSi no acabamos lo que quieren, porque no pudimos terminar todas las piezas o porque las l\u00edneas de atr\u00e1s no lo lograron, nos pagan solo el 70 o el 80 % del sueldo\u201d, dice Mariana.<\/p>\n<p>Aunque no es com\u00fan que pidan de un d\u00eda a otro casi 400 piezas m\u00e1s, como en el caso de ella, las variaciones suelen ser m\u00e1s sutiles y se basan en esquemas de productividad interna relacionados a bonos.<\/p>\n<p>Blanca Avenda\u00f1o, representante de Mujeres Sindicalistas Asociadas (MUSA), en Oaxaca, organizaci\u00f3n que brinda asesor\u00eda y capacitaci\u00f3n en derechos humanos y laborales a las trabajadoras textiles, dice que las empresas han instaurado un esquema para obligar a las obreras a competir entre ellas mismas y subir la producci\u00f3n.<\/p>\n<p>\u201cLes dicen que si hacen un X n\u00famero de piezas, les van a dar un bono. Cuando algunas empiezan a alcanzar esa cifra, la empresa lo vuelve el est\u00e1ndar para todas. A las que no lleguen a ese nivel, les descuentan y entonces las que quieran llevarse un extra tienen que rebasar esa cantidad y as\u00ed se las llevan\u201d.<\/p>\n<p>Reyna Ram\u00edrez, quien fund\u00f3 el Colectivo Obreras Insumisas de Tehuac\u00e1n, Puebla, despu\u00e9s de trabajar 20 a\u00f1os en la maquila, explica que para establecer las nuevas cuotas, las empresas tambi\u00e9n usan lo que se conoce como toma de tiempo. <\/p>\n<p>\u201cVan registrando cu\u00e1ntas piezas hace cada trabajadora en un cierto lapso, pero toman como est\u00e1ndar el registro de las m\u00e1s h\u00e1biles o de las m\u00e1s j\u00f3venes y despu\u00e9s le exigen a todas llegar a esa misma producci\u00f3n\u201d. <\/p>\n<p>El costo en el cuerpo <\/p>\n<p>En 2016, Colectivo Ra\u00edz realiz\u00f3 un estudio en la maquiladora textil m\u00e1s grande de Aguascalientes, donde laboran alrededor de 1,400 empleados, m\u00e1s de 50 % de ellos mujeres, y en la que se producen pantalones de mezclilla para marcas globales.<\/p>\n<p>El colectivo hizo 132 entrevistas y encontr\u00f3 que por los procesos repetitivos que tienen las maquiladoras, de mucha intensidad y largas jornadas, las trabajadoras tienen diversos padecimientos. <\/p>\n<p>De las 132 obreras encuestadas, 61.8 % ten\u00eda dolor de cabeza y no estaba en tratamiento; 72.2 % padec\u00eda dolor de articulaciones y no ten\u00eda seguimiento m\u00e9dico, solo 27.8 % s\u00ed lo ten\u00eda; 89.4 % presentaba s\u00edntomas de agotamiento y no estaba bajo cuidado m\u00e9dico, en tanto que apenas un 10.6 % s\u00ed lo estaba.<\/p>\n<p>\u201cEl estr\u00e9s generado por mantener un alto nivel de producci\u00f3n les provoca muchas afecciones, como problemas digestivos. Los dolores de cabeza tambi\u00e9n se derivan de ese estr\u00e9s, del ruido constante de las m\u00e1quinas y del agotamiento\u201d, especifica Lorena Cabanillas, de Colectivo Ra\u00edz. <\/p>\n<p>Uno de los padecimientos m\u00e1s comunes en las articulaciones es el dedo de gatillo, una inflamaci\u00f3n en el tend\u00f3n que inhabilita el movimiento y la fuerza en las manos. Las mujeres acaban con los dedos engarrotados sin poderlos mover.<\/p>\n<p>Eso le pas\u00f3 a Natalia. Ella empez\u00f3 a trabajar a los 16 a\u00f1os en una maquiladora de textil. Ha pasado solo por dos f\u00e1bricas pero por muchas m\u00e1quinas. \u201cLos supervisores vieron que yo era h\u00e1bil y veloz. Me dec\u00edan que ten\u00eda capacidad para aprender y dominar los procesos. Yo era de las que siempre se llevaba los bonos y las felicitaciones. Esa fue mi desgracia\u201d. <\/p>\n<p>Natalia, que vive y trabaja en Aguascalientes, lleg\u00f3 en mayo de 2018 al punto culminante del proceso de producci\u00f3n, con la m\u00e1quina m\u00e1s dif\u00edcil de dominar: la de codo para cerrar entrepierna.<\/p>\n<p>\u201cEs una m\u00e1quina muy dif\u00edcil, en la que se hace una parte muy delicada del proceso de producci\u00f3n. No puede haber una distracci\u00f3n o la prenda se arruina\u201d. La trabajadora explica que deb\u00eda ir jalando la tela de la parte delantera porque corre m\u00e1s r\u00e1pido. \u201cNecesitaba ir jal\u00e1ndola y me pasaba por en medio del \u00edndice y del dedo medio. El pulgar lo ten\u00eda que doblar hacia abajo para que la tela pasara por encima de \u00e9l\u201d. <\/p>\n<p>Lleva ya dos cirug\u00edas. La primera fue el 11 de marzo de 2019, en los tendones de la mu\u00f1eca. Ahora se recupera de otra por dedo en gatillo. \u201cEl pulgar se me quedaba como atorado y el hueso de la segunda coyuntura lo ten\u00eda para afuera\u201d.<\/p>\n<p>Para Natalia esto le pas\u00f3 porque al regresar de la primera cirug\u00eda la pusieron a manejar otra m\u00e1quina en la que tambi\u00e9n usaba de forma intensa su mano y su dedo afectados. \u201cNo me dejaron recuperarme bien. Tuve una reca\u00edda. Me tuvieron que programar esta segunda cirug\u00eda. A ver ahora que regrese en qu\u00e9 me ponen\u201d. <\/p>\n<p>Lo m\u00e1s seguro, de acuerdo a otros casos documentados por las activistas, es que la van a despedir. \u201cHasta el traumat\u00f3logo del IMSS me dijo que ya no iba a servir para nada, que si fuera mi patr\u00f3n ya me hubiera corrido; ya solo falta eso, despu\u00e9s de que me han exprimido, despu\u00e9s de sus felicitaciones y sus premios por todo lo que les produje\u201d. <\/p>\n<p>Lo com\u00fan, se\u00f1alan las activistas entrevistadas, es que a los 45 a\u00f1os se acabe la vida laboral de una trabajadora de este sector. Solo 3 % de ellas sigue trabajando a los 50 a\u00f1os, y eso solo si las pasaron a puestos de supervisi\u00f3n, pero lo normal es que las despidan porque ya no alcanzan las metas de producci\u00f3n.<\/p>\n<p>A los cuarenta y tantos, las mujeres de la maquila ya no pueden trabajar. Aunque no hay registros oficiales, muchas se quedan sin empleo, enfermas, pobres y sin atenci\u00f3n m\u00e9dica. <\/p>\n<p>\u00bfQui\u00e9n sanciona?<\/p>\n<p>Hasta ahora ninguna instancia ha sancionado este sistema de incremento de cuotas de producci\u00f3n, afirman las activistas y trabajadoras. Cada f\u00e1brica decide el nivel y no est\u00e1 estipulado en los contratos; muchas ni siquiera cuentan con uno.<\/p>\n<p>\u201cTampoco hay inspecci\u00f3n laboral, ni saben lo que pasa en las maquiladoras\u201d: Tania Turner, coordinadora de Programas de Fondo Semillas,<\/p>\n<p>\u201cNosotras hemos pedido a la STPS que haga revisiones en Tehuac\u00e1n, Puebla, pero nos dicen que no tienen suficiente personal. Solo nos toman la queja, y no llevan a cabo la inspecci\u00f3n\u201d, agrega el Colectivo Obreras Insumisas.<\/p>\n<p>\u201cEn el caso de las empresas que elevan el nivel de producci\u00f3n, la dependencia local tendr\u00eda que intervenir, pero si no lo hace, deber\u00eda hacerlo la federal, porque esto conlleva hasta un riesgo de trabajo\u201d, dice Blanca Vel\u00e1zquez, del Centro de Atenci\u00f3n a las y los Trabajadores (CAT) Morelos, quien se\u00f1ala que la Secretar\u00eda de Trabajo y las dependencias locales se desentienden de regular a este sector<\/p>\n<p>De los sindicados de trabajadores, las activistas exponen que la mayor\u00eda son de protecci\u00f3n, m\u00e1s dedicados a velar por los intereses de las empresas.<\/p>\n<p>Alfredo Dom\u00ednguez, subsecretario de Trabajo de la STPS, explica que si bien la reforma laboral que acaba de aprobarse no tiene una disposici\u00f3n espec\u00edfica dirigida a alg\u00fan sector, s\u00ed establece modificaciones que mejorar\u00e1n las condiciones laborales en la maquila textil.<\/p>\n<p>Aunque, Rogelio G\u00f3mez Hermosillo, coordinador de Acci\u00f3n Ciudadana Frente a la Pobreza, advierte que para cambiar todo eso se requiere algo m\u00e1s que una reforma legal.<\/p>\n<p>\u201cHay cosas prohibidas que se hacen, porque no es falta de leyes sino de aplicaci\u00f3n de la ley, es algo sist\u00e9mico, basado en espacios de simulaci\u00f3n, de complicidad, de no aplicaci\u00f3n de la ley, de abuso de todas las partes: de patrones, de l\u00edderes sindicales que negocian a espaldas de los trabajadores, ese es el problema\u201d.<\/p>\n<p>Frente a esto, el subsecretario del Trabajo se\u00f1ala que ante cualquier violaci\u00f3n a sus derechos laborales, los trabajadores pueden acercarse a la STPS para hacer su queja o denuncia.<\/p>\n<p>\u201cLas inspecciones del trabajo se programan en forma aleatoria, con base en un programa anual, pero los trabajadores afectados por un acto ilegal, de abuso o de hostigamiento por parte de los empresarios o sus supervisores gerentes pueden hacer la denuncia correspondiente\u201d, dice.<\/p>\n<p>Subraya que saben de las deficiencias que ha habido en esto y pide que las trabajadoras ayuden a denunciarlo.<\/p>\n<p>\u201cTienen el derecho de denunciar a los propios empleados de la STPS que no est\u00e1n haciendo su chamba o que van a inspecci\u00f3n y resulta que van con los ojos vendados, y no escuchan ni ven nada\u201d.<\/p>\n<p>Las denuncias se pueden hacer en el correo inspeccionfederal@stps.gob.mx o al tel\u00e9fono: 30-00-27-00, extensi\u00f3n 65388. Pueden ser an\u00f3nimas, pero es necesario dar los detalles de las violaciones a los derechos humanos y laborales. <\/p>\n<p><a href=\"https:\/\/www.animalpolitico.com\/2019\/06\/maquiladoras-trabajan-largas-jornadas-padecen-malestares-fisicos-y-falta-de-prestaciones\/\" rel=\"noopener noreferrer\" target=\"_blank\">https:\/\/www.animalpolitico.com\/2019\/06\/maquiladoras-trabajan-largas-jornadas-padecen-malestares-fisicos-y-falta-de-prestaciones\/<\/a><\/p>\n","protected":false},"excerpt":{"rendered":"<p>Animal Pol\u00edtico. Por Andrea Vega, Sin prestaciones o tiempo para comer, a empleadas de maquiladoras textiles les exigen mayor producci\u00f3n, lo que les provoca malestares f\u00edsicos, y no se refleja &hellip; <a href=\"http:\/\/www.grieta.org.mx\/index.php\/2019\/06\/04\/maquiladoras-trabajan-largas-jornadas-padecen-malestares-fisicos-y-falta-de-prestaciones-oaxaca\/\" class=\"more-link\">Leer m\u00e1s<\/a><\/p>\n","protected":false},"author":2,"featured_media":34686,"comment_status":"closed","ping_status":"closed","sticky":false,"template":"","format":"standard","meta":{"ngg_post_thumbnail":0,"_jetpack_newsletter_access":"","_jetpack_dont_email_post_to_subs":false,"_jetpack_newsletter_tier_id":0,"_jetpack_memberships_contains_paywalled_content":false,"_jetpack_memberships_contains_paid_content":false,"footnotes":""},"categories":[80,1355,2,25,1665],"tags":[],"class_list":["post-34685","post","type-post","status-publish","format-standard","has-post-thumbnail","hentry","category-cintillo","category-conflictos-laborales-en-oaxaca","category-noticias-nacionales","category-oaxaca","category-violencia-contra-las-mujeres-en-oaxaca","entry"],"jetpack_featured_media_url":"http:\/\/www.grieta.org.mx\/wp-content\/uploads\/2019\/06\/maquila-maquiladoras-cuartoscuro.jpg","jetpack_sharing_enabled":true,"jetpack_shortlink":"https:\/\/wp.me\/p7ZJR4-91r","jetpack_likes_enabled":false,"jetpack-related-posts":[{"id":34993,"url":"http:\/\/www.grieta.org.mx\/index.php\/2019\/06\/04\/maquiladoras-trabajan-largas-jornadas-padecen-malestares-fisicos-y-falta-de-prestaciones\/","url_meta":{"origin":34685,"position":0},"title":"Maquiladoras trabajan largas jornadas, padecen malestares f\u00edsicos y falta de prestaciones","author":"grieta","date":"4 junio, 2019","format":false,"excerpt":"Sin prestaciones o tiempo para comer, a empleadas de maquiladoras textiles les exigen mayor producci\u00f3n, lo que les provoca malestares f\u00edsicos, y no se refleja en mayores salarios. Andrea Vega\/ ANIMAL POL\u00cdTICO Mariana es empleada de una empresa maquiladora de textil en el municipio de Magdalena Apasco, Oaxaca. Todos los\u2026","rel":"","context":"En &quot;CINTILLO&quot;","block_context":{"text":"CINTILLO","link":"http:\/\/www.grieta.org.mx\/index.php\/category\/cintillo\/"},"img":{"alt_text":"","src":"https:\/\/i0.wp.com\/www.grieta.org.mx\/wp-content\/uploads\/2019\/06\/maquila-maquiladoras-cuartoscuro-1.jpg?resize=350%2C200","width":350,"height":200,"srcset":"https:\/\/i0.wp.com\/www.grieta.org.mx\/wp-content\/uploads\/2019\/06\/maquila-maquiladoras-cuartoscuro-1.jpg?resize=350%2C200 1x, https:\/\/i0.wp.com\/www.grieta.org.mx\/wp-content\/uploads\/2019\/06\/maquila-maquiladoras-cuartoscuro-1.jpg?resize=525%2C300 1.5x, https:\/\/i0.wp.com\/www.grieta.org.mx\/wp-content\/uploads\/2019\/06\/maquila-maquiladoras-cuartoscuro-1.jpg?resize=700%2C400 2x"},"classes":[]},{"id":32197,"url":"http:\/\/www.grieta.org.mx\/index.php\/2019\/04\/14\/medicos-se-van-a-paro-este-lunes-oaxaca\/","url_meta":{"origin":34685,"position":1},"title":"M\u00e9dicos se van a paro este lunes (Oaxaca)","author":"grieta","date":"14 abril, 2019","format":false,"excerpt":"Noticias. Los Servicios de Salud de Oaxaca no han pagado a los m\u00e9dicos desde febrero, a pesar de que ellos no han dejado de prestar atenci\u00f3n a miles de pacientes que a diario acuden a hospitales p\u00fablicos del estado. Nadia Altamirano, El retraso en el pago quincenal de cinco mil\u2026","rel":"","context":"En &quot;CINTILLO&quot;","block_context":{"text":"CINTILLO","link":"http:\/\/www.grieta.org.mx\/index.php\/category\/cintillo\/"},"img":{"alt_text":"","src":"https:\/\/i0.wp.com\/www.grieta.org.mx\/wp-content\/uploads\/2019\/04\/image_14_424.jpg?resize=350%2C200","width":350,"height":200,"srcset":"https:\/\/i0.wp.com\/www.grieta.org.mx\/wp-content\/uploads\/2019\/04\/image_14_424.jpg?resize=350%2C200 1x, https:\/\/i0.wp.com\/www.grieta.org.mx\/wp-content\/uploads\/2019\/04\/image_14_424.jpg?resize=525%2C300 1.5x, https:\/\/i0.wp.com\/www.grieta.org.mx\/wp-content\/uploads\/2019\/04\/image_14_424.jpg?resize=700%2C400 2x, https:\/\/i0.wp.com\/www.grieta.org.mx\/wp-content\/uploads\/2019\/04\/image_14_424.jpg?resize=1050%2C600 3x"},"classes":[]},{"id":26590,"url":"http:\/\/www.grieta.org.mx\/index.php\/2018\/08\/08\/preocupa-a-auditoria-de-oaxaca-destino-de-mil-230-mdp\/","url_meta":{"origin":34685,"position":2},"title":"\u201cPreocupa\u201d a Auditor\u00eda de Oaxaca destino de mil 230 mdp","author":"grieta","date":"8 agosto, 2018","format":false,"excerpt":"Noticias. Virgilio S\u00e1nchez, El uso de mil 230 millones 600 mil pesos no han sido comprobados, desde el a\u00f1o 2016, por nueve municipios oaxaque\u00f1os, la Universidad Aut\u00f3noma Benito Ju\u00e1rez de Oaxaca (UABJO) y el Gobierno del Estado; de acuerdo con la informaci\u00f3n presentada por el colectivo \u201c\u00bfFuiste T\u00fa?\u201d. La agrupaci\u00f3n\u2026","rel":"","context":"En &quot;CINTILLO&quot;","block_context":{"text":"CINTILLO","link":"http:\/\/www.grieta.org.mx\/index.php\/category\/cintillo\/"},"img":{"alt_text":"","src":"https:\/\/i0.wp.com\/www.grieta.org.mx\/wp-content\/uploads\/2018\/09\/auditoria.jpg?resize=350%2C200","width":350,"height":200,"srcset":"https:\/\/i0.wp.com\/www.grieta.org.mx\/wp-content\/uploads\/2018\/09\/auditoria.jpg?resize=350%2C200 1x, https:\/\/i0.wp.com\/www.grieta.org.mx\/wp-content\/uploads\/2018\/09\/auditoria.jpg?resize=525%2C300 1.5x, https:\/\/i0.wp.com\/www.grieta.org.mx\/wp-content\/uploads\/2018\/09\/auditoria.jpg?resize=700%2C400 2x, https:\/\/i0.wp.com\/www.grieta.org.mx\/wp-content\/uploads\/2018\/09\/auditoria.jpg?resize=1050%2C600 3x"},"classes":[]},{"id":34691,"url":"http:\/\/www.grieta.org.mx\/index.php\/2019\/06\/13\/ninos-trabajando-dolorosa-realidad-oaxaca\/","url_meta":{"origin":34685,"position":3},"title":"Ni\u00f1os trabajando: dolorosa realidad (Oaxaca)","author":"grieta","date":"13 junio, 2019","format":false,"excerpt":"Noticias. Nadia Altamirano, Sin prestaciones laborales, as\u00ed es el trabajo infantil en Oaxaca. Que a sus 13 a\u00f1os Clemente recorra el mercado \"Margarita Maza\" con un diablo de metal, no es novedad. Esa necesidad de trabajar para sobrevivir, anula cualquier capacidad de asombro. La pobreza delinea su rostro adolescente en\u2026","rel":"","context":"En &quot;CINTILLO&quot;","block_context":{"text":"CINTILLO","link":"http:\/\/www.grieta.org.mx\/index.php\/category\/cintillo\/"},"img":{"alt_text":"","src":"https:\/\/i0.wp.com\/www.grieta.org.mx\/wp-content\/uploads\/2019\/06\/image_30_351.jpg?resize=350%2C200","width":350,"height":200,"srcset":"https:\/\/i0.wp.com\/www.grieta.org.mx\/wp-content\/uploads\/2019\/06\/image_30_351.jpg?resize=350%2C200 1x, https:\/\/i0.wp.com\/www.grieta.org.mx\/wp-content\/uploads\/2019\/06\/image_30_351.jpg?resize=525%2C300 1.5x, https:\/\/i0.wp.com\/www.grieta.org.mx\/wp-content\/uploads\/2019\/06\/image_30_351.jpg?resize=700%2C400 2x, https:\/\/i0.wp.com\/www.grieta.org.mx\/wp-content\/uploads\/2019\/06\/image_30_351.jpg?resize=1050%2C600 3x"},"classes":[]},{"id":24812,"url":"http:\/\/www.grieta.org.mx\/index.php\/2018\/07\/18\/se-destinan-191-mdp-mensuales-para-pagar-la-deuda-publica-en-oaxaca\/","url_meta":{"origin":34685,"position":4},"title":"Se destinan 191 mdp mensuales para pagar la deuda p\u00fablica en Oaxaca","author":"grieta","date":"18 julio, 2018","format":false,"excerpt":"Noticias. Ivonne Mateo, La cifra que el Gobierno del Estado emplea para pagar la deuda p\u00fablica a los diferentes acreedores es mayor a la asignada a 15 secretar\u00edas locales, de acuerdo a documentos oficiales. Seg\u00fan el informe financiero trimestral de la Secretar\u00eda de Finanzas (Sefin), para el pago de la\u2026","rel":"","context":"En &quot;CINTILLO&quot;","block_context":{"text":"CINTILLO","link":"http:\/\/www.grieta.org.mx\/index.php\/category\/cintillo\/"},"img":{"alt_text":"","src":"https:\/\/i0.wp.com\/www.grieta.org.mx\/wp-content\/uploads\/2018\/07\/Deuda-Oax.jpg?resize=350%2C200","width":350,"height":200,"srcset":"https:\/\/i0.wp.com\/www.grieta.org.mx\/wp-content\/uploads\/2018\/07\/Deuda-Oax.jpg?resize=350%2C200 1x, https:\/\/i0.wp.com\/www.grieta.org.mx\/wp-content\/uploads\/2018\/07\/Deuda-Oax.jpg?resize=525%2C300 1.5x, https:\/\/i0.wp.com\/www.grieta.org.mx\/wp-content\/uploads\/2018\/07\/Deuda-Oax.jpg?resize=700%2C400 2x, https:\/\/i0.wp.com\/www.grieta.org.mx\/wp-content\/uploads\/2018\/07\/Deuda-Oax.jpg?resize=1050%2C600 3x"},"classes":[]},{"id":25467,"url":"http:\/\/www.grieta.org.mx\/index.php\/2018\/08\/05\/concentra-valles-centrales-48-del-trabajo-infantil-en-oaxaca\/","url_meta":{"origin":34685,"position":5},"title":"Concentra Valles Centrales 48% del trabajo infantil en Oaxaca","author":"grieta","date":"5 agosto, 2018","format":false,"excerpt":"Noticias. Andrea Alondra, De los casi 200 mil menores de edad que padecen una situaci\u00f3n de trabajo infantil en Oaxaca, el 48% se concentran en la regi\u00f3n de Valles Centrales. Ni\u00f1os en condiciones riesgosas Mario Jim\u00e9nez Leyva El 48% de los ni\u00f1os que trabajan en Oaxaca, lo hacen en municipios\u2026","rel":"","context":"En &quot;CINTILLO&quot;","block_context":{"text":"CINTILLO","link":"http:\/\/www.grieta.org.mx\/index.php\/category\/cintillo\/"},"img":{"alt_text":"","src":"https:\/\/i0.wp.com\/www.grieta.org.mx\/wp-content\/uploads\/2018\/08\/image_6_261.jpg?resize=350%2C200","width":350,"height":200,"srcset":"https:\/\/i0.wp.com\/www.grieta.org.mx\/wp-content\/uploads\/2018\/08\/image_6_261.jpg?resize=350%2C200 1x, https:\/\/i0.wp.com\/www.grieta.org.mx\/wp-content\/uploads\/2018\/08\/image_6_261.jpg?resize=525%2C300 1.5x, https:\/\/i0.wp.com\/www.grieta.org.mx\/wp-content\/uploads\/2018\/08\/image_6_261.jpg?resize=700%2C400 2x, https:\/\/i0.wp.com\/www.grieta.org.mx\/wp-content\/uploads\/2018\/08\/image_6_261.jpg?resize=1050%2C600 3x"},"classes":[]}],"_links":{"self":[{"href":"http:\/\/www.grieta.org.mx\/index.php\/wp-json\/wp\/v2\/posts\/34685","targetHints":{"allow":["GET"]}}],"collection":[{"href":"http:\/\/www.grieta.org.mx\/index.php\/wp-json\/wp\/v2\/posts"}],"about":[{"href":"http:\/\/www.grieta.org.mx\/index.php\/wp-json\/wp\/v2\/types\/post"}],"author":[{"embeddable":true,"href":"http:\/\/www.grieta.org.mx\/index.php\/wp-json\/wp\/v2\/users\/2"}],"replies":[{"embeddable":true,"href":"http:\/\/www.grieta.org.mx\/index.php\/wp-json\/wp\/v2\/comments?post=34685"}],"version-history":[{"count":1,"href":"http:\/\/www.grieta.org.mx\/index.php\/wp-json\/wp\/v2\/posts\/34685\/revisions"}],"predecessor-version":[{"id":34687,"href":"http:\/\/www.grieta.org.mx\/index.php\/wp-json\/wp\/v2\/posts\/34685\/revisions\/34687"}],"wp:featuredmedia":[{"embeddable":true,"href":"http:\/\/www.grieta.org.mx\/index.php\/wp-json\/wp\/v2\/media\/34686"}],"wp:attachment":[{"href":"http:\/\/www.grieta.org.mx\/index.php\/wp-json\/wp\/v2\/media?parent=34685"}],"wp:term":[{"taxonomy":"category","embeddable":true,"href":"http:\/\/www.grieta.org.mx\/index.php\/wp-json\/wp\/v2\/categories?post=34685"},{"taxonomy":"post_tag","embeddable":true,"href":"http:\/\/www.grieta.org.mx\/index.php\/wp-json\/wp\/v2\/tags?post=34685"}],"curies":[{"name":"wp","href":"https:\/\/api.w.org\/{rel}","templated":true}]}}