{"id":34676,"date":"2019-06-12T14:06:36","date_gmt":"2019-06-12T19:06:36","guid":{"rendered":"http:\/\/www.grieta.org.mx\/?p=34676"},"modified":"2019-06-12T14:06:36","modified_gmt":"2019-06-12T19:06:36","slug":"convocatoria-del-cni-cig-y-el-ezln-a-la-campana-por-la-vida-la-paz-y-la-justicia-en-la-montana-de-guerrero","status":"publish","type":"post","link":"http:\/\/www.grieta.org.mx\/index.php\/2019\/06\/12\/convocatoria-del-cni-cig-y-el-ezln-a-la-campana-por-la-vida-la-paz-y-la-justicia-en-la-montana-de-guerrero\/","title":{"rendered":"Convocatoria del CNI-CIG y el EZLN a la CAMPA\u00d1A POR LA VIDA, LA PAZ Y LA JUSTICIA EN LA MONTA\u00d1A DE GUERRERO"},"content":{"rendered":"<p><b><img loading=\"lazy\" decoding=\"async\" data-attachment-id=\"33008\" data-permalink=\"http:\/\/www.grieta.org.mx\/index.php\/2019\/05\/04\/informamos-de-la-desaparicion-forzada-del-concejal-del-cig-cni-jose-lucio-bartolo-faustino-y-del-delegado-del-cni-modesto-verales-sebastian-en-el-estado-de-guerrero\/logo-cni-to-3\/\" data-orig-file=\"http:\/\/www.grieta.org.mx\/wp-content\/uploads\/2019\/05\/logo-CNI-To.png\" data-orig-size=\"558,303\" data-comments-opened=\"0\" data-image-meta=\"{&quot;aperture&quot;:&quot;0&quot;,&quot;credit&quot;:&quot;&quot;,&quot;camera&quot;:&quot;&quot;,&quot;caption&quot;:&quot;&quot;,&quot;created_timestamp&quot;:&quot;0&quot;,&quot;copyright&quot;:&quot;&quot;,&quot;focal_length&quot;:&quot;0&quot;,&quot;iso&quot;:&quot;0&quot;,&quot;shutter_speed&quot;:&quot;0&quot;,&quot;title&quot;:&quot;&quot;,&quot;orientation&quot;:&quot;0&quot;}\" data-image-title=\"logo-CNI-To\" data-image-description=\"\" data-image-caption=\"\" data-medium-file=\"http:\/\/www.grieta.org.mx\/wp-content\/uploads\/2019\/05\/logo-CNI-To-300x163.png\" data-large-file=\"http:\/\/www.grieta.org.mx\/wp-content\/uploads\/2019\/05\/logo-CNI-To.png\" class=\"size-full wp-image-33008 aligncenter\" src=\"http:\/\/www.grieta.org.mx\/wp-content\/uploads\/2019\/05\/logo-CNI-To.png\" alt=\"\" width=\"558\" height=\"303\" srcset=\"http:\/\/www.grieta.org.mx\/wp-content\/uploads\/2019\/05\/logo-CNI-To.png 558w, http:\/\/www.grieta.org.mx\/wp-content\/uploads\/2019\/05\/logo-CNI-To-300x163.png 300w\" sizes=\"auto, (max-width: 558px) 100vw, 558px\" \/><\/b><\/p>\n<p>Convocatoria del CNI-CIG y el EZLN a la CAMPA\u00d1A POR LA VIDA, LA PAZ Y LA JUSTICIA EN LA MONTA\u00d1A DE GUERRERO<\/p>\n<p>Los pueblos, las comunidades, naciones, colectivos, barrios y tribus originarias que somos el Congreso Nacional Ind\u00edgena-Concejo Ind\u00edgena de Gobierno, y el Ej\u00e9rcito Zapatista de Liberaci\u00f3n Nacional, llamamos a tomar las acciones necesarias para desmontar la guerra de los poderosos en contra de la vida de la humanidad y el planeta entero, en particular el cerco paramilitar y la estructura que sostiene la violencia contra nuestros pueblos que, con dignidad, estamos decididos a frenar y desmontar.<\/p>\n<p>Por lo que:<\/p>\n<p>Considerando<\/p>\n<ol>\n<li>Que la guerra narco paramilitar capitalista en contra de pueblos y comunidades miembros del Congreso Nacional Ind\u00edgena, con la complicidad de los malos gobiernos y bandas criminales, se expande por muchas geograf\u00edas de este pa\u00eds, pretendiendo imponer con terror el exterminio de la vida y la paz que defendemos para concretar sus violentos proyectos neoliberales.<\/li>\n<li>Que contin\u00faa la impunidad ante el cobarde asesinato de nuestro hermano Samir Flores Soberanes de la comunidad ind\u00edgena nahua de Amilcingo, Morelos, as\u00ed como las intenciones de los due\u00f1os del dinero de hacer la criminal termoel\u00e9ctrica en Huexca, Morelos.<\/li>\n<li>Que el Concejo Ind\u00edgena y Popular de Guerrero- Emiliano Zapata, miembros del CNI-CIG, convocan a romper el cerco narco paramilitar que organizaciones criminales imponen sobre la regi\u00f3n de la monta\u00f1a baja.<\/li>\n<li>Que esta agresi\u00f3n permanente a nuestros compa\u00f1eros est\u00e1 generando una crisis humanitaria ante la dificultad para ingresar alimentos y medicamentos a la regi\u00f3n, el miedo de sembrar la tierra ante el riesgo de ser asesinados en la parcela, o el no poder tener abiertas las escuelas por temer un posible ataque a nuestras hijas e hijos.<\/li>\n<\/ol>\n<p><strong>CONVOCAMOS<\/strong><\/p>\n<p><strong>A las redes de apoyo del Concejo Ind\u00edgena de Gobierno, a las redes de resistencia y rebeld\u00eda, a la Sexta Nacional e Internacional, a las organizaciones y redes de derechos humanos, a la sociedad civil consciente y solidaria, a participar en la <\/strong><strong>\u00a0<\/strong><\/p>\n<p><strong>CAMPA\u00d1A POR LA VIDA, LA PAZ Y LA JUSTICIA EN LA MONTA\u00d1A DE GUERRERO<\/strong><\/p>\n<p>que partir\u00e1 de la comunidad ind\u00edgena nahua de Amilcingo, Morelos, el d\u00eda 12 de julio de 2019 para estar los d\u00edas 13 y 14 de julio en la comunidad de Acahuehuetlan, municipio de Chilapa, Guerrero.<\/p>\n<p>Con esta iniciativa, llamamos a realizar acciones paralelas y simultaneas en los espacios organizativos de todas y todos desde nuestras capacidades colectivas para parar la guerra capitalista en contra de los pueblos de Guerrero, con los que juntos romperemos el cerco impuesto por grupos criminales, que aliados con los malos gobiernos, pretenden acabar el poder de abajo con el terror y la violencia, porque saben que es ah\u00ed donde ellos ser\u00e1n derrotados.<\/p>\n<p>Convocamos a participar en el <strong>ACOPIO DE ALIMENTOS, MEDICAMENTOS Y RECURSOS ECON\u00d3MICOS QUE SE ESTAR\u00c1 REALIZANDO EN LA CALLE DR. CARMONA Y VALLE NO. 32, COLONIA DOCTORES, CIUDAD DE M\u00c9XICO CON UN HORARIO DE 10:00 A 17:00 HORAS.<\/strong><\/p>\n<p>Igualmente invitamos a hacer donativos en la cuenta del Congreso Nacional Ind\u00edgena <strong>A NOMBRE DE <\/strong><strong>ALICIA CASTELLANOS GUERRERO, BBVA BANCOMER, NO. DE CUENTA: 0471079107, CLABE BANCARIA: 012540004710791072, SWIFT BCMRMXMM, ABA: 021000128, ENVIANDO COPIA DEL DEP\u00d3SITO CON NOMBRE,<\/strong><strong> TEL\u00c9FONO O DIRECCI\u00d3N AL SIGUIENTE CORREO: <\/strong><a href=\"mailto:aliciac.2145@gmail.com\"><strong>aliciac.2145@gmail.com<\/strong><\/a><strong>; y manifestando que dicho donativo va dirigido a las comunidades participantes en el <\/strong><strong>Concejo Ind\u00edgena y Popular de Guerrero\u2013Emiliano Zapata (CIPOG- EZ).<\/strong><\/p>\n<p>Todo lo recaudado ser\u00e1 administrado directamente por el Concejo Ind\u00edgena y Popular de Guerrero\u2013Emiliano Zapata (CIPOG- EZ) y distribuido de acuerdo a sus acuerdos colectivos.<\/p>\n<p>As\u00ed pues, el llamado es para defender nuestra vida y existencia colectiva, pues no solo resistiremos esperando la muerte, sino que reconstruiremos el mundo antiguo, el del presente y el del futuro que derrotar\u00e1 este embate contra nuestra existencia, porque la vida del mundo, de nuestra madre tierra, de nosotros los pueblos ind\u00edgenas, no es negociable.<\/p>\n<p><strong>Atentamente <\/strong><\/p>\n<p><strong><em>Por la reconstituci\u00f3n Integral de Nuestro Pueblos <\/em><\/strong><\/p>\n<p><strong><em>Nunca m\u00e1s un M\u00e9xico sin nosotros<\/em><\/strong><\/p>\n<p><strong>Junio de 2019<\/strong><\/p>\n<p><strong>Congreso Nacional Ind\u00edgena<\/strong><\/p>\n<p><strong>Concejo Ind\u00edgena de Gobierno<\/strong><\/p>\n<p><strong>Ej\u00e9rcito Zapatista de Liberaci\u00f3n Nacional<\/strong><\/p>\n<p><a href=\"http:\/\/enlacezapatista.ezln.org.mx\/2019\/06\/12\/convocatoria-del-cni-cig-y-el-ezln-a-la-campana-por-la-vida-la-paz-y-la-justicia-en-la-montana-de-guerrero\/\">http:\/\/enlacezapatista.ezln.org.mx\/2019\/06\/12\/convocatoria-del-cni-cig-y-el-ezln-a-la-campana-por-la-vida-la-paz-y-la-justicia-en-la-montana-de-guerrero\/<\/a><\/p>\n","protected":false},"excerpt":{"rendered":"<p>Convocatoria del CNI-CIG y el EZLN a la CAMPA\u00d1A POR LA VIDA, LA PAZ Y LA JUSTICIA EN LA MONTA\u00d1A DE GUERRERO Los pueblos, las comunidades, naciones, colectivos, barrios y &hellip; <a href=\"http:\/\/www.grieta.org.mx\/index.php\/2019\/06\/12\/convocatoria-del-cni-cig-y-el-ezln-a-la-campana-por-la-vida-la-paz-y-la-justicia-en-la-montana-de-guerrero\/\" class=\"more-link\">Leer m\u00e1s<\/a><\/p>\n","protected":false},"author":2,"featured_media":34275,"comment_status":"closed","ping_status":"closed","sticky":false,"template":"","format":"standard","meta":{"ngg_post_thumbnail":0,"_jetpack_newsletter_access":"","_jetpack_dont_email_post_to_subs":false,"_jetpack_newsletter_tier_id":0,"_jetpack_memberships_contains_paywalled_content":false,"_jetpack_memberships_contains_paid_content":false,"footnotes":""},"categories":[909,80,79,921,74,907],"tags":[1005,564,95,466,2471],"class_list":["post-34676","post","type-post","status-publish","format-standard","has-post-thumbnail","hentry","category-cig","category-cintillo","category-cni","category-comunicados","category-ezln","category-ezln-2","tag-cig","tag-cipog-ez","tag-cni","tag-ezln","tag-samir","entry"],"jetpack_featured_media_url":"http:\/\/www.grieta.org.mx\/wp-content\/uploads\/2019\/06\/logo-CNI-T.png","jetpack_sharing_enabled":true,"jetpack_shortlink":"https:\/\/wp.me\/p7ZJR4-91i","jetpack_likes_enabled":false,"jetpack-related-posts":[{"id":33887,"url":"http:\/\/www.grieta.org.mx\/index.php\/2019\/05\/26\/alto-a-la-guerra-narcoparamilitar-contra-el-cipog-ez-comunicado-urgente-del-cni-cig-y-el-ezln\/","url_meta":{"origin":34676,"position":0},"title":"ALTO A LA GUERRA NARCOPARAMILITAR CONTRA EL CIPOG-EZ Comunicado urgente del CNI-CIG y el EZLN","author":"grieta","date":"26 mayo, 2019","format":false,"excerpt":"ALTO A LA GUERRA NARCOPARAMILITAR CONTRA EL CIPOG-EZ Comunicado urgente del CNI-CIG y el EZLN Hoy, con indignaci\u00f3n y dolor denunciamos un nuevo y artero crimen contra nuestros compa\u00f1eros del Consejo Ind\u00edgena y Popular de Guerrero \u2013 Emiliano Zapata (CIPOG-EZ). Alrededor de las 13:30 horas del d\u00eda 23 de mayo,\u2026","rel":"","context":"En &quot;CIG&quot;","block_context":{"text":"CIG","link":"http:\/\/www.grieta.org.mx\/index.php\/category\/cig\/"},"img":{"alt_text":"","src":"https:\/\/i0.wp.com\/www.grieta.org.mx\/wp-content\/uploads\/2019\/05\/20190525_222118_0000.png?resize=350%2C200","width":350,"height":200,"srcset":"https:\/\/i0.wp.com\/www.grieta.org.mx\/wp-content\/uploads\/2019\/05\/20190525_222118_0000.png?resize=350%2C200 1x, https:\/\/i0.wp.com\/www.grieta.org.mx\/wp-content\/uploads\/2019\/05\/20190525_222118_0000.png?resize=525%2C300 1.5x, https:\/\/i0.wp.com\/www.grieta.org.mx\/wp-content\/uploads\/2019\/05\/20190525_222118_0000.png?resize=700%2C400 2x"},"classes":[]},{"id":34271,"url":"http:\/\/www.grieta.org.mx\/index.php\/2019\/06\/05\/comunicado-del-cni-cig-y-el-ezln-ante-la-violencia-desatada-contra-los-pueblos-originarios\/","url_meta":{"origin":34676,"position":1},"title":"COMUNICADO DEL CNI-CIG Y EL EZLN ANTE LA VIOLENCIA DESATADA CONTRA LOS PUEBLOS ORIGINARIOS","author":"grieta","date":"5 junio, 2019","format":false,"excerpt":"A los pueblos del mundo A las redes de apoyo al CIG A la sexta nacional e internacional A los medios de comunicaci\u00f3n El paso del capitalismo neoliberal est\u00e1 marcando sus pasos con la sangre de nuestros pueblos, donde la guerra arrecia porque no cedemos nuestra tierra, cultura, nuestra paz\u2026","rel":"","context":"En &quot;CIG&quot;","block_context":{"text":"CIG","link":"http:\/\/www.grieta.org.mx\/index.php\/category\/cig\/"},"img":{"alt_text":"","src":"https:\/\/i0.wp.com\/www.grieta.org.mx\/wp-content\/uploads\/2018\/03\/14524434_1106112876131411_958039263622046936_o.jpg?resize=350%2C200","width":350,"height":200,"srcset":"https:\/\/i0.wp.com\/www.grieta.org.mx\/wp-content\/uploads\/2018\/03\/14524434_1106112876131411_958039263622046936_o.jpg?resize=350%2C200 1x, https:\/\/i0.wp.com\/www.grieta.org.mx\/wp-content\/uploads\/2018\/03\/14524434_1106112876131411_958039263622046936_o.jpg?resize=525%2C300 1.5x, https:\/\/i0.wp.com\/www.grieta.org.mx\/wp-content\/uploads\/2018\/03\/14524434_1106112876131411_958039263622046936_o.jpg?resize=700%2C400 2x"},"classes":[]},{"id":27703,"url":"http:\/\/www.grieta.org.mx\/index.php\/2018\/11\/24\/comunicado-del-cni-cig-y-ezln-al-pueblo-mapuche\/","url_meta":{"origin":34676,"position":2},"title":"Comunicado [conjunto del CNI, CIG y EZLN] al pueblo Mapuche","author":"grieta","date":"24 noviembre, 2018","format":false,"excerpt":"Comunicado: Al pueblo mapuche Al pueblo chileno A los pueblos originarios de Am\u00e9rica A la Sexta Internacional Hermanos y hermanas del digno pueblo mapuche, Los pueblos, naciones, tribus y barrios que conformamos el Congreso Nacional Ind\u00edgena, el Concejo Ind\u00edgena de Gobierno y el EZLN abrazamos solidariamente la familia del compa\u00f1ero\u2026","rel":"","context":"En &quot;CINTILLO&quot;","block_context":{"text":"CINTILLO","link":"http:\/\/www.grieta.org.mx\/index.php\/category\/cintillo\/"},"img":{"alt_text":"","src":"","width":0,"height":0},"classes":[]},{"id":33010,"url":"http:\/\/www.grieta.org.mx\/index.php\/2019\/05\/05\/comunicado-del-cni-cig-y-el-ezln-ante-el-cobarde-secuestro-y-asesinato-de-los-companeros-del-concejo-indigena-y-popular-de-guerrero-emiliano-zapata\/","url_meta":{"origin":34676,"position":3},"title":"COMUNICADO DEL CNI-CIG Y EL EZLN ANTE EL COBARDE SECUESTRO Y ASESINATO DE LOS COMPA\u00d1EROS DEL CONCEJO IND\u00cdGENA Y POPULAR DE GUERRERO \u2013 EMILIANO ZAPATA.","author":"grieta","date":"5 mayo, 2019","format":false,"excerpt":"COMUNICADO DEL CNI-CIG Y EL EZLN ANTE EL COBARDE SECUESTRO Y ASESINATO DE LOS COMPA\u00d1EROS DEL CONCEJO IND\u00cdGENA Y POPULAR DE GUERRERO \u2013 EMILIANO ZAPATA. El Congreso Nacional Ind\u00edgena, el Concejo Ind\u00edgena de Gobierno y el Ej\u00e9rcito Zapatista de Liberaci\u00f3n Nacional, con dolor e indignaci\u00f3n, condenamos el secuestro y asesinato\u2026","rel":"","context":"En &quot;CIG&quot;","block_context":{"text":"CIG","link":"http:\/\/www.grieta.org.mx\/index.php\/category\/cig\/"},"img":{"alt_text":"","src":"https:\/\/i0.wp.com\/www.grieta.org.mx\/wp-content\/uploads\/2019\/05\/logo-CNI-To.png?resize=350%2C200","width":350,"height":200,"srcset":"https:\/\/i0.wp.com\/www.grieta.org.mx\/wp-content\/uploads\/2019\/05\/logo-CNI-To.png?resize=350%2C200 1x, https:\/\/i0.wp.com\/www.grieta.org.mx\/wp-content\/uploads\/2019\/05\/logo-CNI-To.png?resize=525%2C300 1.5x"},"classes":[]},{"id":31394,"url":"http:\/\/www.grieta.org.mx\/index.php\/2019\/03\/29\/comunicado-del-cni-cig-y-el-ezln-ante-nueva-situacion-de-consulta-para-imponer-mega-proyectos-en-el-istmo-de-tehuantepec\/","url_meta":{"origin":34676,"position":4},"title":"Comunicado del CNI-CIG y el EZLN ante nueva situaci\u00f3n de consulta para imponer mega proyectos en el Istmo de Tehuantepec","author":"grieta","date":"29 marzo, 2019","format":false,"excerpt":"COMUNICADO DEL CONGRESO NACIONAL IND\u00cdGENA Y EL CONCEJO IND\u00cdGENA DE GOBIERNO Y EL EJ\u00c9RCITO ZAPATISTA DE LIBERACI\u00d3N NACIONAL ANTE NUEVA SIMULACI\u00d3N DE CONSULTA PARA IMPONER MEGA PROYECTOS EN EL ISTMO DE TEHUANTEPEC Al pueblo de M\u00e9xico A los pueblos del mundo A las Redes de Apoyo al CIG A las\u2026","rel":"","context":"En &quot;CINTILLO&quot;","block_context":{"text":"CINTILLO","link":"http:\/\/www.grieta.org.mx\/index.php\/category\/cintillo\/"},"img":{"alt_text":"","src":"https:\/\/i0.wp.com\/www.grieta.org.mx\/wp-content\/uploads\/2018\/03\/14524434_1106112876131411_958039263622046936_o.jpg?resize=350%2C200","width":350,"height":200,"srcset":"https:\/\/i0.wp.com\/www.grieta.org.mx\/wp-content\/uploads\/2018\/03\/14524434_1106112876131411_958039263622046936_o.jpg?resize=350%2C200 1x, https:\/\/i0.wp.com\/www.grieta.org.mx\/wp-content\/uploads\/2018\/03\/14524434_1106112876131411_958039263622046936_o.jpg?resize=525%2C300 1.5x, https:\/\/i0.wp.com\/www.grieta.org.mx\/wp-content\/uploads\/2018\/03\/14524434_1106112876131411_958039263622046936_o.jpg?resize=700%2C400 2x"},"classes":[]},{"id":54121,"url":"http:\/\/www.grieta.org.mx\/index.php\/2020\/10\/12\/jornada-nacional-de-movilizacion-en-defensa-de-la-madre-tierra-contra-la-guerra-al-ezln-los-pueblos-y-comunidades-indigenas-en-oaxaca\/","url_meta":{"origin":34676,"position":5},"title":"Jornada Nacional de Movilizaci\u00f3n en Defensa de la Madre Tierra, contra la guerra al EZLN, los pueblos y comunidades Ind\u00edgenas en Oaxaca","author":"grieta","date":"12 octubre, 2020","format":false,"excerpt":"Radio Zapatista \/ Informaci\u00f3n CNI Mat\u00edas Romero, Oaxaca 12 de octubre 2020 En el marco de la Jornada Nacional de Movilizaci\u00f3n en Defensa de la Madre Tierra, contra la guerra al EZLN, los pueblos y comunidades Ind\u00edgenas. Mitin UCIZONI RESISTENCIA CIVIL DEL ISTMO en Estaci\u00f3n Ferrocarril de Mat\u00edas Romero Oaxaca\u2026","rel":"","context":"En &quot;CINTILLO&quot;","block_context":{"text":"CINTILLO","link":"http:\/\/www.grieta.org.mx\/index.php\/category\/cintillo\/"},"img":{"alt_text":"","src":"https:\/\/i0.wp.com\/www.grieta.org.mx\/wp-content\/uploads\/2020\/10\/r.jpg?resize=350%2C200","width":350,"height":200,"srcset":"https:\/\/i0.wp.com\/www.grieta.org.mx\/wp-content\/uploads\/2020\/10\/r.jpg?resize=350%2C200 1x, https:\/\/i0.wp.com\/www.grieta.org.mx\/wp-content\/uploads\/2020\/10\/r.jpg?resize=525%2C300 1.5x"},"classes":[]}],"_links":{"self":[{"href":"http:\/\/www.grieta.org.mx\/index.php\/wp-json\/wp\/v2\/posts\/34676","targetHints":{"allow":["GET"]}}],"collection":[{"href":"http:\/\/www.grieta.org.mx\/index.php\/wp-json\/wp\/v2\/posts"}],"about":[{"href":"http:\/\/www.grieta.org.mx\/index.php\/wp-json\/wp\/v2\/types\/post"}],"author":[{"embeddable":true,"href":"http:\/\/www.grieta.org.mx\/index.php\/wp-json\/wp\/v2\/users\/2"}],"replies":[{"embeddable":true,"href":"http:\/\/www.grieta.org.mx\/index.php\/wp-json\/wp\/v2\/comments?post=34676"}],"version-history":[{"count":1,"href":"http:\/\/www.grieta.org.mx\/index.php\/wp-json\/wp\/v2\/posts\/34676\/revisions"}],"predecessor-version":[{"id":34677,"href":"http:\/\/www.grieta.org.mx\/index.php\/wp-json\/wp\/v2\/posts\/34676\/revisions\/34677"}],"wp:featuredmedia":[{"embeddable":true,"href":"http:\/\/www.grieta.org.mx\/index.php\/wp-json\/wp\/v2\/media\/34275"}],"wp:attachment":[{"href":"http:\/\/www.grieta.org.mx\/index.php\/wp-json\/wp\/v2\/media?parent=34676"}],"wp:term":[{"taxonomy":"category","embeddable":true,"href":"http:\/\/www.grieta.org.mx\/index.php\/wp-json\/wp\/v2\/categories?post=34676"},{"taxonomy":"post_tag","embeddable":true,"href":"http:\/\/www.grieta.org.mx\/index.php\/wp-json\/wp\/v2\/tags?post=34676"}],"curies":[{"name":"wp","href":"https:\/\/api.w.org\/{rel}","templated":true}]}}