{"id":34648,"date":"2019-06-12T04:25:09","date_gmt":"2019-06-12T09:25:09","guid":{"rendered":"http:\/\/www.grieta.org.mx\/?p=34648"},"modified":"2019-06-12T14:12:26","modified_gmt":"2019-06-12T19:12:26","slug":"estamos-de-luto-pero-luchando-para-que-los-suenos-de-los-companeros-asesinados-no-queden-a-mitad-del-camino-cipog-ez","status":"publish","type":"post","link":"http:\/\/www.grieta.org.mx\/index.php\/2019\/06\/12\/estamos-de-luto-pero-luchando-para-que-los-suenos-de-los-companeros-asesinados-no-queden-a-mitad-del-camino-cipog-ez\/","title":{"rendered":"&#8220;Estamos de luto, pero luchando para que los sue\u00f1os de los compa\u00f1eros asesinados no queden a mitad del camino&#8221;: CIPOG-EZ"},"content":{"rendered":"<figure id=\"attachment_34649\" aria-describedby=\"caption-attachment-34649\" style=\"width: 702px\" class=\"wp-caption aligncenter\"><a href=\"http:\/\/www.grieta.org.mx\/wp-content\/uploads\/2019\/06\/Captura-de-pantalla-2019-06-11-23.23.58.png\"><img loading=\"lazy\" decoding=\"async\" data-attachment-id=\"34649\" data-permalink=\"http:\/\/www.grieta.org.mx\/index.php\/2019\/06\/12\/estamos-de-luto-pero-luchando-para-que-los-suenos-de-los-companeros-asesinados-no-queden-a-mitad-del-camino-cipog-ez\/captura-de-pantalla-2019-06-11-23-23-58\/\" data-orig-file=\"http:\/\/www.grieta.org.mx\/wp-content\/uploads\/2019\/06\/Captura-de-pantalla-2019-06-11-23.23.58.png\" data-orig-size=\"669,189\" data-comments-opened=\"0\" data-image-meta=\"{&quot;aperture&quot;:&quot;0&quot;,&quot;credit&quot;:&quot;&quot;,&quot;camera&quot;:&quot;&quot;,&quot;caption&quot;:&quot;&quot;,&quot;created_timestamp&quot;:&quot;0&quot;,&quot;copyright&quot;:&quot;&quot;,&quot;focal_length&quot;:&quot;0&quot;,&quot;iso&quot;:&quot;0&quot;,&quot;shutter_speed&quot;:&quot;0&quot;,&quot;title&quot;:&quot;&quot;,&quot;orientation&quot;:&quot;0&quot;}\" data-image-title=\"Captura de pantalla 2019-06-11 23.23.58\" data-image-description=\"\" data-image-caption=\"\" data-medium-file=\"http:\/\/www.grieta.org.mx\/wp-content\/uploads\/2019\/06\/Captura-de-pantalla-2019-06-11-23.23.58-300x85.png\" data-large-file=\"http:\/\/www.grieta.org.mx\/wp-content\/uploads\/2019\/06\/Captura-de-pantalla-2019-06-11-23.23.58.png\" class=\"wp-image-34649\" src=\"http:\/\/www.grieta.org.mx\/wp-content\/uploads\/2019\/06\/Captura-de-pantalla-2019-06-11-23.23.58.png\" alt=\"\" width=\"702\" height=\"198\" srcset=\"http:\/\/www.grieta.org.mx\/wp-content\/uploads\/2019\/06\/Captura-de-pantalla-2019-06-11-23.23.58.png 669w, http:\/\/www.grieta.org.mx\/wp-content\/uploads\/2019\/06\/Captura-de-pantalla-2019-06-11-23.23.58-300x85.png 300w\" sizes=\"auto, (max-width: 702px) 100vw, 702px\" \/><\/a><figcaption id=\"caption-attachment-34649\" class=\"wp-caption-text\">Foto: \/\/cipogez.wordpress.com<\/figcaption><\/figure>\n<blockquote><p>\u00b7 Denuncian la situaci\u00f3n de violencia en contra de sus comunidades por parte de grupos delictivos y caciques solapados por los malos gobiernos.<br \/>\n\u00b7 Solicitan acopio de alimentos y medicinas para contrarrestar el asedio narcoparamilitar que se vive en comunidades aleda\u00f1as a Chilapa.<\/p><\/blockquote>\n<p>Colectivo Grieta, Ciudad de M\u00e9xico, 8 de junio 2019.<\/p>\n<p>El pasado 23 de mayo a plena luz del d\u00eda, cuando regresaban a sus comunidades despu\u00e9s de asistir a una reuni\u00f3n en Chilpancingo, Guerrero, fueron secuestrados en las cercan\u00edas de la cabecera municipal de Chilapa, Bartolo Hilario Morales e Isa\u00edas Xanteco Ahuejote, integrantes de la Polic\u00eda Comunitaria de las comunidades nahuas de Tula y Xicotl\u00e1n. De acuerdo con el comunicado firmado conjuntamente por el Congreso Nacional Ind\u00edgena (CNI), el Concejo Ind\u00edgena de Gobierno (CIG) y el Ej\u00e9rcito Zapatista de Liberaci\u00f3n Nacional (EZLN), Bartolo Hilario fung\u00eda como comandante de la Polic\u00eda Comunitaria y tanto \u00e9l como Isa\u00edas Xanteco eran promotores del Concejo Ind\u00edgena y Popular de Guerrero-Emiliano Zapata (CIPOG\u2013EZ) y miembros del CNI. El 24 de mayo, un d\u00eda despu\u00e9s de haber sido privados de su libertad, sus cuerpos fueron hallados descuartizados.<\/p>\n<p>El &#8220;artero crimen&#8221; de estos dos ind\u00edgenas nahuas, viene a sumarse al del concejal del CIG-CNI, Jos\u00e9 Lucio Bartolo Faustino y del delegado del CNI, Modesto Verales Sebasti\u00e1n, ocurridos el pasado 5 de mayo de 2019. Ellos tambi\u00e9n fueron interceptados en el camino de regreso a sus comunidades cerca de Chilapa. No hay detenidos por ninguno de estos cr\u00edmenes. La impunidad es parte de la cruda realidad de esta zona de Guerrero y de una buena parte del territorio nacional.<\/p>\n<p>Los integrantes de esta organizaci\u00f3n ind\u00edgena, que tambi\u00e9n articula a la Coordinadora Regional de Autoridades Comunitarias &#8211; Polic\u00eda Comunitaria de los Pueblos Fundadores (CRAC-PC-PF) en la Monta\u00f1a Baja de Guerrero, acudieron el s\u00e1bado 8 de junio del 2019 al Rinc\u00f3n Zapatista del DF para denunciar los ataques en contra de luchadores sociales en Guerrero, integrantes de organizaciones ind\u00edgenas que luchan por la autonom\u00eda y la situaci\u00f3n actual de violencia extrema a la que est\u00e1n siendo sujetos.<\/p>\n<p>Los compa\u00f1eros del CIPOG-EZ explicaron el contexto en el cual se da este ataque a las comunidades organizadas en la Monta\u00f1a Baja que se encuentran sitiadas en estos momentos por sicarios que forman parte de distintos grupos delincuenciales que a su vez est\u00e1n al servicio de los caciques y pol\u00edticos de la zona.<\/p>\n<p>Explicaron que su lucha como CIPOG\u2013EZ tiene una larga trayectoria: entre 1989 a 1992 se organizaron para luchar contra los megaproyectos que Salinas de Gortari intent\u00f3 imponer en territorios nahuas del Alto Balsas. En su momento formaron parte del Consejo Guerrerense de 500 a\u00f1os de Resistencia. A\u00f1os despu\u00e9s, articulados con los pueblos fundadores de la CRAC-PC, fundaron su Casa de Justicia en el municipio de Chilapa, con el objetivo de ofrecer seguridad en esta regi\u00f3n nahua, asi como &#8220;de luchar por la vida y promover su respeto&#8221;. A la par de estos procesos internos el CIPOG-EZ ha caminado desde sus inicios junto al Congreso Nacional Ind\u00edgena y muchos de sus miembros m\u00e1s j\u00f3venes han crecido en este caminar.<\/p>\n<p>A partir del nacimiento de la Casa de Justicia, las agresiones en su contra se han incrementado por distintas v\u00edas. Lo que es parte de lo que ellos denominaron la \u201cingenier\u00eda de guerra&#8221;, que implica desde las m\u00faltiples estrategias que los malos gobiernos usan para dividir a las comunidades organizadas, como la constante fabricaci\u00f3n de delitos en contra de sus autoridades y polic\u00eda comunitaria. Por la v\u00eda judicial, denuncian que \u201cla Fiscal\u00eda del estado fabric\u00f3 perversamente 67 \u00f3rdenes de aprensi\u00f3n contra igual n\u00famero de ind\u00edgenas\u201d. En un estado donde la delincuencia goza de total impunidad, las autoridades locales detuvieron a 8 ind\u00edgenas del CIPOG-EZ, siete mujeres y un hombre, de los cuales \u00e9ste contin\u00faa preso. Los compa\u00f1eros explicaron que \u201clos delitos que ten\u00edan eran de ser consecuentes, de no traicionar a sus pueblos. Si luchas por defender los acuerdos de la asamblea en tu pueblo eres criminalizado.&#8221;<\/p>\n<p>Adem\u00e1s de esto la maquinaria de guerra se ha desplegado en su contra con toda la violencia posible durante los \u00faltimos dos meses. Pero ellos explican que esta sa\u00f1a lleva un mensaje claro. Explicaron que ellos entienden que el ataque a los miembros de su organizaci\u00f3n ocurre en la carretera principal porque el objetivo es provocar. Adem\u00e1s,<br \/>\na su parecer, se ha ido acelerando el siguiente mensaje: \u201cSi luchas apareces embolsado, descuartizado\u201d.<\/p>\n<p>\u201cEstamos de luto pero estamos luchando por que los sue\u00f1os de nuestros compa\u00f1eros no queden en el camino\u201d, afirmaron.<\/p>\n<p>&#8220;A estos \u00faltimos cuatro compa\u00f1eros nos los arrebataron los grupos criminales porque en vida no se doblegaron, fueron firmes en sus principios y defendieron a su pueblo y el territorio ind\u00edgena.&#8221; Y recuerdan que sus &#8220;hermanos asesinados, en su momento, promovieron asambleas en las que, acta en mano, se dijo no al PROCEDE (Programa de Certificaci\u00f3n de Derechos Ejidales y Titulaci\u00f3n de Solares) y dem\u00e1s programas de certificaci\u00f3n de tierras que buscaban cambiar el estatus de sus tierras y convertirlas en mercanc\u00eda&#8221;.<\/p>\n<p>Habr\u00eda que mencionar que la lucha por defender el territorio en Guerrero es muy actual, pues existen al menos 70 concesiones mineras vigentes que el gobierno federal ha autorizado. &#8220;Estamos entendiendo que no s\u00f3lo es Guerrero: en todo el mundo est\u00e1n apoder\u00e1ndose de las tierras mediante el saqueo y la destrucci\u00f3n de los pueblos&#8221;. Para los pueblos originarios del CIPOG-EZ es claro que existe una alianza entre el gran capital con caciques, pol\u00edticos y el crimen organizado. Explican con claridad y sin el menor \u00e1pice de duda que los distintos niveles de gobierno utilizan a los grupos delincuenciales (es decir, narcoparamilitares) para &#8220;destruir las iniciativas de los pueblos&#8221; quienes han luchado para procurarse seguridad y justicia en un territorio donde la muerte y impunidad caminan mano a mano.<\/p>\n<p>&#8220;La inseguridad significa dinero&#8221; para estas bandas delictivas las cuales est\u00e1n conformadas generalmente por los peones de los caciques regionales. Los integrantes del CIPOG-EZ denuncian lo que es un secreto a voces no s\u00f3lo en la regi\u00f3n o en el pa\u00eds: que los grupos delincuenciales como los Ardillos, los Rojos, etc. son auspiciados y protegidos por presidentes municipales y diputados locales, algunos de ellos familiares de los l\u00edderes criminales. Eso explica que cuando algunos de los integrantes del crimen son detenidos, &#8220;desde el Estado no se imparte justicia y prontamente son liberados&#8221;.<\/p>\n<p>Parte de esta guerra tambi\u00e9n se da a trav\u00e9s del cerco informativo al que est\u00e1n sujetos y explicaron que buscan espacios donde denunciar las verdaderas causas de la violencia en su contra: a saber, la negativa por parte de la comunidades a que entren programan de privatizaci\u00f3n de tierras comunales que rompan el tejido comunitario y conviertan a la tierra en propiedad.<\/p>\n<p>Los compa\u00f1eros explicaron que el prop\u00f3sito de estos &#8220;asesinatos viles&#8221; en contra de los pueblos ind\u00edgenas es desplazar a las comunidades originarias para tener control del territorio y as\u00ed poder llevar a cabo los negocios que resulten convenientes al gran capital trasnacional: minas, presas, tala de \u00e1rboles, o siembra de la mercanc\u00eda que resulte m\u00e1s redituable para los se\u00f1ores del dinero.<\/p>\n<p>Explicaron tambi\u00e9n que el gobierno del estado ve una amenaza en la organizaci\u00f3n de los pueblos y en sus sistemas de procuraci\u00f3n de justicia, que, en la pr\u00e1ctica, demuestra que no se necesita de los malos gobernantes y su burocracia.<\/p>\n<p>En la comunidades integrantes de la Casa de Justicia ubicada en el municipio de Chilapa, la polic\u00eda Comunitaria ha logrado erradicar el secuestro, el robo de ganado, las violaciones, los asesinatos. Es cuando salen de estas comunidades que conforman el CIPOG-EZ, que el peligro se hace presente.<\/p>\n<p>Denunciaron que los medios de paga hablan de Guerrero como un territorio en el que s\u00f3lo existe la violencia pero que eso es una visi\u00f3n que no est\u00e1 completa: \u201cDonde gobiernan nuestros pueblos no hay violencia, hay regiones donde se lucha por respetar la vida. Por eso luchamos, por el respeto a la vida\u2026 Queremos parar esa guerra. Mientras no haya acuerdo entre los &#8220;patrones&#8221; de arriba, necesitamos hacer el llamado para que haya respeto a la vida. No m\u00e1s proyectos de muerte. No puede haber m\u00e1s muerte. Queremos promover la cultura de la paz\u201d.<\/p>\n<p>Tambi\u00e9n dijeron claramente lo que muchos otros pueblos organizados han venido reafirmando con el paso del tiempo: &#8220;Es un error que las cosas pueden cambiar desde arriba: las cosas van a cambiar cuando los pueblos nos organicemos desde abajo&#8221;.<\/p>\n<p>Tambi\u00e9n dijeron que en la gran ciudad tambi\u00e9n han encontrado \u201cel coraz\u00f3n de la gente de abajo\u201d por lo que lanzaban un llamado a romper el cerco que se ha puesto a su alrededor. \u00a0La gente de sus comunidades sale a la cabecera municipal de Chilapa para comprar alimentos y para cubrir sus necesidades b\u00e1sicas. Con el asedio reciente, salir de sus comunidades implica correr el riesgo de ser asesinados.<\/p>\n<p>Por eso solicitaron el env\u00edo de alimentos no perecederos (ma\u00edz, aceite, arroz, frijol, sardinas, at\u00fan, caf\u00e9, chiles en lata), papel de ba\u00f1o, pa\u00f1ales, medicamentos, cobijas, colchones, o aportaciones en moneda nacional. El acopio se est\u00e1 reuniendo en el local de UN\u00cdOS, ubicado en la calle de Dr. Carmona y Valle 32, colonia Doctores (de 10 a 14 hrs. y 17 a 19hrs).<\/p>\n<p><img loading=\"lazy\" decoding=\"async\" data-attachment-id=\"34679\" data-permalink=\"http:\/\/www.grieta.org.mx\/index.php\/2019\/06\/12\/estamos-de-luto-pero-luchando-para-que-los-suenos-de-los-companeros-asesinados-no-queden-a-mitad-del-camino-cipog-ez\/806514063_13794\/\" data-orig-file=\"http:\/\/www.grieta.org.mx\/wp-content\/uploads\/2019\/06\/806514063_13794.jpg\" data-orig-size=\"602,960\" data-comments-opened=\"0\" data-image-meta=\"{&quot;aperture&quot;:&quot;0&quot;,&quot;credit&quot;:&quot;&quot;,&quot;camera&quot;:&quot;&quot;,&quot;caption&quot;:&quot;&quot;,&quot;created_timestamp&quot;:&quot;0&quot;,&quot;copyright&quot;:&quot;&quot;,&quot;focal_length&quot;:&quot;0&quot;,&quot;iso&quot;:&quot;0&quot;,&quot;shutter_speed&quot;:&quot;0&quot;,&quot;title&quot;:&quot;&quot;,&quot;orientation&quot;:&quot;0&quot;}\" data-image-title=\"806514063_13794\" data-image-description=\"\" data-image-caption=\"\" data-medium-file=\"http:\/\/www.grieta.org.mx\/wp-content\/uploads\/2019\/06\/806514063_13794-188x300.jpg\" data-large-file=\"http:\/\/www.grieta.org.mx\/wp-content\/uploads\/2019\/06\/806514063_13794.jpg\" class=\"aligncenter wp-image-34679\" src=\"http:\/\/www.grieta.org.mx\/wp-content\/uploads\/2019\/06\/806514063_13794.jpg\" alt=\"\" width=\"702\" height=\"1119\" srcset=\"http:\/\/www.grieta.org.mx\/wp-content\/uploads\/2019\/06\/806514063_13794.jpg 602w, http:\/\/www.grieta.org.mx\/wp-content\/uploads\/2019\/06\/806514063_13794-188x300.jpg 188w, http:\/\/www.grieta.org.mx\/wp-content\/uploads\/2019\/06\/806514063_13794-314x500.jpg 314w\" sizes=\"auto, (max-width: 702px) 100vw, 702px\" \/><\/p>\n<p><a href=\"http:\/\/www.grieta.org.mx\/wp-content\/uploads\/2019\/06\/WhatsApp-Image-2019-06-11-at-11.34.24-PM.jpeg\"><img loading=\"lazy\" decoding=\"async\" data-attachment-id=\"34650\" data-permalink=\"http:\/\/www.grieta.org.mx\/index.php\/2019\/06\/12\/estamos-de-luto-pero-luchando-para-que-los-suenos-de-los-companeros-asesinados-no-queden-a-mitad-del-camino-cipog-ez\/whatsapp-image-2019-06-11-at-11-34-24-pm\/\" data-orig-file=\"http:\/\/www.grieta.org.mx\/wp-content\/uploads\/2019\/06\/WhatsApp-Image-2019-06-11-at-11.34.24-PM.jpeg\" data-orig-size=\"793,1122\" data-comments-opened=\"0\" data-image-meta=\"{&quot;aperture&quot;:&quot;0&quot;,&quot;credit&quot;:&quot;&quot;,&quot;camera&quot;:&quot;&quot;,&quot;caption&quot;:&quot;&quot;,&quot;created_timestamp&quot;:&quot;0&quot;,&quot;copyright&quot;:&quot;&quot;,&quot;focal_length&quot;:&quot;0&quot;,&quot;iso&quot;:&quot;0&quot;,&quot;shutter_speed&quot;:&quot;0&quot;,&quot;title&quot;:&quot;&quot;,&quot;orientation&quot;:&quot;0&quot;}\" data-image-title=\"WhatsApp Image 2019-06-11 at 11.34.24 PM\" data-image-description=\"\" data-image-caption=\"\" data-medium-file=\"http:\/\/www.grieta.org.mx\/wp-content\/uploads\/2019\/06\/WhatsApp-Image-2019-06-11-at-11.34.24-PM-212x300.jpeg\" data-large-file=\"http:\/\/www.grieta.org.mx\/wp-content\/uploads\/2019\/06\/WhatsApp-Image-2019-06-11-at-11.34.24-PM-724x1024.jpeg\" class=\"aligncenter wp-image-34650\" src=\"http:\/\/www.grieta.org.mx\/wp-content\/uploads\/2019\/06\/WhatsApp-Image-2019-06-11-at-11.34.24-PM.jpeg\" alt=\"\" width=\"702\" height=\"993\" srcset=\"http:\/\/www.grieta.org.mx\/wp-content\/uploads\/2019\/06\/WhatsApp-Image-2019-06-11-at-11.34.24-PM.jpeg 793w, http:\/\/www.grieta.org.mx\/wp-content\/uploads\/2019\/06\/WhatsApp-Image-2019-06-11-at-11.34.24-PM-212x300.jpeg 212w, http:\/\/www.grieta.org.mx\/wp-content\/uploads\/2019\/06\/WhatsApp-Image-2019-06-11-at-11.34.24-PM-768x1087.jpeg 768w, http:\/\/www.grieta.org.mx\/wp-content\/uploads\/2019\/06\/WhatsApp-Image-2019-06-11-at-11.34.24-PM-724x1024.jpeg 724w, http:\/\/www.grieta.org.mx\/wp-content\/uploads\/2019\/06\/WhatsApp-Image-2019-06-11-at-11.34.24-PM-353x500.jpeg 353w\" sizes=\"auto, (max-width: 702px) 100vw, 702px\" \/><\/a><\/p>\n","protected":false},"excerpt":{"rendered":"<p>\u00b7 Denuncian la situaci\u00f3n de violencia en contra de sus comunidades por parte de grupos delictivos y caciques solapados por los malos gobiernos. \u00b7 Solicitan acopio de alimentos y medicinas &hellip; <a href=\"http:\/\/www.grieta.org.mx\/index.php\/2019\/06\/12\/estamos-de-luto-pero-luchando-para-que-los-suenos-de-los-companeros-asesinados-no-queden-a-mitad-del-camino-cipog-ez\/\" class=\"more-link\">Leer m\u00e1s<\/a><\/p>\n","protected":false},"author":1,"featured_media":34649,"comment_status":"closed","ping_status":"closed","sticky":false,"template":"","format":"standard","meta":{"ngg_post_thumbnail":0,"_jetpack_newsletter_access":"","_jetpack_dont_email_post_to_subs":false,"_jetpack_newsletter_tier_id":0,"_jetpack_memberships_contains_paywalled_content":false,"_jetpack_memberships_contains_paid_content":false,"footnotes":""},"categories":[80,14,1775,2532,18,2,1577,2219],"tags":[564,95,222],"class_list":["post-34648","post","type-post","status-publish","format-standard","has-post-thumbnail","hentry","category-cintillo","category-ciudad-de-mexico","category-colectivo-grieta","category-defensa-de-la-autonomia-en-guerrero","category-guerrero","category-noticias-nacionales","category-policia-comunitaria-en-guerrero","category-resistencias-en-la-ciudad-de-mexico","tag-cipog-ez","tag-cni","tag-policia-comunitaria","entry"],"jetpack_featured_media_url":"http:\/\/www.grieta.org.mx\/wp-content\/uploads\/2019\/06\/Captura-de-pantalla-2019-06-11-23.23.58.png","jetpack_sharing_enabled":true,"jetpack_shortlink":"https:\/\/wp.me\/p7ZJR4-90Q","jetpack_likes_enabled":false,"jetpack-related-posts":[{"id":36241,"url":"http:\/\/www.grieta.org.mx\/index.php\/2019\/07\/13\/la-violencia-del-crimen-organizado-en-contra-de-delegados-del-cni-en-guerrero-se-recrudece-levantan-y-asesinan-a-cuatro-miembros-mas-del-cipog-ez\/","url_meta":{"origin":34648,"position":0},"title":"La violencia del crimen organizado en contra de delegados del CNI en Guerrero se recrudece: levantan y asesinan a cuatro miembros m\u00e1s del CIPOG-EZ","author":"grieta","date":"13 julio, 2019","format":false,"excerpt":"COLECTIVO GRIETA Ciudad de M\u00e9xico, 12 de julio.- La guerra de exterminio de los grupos narcoparamilitares en contra de las comunidades nahuas de la regi\u00f3n de La Monta\u00f1a baja de Guerrero se ha recrudecido en los \u00faltimos d\u00edas. Tan solo entre el 8 y el 10 de julio de este\u2026","rel":"","context":"En &quot;CINTILLO&quot;","block_context":{"text":"CINTILLO","link":"http:\/\/www.grieta.org.mx\/index.php\/category\/cintillo\/"},"img":{"alt_text":"","src":"https:\/\/i0.wp.com\/www.grieta.org.mx\/wp-content\/uploads\/2019\/07\/foto-2-1.jpg?resize=350%2C200","width":350,"height":200,"srcset":"https:\/\/i0.wp.com\/www.grieta.org.mx\/wp-content\/uploads\/2019\/07\/foto-2-1.jpg?resize=350%2C200 1x, https:\/\/i0.wp.com\/www.grieta.org.mx\/wp-content\/uploads\/2019\/07\/foto-2-1.jpg?resize=525%2C300 1.5x"},"classes":[]},{"id":9171,"url":"http:\/\/www.grieta.org.mx\/index.php\/2016\/04\/21\/la-crac-pc-de-chilapa-realiza-recorridos-para-frenar-la-entrada-de-grupos-delictivos\/","url_meta":{"origin":34648,"position":1},"title":"Seguridad y justicia comunitaria en Guerrero","author":"grieta","date":"21 abril, 2016","format":false,"excerpt":"21\/04\/16 Mando \u00fanico para reprimir: Cirino Pl\u00e1cido El Faro 21\/10\/15 Para reconstituir la CRAC-PC hacen falta valores y principios: CIPOG-EZ Subversiones 13\/10\/15 La seguridad comunitaria en Guerrero cumple 20 a\u00f1os Subversiones 24\/08\/15 \u201cRechazamos cualquier intento para oficializarnos, no nos subordinaremos al Estado\u201d, pueblos fundadores de la polic\u00eda comunitaria de Guerrero.\u2026","rel":"","context":"En &quot;Guerrero&quot;","block_context":{"text":"Guerrero","link":"http:\/\/www.grieta.org.mx\/index.php\/category\/noticias-nacionales\/guerrero\/"},"img":{"alt_text":"","src":"https:\/\/i0.wp.com\/www.grieta.org.mx\/wp-content\/uploads\/2018\/03\/14524434_1106112876131411_958039263622046936_o.jpg?resize=350%2C200","width":350,"height":200,"srcset":"https:\/\/i0.wp.com\/www.grieta.org.mx\/wp-content\/uploads\/2018\/03\/14524434_1106112876131411_958039263622046936_o.jpg?resize=350%2C200 1x, https:\/\/i0.wp.com\/www.grieta.org.mx\/wp-content\/uploads\/2018\/03\/14524434_1106112876131411_958039263622046936_o.jpg?resize=525%2C300 1.5x, https:\/\/i0.wp.com\/www.grieta.org.mx\/wp-content\/uploads\/2018\/03\/14524434_1106112876131411_958039263622046936_o.jpg?resize=700%2C400 2x"},"classes":[]},{"id":72430,"url":"http:\/\/www.grieta.org.mx\/index.php\/2025\/11\/15\/comunicado-conjunto-del-congreso-nacional-indigena-y-el-ejercito-zapatista-de-liberacion-nacional-con-relacion-al-violento-ataque-en-contra-de-los-companeros-del-consejo-indigena-y-popular-de-guerrero\/","url_meta":{"origin":34648,"position":2},"title":"Comunicado conjunto del Congreso Nacional Ind\u00edgena y el Ej\u00e9rcito Zapatista de Liberaci\u00f3n Nacional con relaci\u00f3n al violento ataque en contra de los compa\u00f1eros del Consejo Ind\u00edgena y Popular de Guerrero-Emiliano Zapata y de la Coordinadora Regional de Autoridades Comunitarias-Polic\u00eda Comunitaria-Pueblos Fundadores","author":"grieta","date":"15 noviembre, 2025","format":false,"excerpt":"Comunicado conjunto del Congreso Nacional Ind\u00edgena y el Ej\u00e9rcito Zapatista de Liberaci\u00f3n Nacional con relaci\u00f3n al violento ataque en contra de los compa\u00f1eros del Consejo Ind\u00edgena y Popular de Guerrero-Emiliano Zapata y de la Coordinadora Regional de Autoridades Comunitarias-Polic\u00eda Comunitaria-Pueblos Fundadores\u00a0 \u00a0 A los pueblos de M\u00e9xico y del mundo,\u2026","rel":"","context":"En &quot;CINTILLO&quot;","block_context":{"text":"CINTILLO","link":"http:\/\/www.grieta.org.mx\/index.php\/category\/cintillo\/"},"img":{"alt_text":"","src":"https:\/\/i0.wp.com\/www.grieta.org.mx\/wp-content\/uploads\/2025\/11\/Captura-de-pantalla-2025-11-15-174312.png?resize=350%2C200","width":350,"height":200,"srcset":"https:\/\/i0.wp.com\/www.grieta.org.mx\/wp-content\/uploads\/2025\/11\/Captura-de-pantalla-2025-11-15-174312.png?resize=350%2C200 1x, https:\/\/i0.wp.com\/www.grieta.org.mx\/wp-content\/uploads\/2025\/11\/Captura-de-pantalla-2025-11-15-174312.png?resize=525%2C300 1.5x, https:\/\/i0.wp.com\/www.grieta.org.mx\/wp-content\/uploads\/2025\/11\/Captura-de-pantalla-2025-11-15-174312.png?resize=700%2C400 2x"},"classes":[]},{"id":36734,"url":"http:\/\/www.grieta.org.mx\/index.php\/2019\/07\/21\/denuncia-urgente-por-ataque-armado-a-comunidades-del-cipog-ez\/","url_meta":{"origin":34648,"position":3},"title":"Denuncia urgente por ataque armado a comunidades del CIPOG-EZ","author":"grieta","date":"21 julio, 2019","format":false,"excerpt":"Desde el Concejo Ind\u00edgena y Popular de Guerrero Emiliano Zapata, denunciamos que en estos momentos tarde noche del s\u00e1bado 20 de Julio del 2019, varios comandos armados del grupo narcoparamilitar de los \u00abArdillos\u00bb sitiaron la comunidad de Tula Guerrero. Llevan ya varias horas de ataque armado y la balacera no\u2026","rel":"","context":"En &quot;CINTILLO&quot;","block_context":{"text":"CINTILLO","link":"http:\/\/www.grieta.org.mx\/index.php\/category\/cintillo\/"},"img":{"alt_text":"","src":"https:\/\/i0.wp.com\/www.grieta.org.mx\/wp-content\/uploads\/2019\/06\/logo-CNI-T.png?resize=350%2C200","width":350,"height":200,"srcset":"https:\/\/i0.wp.com\/www.grieta.org.mx\/wp-content\/uploads\/2019\/06\/logo-CNI-T.png?resize=350%2C200 1x, https:\/\/i0.wp.com\/www.grieta.org.mx\/wp-content\/uploads\/2019\/06\/logo-CNI-T.png?resize=525%2C300 1.5x"},"classes":[]},{"id":36763,"url":"http:\/\/www.grieta.org.mx\/index.php\/2019\/07\/21\/sitiaron-y-atacaron-a-balazos-a-comunidad-indigena-de-chilapa-denuncian-guerrero\/","url_meta":{"origin":34648,"position":4},"title":"Sitiaron y atacaron a balazos a comunidad ind\u00edgena de Chilapa, denuncian (Guerrero)","author":"Admin","date":"21 julio, 2019","format":false,"excerpt":"Francisca Meza Carranza \/ Quadrat\u00edn CHILPANCINGO, Gro., 21 de julio de 2019.-Integrantes del Concejo Ind\u00edgena y Popular de Guerrero-Emiliano Zapata (Cipog-EZ) denunciaron un ataque armado contra la comunidad nahua de Tula, municipio de Chilapa, durante la tarde-noche del s\u00e1bado, con saldo de al menos un herido, y solicitaron la intervenci\u00f3n\u2026","rel":"","context":"En &quot;CINTILLO&quot;","block_context":{"text":"CINTILLO","link":"http:\/\/www.grieta.org.mx\/index.php\/category\/cintillo\/"},"img":{"alt_text":"","src":"https:\/\/i0.wp.com\/www.grieta.org.mx\/wp-content\/uploads\/2019\/07\/Crimen-Violencia-M%C3%A9xico03-1160x700.png?resize=350%2C200","width":350,"height":200,"srcset":"https:\/\/i0.wp.com\/www.grieta.org.mx\/wp-content\/uploads\/2019\/07\/Crimen-Violencia-M%C3%A9xico03-1160x700.png?resize=350%2C200 1x, https:\/\/i0.wp.com\/www.grieta.org.mx\/wp-content\/uploads\/2019\/07\/Crimen-Violencia-M%C3%A9xico03-1160x700.png?resize=525%2C300 1.5x, https:\/\/i0.wp.com\/www.grieta.org.mx\/wp-content\/uploads\/2019\/07\/Crimen-Violencia-M%C3%A9xico03-1160x700.png?resize=700%2C400 2x, https:\/\/i0.wp.com\/www.grieta.org.mx\/wp-content\/uploads\/2019\/07\/Crimen-Violencia-M%C3%A9xico03-1160x700.png?resize=1050%2C600 3x"},"classes":[]},{"id":35066,"url":"http:\/\/www.grieta.org.mx\/index.php\/2019\/06\/18\/los-narco-paramilitares-y-el-estado-contra-las-defensas-comunitarias-guerrero\/","url_meta":{"origin":34648,"position":5},"title":"Los narco-paramilitares y el estado contra las defensas comunitarias (Guerrero)","author":"Admin","date":"18 junio, 2019","format":false,"excerpt":"Colectivo del Peri\u00f3dico El Zenzontle \/ La Jornada de Oriente El d\u00eda 23 de mayo, en Chilapa, Guerrero, fueron \u201clevantados\u201d Bartolo Hilario Morales e Isa\u00edas Xanteco Ahuejote, ambos integrantes de la Polic\u00eda Comunitaria en las comunidades nahuas de Tula y Xicotl\u00e1n, el primero de ellos comandante, promotores del CIPOG\u2013EZ y\u2026","rel":"","context":"En &quot;CINTILLO&quot;","block_context":{"text":"CINTILLO","link":"http:\/\/www.grieta.org.mx\/index.php\/category\/cintillo\/"},"img":{"alt_text":"","src":"https:\/\/i0.wp.com\/www.grieta.org.mx\/wp-content\/uploads\/2019\/06\/defensas-comunitarias.png?resize=350%2C200","width":350,"height":200,"srcset":"https:\/\/i0.wp.com\/www.grieta.org.mx\/wp-content\/uploads\/2019\/06\/defensas-comunitarias.png?resize=350%2C200 1x, https:\/\/i0.wp.com\/www.grieta.org.mx\/wp-content\/uploads\/2019\/06\/defensas-comunitarias.png?resize=525%2C300 1.5x"},"classes":[]}],"_links":{"self":[{"href":"http:\/\/www.grieta.org.mx\/index.php\/wp-json\/wp\/v2\/posts\/34648","targetHints":{"allow":["GET"]}}],"collection":[{"href":"http:\/\/www.grieta.org.mx\/index.php\/wp-json\/wp\/v2\/posts"}],"about":[{"href":"http:\/\/www.grieta.org.mx\/index.php\/wp-json\/wp\/v2\/types\/post"}],"author":[{"embeddable":true,"href":"http:\/\/www.grieta.org.mx\/index.php\/wp-json\/wp\/v2\/users\/1"}],"replies":[{"embeddable":true,"href":"http:\/\/www.grieta.org.mx\/index.php\/wp-json\/wp\/v2\/comments?post=34648"}],"version-history":[{"count":1,"href":"http:\/\/www.grieta.org.mx\/index.php\/wp-json\/wp\/v2\/posts\/34648\/revisions"}],"predecessor-version":[{"id":34680,"href":"http:\/\/www.grieta.org.mx\/index.php\/wp-json\/wp\/v2\/posts\/34648\/revisions\/34680"}],"wp:featuredmedia":[{"embeddable":true,"href":"http:\/\/www.grieta.org.mx\/index.php\/wp-json\/wp\/v2\/media\/34649"}],"wp:attachment":[{"href":"http:\/\/www.grieta.org.mx\/index.php\/wp-json\/wp\/v2\/media?parent=34648"}],"wp:term":[{"taxonomy":"category","embeddable":true,"href":"http:\/\/www.grieta.org.mx\/index.php\/wp-json\/wp\/v2\/categories?post=34648"},{"taxonomy":"post_tag","embeddable":true,"href":"http:\/\/www.grieta.org.mx\/index.php\/wp-json\/wp\/v2\/tags?post=34648"}],"curies":[{"name":"wp","href":"https:\/\/api.w.org\/{rel}","templated":true}]}}