{"id":34584,"date":"2019-03-14T00:56:03","date_gmt":"2019-03-14T06:56:03","guid":{"rendered":"http:\/\/www.grieta.org.mx\/?p=34584"},"modified":"2019-06-11T01:00:12","modified_gmt":"2019-06-11T06:00:12","slug":"hallan-mas-fosas-en-rio-blanco-podria-haber-mas-cuerpos-veracruz","status":"publish","type":"post","link":"http:\/\/www.grieta.org.mx\/index.php\/2019\/03\/14\/hallan-mas-fosas-en-rio-blanco-podria-haber-mas-cuerpos-veracruz\/","title":{"rendered":"Hallan m\u00e1s fosas en R\u00edo Blanco; podr\u00eda haber m\u00e1s cuerpos (Veracruz)"},"content":{"rendered":"<p><img loading=\"lazy\" decoding=\"async\" data-attachment-id=\"34585\" data-permalink=\"http:\/\/www.grieta.org.mx\/index.php\/2019\/03\/14\/hallan-mas-fosas-en-rio-blanco-podria-haber-mas-cuerpos-veracruz\/7d578570-cca7-4ae7-9153-960469383247-1160x700\/\" data-orig-file=\"http:\/\/www.grieta.org.mx\/wp-content\/uploads\/2019\/06\/7D578570-CCA7-4AE7-9153-960469383247-1160x700.jpeg\" data-orig-size=\"1160,700\" data-comments-opened=\"0\" data-image-meta=\"{&quot;aperture&quot;:&quot;0&quot;,&quot;credit&quot;:&quot;&quot;,&quot;camera&quot;:&quot;&quot;,&quot;caption&quot;:&quot;&quot;,&quot;created_timestamp&quot;:&quot;0&quot;,&quot;copyright&quot;:&quot;&quot;,&quot;focal_length&quot;:&quot;0&quot;,&quot;iso&quot;:&quot;0&quot;,&quot;shutter_speed&quot;:&quot;0&quot;,&quot;title&quot;:&quot;&quot;,&quot;orientation&quot;:&quot;0&quot;}\" data-image-title=\"7D578570-CCA7-4AE7-9153-960469383247-1160&amp;#215;700\" data-image-description=\"\" data-image-caption=\"\" data-medium-file=\"http:\/\/www.grieta.org.mx\/wp-content\/uploads\/2019\/06\/7D578570-CCA7-4AE7-9153-960469383247-1160x700-300x181.jpeg\" data-large-file=\"http:\/\/www.grieta.org.mx\/wp-content\/uploads\/2019\/06\/7D578570-CCA7-4AE7-9153-960469383247-1160x700-1024x618.jpeg\" class=\"alignleft wp-image-34585\" src=\"http:\/\/www.grieta.org.mx\/wp-content\/uploads\/2019\/06\/7D578570-CCA7-4AE7-9153-960469383247-1160x700-1024x618.jpeg\" alt=\"\" width=\"819\" height=\"494\" srcset=\"http:\/\/www.grieta.org.mx\/wp-content\/uploads\/2019\/06\/7D578570-CCA7-4AE7-9153-960469383247-1160x700-1024x618.jpeg 1024w, http:\/\/www.grieta.org.mx\/wp-content\/uploads\/2019\/06\/7D578570-CCA7-4AE7-9153-960469383247-1160x700-300x181.jpeg 300w, http:\/\/www.grieta.org.mx\/wp-content\/uploads\/2019\/06\/7D578570-CCA7-4AE7-9153-960469383247-1160x700-768x463.jpeg 768w, http:\/\/www.grieta.org.mx\/wp-content\/uploads\/2019\/06\/7D578570-CCA7-4AE7-9153-960469383247-1160x700-829x500.jpeg 829w, http:\/\/www.grieta.org.mx\/wp-content\/uploads\/2019\/06\/7D578570-CCA7-4AE7-9153-960469383247-1160x700.jpeg 1160w\" sizes=\"auto, (max-width: 819px) 100vw, 819px\" \/><\/p>\n<p>Patricia Libonatti \/ Quadrat\u00edn Veracruz<\/p>\n<p>R\u00cdO BLANCO, Ver., 14 de marzo de 2019.- Tras el hallazgo de cuatro cuerpos m\u00e1s, los trabajos de b\u00fasqueda continuar\u00e1n por tiempo indefinido en Los Arenales, de la colonia Venustiano Carranza de R\u00edo Blanco, ya que se han detectado otras fosas y el n\u00famero de cuerpos podr\u00eda aumentar. As\u00ed lo dio a conocer Aracely Salcedo Jim\u00e9nez, representa del Colectivo de Familiares de Desparecidos de la zona C\u00f3rdoba y Orizaba, quien destac\u00f3 que siguen un camino sinuosos y doloroso, pero es necesario continuar con la b\u00fasqueda, pues en las fosas que se est\u00e1n trabajando ya dieron positivo con el hallazgo de restos humanos. Dijo que actualmente se trabaja en cuatro fosas donde fueron localizados cuatro cuerpos m\u00e1s cercenados, y apunt\u00f3 que las est\u00e1n separadas por tres o cuatro metros una de a otra; en el lugar ya est\u00e1 presente personal especializo en criminal\u00edstica, binomios caninos y arque\u00f3logos.<\/p>\n<p><a href=\"https:\/\/veracruz.quadratin.com.mx\/hallan-mas-fosas-en-rio-blanco-podria-haber-mas-cuerpos\/\">https:\/\/veracruz.quadratin.com.mx\/hallan-mas-fosas-en-rio-blanco-podria-haber-mas-cuerpos\/<\/a><\/p>\n","protected":false},"excerpt":{"rendered":"<p>Patricia Libonatti \/ Quadrat\u00edn Veracruz R\u00cdO BLANCO, Ver., 14 de marzo de 2019.- Tras el hallazgo de cuatro cuerpos m\u00e1s, los trabajos de b\u00fasqueda continuar\u00e1n por tiempo indefinido en Los &hellip; <a href=\"http:\/\/www.grieta.org.mx\/index.php\/2019\/03\/14\/hallan-mas-fosas-en-rio-blanco-podria-haber-mas-cuerpos-veracruz\/\" class=\"more-link\">Leer m\u00e1s<\/a><\/p>\n","protected":false},"author":2,"featured_media":34585,"comment_status":"closed","ping_status":"closed","sticky":false,"template":"","format":"standard","meta":{"ngg_post_thumbnail":0,"_jetpack_newsletter_access":"","_jetpack_dont_email_post_to_subs":false,"_jetpack_newsletter_tier_id":0,"_jetpack_memberships_contains_paywalled_content":false,"_jetpack_memberships_contains_paid_content":false,"footnotes":""},"categories":[80,87,1012,2,83,35],"tags":[856,2485],"class_list":["post-34584","post","type-post","status-publish","format-standard","has-post-thumbnail","hentry","category-cintillo","category-desaparecidos","category-desaparecidos-en-veracruz","category-noticias-nacionales","category-temas-nacionales","category-veracruz","tag-fosas-clandestinas","tag-rastreadoras","entry"],"jetpack_featured_media_url":"http:\/\/www.grieta.org.mx\/wp-content\/uploads\/2019\/06\/7D578570-CCA7-4AE7-9153-960469383247-1160x700.jpeg","jetpack_sharing_enabled":true,"jetpack_shortlink":"https:\/\/wp.me\/p7ZJR4-8ZO","jetpack_likes_enabled":false,"jetpack-related-posts":[{"id":31081,"url":"http:\/\/www.grieta.org.mx\/index.php\/2019\/03\/12\/buscan-fosas-clandestinas-a-lado-de-basurero-en-veracruz\/","url_meta":{"origin":34584,"position":0},"title":"Buscan fosas clandestinas a lado de basurero en Veracruz","author":"grieta","date":"12 marzo, 2019","format":false,"excerpt":"Redacci\u00f3n \/ 24morelos El Colectivo Solecito Veracruzano inform\u00f3 que se comenz\u00f3 la b\u00fasqueda de fosas clandestinas a un lado del basurero municipal de Veracruz conocida como \u201cKil\u00f3metro 13 y medio\u201d. Con esta, ser\u00edan ya tres b\u00fasquedas en esta zona. Familiares de desaparecidos declararon que el acceso se ha complicado ya\u2026","rel":"","context":"En &quot;CINTILLO&quot;","block_context":{"text":"CINTILLO","link":"http:\/\/www.grieta.org.mx\/index.php\/category\/cintillo\/"},"img":{"alt_text":"","src":"https:\/\/i0.wp.com\/www.grieta.org.mx\/wp-content\/uploads\/2019\/03\/fosas.png?resize=350%2C200","width":350,"height":200,"srcset":"https:\/\/i0.wp.com\/www.grieta.org.mx\/wp-content\/uploads\/2019\/03\/fosas.png?resize=350%2C200 1x, https:\/\/i0.wp.com\/www.grieta.org.mx\/wp-content\/uploads\/2019\/03\/fosas.png?resize=525%2C300 1.5x, https:\/\/i0.wp.com\/www.grieta.org.mx\/wp-content\/uploads\/2019\/03\/fosas.png?resize=700%2C400 2x"},"classes":[]},{"id":44276,"url":"http:\/\/www.grieta.org.mx\/index.php\/2020\/02\/11\/encuentran-seis-cuerpos-en-cuatro-fosas-clandestinas-fiscalia-no-informa-colima\/","url_meta":{"origin":34584,"position":1},"title":"Encuentran seis cuerpos en cuatro fosas clandestinas, Fiscal\u00eda no informa (Colima)","author":"grieta","date":"11 febrero, 2020","format":false,"excerpt":"Foto: Especial Redacci\u00f3n \/ Diario Avanzada Colima, M\u00e9xico, Avanzada (11\/02\/2020).- Pese a que desde el domingo pasado concluyeron los trabajos de excavaci\u00f3n de fosas en los manglares aleda\u00f1os al balneario El Chupadero, la Fiscal\u00eda General del Estado (FGE) guard\u00f3 silencio sobre el hallazgo de cuatro cad\u00e1veres en esa zona. La\u2026","rel":"","context":"En &quot;CINTILLO&quot;","block_context":{"text":"CINTILLO","link":"http:\/\/www.grieta.org.mx\/index.php\/category\/cintillo\/"},"img":{"alt_text":"","src":"https:\/\/i0.wp.com\/www.grieta.org.mx\/wp-content\/uploads\/2020\/02\/fosas-clandestinas-tecoman-colima-personas-desaparecidas-colectivo-osamentas-cuerpo-640x400.jpg?resize=350%2C200","width":350,"height":200,"srcset":"https:\/\/i0.wp.com\/www.grieta.org.mx\/wp-content\/uploads\/2020\/02\/fosas-clandestinas-tecoman-colima-personas-desaparecidas-colectivo-osamentas-cuerpo-640x400.jpg?resize=350%2C200 1x, https:\/\/i0.wp.com\/www.grieta.org.mx\/wp-content\/uploads\/2020\/02\/fosas-clandestinas-tecoman-colima-personas-desaparecidas-colectivo-osamentas-cuerpo-640x400.jpg?resize=525%2C300 1.5x"},"classes":[]},{"id":33137,"url":"http:\/\/www.grieta.org.mx\/index.php\/2019\/04\/30\/colectivos-desentierran-esperanzas-de-fosas-clandestinas-en-veracruz\/","url_meta":{"origin":34584,"position":2},"title":"Colectivos desentierran esperanzas de fosas clandestinas en Veracruz","author":"grieta","date":"30 abril, 2019","format":false,"excerpt":"Redacci\u00f3n \/ Notimex El olor a muerte que emana del suelo es la se\u00f1al irrefutable del hallazgo de una fosa clandestina. Envueltos en bolsas de basura, se exhumaron 298 cuerpos del Ejido de San Juli\u00e1n en el municipio de Veracruz, entre 2016 y 2018, los cuales se encontraron gracias a\u2026","rel":"","context":"En &quot;CINTILLO&quot;","block_context":{"text":"CINTILLO","link":"http:\/\/www.grieta.org.mx\/index.php\/category\/cintillo\/"},"img":{"alt_text":"","src":"https:\/\/i0.wp.com\/www.grieta.org.mx\/wp-content\/uploads\/2019\/05\/proxy.duckduckgo.com_.jpg?resize=350%2C200","width":350,"height":200,"srcset":"https:\/\/i0.wp.com\/www.grieta.org.mx\/wp-content\/uploads\/2019\/05\/proxy.duckduckgo.com_.jpg?resize=350%2C200 1x, https:\/\/i0.wp.com\/www.grieta.org.mx\/wp-content\/uploads\/2019\/05\/proxy.duckduckgo.com_.jpg?resize=525%2C300 1.5x, https:\/\/i0.wp.com\/www.grieta.org.mx\/wp-content\/uploads\/2019\/05\/proxy.duckduckgo.com_.jpg?resize=700%2C400 2x, https:\/\/i0.wp.com\/www.grieta.org.mx\/wp-content\/uploads\/2019\/05\/proxy.duckduckgo.com_.jpg?resize=1050%2C600 3x, https:\/\/i0.wp.com\/www.grieta.org.mx\/wp-content\/uploads\/2019\/05\/proxy.duckduckgo.com_.jpg?resize=1400%2C800 4x"},"classes":[]},{"id":36340,"url":"http:\/\/www.grieta.org.mx\/index.php\/2019\/07\/02\/inician-trabajos-de-busqueda-de-cuerpos-en-mega-fosa-del-norte-de-veracruz\/","url_meta":{"origin":34584,"position":3},"title":"Inician trabajos de b\u00fasqueda de cuerpos en mega fosa del norte de Veracruz","author":"grieta","date":"2 julio, 2019","format":false,"excerpt":"Edgar \u00c1vila \/ El Universal -En los \u00faltimos ocho a\u00f1os suman de manera oficial al menos 601 fosas clandestinas en territorio veracruzano, con 518 cuerpos, 560 cr\u00e1neos y 53 mil 606 fragmentos de cuerpos de personas, tanto hombres, mujeres y ni\u00f1os Autoridades ministeriales, de manera conjunta con visitadores de derechos\u2026","rel":"","context":"En &quot;CINTILLO&quot;","block_context":{"text":"CINTILLO","link":"http:\/\/www.grieta.org.mx\/index.php\/category\/cintillo\/"},"img":{"alt_text":"","src":"https:\/\/i0.wp.com\/www.grieta.org.mx\/wp-content\/uploads\/2019\/07\/https-_www.eluniversal.com_.mx_sites_default_files_styles_f03-651x400_public_2019_07_02_fosas_univ.jpg-itokDIKFWbHf.jpg?resize=350%2C200","width":350,"height":200,"srcset":"https:\/\/i0.wp.com\/www.grieta.org.mx\/wp-content\/uploads\/2019\/07\/https-_www.eluniversal.com_.mx_sites_default_files_styles_f03-651x400_public_2019_07_02_fosas_univ.jpg-itokDIKFWbHf.jpg?resize=350%2C200 1x, https:\/\/i0.wp.com\/www.grieta.org.mx\/wp-content\/uploads\/2019\/07\/https-_www.eluniversal.com_.mx_sites_default_files_styles_f03-651x400_public_2019_07_02_fosas_univ.jpg-itokDIKFWbHf.jpg?resize=525%2C300 1.5x"},"classes":[]},{"id":71021,"url":"http:\/\/www.grieta.org.mx\/index.php\/2025\/02\/12\/enero-de-2024-con-8-fosas-clandestinas-jalisco\/","url_meta":{"origin":34584,"position":4},"title":"Enero de 2024, con 8 fosas clandestinas (Jalisco)","author":"grieta","date":"12 febrero, 2025","format":false,"excerpt":"Imagen: Archivo NTR\/JAM Lauro Rodr\u00edguez \/ El Diario NTR La Vicefiscal\u00eda en Personas Desaparecidas actualiz\u00f3 el Registro de Sitios de Inhumaci\u00f3n Clandestina y en \u00e9ste se documentan ocho hallazgos realizados en enero de este a\u00f1o. De esas fosas se extrajo a un total de 11 cuerpos, pero apenas uno ha\u2026","rel":"","context":"En &quot;CINTILLO&quot;","block_context":{"text":"CINTILLO","link":"http:\/\/www.grieta.org.mx\/index.php\/category\/cintillo\/"},"img":{"alt_text":"","src":"https:\/\/i0.wp.com\/www.grieta.org.mx\/wp-content\/uploads\/2025\/02\/2025-02-11_11-02-08___2110.jpg?resize=350%2C200","width":350,"height":200,"srcset":"https:\/\/i0.wp.com\/www.grieta.org.mx\/wp-content\/uploads\/2025\/02\/2025-02-11_11-02-08___2110.jpg?resize=350%2C200 1x, https:\/\/i0.wp.com\/www.grieta.org.mx\/wp-content\/uploads\/2025\/02\/2025-02-11_11-02-08___2110.jpg?resize=525%2C300 1.5x, https:\/\/i0.wp.com\/www.grieta.org.mx\/wp-content\/uploads\/2025\/02\/2025-02-11_11-02-08___2110.jpg?resize=700%2C400 2x"},"classes":[]},{"id":64706,"url":"http:\/\/www.grieta.org.mx\/index.php\/2022\/08\/05\/jovenes-buscadores-acusan-a-autoridades-de-no-concluir-extraccion-de-cuerpos-en-fosas-jalisco\/","url_meta":{"origin":34584,"position":5},"title":"J\u00f3venes Buscadores acusan a autoridades de no concluir extracci\u00f3n de cuerpos en fosas (Jalisco)","author":"grieta","date":"5 agosto, 2022","format":false,"excerpt":"busFoto: Cortes\u00eda Madres Buscadoras de Sonora Lauro Rodr\u00edguez \/ El Diario NTR Los J\u00f3venes Buscadores de Jalisco acusaron que las autoridades del gobierno de Jalisco dejan inconclusa la extracci\u00f3n de cuerpos en las fosas clandestinas que son localizadas durante los trabajos de las brigadas de los colectivos. Precisaron que muestra\u2026","rel":"","context":"En &quot;CINTILLO&quot;","block_context":{"text":"CINTILLO","link":"http:\/\/www.grieta.org.mx\/index.php\/category\/cintillo\/"},"img":{"alt_text":"","src":"https:\/\/i0.wp.com\/www.grieta.org.mx\/wp-content\/uploads\/2022\/08\/2022-08-05_11-08-14___4667.jpg?resize=350%2C200","width":350,"height":200,"srcset":"https:\/\/i0.wp.com\/www.grieta.org.mx\/wp-content\/uploads\/2022\/08\/2022-08-05_11-08-14___4667.jpg?resize=350%2C200 1x, https:\/\/i0.wp.com\/www.grieta.org.mx\/wp-content\/uploads\/2022\/08\/2022-08-05_11-08-14___4667.jpg?resize=525%2C300 1.5x, https:\/\/i0.wp.com\/www.grieta.org.mx\/wp-content\/uploads\/2022\/08\/2022-08-05_11-08-14___4667.jpg?resize=700%2C400 2x"},"classes":[]}],"_links":{"self":[{"href":"http:\/\/www.grieta.org.mx\/index.php\/wp-json\/wp\/v2\/posts\/34584","targetHints":{"allow":["GET"]}}],"collection":[{"href":"http:\/\/www.grieta.org.mx\/index.php\/wp-json\/wp\/v2\/posts"}],"about":[{"href":"http:\/\/www.grieta.org.mx\/index.php\/wp-json\/wp\/v2\/types\/post"}],"author":[{"embeddable":true,"href":"http:\/\/www.grieta.org.mx\/index.php\/wp-json\/wp\/v2\/users\/2"}],"replies":[{"embeddable":true,"href":"http:\/\/www.grieta.org.mx\/index.php\/wp-json\/wp\/v2\/comments?post=34584"}],"version-history":[{"count":1,"href":"http:\/\/www.grieta.org.mx\/index.php\/wp-json\/wp\/v2\/posts\/34584\/revisions"}],"predecessor-version":[{"id":34587,"href":"http:\/\/www.grieta.org.mx\/index.php\/wp-json\/wp\/v2\/posts\/34584\/revisions\/34587"}],"wp:featuredmedia":[{"embeddable":true,"href":"http:\/\/www.grieta.org.mx\/index.php\/wp-json\/wp\/v2\/media\/34585"}],"wp:attachment":[{"href":"http:\/\/www.grieta.org.mx\/index.php\/wp-json\/wp\/v2\/media?parent=34584"}],"wp:term":[{"taxonomy":"category","embeddable":true,"href":"http:\/\/www.grieta.org.mx\/index.php\/wp-json\/wp\/v2\/categories?post=34584"},{"taxonomy":"post_tag","embeddable":true,"href":"http:\/\/www.grieta.org.mx\/index.php\/wp-json\/wp\/v2\/tags?post=34584"}],"curies":[{"name":"wp","href":"https:\/\/api.w.org\/{rel}","templated":true}]}}