{"id":34544,"date":"2019-06-07T23:38:52","date_gmt":"2019-06-08T04:38:52","guid":{"rendered":"http:\/\/www.grieta.org.mx\/?p=34544"},"modified":"2019-06-10T23:41:50","modified_gmt":"2019-06-11T04:41:50","slug":"militares-catean-base-de-ruta-por-almacenar-huachicol-pero-resulto-ser-legal-en-morelos","status":"publish","type":"post","link":"http:\/\/www.grieta.org.mx\/index.php\/2019\/06\/07\/militares-catean-base-de-ruta-por-almacenar-huachicol-pero-resulto-ser-legal-en-morelos\/","title":{"rendered":"Militares catean base de ruta por almacenar huachicol, pero result\u00f3 ser legal, en Morelos"},"content":{"rendered":"<p><img loading=\"lazy\" decoding=\"async\" data-attachment-id=\"34545\" data-permalink=\"http:\/\/www.grieta.org.mx\/index.php\/2019\/06\/07\/militares-catean-base-de-ruta-por-almacenar-huachicol-pero-resulto-ser-legal-en-morelos\/operativo_contra_huachicol_gasolina_legal_morelos\/\" data-orig-file=\"http:\/\/www.grieta.org.mx\/wp-content\/uploads\/2019\/06\/operativo_contra_huachicol_gasolina_legal_morelos.jpg\" data-orig-size=\"689,388\" data-comments-opened=\"0\" data-image-meta=\"{&quot;aperture&quot;:&quot;0&quot;,&quot;credit&quot;:&quot;&quot;,&quot;camera&quot;:&quot;&quot;,&quot;caption&quot;:&quot;&quot;,&quot;created_timestamp&quot;:&quot;0&quot;,&quot;copyright&quot;:&quot;&quot;,&quot;focal_length&quot;:&quot;0&quot;,&quot;iso&quot;:&quot;0&quot;,&quot;shutter_speed&quot;:&quot;0&quot;,&quot;title&quot;:&quot;&quot;,&quot;orientation&quot;:&quot;0&quot;}\" data-image-title=\"operativo_contra_huachicol_gasolina_legal_morelos\" data-image-description=\"\" data-image-caption=\"\" data-medium-file=\"http:\/\/www.grieta.org.mx\/wp-content\/uploads\/2019\/06\/operativo_contra_huachicol_gasolina_legal_morelos-300x169.jpg\" data-large-file=\"http:\/\/www.grieta.org.mx\/wp-content\/uploads\/2019\/06\/operativo_contra_huachicol_gasolina_legal_morelos.jpg\" src=\"http:\/\/www.grieta.org.mx\/wp-content\/uploads\/2019\/06\/operativo_contra_huachicol_gasolina_legal_morelos.jpg\" alt=\"\" width=\"689\" height=\"388\" class=\"alignleft size-full wp-image-34545\" srcset=\"http:\/\/www.grieta.org.mx\/wp-content\/uploads\/2019\/06\/operativo_contra_huachicol_gasolina_legal_morelos.jpg 689w, http:\/\/www.grieta.org.mx\/wp-content\/uploads\/2019\/06\/operativo_contra_huachicol_gasolina_legal_morelos-300x169.jpg 300w\" sizes=\"auto, (max-width: 689px) 100vw, 689px\" \/><\/p>\n<p>Carlos de la Fuente \/ El Gr\u00e1fico<\/p>\n<p><strong>Al sitio arribaron l\u00edderes transportistas, quienes se\u00f1alaron que la diligencia era irregular, y que el combustible que adquieren es de manera legal <\/strong><\/p>\n<p>JIUTEPEC.\u2014 Por una denuncia de acopio de hidrocarburos, autoridades federales realizaron un cateo en la base de la Ruta 17, ubicada en la colonia Otilio Monta\u00f1o.<\/p>\n<p>El jueves a las 13:00 horas, personal de la Secretar\u00eda de la Defensa Nacional (Sedena), de la Fiscal\u00eda General de la Republica (FGR) y del Mando \u00danico arrib\u00f3 hasta la calle Jalisco y pidi\u00f3 a los choferes de las unidades salir del sitio, debido a que se llevar\u00eda a cabo una diligencia.<\/p>\n<p>Luego del desalojo, los agentes comenzaron a revisar un dep\u00f3sito, en donde los directivos de la Ruta 17 almacenaban por lo menos diez mil litros del combustible, el cual utilizan para abastecer las unidades, seg\u00fan indicaron.<\/p>\n<p>Al sitio arribaron l\u00edderes transportistas, quienes se\u00f1alaron que la diligencia era irregular, y que el combustible que adquieren es de manera legal, ya que cuentan con sus comprobantes fiscales correspondientes.<\/p>\n<p>\u201cNo es la \u00fanica organizaci\u00f3n que tiene autoconsumo, casi un 90 por ciento de todas las rutas de la zona centro estamos consumiendo con la finalidad de abaratar los precios del combustible y hay empresas que se dedican a la venta del combustible, pero tenemos las autorizaciones y tenemos los permisos\u201d, expres\u00f3 Dagoberto Rivera, presidente de la federaci\u00f3n del transporte.<\/p>\n<p>Al t\u00e9rmino del operativo, las autoridades federales y estatales se retiraron, sin asegurar alg\u00fan inmueble.<\/p>\n<p><a href=\"https:\/\/www.elgrafico.mx\/la-roja\/militares-catean-base-de-ruta-por-almacenar-huachicol-pero-resulto-ser-legal-en-morelos\">https:\/\/www.elgrafico.mx\/la-roja\/militares-catean-base-de-ruta-por-almacenar-huachicol-pero-resulto-ser-legal-en-morelos<\/a><\/p>\n","protected":false},"excerpt":{"rendered":"<p>Carlos de la Fuente \/ El Gr\u00e1fico Al sitio arribaron l\u00edderes transportistas, quienes se\u00f1alaron que la diligencia era irregular, y que el combustible que adquieren es de manera legal JIUTEPEC.\u2014 &hellip; <a href=\"http:\/\/www.grieta.org.mx\/index.php\/2019\/06\/07\/militares-catean-base-de-ruta-por-almacenar-huachicol-pero-resulto-ser-legal-en-morelos\/\" class=\"more-link\">Leer m\u00e1s<\/a><\/p>\n","protected":false},"author":2,"featured_media":34545,"comment_status":"closed","ping_status":"closed","sticky":false,"template":"","format":"standard","meta":{"ngg_post_thumbnail":0,"_jetpack_newsletter_access":"","_jetpack_dont_email_post_to_subs":false,"_jetpack_newsletter_tier_id":0,"_jetpack_memberships_contains_paywalled_content":false,"_jetpack_memberships_contains_paid_content":false,"footnotes":""},"categories":[80,1901,22,2,1626],"tags":[1787,614],"class_list":["post-34544","post","type-post","status-publish","format-standard","has-post-thumbnail","hentry","category-cintillo","category-militarizacion-en-morelos","category-morelos","category-noticias-nacionales","category-violencia-de-las-fuerzas-represivas-en-morelos","tag-huachicoleros","tag-militarizacion","entry"],"jetpack_featured_media_url":"http:\/\/www.grieta.org.mx\/wp-content\/uploads\/2019\/06\/operativo_contra_huachicol_gasolina_legal_morelos.jpg","jetpack_sharing_enabled":true,"jetpack_shortlink":"https:\/\/wp.me\/p7ZJR4-8Za","jetpack_likes_enabled":false,"jetpack-related-posts":[{"id":47049,"url":"http:\/\/www.grieta.org.mx\/index.php\/2020\/04\/01\/frente-de-pueblos-exige-reunion-con-enagas-por-gasoducto-morelos-puebla-morelos\/","url_meta":{"origin":34544,"position":0},"title":"Frente de Pueblos exige reuni\u00f3n con Enagas por gasoducto Morelos (Puebla, Morelos)","author":"Admin","date":"1 abril, 2020","format":false,"excerpt":"Redacci\u00f3n \/ \u00c1ngulo 7 El Frente de Pueblos en Defensa de la Tierra y Agua Morelos, Puebla, Tlaxcala (Fpdtampt) exigi\u00f3, por segunda vez, a la espa\u00f1ola Enagas, una reuni\u00f3n para pedir que desista al Proyecto Integral Morelos (PIM), pues el gasoducto significar\u00eda una violaci\u00f3n grave a los derechos humanos. La\u2026","rel":"","context":"En &quot;CINTILLO&quot;","block_context":{"text":"CINTILLO","link":"http:\/\/www.grieta.org.mx\/index.php\/category\/cintillo\/"},"img":{"alt_text":"","src":"https:\/\/i0.wp.com\/www.grieta.org.mx\/wp-content\/uploads\/2020\/04\/ductos-proyecto-integral-morelos-gasoducto.jpg?resize=350%2C200","width":350,"height":200,"srcset":"https:\/\/i0.wp.com\/www.grieta.org.mx\/wp-content\/uploads\/2020\/04\/ductos-proyecto-integral-morelos-gasoducto.jpg?resize=350%2C200 1x, https:\/\/i0.wp.com\/www.grieta.org.mx\/wp-content\/uploads\/2020\/04\/ductos-proyecto-integral-morelos-gasoducto.jpg?resize=525%2C300 1.5x"},"classes":[]},{"id":30607,"url":"http:\/\/www.grieta.org.mx\/index.php\/2019\/03\/07\/anuncian-arribo-de-fuerzas-federales-a-morelos\/","url_meta":{"origin":34544,"position":1},"title":"Anuncian arribo de fuerzas federales a Morelos","author":"grieta","date":"7 marzo, 2019","format":false,"excerpt":"H\u00e9ctor Ra\u00fal Gonz\u00e1lez \/ La silla rota Esta semana Blanco Bravo reconoci\u00f3 un incremento en la incidencia delictiva en la entidad que gobierna y solicit\u00f3 en consecuencia el apoyo del gobierno federal MORELOS (La Silla Rota).- El gobierno de Andr\u00e9s Manuel L\u00f3pez Obrador respondi\u00f3 a la solicitud del gobernador Cuauht\u00e9moc\u2026","rel":"","context":"En &quot;CINTILLO&quot;","block_context":{"text":"CINTILLO","link":"http:\/\/www.grieta.org.mx\/index.php\/category\/cintillo\/"},"img":{"alt_text":"","src":"https:\/\/i0.wp.com\/www.grieta.org.mx\/wp-content\/uploads\/2019\/03\/secretariogobiernomorelos-focus-min0.07-0.51-480-345.jpg?resize=350%2C200","width":350,"height":200},"classes":[]},{"id":34161,"url":"http:\/\/www.grieta.org.mx\/index.php\/2019\/05\/29\/construiran-en-morelos-27-bases-de-operacion-para-la-guardia-nacional\/","url_meta":{"origin":34544,"position":2},"title":"Construir\u00e1n en Morelos 27 bases de operaci\u00f3n para la Guardia Nacional","author":"grieta","date":"29 mayo, 2019","format":false,"excerpt":"Jos\u00e9 Luis Brito \/ Proceso CUERNAVACA, Mor. (apro).- El secretario de Gobierno Pablo Ojeda C\u00e1rdenas inform\u00f3 que Morelos ser\u00e1 uno de los primeros estados en los que actuar\u00e1 la Guardia Nacional, y para ello se construir\u00e1n 27 bases de operaci\u00f3n y m\u00f3dulos de vigilancia. En entrevista, el funcionario asegur\u00f3 que\u2026","rel":"","context":"En &quot;CINTILLO&quot;","block_context":{"text":"CINTILLO","link":"http:\/\/www.grieta.org.mx\/index.php\/category\/cintillo\/"},"img":{"alt_text":"","src":"https:\/\/i0.wp.com\/www.grieta.org.mx\/wp-content\/uploads\/2019\/06\/01e4771ff2994be3fc-190502_militares_mpr2-1-1078x808.jpg?resize=350%2C200","width":350,"height":200,"srcset":"https:\/\/i0.wp.com\/www.grieta.org.mx\/wp-content\/uploads\/2019\/06\/01e4771ff2994be3fc-190502_militares_mpr2-1-1078x808.jpg?resize=350%2C200 1x, https:\/\/i0.wp.com\/www.grieta.org.mx\/wp-content\/uploads\/2019\/06\/01e4771ff2994be3fc-190502_militares_mpr2-1-1078x808.jpg?resize=525%2C300 1.5x, https:\/\/i0.wp.com\/www.grieta.org.mx\/wp-content\/uploads\/2019\/06\/01e4771ff2994be3fc-190502_militares_mpr2-1-1078x808.jpg?resize=700%2C400 2x, https:\/\/i0.wp.com\/www.grieta.org.mx\/wp-content\/uploads\/2019\/06\/01e4771ff2994be3fc-190502_militares_mpr2-1-1078x808.jpg?resize=1050%2C600 3x"},"classes":[]},{"id":28515,"url":"http:\/\/www.grieta.org.mx\/index.php\/2019\/01\/08\/policias-de-transito-tambien-van-a-guardia-nacional-en-morelos\/","url_meta":{"origin":34544,"position":3},"title":"Polic\u00edas de Tr\u00e1nsito tambi\u00e9n van a Guardia Nacional en Morelos","author":"grieta","date":"8 enero, 2019","format":false,"excerpt":"H\u00e9ctor Gonz\u00e1lez \/ La silla rota CUERNAVACA, MORELOS.- La estrategia de seguridad aplicada en Morelos seguir\u00e1 la l\u00ednea establecida por el gobierno de Andr\u00e9s Manuel L\u00f3pez Obrador: Guardia Nacional y Polic\u00eda de Mando \u00danico, a la que adem\u00e1s se sumar\u00e1n los agentes de Tr\u00e1nsito y Vialidad, dijo Jos\u00e9 Manuel Sanz,\u2026","rel":"","context":"En &quot;CINTILLO&quot;","block_context":{"text":"CINTILLO","link":"http:\/\/www.grieta.org.mx\/index.php\/category\/cintillo\/"},"img":{"alt_text":"","src":"https:\/\/i0.wp.com\/www.grieta.org.mx\/wp-content\/uploads\/2019\/01\/mandounicomorelos-focus-0-0-480-345.jpg?resize=350%2C200","width":350,"height":200},"classes":[]},{"id":31684,"url":"http:\/\/www.grieta.org.mx\/index.php\/2019\/03\/26\/establecera-guardia-nacional-27-bases-en-morelos\/","url_meta":{"origin":34544,"position":4},"title":"Establecer\u00e1 Guardia Nacional 27 bases en Morelos","author":"grieta","date":"26 marzo, 2019","format":false,"excerpt":"Guillermo Tapia \/ Diario de Morelos Cuautla, Morelos.- Se coordinar\u00e1 la Guardia Nacional con el Mando Coordinado en Morelos, ya que se establecer\u00e1n 27 bases de operaci\u00f3n en la entidad, se\u00f1al\u00f3 el secretario de Gobierno, Pablo Ojeda C\u00e1rdenas. La organizaci\u00f3n se dar\u00e1 luego de que entre en vigor la reforma\u2026","rel":"","context":"En &quot;CINTILLO&quot;","block_context":{"text":"CINTILLO","link":"http:\/\/www.grieta.org.mx\/index.php\/category\/cintillo\/"},"img":{"alt_text":"","src":"https:\/\/i0.wp.com\/www.grieta.org.mx\/wp-content\/uploads\/2019\/04\/27-bases-guardia-nacional-Morelos-260319.jpg?resize=350%2C200","width":350,"height":200,"srcset":"https:\/\/i0.wp.com\/www.grieta.org.mx\/wp-content\/uploads\/2019\/04\/27-bases-guardia-nacional-Morelos-260319.jpg?resize=350%2C200 1x, https:\/\/i0.wp.com\/www.grieta.org.mx\/wp-content\/uploads\/2019\/04\/27-bases-guardia-nacional-Morelos-260319.jpg?resize=525%2C300 1.5x, https:\/\/i0.wp.com\/www.grieta.org.mx\/wp-content\/uploads\/2019\/04\/27-bases-guardia-nacional-Morelos-260319.jpg?resize=700%2C400 2x"},"classes":[]},{"id":32513,"url":"http:\/\/www.grieta.org.mx\/index.php\/2019\/04\/25\/marinos-regresan-a-morelos-10-anos-despues-del-operativo-donde-murio-arturo-beltran-leyva\/","url_meta":{"origin":34544,"position":5},"title":"Marinos regresan a Morelos 10 a\u00f1os despu\u00e9s del operativo donde muri\u00f3 Arturo Beltr\u00e1n Leyva","author":"grieta","date":"25 abril, 2019","format":false,"excerpt":"Ver\u00f3nica Bcaz \/ El Financiero El Gobierno de Morelos confirm\u00f3, sin especificar el n\u00famero, la llegada de elementos de la Marina tras hechos violentos en el estado. El Gobierno de Morelos confirm\u00f3 este jueves el arribo de elementos de la Secretar\u00eda de Marina (Semar) al estado, tras los hechos violentos\u2026","rel":"","context":"En &quot;CINTILLO&quot;","block_context":{"text":"CINTILLO","link":"http:\/\/www.grieta.org.mx\/index.php\/category\/cintillo\/"},"img":{"alt_text":"","src":"https:\/\/i0.wp.com\/www.grieta.org.mx\/wp-content\/uploads\/2019\/04\/116ce3668c1556216983_standard_desktop_medium_retina.jpeg?resize=350%2C200","width":350,"height":200,"srcset":"https:\/\/i0.wp.com\/www.grieta.org.mx\/wp-content\/uploads\/2019\/04\/116ce3668c1556216983_standard_desktop_medium_retina.jpeg?resize=350%2C200 1x, https:\/\/i0.wp.com\/www.grieta.org.mx\/wp-content\/uploads\/2019\/04\/116ce3668c1556216983_standard_desktop_medium_retina.jpeg?resize=525%2C300 1.5x, https:\/\/i0.wp.com\/www.grieta.org.mx\/wp-content\/uploads\/2019\/04\/116ce3668c1556216983_standard_desktop_medium_retina.jpeg?resize=700%2C400 2x, https:\/\/i0.wp.com\/www.grieta.org.mx\/wp-content\/uploads\/2019\/04\/116ce3668c1556216983_standard_desktop_medium_retina.jpeg?resize=1050%2C600 3x"},"classes":[]}],"_links":{"self":[{"href":"http:\/\/www.grieta.org.mx\/index.php\/wp-json\/wp\/v2\/posts\/34544","targetHints":{"allow":["GET"]}}],"collection":[{"href":"http:\/\/www.grieta.org.mx\/index.php\/wp-json\/wp\/v2\/posts"}],"about":[{"href":"http:\/\/www.grieta.org.mx\/index.php\/wp-json\/wp\/v2\/types\/post"}],"author":[{"embeddable":true,"href":"http:\/\/www.grieta.org.mx\/index.php\/wp-json\/wp\/v2\/users\/2"}],"replies":[{"embeddable":true,"href":"http:\/\/www.grieta.org.mx\/index.php\/wp-json\/wp\/v2\/comments?post=34544"}],"version-history":[{"count":1,"href":"http:\/\/www.grieta.org.mx\/index.php\/wp-json\/wp\/v2\/posts\/34544\/revisions"}],"predecessor-version":[{"id":34546,"href":"http:\/\/www.grieta.org.mx\/index.php\/wp-json\/wp\/v2\/posts\/34544\/revisions\/34546"}],"wp:featuredmedia":[{"embeddable":true,"href":"http:\/\/www.grieta.org.mx\/index.php\/wp-json\/wp\/v2\/media\/34545"}],"wp:attachment":[{"href":"http:\/\/www.grieta.org.mx\/index.php\/wp-json\/wp\/v2\/media?parent=34544"}],"wp:term":[{"taxonomy":"category","embeddable":true,"href":"http:\/\/www.grieta.org.mx\/index.php\/wp-json\/wp\/v2\/categories?post=34544"},{"taxonomy":"post_tag","embeddable":true,"href":"http:\/\/www.grieta.org.mx\/index.php\/wp-json\/wp\/v2\/tags?post=34544"}],"curies":[{"name":"wp","href":"https:\/\/api.w.org\/{rel}","templated":true}]}}