{"id":34493,"date":"2019-06-02T22:18:46","date_gmt":"2019-06-03T03:18:46","guid":{"rendered":"http:\/\/www.grieta.org.mx\/?p=34493"},"modified":"2019-06-09T22:25:46","modified_gmt":"2019-06-10T03:25:46","slug":"puerta-abierta-a-inmobiliarias-para-realizar-desalojos-ciudad-de-mexico","status":"publish","type":"post","link":"http:\/\/www.grieta.org.mx\/index.php\/2019\/06\/02\/puerta-abierta-a-inmobiliarias-para-realizar-desalojos-ciudad-de-mexico\/","title":{"rendered":"Puerta abierta a inmobiliarias para realizar desalojos (Ciudad de M\u00e9xico)"},"content":{"rendered":"<p><img loading=\"lazy\" decoding=\"async\" data-attachment-id=\"34494\" data-permalink=\"http:\/\/www.grieta.org.mx\/index.php\/2019\/06\/02\/puerta-abierta-a-inmobiliarias-para-realizar-desalojos-ciudad-de-mexico\/pdp_art60_010619_fs-1140x570\/\" data-orig-file=\"http:\/\/www.grieta.org.mx\/wp-content\/uploads\/2019\/06\/PDP_ART60_010619_FS-1140x570.jpg\" data-orig-size=\"1140,570\" data-comments-opened=\"0\" data-image-meta=\"{&quot;aperture&quot;:&quot;1.8&quot;,&quot;credit&quot;:&quot;&quot;,&quot;camera&quot;:&quot;NIKON D3300&quot;,&quot;caption&quot;:&quot;&quot;,&quot;created_timestamp&quot;:&quot;1559221028&quot;,&quot;copyright&quot;:&quot;&quot;,&quot;focal_length&quot;:&quot;50&quot;,&quot;iso&quot;:&quot;200&quot;,&quot;shutter_speed&quot;:&quot;0.000625&quot;,&quot;title&quot;:&quot;&quot;,&quot;orientation&quot;:&quot;0&quot;}\" data-image-title=\"PDP_ART60_010619_FS-1140&amp;#215;570\" data-image-description=\"\" data-image-caption=\"\" data-medium-file=\"http:\/\/www.grieta.org.mx\/wp-content\/uploads\/2019\/06\/PDP_ART60_010619_FS-1140x570-300x150.jpg\" data-large-file=\"http:\/\/www.grieta.org.mx\/wp-content\/uploads\/2019\/06\/PDP_ART60_010619_FS-1140x570-1024x512.jpg\" src=\"http:\/\/www.grieta.org.mx\/wp-content\/uploads\/2019\/06\/PDP_ART60_010619_FS-1140x570-1024x512.jpg\" alt=\"\" width=\"824\" height=\"312\" class=\"alignleft size-large wp-image-34494\" \/><\/p>\n<p>Texto y Fotos: Arturo Contreras Camero\/Pie de P\u00e1gina<\/p>\n<blockquote><p>Los cambios que hizo el Congreso de la ciudad al art\u00edculo 60 de la Ley de Derechos Humanos afectan a personas que son despojadas ilegalmente de sus hogares por mafias inmobiliarias<\/p><\/blockquote>\n<p>Una persona saca una libreta de la mochila, una m\u00e1s ya tiene las recomendaciones de la ONU sobre desalojos en su celular, otros hablan por tel\u00e9fono y coordinan acciones estrat\u00e9gicas. En segundos este grupo de vecinos monta una improvisada mesa de trabajo en pleno vest\u00edbulo del congreso de la ciudad de M\u00e9xico. Intentan, desesperadamente, evitar lo que viene.<\/p>\n<p>Momentos antes, en un saloncito atiborrado de reporteros, representantes de banqueros, notarios y vecinos; 20 diputados acordaron los cambios al art\u00edculo 60 de la Ley Constitucional de Derechos Humanos. Una Ley que los propios vecinos, la mayor\u00eda de ellos v\u00edctimas de desalojos forzados, hab\u00edan cuidado e impulsado.<\/p>\n<p>La reforma a este art\u00edculo y la discusi\u00f3n que provoc\u00f3 en el recinto legislativo y su aprobaci\u00f3n se ve\u00eda venir desde hace unas semanas, cuando el art\u00edculo 60 salt\u00f3 a la palestra de la mano de Ignacio Morales Lechuga, exProcurador General de la Rep\u00fablica en el gobierno de Carlos Salinas de Gortari y titular de la Notaria 116 en la Ciudad de M\u00e9xico.<\/p>\n<p>La semana pasada, en un art\u00edculo publicado en El Universal, Morales Lechuga asegur\u00f3 que dicha ley permit\u00eda a invasores de edificios, paracaidistas, hacerse legalmente de un inmueble: El derecho a invadir, lo que se avecina.<\/p>\n<p>De ah\u00ed, la desinformaci\u00f3n creci\u00f3; en pocos d\u00edas, en la radio y la televisi\u00f3n hablaban de que este art\u00edculo vulnera la propiedad privada, que era una ley hecha para los paracaidistas. Nada m\u00e1s lejos de la verdad.<\/p>\n<p>El art\u00edculo 60 se promulg\u00f3 el 8 de febrero de 2019, junto con el resto de la Ley Constitucional de Derechos Humanos de la Ciudad, una de las \u00fanicas leyes de ese tipo en el mundo. El art\u00edculo busca proteger a las personas v\u00edctimas de desalojos forzosos.<\/p>\n<p>Para ilustrarlo, nada mejor que el caso de Rufina Galindo, habitante de Zapata 46, en el centro hist\u00f3rico. Ella ha vivido ah\u00ed por m\u00e1s de 60 a\u00f1os, y pagaba renta como cualquier inquilino. Hasta que un d\u00eda, la due\u00f1a del edificio desapareci\u00f3 y no hubo m\u00e1s a qui\u00e9n pagar la renta.<\/p>\n<p>Su edificio qued\u00f3 da\u00f1ado en el sismo del 85, por lo que a\u00f1os despu\u00e9s, en 2002, con el rescate del Centro Hist\u00f3rico el Instituto de Vivienda quiso expropiar el edificio, y la due\u00f1a, ausente por a\u00f1os, apareci\u00f3 para evitarlo, por lo que se inici\u00f3 un juicio. A mitad del litigio, la due\u00f1a falleci\u00f3 y el edificio qued\u00f3 intestado.<\/p>\n<p>Sin embargo, uno de los empleados de la due\u00f1a apareci\u00f3 14 a\u00f1os despu\u00e9s, ostent\u00e1ndose como heredero leg\u00edtimo. Pretend\u00eda reclamar el edificio, y como legalmente no lo ha logrado, ha operado pol\u00edticamente para promover desalojos con documentos ap\u00f3crifos en los que incluso particip\u00f3 la polic\u00eda de la ciudad.<\/p>\n<p><img loading=\"lazy\" decoding=\"async\" data-attachment-id=\"34495\" data-permalink=\"http:\/\/www.grieta.org.mx\/index.php\/2019\/06\/02\/puerta-abierta-a-inmobiliarias-para-realizar-desalojos-ciudad-de-mexico\/pdp_art60_010619_ac\/\" data-orig-file=\"http:\/\/www.grieta.org.mx\/wp-content\/uploads\/2019\/06\/PDP_ART60_010619_AC.jpg\" data-orig-size=\"1067,800\" data-comments-opened=\"0\" data-image-meta=\"{&quot;aperture&quot;:&quot;2&quot;,&quot;credit&quot;:&quot;&quot;,&quot;camera&quot;:&quot;XT1635-02&quot;,&quot;caption&quot;:&quot;&quot;,&quot;created_timestamp&quot;:&quot;1559294953&quot;,&quot;copyright&quot;:&quot;&quot;,&quot;focal_length&quot;:&quot;4.68&quot;,&quot;iso&quot;:&quot;64&quot;,&quot;shutter_speed&quot;:&quot;0.005&quot;,&quot;title&quot;:&quot;&quot;,&quot;orientation&quot;:&quot;0&quot;}\" data-image-title=\"PDP_ART60_010619_AC\" data-image-description=\"\" data-image-caption=\"\" data-medium-file=\"http:\/\/www.grieta.org.mx\/wp-content\/uploads\/2019\/06\/PDP_ART60_010619_AC-300x225.jpg\" data-large-file=\"http:\/\/www.grieta.org.mx\/wp-content\/uploads\/2019\/06\/PDP_ART60_010619_AC-1024x768.jpg\" src=\"http:\/\/www.grieta.org.mx\/wp-content\/uploads\/2019\/06\/PDP_ART60_010619_AC-1024x768.jpg\" alt=\"\" width=\"824\" height=\"568\" class=\"alignleft size-large wp-image-34495\" \/><\/p>\n<p>Hoy Rufina vive en un edificio rodeada de cargadores y golpeadores que diario la amedrentan y a su familia para dejar el edificio.<\/p>\n<p>Intentos como estos han tapizado la ciudad en los \u00faltimos a\u00f1os. El pasado 1 de marzo Ernestina Godoy, procuradora General de Justicia de la Ciudad, inform\u00f3 que existen 3 mil carpetas de investigaci\u00f3n abiertas por el delito de despojo. De 2011 a 2016 la misma Procuradur\u00eda recibi\u00f3 18 mil 690 denuncias por ese delito<\/p>\n<p>En la mayor\u00eda de estos casos, hay muchas irregularidades. Por eso Rufina es de las vecinas que acudieron el viernes al congreso de la Ciudad, a intentar impedir que la ley, por la que tanto trabaj\u00f3, fuera modificada.<\/p>\n<p>El art\u00edculo cuestionado<br \/>\nDesde que se public\u00f3, el art\u00edculo 60 de la ley de Derechos Humanos de la ciudad caus\u00f3 furor.<\/p>\n<p>La primera semana, diputados de Morena quisieron modificarlo, y de alguna manera, suavizarlo. Originalmente la ley estipulaba que ning\u00fan desalojo podr\u00eda realizarse de forma extraordinaria, y que de suceder, ser\u00eda responsabilidad de las autoridades competentes asegurar el derecho a la vivienda de los afectados, por lo que el Estado deber\u00eda reinstalarlos en un domicilio dentro de un radio de 15 kil\u00f3metros de donde fueron desplazados.<\/p>\n<p>Tras el cambio, solo dec\u00eda que las autoridades deber\u00edan garantizar el derecho a la vivienda de los afectados dentro de sus capacidades.<\/p>\n<p>En otras palabras, ese art\u00edculo obligaba a las autoridades locales a tomar medidas legales y judiciales para que una persona desalojada se puediera oponer legalmente y defender su vivienda. Algunos diputados aseguraron que vulneraba la propiedad privada.<\/p>\n<p>\u00bfC\u00f3mo? De acuerdo con la diputada Mar\u00eda Guadalupe Morales, del PAN, la redacci\u00f3n del art\u00edculo presentaba una gran ambig\u00fcedad.<\/p>\n<p>\u201cEn la ley no aparece el concepto de desplazamiento forzado ni a qu\u00e9 se refiere\u201d, dice en entrevista.<\/p>\n<p>\u201cCualquiera le da la interpretaci\u00f3n que dese\u00e9. Aunque hay tratados internacionales, y declaraciones de la ONU respecto de lo que significa el desalojo forzoso, al no precisarlo en nuestra ley, se queda abierto a la interpretaci\u00f3n de cualquiera\u201d, asegura.<\/p>\n<p>\u201cAunque un juez haya dictado una sentencia favorable para realizar un desalojo, este no se podr\u00eda llevar a cabo si no hab\u00eda una garant\u00eda de la autoridad competente de que ya hab\u00eda un espacio de realojamiento a las personas desalojadas\u201d.<\/p>\n<p>Mar\u00eda Guadalupa Morales, diputada del PAN<br \/>\nLos vecinos dicen que el art\u00edculo estaba enfocado a defenderlos contra juicios y \u00f3rdenes de desalojo falsas, y ahora se sienten desprotegidos. Morales no lo cree as\u00ed.<\/p>\n<p>\u201c\u00bfC\u00f3mo se pueden defender? Pues, teniendo abogados, \u00bfno? Teniendo gente que te est\u00e9 asesorando\u201d, dice. \u201cAl final de cuentas, existe la defensor\u00eda de oficio, y si no fuiste citado, si no est\u00e1s en un proceso y no fuiste condenado, y de repente te llegan, es obvio que hay algo irregular ah\u00ed, y para eso existe la ley y la posibilidad de presentar las denuncias correspondientes\u201d.<\/p>\n<p>La mayor\u00eda de los vecinos son testigos de c\u00f3mo notarios, jueces y empresas inmobiliarias logran, mediante d\u00e1divas y mordidas, logran crear juicios falsos y dict\u00e1menes corruptos que parecen legalmente v\u00e1lidos. C\u00f3mo defenderse en un sistema corrupto, donde lo que importa es el dinero, se preguntan.<\/p>\n<p><img loading=\"lazy\" decoding=\"async\" data-attachment-id=\"34496\" data-permalink=\"http:\/\/www.grieta.org.mx\/index.php\/2019\/06\/02\/puerta-abierta-a-inmobiliarias-para-realizar-desalojos-ciudad-de-mexico\/pdp_art60_010619_fs-2\/\" data-orig-file=\"http:\/\/www.grieta.org.mx\/wp-content\/uploads\/2019\/06\/PDP_ART60_010619_FS-2.jpg\" data-orig-size=\"1067,800\" data-comments-opened=\"0\" data-image-meta=\"{&quot;aperture&quot;:&quot;2.2&quot;,&quot;credit&quot;:&quot;&quot;,&quot;camera&quot;:&quot;iPhone 6&quot;,&quot;caption&quot;:&quot;&quot;,&quot;created_timestamp&quot;:&quot;1559221210&quot;,&quot;copyright&quot;:&quot;&quot;,&quot;focal_length&quot;:&quot;4.15&quot;,&quot;iso&quot;:&quot;32&quot;,&quot;shutter_speed&quot;:&quot;0.0008&quot;,&quot;title&quot;:&quot;&quot;,&quot;orientation&quot;:&quot;0&quot;}\" data-image-title=\"PDP_ART60_010619_FS-2\" data-image-description=\"\" data-image-caption=\"\" data-medium-file=\"http:\/\/www.grieta.org.mx\/wp-content\/uploads\/2019\/06\/PDP_ART60_010619_FS-2-300x225.jpg\" data-large-file=\"http:\/\/www.grieta.org.mx\/wp-content\/uploads\/2019\/06\/PDP_ART60_010619_FS-2-1024x768.jpg\" src=\"http:\/\/www.grieta.org.mx\/wp-content\/uploads\/2019\/06\/PDP_ART60_010619_FS-2-1024x768.jpg\" alt=\"\" width=\"824\" height=\"568\" class=\"alignleft size-large wp-image-34496\" \/><\/p>\n<p>Aunque el art\u00edculo 60 queda en la ley, la intenci\u00f3n tanto de legisladores panistas y perredistas, era eliminarlo de la ley. \u201cYo creo que esta es la mejor manera en la que pudo haber quedado\u201d, asegura la diputada. \u201cA nosotros nos hubiera gustado la derogaci\u00f3n completa, del art\u00edculo, pero bueno\u201d.<\/p>\n<p>La redacci\u00f3n final del art\u00edculo dice que \u201cninguna persona podr\u00e1 ser desalojada sin mandamiento judicial emitido de conformidad a las disposiciones constitucionales y legales al caso concreto\u201d, lo que ya estipulan las leyes de la ciudad.<\/p>\n<p>Adem\u00e1s, dice que las leyes en la materia establecer\u00e1n los procedimientos para respetar el derecho de audiencia, el debido proceso, y procurar la mediaci\u00f3n entre partes. Y que cualquier afectado por un desalojo podr\u00e1 solicitar la inclusi\u00f3n a los programas de vivienda de la ciudad, como cualquier otro ciudadano. Lo que tambi\u00e9n est\u00e1 estipulado ya en las leyes actuales.<\/p>\n<p>Votaci\u00f3n un\u00e1nime<br \/>\nMinutos despu\u00e9s de que los vecinos apostados en el vest\u00edbulo del congreso terminen sus apuntes para intentar salvar lo que queda del art\u00edculo 60 que ellos ayudaron a construir, se acerca un diputado.<\/p>\n<p>Es Tem\u00edstocles Villanueva, diputado del distrito que comprende a la alcald\u00eda Cuauht\u00e9moc, donde se han registrado la mayor\u00eda de los desalojos forzados en los \u00faltimos a\u00f1os. \u00c9l es tambi\u00e9n presidente de la comisi\u00f3n de Derechos Humanos, la encargada de la discusi\u00f3n y redacci\u00f3n de este art\u00edculo.<\/p>\n<p>Uno de los vecinos se acerca. No entiende qu\u00e9 est\u00e1 pasando, y quiere saber si hay algo que los diputados de Morena puedan hacer. Tal vez lanzar una reserva en el pleno y frenar la votaci\u00f3n. O que se posponga. Nada, la respuesta del diputado es negativa.<\/p>\n<p>Horas despu\u00e9s, el pleno de la c\u00e1mara, inclu\u00eddo el diputado Tem\u00edstocles, votar\u00edan por unanimidad el art\u00edculo. \u201cLo que nosotros buscamos era justamente blindar a las personas desalojadas de procesos arbitrarios, por eso modificamos la legislaci\u00f3n del art\u00edculo para que quedara como qued\u00f3\u201d, asegura Villanueva en entrevista previa a la votaci\u00f3n.<\/p>\n<p>\u00bfCree que sea un retroceso en la materia? Se le pregunta.<\/p>\n<p>\u201cSin duda, considero que no logramos un avance en la materia, pero al menos logramos visibilizar un tema, eso es importante\u201d, dice. Seg\u00fan \u00e9l, esta modificaci\u00f3n no desprotege a los vecinos, aunque para darle fuerza, habr\u00eda que modificar otros art\u00edculos de otras leyes en la materia.<\/p>\n<p>\u201cEl siguiente paso es modificar la ley de vivienda, adecuarla a como queda art\u00edculo\u201d. Se refiere al tercer p\u00e1rrafo, que estipula que aquel que sufra un desalojo forzado se podr\u00e1 acercar a los programas de vivienda del gobierno.<\/p>\n<p>\u201cEsto genera una obligaci\u00f3n al Congreso para modificar la ley de vivienda y crear un apartado que proteja a las personas desalojadas\u201d.<\/p>\n<p>No pone una fecha para hacerlo, ni siquiera da la impresi\u00f3n de que lo vaya a hacer. Asegura que habl\u00f3 con el diputado Fernando Aboitiz, del Partido Encuentro Social, quien asegura revisar\u00e1 la ley existente y tal vez, proponga un cambio.<\/p>\n<p>Poco a poco, los vecinos del vest\u00edbulo entienden que no les queda m\u00e1s por hacer y salen del edificio. Se despiden unos de otros y empiezan a retirarse.<\/p>\n<p>\u201cEl art\u00edculo 60, nos parece muy bien que lo hayamos trabajando por mucho tiempo para tener derecho a una vivienda\u201d dice antes de irse Albina, una ind\u00edgena Otom\u00ed que desde ocupa un edificio abandonado en la colonia Ju\u00e1rez junto con otras 44 personas.<\/p>\n<p>\u201cNo es justo que los diputados del PAN y del PRD nos digan que no tenemos derecho\u201d, sentencia.<\/p>\n<p>\u201cEllos dicen que no, porque sus inmobiliarias se van a la quiebra. Ellos quieren que las inmobiliarias se lleven sus ganancia, que se queden con los edificios\u201d.<\/p>\n<p>Claudia Sheinbaum, jeda de gobierno, se hab\u00eda pronunciado antes en contra de la modificaci\u00f3n de este art\u00edculo.<\/p>\n<p><a href=\"https:\/\/piedepagina.mx\/congreso-deja-abierta-la-puerta-a-inmobiliarias-para-realizar-desalojos\/\">https:\/\/piedepagina.mx\/congreso-deja-abierta-la-puerta-a-inmobiliarias-para-realizar-desalojos\/<\/a><\/p>\n","protected":false},"excerpt":{"rendered":"<p>Texto y Fotos: Arturo Contreras Camero\/Pie de P\u00e1gina Los cambios que hizo el Congreso de la ciudad al art\u00edculo 60 de la Ley de Derechos Humanos afectan a personas que &hellip; <a href=\"http:\/\/www.grieta.org.mx\/index.php\/2019\/06\/02\/puerta-abierta-a-inmobiliarias-para-realizar-desalojos-ciudad-de-mexico\/\" class=\"more-link\">Leer m\u00e1s<\/a><\/p>\n","protected":false},"author":2,"featured_media":34494,"comment_status":"closed","ping_status":"closed","sticky":false,"template":"","format":"standard","meta":{"ngg_post_thumbnail":0,"_jetpack_newsletter_access":"","_jetpack_dont_email_post_to_subs":false,"_jetpack_newsletter_tier_id":0,"_jetpack_memberships_contains_paywalled_content":false,"_jetpack_memberships_contains_paid_content":false,"footnotes":""},"categories":[80,14,1044,2615,2],"tags":[2616,184,2617],"class_list":["post-34493","post","type-post","status-publish","format-standard","has-post-thumbnail","hentry","category-cintillo","category-ciudad-de-mexico","category-desarrollos-inmobiliarios-en-la-ciudad-de-mexico","category-desalojos-en-la-ciudad-de-mexico","category-noticias-nacionales","tag-desalojos","tag-despojo","tag-ley-de-vivienda","entry"],"jetpack_featured_media_url":"http:\/\/www.grieta.org.mx\/wp-content\/uploads\/2019\/06\/PDP_ART60_010619_FS-1140x570.jpg","jetpack_sharing_enabled":true,"jetpack_shortlink":"https:\/\/wp.me\/p7ZJR4-8Yl","jetpack_likes_enabled":false,"jetpack-related-posts":[{"id":54519,"url":"http:\/\/www.grieta.org.mx\/index.php\/2019\/06\/02\/puerta-abierta-a-inmobiliarias-para-realizar-desalojos-ciudad-de-mexico-2\/","url_meta":{"origin":34493,"position":0},"title":"Puerta abierta a inmobiliarias para realizar desalojos (Ciudad de M\u00e9xico)","author":"grieta","date":"2 junio, 2019","format":false,"excerpt":"Texto y Fotos: Arturo Contreras Camero \/ Pie de P\u00e1gina Los cambios que hizo el Congreso de la ciudad al art\u00edculo 60 de la Ley de Derechos Humanos afectan a personas que son despojadas ilegalmente de sus hogares por mafias inmobiliarias Una persona saca una libreta de la mochila, una\u2026","rel":"","context":"En &quot;Abuso policiaco y tortura en la Ciudad de M\u00e9xico&quot;","block_context":{"text":"Abuso policiaco y tortura en la Ciudad de M\u00e9xico","link":"http:\/\/www.grieta.org.mx\/index.php\/category\/noticias-nacionales\/ciudad-de-mexico\/abuso-policiaco-y-tortura-en-la-ciudad-de-mexico\/"},"img":{"alt_text":"","src":"https:\/\/i0.wp.com\/www.grieta.org.mx\/wp-content\/uploads\/2020\/10\/Puerta-abierta-a-inmobiliarias-para-realizar-desalojos-cdmx-oct.jpg?resize=350%2C200","width":350,"height":200,"srcset":"https:\/\/i0.wp.com\/www.grieta.org.mx\/wp-content\/uploads\/2020\/10\/Puerta-abierta-a-inmobiliarias-para-realizar-desalojos-cdmx-oct.jpg?resize=350%2C200 1x, https:\/\/i0.wp.com\/www.grieta.org.mx\/wp-content\/uploads\/2020\/10\/Puerta-abierta-a-inmobiliarias-para-realizar-desalojos-cdmx-oct.jpg?resize=525%2C300 1.5x, https:\/\/i0.wp.com\/www.grieta.org.mx\/wp-content\/uploads\/2020\/10\/Puerta-abierta-a-inmobiliarias-para-realizar-desalojos-cdmx-oct.jpg?resize=700%2C400 2x, https:\/\/i0.wp.com\/www.grieta.org.mx\/wp-content\/uploads\/2020\/10\/Puerta-abierta-a-inmobiliarias-para-realizar-desalojos-cdmx-oct.jpg?resize=1050%2C600 3x"},"classes":[]},{"id":34503,"url":"http:\/\/www.grieta.org.mx\/index.php\/2019\/04\/15\/regular-alquileres-para-combatir-despojo-y-gentrificacion-ciudad-de-mexico\/","url_meta":{"origin":34493,"position":1},"title":"Regular alquileres para combatir despojo y gentrificaci\u00f3n (Ciudad de M\u00e9xico)","author":"grieta","date":"15 abril, 2019","format":false,"excerpt":"Texto e im\u00e1genes: Arturo Contreras Camero Un grupo de vecinos y organizaciones civiles por el derecho a la vivienda preparan una iniciativa de ley que busca proteger los derechos de quienes rentan una vivienda en la Ciudad de M\u00e9xico y combatir la gentrificaci\u00f3n CIUDAD DE M\u00c9XICO.- Vivir en la zona\u2026","rel":"","context":"En &quot;CINTILLO&quot;","block_context":{"text":"CINTILLO","link":"http:\/\/www.grieta.org.mx\/index.php\/category\/cintillo\/"},"img":{"alt_text":"","src":"https:\/\/i0.wp.com\/www.grieta.org.mx\/wp-content\/uploads\/2019\/06\/Emilio2-1140x570.jpg?resize=350%2C200","width":350,"height":200,"srcset":"https:\/\/i0.wp.com\/www.grieta.org.mx\/wp-content\/uploads\/2019\/06\/Emilio2-1140x570.jpg?resize=350%2C200 1x, https:\/\/i0.wp.com\/www.grieta.org.mx\/wp-content\/uploads\/2019\/06\/Emilio2-1140x570.jpg?resize=525%2C300 1.5x, https:\/\/i0.wp.com\/www.grieta.org.mx\/wp-content\/uploads\/2019\/06\/Emilio2-1140x570.jpg?resize=700%2C400 2x, https:\/\/i0.wp.com\/www.grieta.org.mx\/wp-content\/uploads\/2019\/06\/Emilio2-1140x570.jpg?resize=1050%2C600 3x"},"classes":[]},{"id":20157,"url":"http:\/\/www.grieta.org.mx\/index.php\/2016\/09\/06\/desalojos-violentos-de-viviendas-en-el-centro-historico-de-la-cdmx\/","url_meta":{"origin":34493,"position":2},"title":"Desalojos violentos de viviendas en el centro hist\u00f3rico de la CDMX","author":"grieta","date":"6 septiembre, 2016","format":false,"excerpt":"04\/09\/16. Granadas #130: o c\u00f3mo Banorte ejecuta desalojos en TepitoSomos el medio 27\/08\/16. Detienen a manifestante contra los desalojos en el centro hist\u00f3rico (CDMX)Somos el medio 25\/08\/16. Nuevo desalojo en el centro hist\u00f3rico: vecinos afectados se movilizan (CDMX)Somos el medio 24\/08\/16. \u00bfPor qu\u00e9 est\u00e1n los granaderos desalojando gente en el\u2026","rel":"","context":"En &quot;Ciudad de M\u00e9xico&quot;","block_context":{"text":"Ciudad de M\u00e9xico","link":"http:\/\/www.grieta.org.mx\/index.php\/category\/noticias-nacionales\/ciudad-de-mexico\/"},"img":{"alt_text":"","src":"https:\/\/i0.wp.com\/www.grieta.org.mx\/wp-content\/uploads\/2018\/03\/14524434_1106112876131411_958039263622046936_o.jpg?resize=350%2C200","width":350,"height":200,"srcset":"https:\/\/i0.wp.com\/www.grieta.org.mx\/wp-content\/uploads\/2018\/03\/14524434_1106112876131411_958039263622046936_o.jpg?resize=350%2C200 1x, https:\/\/i0.wp.com\/www.grieta.org.mx\/wp-content\/uploads\/2018\/03\/14524434_1106112876131411_958039263622046936_o.jpg?resize=525%2C300 1.5x, https:\/\/i0.wp.com\/www.grieta.org.mx\/wp-content\/uploads\/2018\/03\/14524434_1106112876131411_958039263622046936_o.jpg?resize=700%2C400 2x"},"classes":[]},{"id":38309,"url":"http:\/\/www.grieta.org.mx\/index.php\/2019\/08\/22\/desalojos-violentos-corrupcion-y-acoso-inmobiliario-dejan-a-familias-sin-casa-en-cdmx\/","url_meta":{"origin":34493,"position":3},"title":"Desalojos violentos, corrupci\u00f3n y acoso inmobiliario dejan a familias sin casa en CDMX","author":"grieta","date":"22 agosto, 2019","format":false,"excerpt":"Tania Casasola\/Animal Pol\u00edtico Supuestos due\u00f1os de departamentos que realizan mobbing (acoso) inmobiliario, juicios simulados, falsificaci\u00f3n de documentos, due\u00f1os que obligan a salir a inquilinos de la noche a la ma\u00f1ana bajo el argumento de que el edificio ser\u00e1 remodelado para convertirse en espacios de oficina o rentarlos en la plataforma\u2026","rel":"","context":"En &quot;CINTILLO&quot;","block_context":{"text":"CINTILLO","link":"http:\/\/www.grieta.org.mx\/index.php\/category\/cintillo\/"},"img":{"alt_text":"","src":"https:\/\/i0.wp.com\/www.grieta.org.mx\/wp-content\/uploads\/2018\/03\/14524434_1106112876131411_958039263622046936_o.jpg?resize=350%2C200","width":350,"height":200,"srcset":"https:\/\/i0.wp.com\/www.grieta.org.mx\/wp-content\/uploads\/2018\/03\/14524434_1106112876131411_958039263622046936_o.jpg?resize=350%2C200 1x, https:\/\/i0.wp.com\/www.grieta.org.mx\/wp-content\/uploads\/2018\/03\/14524434_1106112876131411_958039263622046936_o.jpg?resize=525%2C300 1.5x, https:\/\/i0.wp.com\/www.grieta.org.mx\/wp-content\/uploads\/2018\/03\/14524434_1106112876131411_958039263622046936_o.jpg?resize=700%2C400 2x"},"classes":[]},{"id":56689,"url":"http:\/\/www.grieta.org.mx\/index.php\/2021\/01\/19\/familias-acusan-desalojo-ilegal-en-predio-puebla-261-ciudad-de-mexico\/","url_meta":{"origin":34493,"position":4},"title":"Familias acusan desalojo ilegal en predio Puebla 261 (Ciudad de M\u00e9xico)","author":"grieta","date":"19 enero, 2021","format":false,"excerpt":"Guadalupe Res\u00e9ndiz tiene 70 a\u00f1os, vive en el n\u00famero 261 de la calle Puebla desde hace 42. Texto: Daniela Rea Fotos:\u00a0Mar\u00eda Ruiz Pie de P\u00e1gina En noviembre de 2020, pese a la pandemia, habitantes de un predio en la colonia Roma fueron desalojados por unos 100 polic\u00edas y 50 cargadores.\u2026","rel":"","context":"En &quot;Abuso policiaco y tortura en la Ciudad de M\u00e9xico&quot;","block_context":{"text":"Abuso policiaco y tortura en la Ciudad de M\u00e9xico","link":"http:\/\/www.grieta.org.mx\/index.php\/category\/noticias-nacionales\/ciudad-de-mexico\/abuso-policiaco-y-tortura-en-la-ciudad-de-mexico\/"},"img":{"alt_text":"","src":"https:\/\/i0.wp.com\/www.grieta.org.mx\/wp-content\/uploads\/2021\/02\/Familias-acusan-desalojo-ilegal-en-predio-Puebla-261-cdmx-feb.jpg?resize=350%2C200","width":350,"height":200,"srcset":"https:\/\/i0.wp.com\/www.grieta.org.mx\/wp-content\/uploads\/2021\/02\/Familias-acusan-desalojo-ilegal-en-predio-Puebla-261-cdmx-feb.jpg?resize=350%2C200 1x, https:\/\/i0.wp.com\/www.grieta.org.mx\/wp-content\/uploads\/2021\/02\/Familias-acusan-desalojo-ilegal-en-predio-Puebla-261-cdmx-feb.jpg?resize=525%2C300 1.5x, https:\/\/i0.wp.com\/www.grieta.org.mx\/wp-content\/uploads\/2021\/02\/Familias-acusan-desalojo-ilegal-en-predio-Puebla-261-cdmx-feb.jpg?resize=700%2C400 2x, https:\/\/i0.wp.com\/www.grieta.org.mx\/wp-content\/uploads\/2021\/02\/Familias-acusan-desalojo-ilegal-en-predio-Puebla-261-cdmx-feb.jpg?resize=1050%2C600 3x"},"classes":[]},{"id":38268,"url":"http:\/\/www.grieta.org.mx\/index.php\/2019\/08\/20\/desalojan-a-vecino-del-edificio-trevi-tenia-contrato-vigente-y-amparos-en-tramite\/","url_meta":{"origin":34493,"position":5},"title":"Desalojan a vecino del edificio Trevi, ten\u00eda contrato vigente y amparos en tr\u00e1mite","author":"grieta","date":"20 agosto, 2019","format":false,"excerpt":"Redacci\u00f3n\/ Animal Pol\u00edtico Acu\u00f1a dijo que el proceso judicial fue ilegal porque no le notificaron con cinco d\u00edas de anticipaci\u00f3n como lo indica la ley. Uno de los inquilinos del edificio Trevi, el periodista Carlos Acu\u00f1a, fue desalojado este martes a pesar de tener un contrato vigente, dos amparos en\u2026","rel":"","context":"En &quot;CINTILLO&quot;","block_context":{"text":"CINTILLO","link":"http:\/\/www.grieta.org.mx\/index.php\/category\/cintillo\/"},"img":{"alt_text":"","src":"https:\/\/i0.wp.com\/www.grieta.org.mx\/wp-content\/uploads\/2019\/08\/Captura-de-pantalla-2019-08-20-a-las-14.40.49.png?resize=350%2C200","width":350,"height":200},"classes":[]}],"_links":{"self":[{"href":"http:\/\/www.grieta.org.mx\/index.php\/wp-json\/wp\/v2\/posts\/34493","targetHints":{"allow":["GET"]}}],"collection":[{"href":"http:\/\/www.grieta.org.mx\/index.php\/wp-json\/wp\/v2\/posts"}],"about":[{"href":"http:\/\/www.grieta.org.mx\/index.php\/wp-json\/wp\/v2\/types\/post"}],"author":[{"embeddable":true,"href":"http:\/\/www.grieta.org.mx\/index.php\/wp-json\/wp\/v2\/users\/2"}],"replies":[{"embeddable":true,"href":"http:\/\/www.grieta.org.mx\/index.php\/wp-json\/wp\/v2\/comments?post=34493"}],"version-history":[{"count":1,"href":"http:\/\/www.grieta.org.mx\/index.php\/wp-json\/wp\/v2\/posts\/34493\/revisions"}],"predecessor-version":[{"id":34497,"href":"http:\/\/www.grieta.org.mx\/index.php\/wp-json\/wp\/v2\/posts\/34493\/revisions\/34497"}],"wp:featuredmedia":[{"embeddable":true,"href":"http:\/\/www.grieta.org.mx\/index.php\/wp-json\/wp\/v2\/media\/34494"}],"wp:attachment":[{"href":"http:\/\/www.grieta.org.mx\/index.php\/wp-json\/wp\/v2\/media?parent=34493"}],"wp:term":[{"taxonomy":"category","embeddable":true,"href":"http:\/\/www.grieta.org.mx\/index.php\/wp-json\/wp\/v2\/categories?post=34493"},{"taxonomy":"post_tag","embeddable":true,"href":"http:\/\/www.grieta.org.mx\/index.php\/wp-json\/wp\/v2\/tags?post=34493"}],"curies":[{"name":"wp","href":"https:\/\/api.w.org\/{rel}","templated":true}]}}