{"id":3445,"date":"2016-01-13T04:37:03","date_gmt":"2016-01-13T04:37:03","guid":{"rendered":"http:\/\/50.22.11.12\/~grietaor\/?p=3445"},"modified":"2016-03-15T04:37:37","modified_gmt":"2016-03-15T04:37:37","slug":"pueblo-otomi-natho-de-huitzizilapan-denuncian-compra-de-voto-para-proxima-asamblea-de-cambio-de-organo-comunal","status":"publish","type":"post","link":"http:\/\/www.grieta.org.mx\/index.php\/2016\/01\/13\/pueblo-otomi-natho-de-huitzizilapan-denuncian-compra-de-voto-para-proxima-asamblea-de-cambio-de-organo-comunal\/","title":{"rendered":"Pueblo otom\u00ed-\u00f1\u00e4tho de Huitzizilapan denuncian compra de voto para pr\u00f3xima asamblea de cambio de \u00f3rgano comunal"},"content":{"rendered":"<p>A los medios de comunicaci\u00f3n<\/p>\n<p>A los pueblos originarios y al Congreso Nacional Ind\u00edgena<\/p>\n<p>A la sociedad civil, organizaciones sociales y adherentes a La Sexta<\/p>\n<p>Nuestro pueblo ind\u00edgena otom\u00ed-\u00f1\u00e4tho eligi\u00f3 autoridades comunales que defender\u00e1n al pueblo, al territorio y al agua el pasado lunes 7 de diciembre de 2015. Lo hicimos a pesar del incumplimiento de la Comisi\u00f3n Nacional de Derechos Humanos (la cual se retir\u00f3 del lugar sin avisar a los habitantes) y la ausencia irresponsable de la Procuradur\u00eda Agraria divisi\u00f3n Estado de M\u00e9xico.<\/p>\n<p>Esta misma Procuradur\u00eda pretende realizar una nueva asamblea el d\u00eda lunes 18 de enero a pesar de que ya elegimos. Hacemos de su conocimiento que nuestro pueblo ind\u00edgena y sus comuneros s\u00ed asistir\u00e1n a esa asamblea; pero para ratificar al comisariado de la Planilla del Pueblo, elegido para proteger a la madre naturaleza y nuestra monta\u00f1a.<\/p>\n<p>Denunciamos que hay quienes ya quieren comprar conciencias rumbo a esta pr\u00f3xima asamblea.<\/p>\n<p>Comuneros testificaron que personas afines al ex comisariado pri\u00edsta Luis Enrique Dorantes y al municipio de Lerma reparten dos mil pesos por comunero para que en la asamblea del 18 de enero sea impuesta una planilla af\u00edn a partidos pol\u00edticos y al gobierno municipal.<\/p>\n<p>Desde hace 15 a\u00f1os, con la implementaci\u00f3n del padr\u00f3n agrario, s\u00f3lo un n\u00famero reducido de personas toma las decisiones que antes tomaba toda la comunidad.<\/p>\n<p>Desde entonces, las autoridades comunales imponen diversos programas en nuestro pueblo sin consultar a la poblaci\u00f3n. El peor de los ejemplos es la autopista Toluca-Naucalpan, concesionada por Enrique Pe\u00f1a Nieto cuando era gobernador a Grupo Higa de Armando Hinojosa Cant\u00fa. La constructora ya derrib\u00f3 seis hect\u00e1reas de \u00e1rboles en nuestro territorio que colinda con los hermanos de Xochicuautla y Ayotuxco.<\/p>\n<p>Tambi\u00e9n paramos recientemente tala disfrazada de aprovechamiento forestal, un cambio de uso de suelo y la posible municipalizaci\u00f3n del sistema de aguas comunal. De la misma manera, expulsamos a m\u00e1s de mil granaderos el pasado 6 de julio de 2014 que pretend\u00edan apoyar al ex comisariado en su intento de quitar a nuestro pueblo su patrimonio en otra asamblea ama\u00f1ada.<\/p>\n<p>Reiteramos que Huitzizilapan ya eligi\u00f3 a una planilla emanada de las 12 comunidades que integran su territorio. No permitiremos que el municipio de Lerma, Grupo Higa ni el PRI decidan por nuestra comunidad.<\/p>\n<p>Invitamos a los centros de derechos humanos independientes y a los medios de comunicaci\u00f3n a que asistan a la asamblea que se llevar\u00e1 a cabo en las Oficinas de Bienes Comunales de San Lorenzo Huitzizilapan el 18 de enero a las nueve de la ma\u00f1ana.<\/p>\n<p>Defender y difundir este caso es importante, pues de nuestras monta\u00f1as brota el agua y se eleva el aire con el que viven las ciudades de M\u00e9xico y Toluca.<\/p>\n<p>Nunca m\u00e1s un M\u00e9xico sin nosotros<\/p>\n<p>Comuneros de San Lorenzo Huitzizilapan, Lerma, Estado de M\u00e9xico<\/p>\n<p><a href=\"http:\/\/enlacezapatista.ezln.org.mx\/2016\/01\/13\/pueblo-otomi-natho-de-huitzizilapan-denuncian-compra-de-voto-para-proxima-asamblea-de-cambio-de-organo-comunal\/\" target=\"_blank\">http:\/\/enlacezapatista.ezln.org.mx\/2016\/01\/13\/pueblo-otomi-natho-de-huitzizilapan-denuncian-compra-de-voto-para-proxima-asamblea-de-cambio-de-organo-comunal\/<\/a><\/p>\n","protected":false},"excerpt":{"rendered":"<p>A los medios de comunicaci\u00f3n A los pueblos originarios y al Congreso Nacional Ind\u00edgena A la sociedad civil, organizaciones sociales y adherentes a La Sexta Nuestro pueblo ind\u00edgena otom\u00ed-\u00f1\u00e4tho eligi\u00f3 &hellip; <a href=\"http:\/\/www.grieta.org.mx\/index.php\/2016\/01\/13\/pueblo-otomi-natho-de-huitzizilapan-denuncian-compra-de-voto-para-proxima-asamblea-de-cambio-de-organo-comunal\/\" class=\"more-link\">Leer m\u00e1s<\/a><\/p>\n","protected":false},"author":2,"featured_media":21928,"comment_status":"closed","ping_status":"open","sticky":false,"template":"","format":"standard","meta":{"ngg_post_thumbnail":0,"_jetpack_newsletter_access":"","_jetpack_dont_email_post_to_subs":false,"_jetpack_newsletter_tier_id":0,"_jetpack_memberships_contains_paywalled_content":false,"_jetpack_memberships_contains_paid_content":false,"footnotes":""},"categories":[79],"tags":[],"class_list":["post-3445","post","type-post","status-publish","format-standard","has-post-thumbnail","hentry","category-cni","entry"],"jetpack_featured_media_url":"http:\/\/www.grieta.org.mx\/wp-content\/uploads\/2018\/03\/14524434_1106112876131411_958039263622046936_o.jpg","jetpack_sharing_enabled":true,"jetpack_shortlink":"https:\/\/wp.me\/p7ZJR4-Tz","jetpack_likes_enabled":false,"jetpack-related-posts":[{"id":3126,"url":"http:\/\/www.grieta.org.mx\/index.php\/2015\/08\/16\/frenan-en-xochicuautla-asamblea-donde-ofrecerian-dinero-por-expropiacion-de-epn\/","url_meta":{"origin":3445,"position":0},"title":"Frenan en Xochicuautla asamblea donde ofrecer\u00edan dinero por expropiaci\u00f3n de EPN","author":"grieta","date":"16 agosto, 2015","format":false,"excerpt":"Aldabi Olvera Un lunch compuesto por un jugo, una torta y un agua fue lo que el Comisariado de Bienes Comunales de Xochicuautla, \u00c1ngel Vald\u00e9z, reparti\u00f3 a los comuneros del barrio de La Concha durante una asamblea para que se aprobara el cobro de indemnizaci\u00f3n por el decreto emitido por\u2026","rel":"","context":"En &quot;CINTILLO&quot;","block_context":{"text":"CINTILLO","link":"http:\/\/www.grieta.org.mx\/index.php\/category\/cintillo\/"},"img":{"alt_text":"","src":"https:\/\/i0.wp.com\/www.grieta.org.mx\/wp-content\/uploads\/2018\/03\/14524434_1106112876131411_958039263622046936_o.jpg?resize=350%2C200","width":350,"height":200,"srcset":"https:\/\/i0.wp.com\/www.grieta.org.mx\/wp-content\/uploads\/2018\/03\/14524434_1106112876131411_958039263622046936_o.jpg?resize=350%2C200 1x, https:\/\/i0.wp.com\/www.grieta.org.mx\/wp-content\/uploads\/2018\/03\/14524434_1106112876131411_958039263622046936_o.jpg?resize=525%2C300 1.5x, https:\/\/i0.wp.com\/www.grieta.org.mx\/wp-content\/uploads\/2018\/03\/14524434_1106112876131411_958039263622046936_o.jpg?resize=700%2C400 2x"},"classes":[]},{"id":3079,"url":"http:\/\/www.grieta.org.mx\/index.php\/2015\/12\/08\/otomies-mexiquenses-de-huitzizilapan-eligen-autoridades-comunales-al-estilo-cheran\/","url_meta":{"origin":3445,"position":1},"title":"Otom\u00edes mexiquenses de Huitzizilapan eligen autoridades comunales al estilo Cher\u00e1n","author":"grieta","date":"8 diciembre, 2015","format":false,"excerpt":"Aldabi Olvera Trabajaron durante meses, visitaron a todos los comuneros, vocearon, pintaron paredes; ten\u00edan la fuerza para recuperar sus autoridades comunales, por lo que sospechaban de alg\u00fan movimiento del estado para provocar, para romper su asamblea. Pero de alguna manera pas\u00f3 al rev\u00e9s. El Estado no lleg\u00f3. Ni siquiera a\u2026","rel":"","context":"En &quot;CINTILLO&quot;","block_context":{"text":"CINTILLO","link":"http:\/\/www.grieta.org.mx\/index.php\/category\/cintillo\/"},"img":{"alt_text":"","src":"https:\/\/i0.wp.com\/www.grieta.org.mx\/wp-content\/uploads\/2018\/03\/14524434_1106112876131411_958039263622046936_o.jpg?resize=350%2C200","width":350,"height":200,"srcset":"https:\/\/i0.wp.com\/www.grieta.org.mx\/wp-content\/uploads\/2018\/03\/14524434_1106112876131411_958039263622046936_o.jpg?resize=350%2C200 1x, https:\/\/i0.wp.com\/www.grieta.org.mx\/wp-content\/uploads\/2018\/03\/14524434_1106112876131411_958039263622046936_o.jpg?resize=525%2C300 1.5x, https:\/\/i0.wp.com\/www.grieta.org.mx\/wp-content\/uploads\/2018\/03\/14524434_1106112876131411_958039263622046936_o.jpg?resize=700%2C400 2x"},"classes":[]},{"id":3078,"url":"http:\/\/www.grieta.org.mx\/index.php\/2016\/01\/19\/otomies-refrendan-autoridad-comunal-en-huitzizilapan-a-pesar-de-intentos-de-sabotaje\/","url_meta":{"origin":3445,"position":2},"title":"Otom\u00edes refrendan autoridad comunal en Huitzizilapan a pesar de intentos de sabotaje","author":"grieta","date":"19 enero, 2016","format":false,"excerpt":"Aldabi Olvera (San Lorenzo Huitzizilapan, Lerma, Estado de M\u00e9xico).- Ni la presencia de al menos seis camiones de granaderos del Estado de M\u00e9xico, ni el intento de frenar la postulaci\u00f3n del hoy comisariado Jos\u00e9 Luis Gonz\u00e1lez, ni si quiera el rumor de la compra de votos por parte de la\u2026","rel":"","context":"En &quot;CINTILLO&quot;","block_context":{"text":"CINTILLO","link":"http:\/\/www.grieta.org.mx\/index.php\/category\/cintillo\/"},"img":{"alt_text":"","src":"https:\/\/i0.wp.com\/www.grieta.org.mx\/wp-content\/uploads\/2018\/03\/14524434_1106112876131411_958039263622046936_o.jpg?resize=350%2C200","width":350,"height":200,"srcset":"https:\/\/i0.wp.com\/www.grieta.org.mx\/wp-content\/uploads\/2018\/03\/14524434_1106112876131411_958039263622046936_o.jpg?resize=350%2C200 1x, https:\/\/i0.wp.com\/www.grieta.org.mx\/wp-content\/uploads\/2018\/03\/14524434_1106112876131411_958039263622046936_o.jpg?resize=525%2C300 1.5x, https:\/\/i0.wp.com\/www.grieta.org.mx\/wp-content\/uploads\/2018\/03\/14524434_1106112876131411_958039263622046936_o.jpg?resize=700%2C400 2x"},"classes":[]},{"id":7677,"url":"http:\/\/www.grieta.org.mx\/index.php\/2015\/04\/20\/claves-de-la-alianza-otomi-natho-con-la-tribu-yaqui-en-semana-santa\/","url_meta":{"origin":3445,"position":3},"title":"Claves de la alianza otom\u00ed-\u00f1atho con la Tribu Yaqui en Semana Santa","author":"grieta","date":"20 abril, 2015","format":false,"excerpt":"M\u00e1s de 131 Por: Lilian Rivera y Aldabi Olvera Desde afuera: El lazo que vinimos a hacer (C\u00f3corit-V\u00edcam, Sonora).- Cuando los pueblos ind\u00edgenas otom\u00ed-\u00f1atho y nahua entraron a territorio yoeme, los yaquis dijeron que esta es la primera vez que otros indios los visitaban en su m\u00e1xima celebraci\u00f3n, la Semana\u2026","rel":"","context":"En &quot;CINTILLO&quot;","block_context":{"text":"CINTILLO","link":"http:\/\/www.grieta.org.mx\/index.php\/category\/cintillo\/"},"img":{"alt_text":"","src":"https:\/\/i0.wp.com\/www.grieta.org.mx\/wp-content\/uploads\/2018\/03\/14524434_1106112876131411_958039263622046936_o.jpg?resize=350%2C200","width":350,"height":200,"srcset":"https:\/\/i0.wp.com\/www.grieta.org.mx\/wp-content\/uploads\/2018\/03\/14524434_1106112876131411_958039263622046936_o.jpg?resize=350%2C200 1x, https:\/\/i0.wp.com\/www.grieta.org.mx\/wp-content\/uploads\/2018\/03\/14524434_1106112876131411_958039263622046936_o.jpg?resize=525%2C300 1.5x, https:\/\/i0.wp.com\/www.grieta.org.mx\/wp-content\/uploads\/2018\/03\/14524434_1106112876131411_958039263622046936_o.jpg?resize=700%2C400 2x"},"classes":[]},{"id":3097,"url":"http:\/\/www.grieta.org.mx\/index.php\/2015\/12\/03\/otomies-de-huitzi-exigen-a-eruviel-avila-no-entrometerse-en-proxima-eleccion-de-autoridades-comunales\/","url_meta":{"origin":3445,"position":4},"title":"Otom\u00edes de \u201cHuitzi\u201d exigen a Eruviel \u00c1vila no entrometerse en pr\u00f3xima elecci\u00f3n de autoridades comunales","author":"grieta","date":"3 diciembre, 2015","format":false,"excerpt":"Aldabi Olvera En v\u00edsperas de una asamblea que ya califican como hist\u00f3rica, integrantes del movimiento surgido en 2014 para la defensa del territorio, bosque y agua del pueblo otom\u00ed-\u00f1\u00e4tho de Huitzizilapan exigieron al gobierno del Estado de M\u00e9xico no entrometerse en la decisi\u00f3n que tomar\u00e1n para elegir a sus pr\u00f3ximas\u2026","rel":"","context":"En &quot;CINTILLO&quot;","block_context":{"text":"CINTILLO","link":"http:\/\/www.grieta.org.mx\/index.php\/category\/cintillo\/"},"img":{"alt_text":"","src":"https:\/\/i0.wp.com\/www.grieta.org.mx\/wp-content\/uploads\/2018\/03\/14524434_1106112876131411_958039263622046936_o.jpg?resize=350%2C200","width":350,"height":200,"srcset":"https:\/\/i0.wp.com\/www.grieta.org.mx\/wp-content\/uploads\/2018\/03\/14524434_1106112876131411_958039263622046936_o.jpg?resize=350%2C200 1x, https:\/\/i0.wp.com\/www.grieta.org.mx\/wp-content\/uploads\/2018\/03\/14524434_1106112876131411_958039263622046936_o.jpg?resize=525%2C300 1.5x, https:\/\/i0.wp.com\/www.grieta.org.mx\/wp-content\/uploads\/2018\/03\/14524434_1106112876131411_958039263622046936_o.jpg?resize=700%2C400 2x"},"classes":[]},{"id":3229,"url":"http:\/\/www.grieta.org.mx\/index.php\/2015\/07\/20\/presidente-de-mexico-despoja-por-decreto-a-indigenas-de-xochicuautla-para-megaproyecto-de-empresario-afin\/","url_meta":{"origin":3445,"position":5},"title":"Presidente de M\u00e9xico despoja por decreto a ind\u00edgenas de Xochicuautla para megaproyecto de empresario af\u00edn","author":"grieta","date":"20 julio, 2015","format":false,"excerpt":"Xochi Daniel Vargas Reverdeci\u00f3 el monte destruido. Ya nac\u00edan \u00e1rboles de capul\u00edn, pero los volvieron a destruir. A\u00fan as\u00ed reverdece con tenacidad, all\u00e1 enfrente, un paraje que se ve desde el \u201cCampamento de Paz de la Digna Resistencia\u201d de la comunidad otom\u00ed de Xochicuautla, ubicada en un frondoso bosque situado\u2026","rel":"","context":"En &quot;CINTILLO&quot;","block_context":{"text":"CINTILLO","link":"http:\/\/www.grieta.org.mx\/index.php\/category\/cintillo\/"},"img":{"alt_text":"","src":"https:\/\/i0.wp.com\/www.grieta.org.mx\/wp-content\/uploads\/2018\/03\/14524434_1106112876131411_958039263622046936_o.jpg?resize=350%2C200","width":350,"height":200,"srcset":"https:\/\/i0.wp.com\/www.grieta.org.mx\/wp-content\/uploads\/2018\/03\/14524434_1106112876131411_958039263622046936_o.jpg?resize=350%2C200 1x, https:\/\/i0.wp.com\/www.grieta.org.mx\/wp-content\/uploads\/2018\/03\/14524434_1106112876131411_958039263622046936_o.jpg?resize=525%2C300 1.5x, https:\/\/i0.wp.com\/www.grieta.org.mx\/wp-content\/uploads\/2018\/03\/14524434_1106112876131411_958039263622046936_o.jpg?resize=700%2C400 2x"},"classes":[]}],"_links":{"self":[{"href":"http:\/\/www.grieta.org.mx\/index.php\/wp-json\/wp\/v2\/posts\/3445","targetHints":{"allow":["GET"]}}],"collection":[{"href":"http:\/\/www.grieta.org.mx\/index.php\/wp-json\/wp\/v2\/posts"}],"about":[{"href":"http:\/\/www.grieta.org.mx\/index.php\/wp-json\/wp\/v2\/types\/post"}],"author":[{"embeddable":true,"href":"http:\/\/www.grieta.org.mx\/index.php\/wp-json\/wp\/v2\/users\/2"}],"replies":[{"embeddable":true,"href":"http:\/\/www.grieta.org.mx\/index.php\/wp-json\/wp\/v2\/comments?post=3445"}],"version-history":[{"count":1,"href":"http:\/\/www.grieta.org.mx\/index.php\/wp-json\/wp\/v2\/posts\/3445\/revisions"}],"predecessor-version":[{"id":3447,"href":"http:\/\/www.grieta.org.mx\/index.php\/wp-json\/wp\/v2\/posts\/3445\/revisions\/3447"}],"wp:featuredmedia":[{"embeddable":true,"href":"http:\/\/www.grieta.org.mx\/index.php\/wp-json\/wp\/v2\/media\/21928"}],"wp:attachment":[{"href":"http:\/\/www.grieta.org.mx\/index.php\/wp-json\/wp\/v2\/media?parent=3445"}],"wp:term":[{"taxonomy":"category","embeddable":true,"href":"http:\/\/www.grieta.org.mx\/index.php\/wp-json\/wp\/v2\/categories?post=3445"},{"taxonomy":"post_tag","embeddable":true,"href":"http:\/\/www.grieta.org.mx\/index.php\/wp-json\/wp\/v2\/tags?post=3445"}],"curies":[{"name":"wp","href":"https:\/\/api.w.org\/{rel}","templated":true}]}}