{"id":34429,"date":"2019-06-07T18:17:58","date_gmt":"2019-06-07T23:17:58","guid":{"rendered":"http:\/\/www.grieta.org.mx\/?p=34429"},"modified":"2019-06-07T18:21:10","modified_gmt":"2019-06-07T23:21:10","slug":"mensaje-a-la-feadle-en-sinaloa-los-periodistas-no-olvidamos-que-tenemos-una-cuenta-pendiente","status":"publish","type":"post","link":"http:\/\/www.grieta.org.mx\/index.php\/2019\/06\/07\/mensaje-a-la-feadle-en-sinaloa-los-periodistas-no-olvidamos-que-tenemos-una-cuenta-pendiente\/","title":{"rendered":"Mensaje a la Feadle: \u201cEn Sinaloa, los periodistas no olvidamos que tenemos una cuenta pendiente\u201d"},"content":{"rendered":"<p><img loading=\"lazy\" decoding=\"async\" data-attachment-id=\"34432\" data-permalink=\"http:\/\/www.grieta.org.mx\/index.php\/2019\/06\/07\/mensaje-a-la-feadle-en-sinaloa-los-periodistas-no-olvidamos-que-tenemos-una-cuenta-pendiente\/dav-5\/\" data-orig-file=\"http:\/\/www.grieta.org.mx\/wp-content\/uploads\/2019\/06\/7-de-junio.jpg\" data-orig-size=\"1200,628\" data-comments-opened=\"0\" data-image-meta=\"{&quot;aperture&quot;:&quot;2.2&quot;,&quot;credit&quot;:&quot;&quot;,&quot;camera&quot;:&quot;FIG-LX3&quot;,&quot;caption&quot;:&quot;dav&quot;,&quot;created_timestamp&quot;:&quot;1559899622&quot;,&quot;copyright&quot;:&quot;&quot;,&quot;focal_length&quot;:&quot;3.46&quot;,&quot;iso&quot;:&quot;400&quot;,&quot;shutter_speed&quot;:&quot;0.066666&quot;,&quot;title&quot;:&quot;dav&quot;,&quot;orientation&quot;:&quot;1&quot;}\" data-image-title=\"dav\" data-image-description=\"\" data-image-caption=\"&lt;p&gt;dav&lt;\/p&gt;\n\" data-medium-file=\"http:\/\/www.grieta.org.mx\/wp-content\/uploads\/2019\/06\/7-de-junio-300x157.jpg\" data-large-file=\"http:\/\/www.grieta.org.mx\/wp-content\/uploads\/2019\/06\/7-de-junio-1024x536.jpg\" class=\" wp-image-34432 aligncenter\" src=\"http:\/\/www.grieta.org.mx\/wp-content\/uploads\/2019\/06\/7-de-junio-1024x536.jpg\" alt=\"\" width=\"747\" height=\"391\" srcset=\"http:\/\/www.grieta.org.mx\/wp-content\/uploads\/2019\/06\/7-de-junio-1024x536.jpg 1024w, http:\/\/www.grieta.org.mx\/wp-content\/uploads\/2019\/06\/7-de-junio-300x157.jpg 300w, http:\/\/www.grieta.org.mx\/wp-content\/uploads\/2019\/06\/7-de-junio-768x402.jpg 768w, http:\/\/www.grieta.org.mx\/wp-content\/uploads\/2019\/06\/7-de-junio-955x500.jpg 955w, http:\/\/www.grieta.org.mx\/wp-content\/uploads\/2019\/06\/7-de-junio.jpg 1200w\" sizes=\"auto, (max-width: 747px) 100vw, 747px\" \/><\/p>\n<p>Redacci\u00f3n \/ Espejo<\/p>\n<p>\u201cEn Sinaloa, los periodistas no olvidamos que tenemos una cuenta pendiente\u201d, fue el mensaje\u00a0de la presidenta entrante de la Asociaci\u00f3n de Periodistas y Comunicadores 7 de Junio, Mar\u00eda de los \u00c1ngeles Moreno, hac\u00eda la\u00a0Fiscal\u00eda Especializada para la Atenci\u00f3n de Delitos Contra la Libertad de Expresi\u00f3n (<em>Feadle<\/em>) ante la ola de impunidad que el estado vive respecto a los cr\u00edmenes en contra de periodistas y reporteros sinaloenses.<\/p>\n<p>Durante su mensaje de la asamblea solemne de la 7 de Junio en el marco del 20 aniversario de su fundaci\u00f3n y del D\u00eda Nacional de la Libertad de Expresi\u00f3n, la comunicadora record\u00f3 los nombres de aquellos periodistas sinaloenses que han perdido la vida por causa de su labor de informar.<\/p>\n<p>\u201c\u00bfD\u00f3nde est\u00e1n los asesinos de Gregorio Rodr\u00edguez? \u00bfQui\u00e9n orden\u00f3 levantar a Alfredo Jim\u00e9nez Mota? \u00bfQui\u00e9n mato a \u00d3scar Ribera Inzunza? \u00bfQui\u00e9n asesin\u00f3 a Humberto Mill\u00e1n Salazar? \u00bfQui\u00e9n orden\u00f3 el asesinato del periodista y escritor Javier Valdez C\u00e1rdenas? Estamos en espera de respuestas\u201d, cuestion\u00f3 la comunicadora.<\/p>\n<p>Por su parte, el presidente saliente Alejandro Sicairos Rivas, record\u00f3 cuando asumi\u00f3 la responsabilidad de dirigir la asociaci\u00f3n en el contexto del entonces reciente asesinato de Javier Valdez C\u00e1rdenas<\/p>\n<p>\u201cNo tenemos justicia. Es muy probable que todas las indagatorias que se han realizado, que todas las protestas que hemos realizado los periodistas de Sinaloa en todo el estado queden sin ser la fuerza suficiente para dar justicia a Javier Valdez\u201d, lament\u00f3.<\/p>\n<p>\u201cEl tiempo est\u00e1 pasando y el tiempo lo que deja es impunidad\u201d, sentenci\u00f3<\/p>\n<p>Asimismo, invit\u00f3 a los comunicadores sinaloenses a aprender de la lucha Valdez C\u00e1rdenas y entender que los periodistas sinaloenses deben de luchar por acercar el periodismo a la sociedad.<\/p>\n<p><a href=\"http:\/\/revistaespejo.com\/2019\/06\/mensaje-a-la-feadle-en-sinaloa-los-periodistas-no-olvidamos-que-tenemos-una-cuenta-pendiente\/\">http:\/\/revistaespejo.com\/2019\/06\/mensaje-a-la-feadle-en-sinaloa-los-periodistas-no-olvidamos-que-tenemos-una-cuenta-pendiente\/<\/a><\/p>\n","protected":false},"excerpt":{"rendered":"<p>Redacci\u00f3n \/ Espejo \u201cEn Sinaloa, los periodistas no olvidamos que tenemos una cuenta pendiente\u201d, fue el mensaje\u00a0de la presidenta entrante de la Asociaci\u00f3n de Periodistas y Comunicadores 7 de Junio, &hellip; <a href=\"http:\/\/www.grieta.org.mx\/index.php\/2019\/06\/07\/mensaje-a-la-feadle-en-sinaloa-los-periodistas-no-olvidamos-que-tenemos-una-cuenta-pendiente\/\" class=\"more-link\">Leer m\u00e1s<\/a><\/p>\n","protected":false},"author":2,"featured_media":34432,"comment_status":"closed","ping_status":"closed","sticky":false,"template":"","format":"standard","meta":{"ngg_post_thumbnail":0,"_jetpack_newsletter_access":"","_jetpack_dont_email_post_to_subs":false,"_jetpack_newsletter_tier_id":0,"_jetpack_memberships_contains_paywalled_content":false,"_jetpack_memberships_contains_paid_content":false,"footnotes":""},"categories":[80,2,30,83,88,1239],"tags":[2262,1180,120],"class_list":["post-34429","post","type-post","status-publish","format-standard","has-post-thumbnail","hentry","category-cintillo","category-noticias-nacionales","category-sinaloa","category-temas-nacionales","category-violencia-contra-periodistas","category-violencia-contra-periodistas-en-sinaloa","tag-agresiones-contra-periodistas","tag-asesinato-de-periodistas","tag-violencia-contra-periodistas","entry"],"jetpack_featured_media_url":"http:\/\/www.grieta.org.mx\/wp-content\/uploads\/2019\/06\/7-de-junio.jpg","jetpack_sharing_enabled":true,"jetpack_shortlink":"https:\/\/wp.me\/p7ZJR4-8Xj","jetpack_likes_enabled":false,"jetpack-related-posts":[{"id":23186,"url":"http:\/\/www.grieta.org.mx\/index.php\/2018\/05\/16\/no-hay-justicia-para-javier-valdez-tampoco-seguridad-para-periodistas-denuncian-sinaloa\/","url_meta":{"origin":34429,"position":0},"title":"No hay justicia para Javier Valdez, tampoco seguridad para periodistas, denuncian (Sinaloa)","author":"grieta","date":"16 mayo, 2018","format":false,"excerpt":"","rel":"","context":"En &quot;CINTILLO&quot;","block_context":{"text":"CINTILLO","link":"http:\/\/www.grieta.org.mx\/index.php\/category\/cintillo\/"},"img":{"alt_text":"","src":"https:\/\/i0.wp.com\/www.grieta.org.mx\/wp-content\/uploads\/2018\/05\/imagen_mak_5443.jpg_539665225.jpg?resize=350%2C200","width":350,"height":200,"srcset":"https:\/\/i0.wp.com\/www.grieta.org.mx\/wp-content\/uploads\/2018\/05\/imagen_mak_5443.jpg_539665225.jpg?resize=350%2C200 1x, https:\/\/i0.wp.com\/www.grieta.org.mx\/wp-content\/uploads\/2018\/05\/imagen_mak_5443.jpg_539665225.jpg?resize=525%2C300 1.5x"},"classes":[]},{"id":20322,"url":"http:\/\/www.grieta.org.mx\/index.php\/2016\/08\/22\/violencia-contra-periodistas-en-sinaloa\/","url_meta":{"origin":34429,"position":1},"title":"Violencia contra periodistas en Sinaloa","author":"grieta","date":"22 agosto, 2016","format":false,"excerpt":"22\/08\/16. Allanan despacho de Teresa Guerra, abogada y comunicadora sinaloenseCimac Noticias","rel":"","context":"En &quot;NOTICIAS NACIONALES&quot;","block_context":{"text":"NOTICIAS NACIONALES","link":"http:\/\/www.grieta.org.mx\/index.php\/category\/noticias-nacionales\/"},"img":{"alt_text":"","src":"https:\/\/i0.wp.com\/www.grieta.org.mx\/wp-content\/uploads\/2018\/03\/14524434_1106112876131411_958039263622046936_o.jpg?resize=350%2C200","width":350,"height":200,"srcset":"https:\/\/i0.wp.com\/www.grieta.org.mx\/wp-content\/uploads\/2018\/03\/14524434_1106112876131411_958039263622046936_o.jpg?resize=350%2C200 1x, https:\/\/i0.wp.com\/www.grieta.org.mx\/wp-content\/uploads\/2018\/03\/14524434_1106112876131411_958039263622046936_o.jpg?resize=525%2C300 1.5x, https:\/\/i0.wp.com\/www.grieta.org.mx\/wp-content\/uploads\/2018\/03\/14524434_1106112876131411_958039263622046936_o.jpg?resize=700%2C400 2x"},"classes":[]},{"id":36996,"url":"http:\/\/www.grieta.org.mx\/index.php\/2019\/07\/20\/periodistas-exigen-respeto-a-la-libertad-de-expresion-en-sinaloa\/","url_meta":{"origin":34429,"position":2},"title":"Periodistas exigen respeto a la libertad de expresi\u00f3n en Sinaloa","author":"grieta","date":"20 julio, 2019","format":false,"excerpt":"Foto: El Debate La Asociaci\u00f3n de Periodistas y Comunicadores 7 de Junio realizaron un llamado a los alcaldes de Mazatl\u00e1n, Culiac\u00e1n y Ahome de hostigamieno, intimidaci\u00f3n y amenazas a reporteros Redacci\u00f3n \/ El Debate Culiac\u00e1n.-Tras varios casos denunciados de hostigamiento, intimidaci\u00f3n y hasta amenazas a reporteros en el estado, la\u2026","rel":"","context":"En &quot;CINTILLO&quot;","block_context":{"text":"CINTILLO","link":"http:\/\/www.grieta.org.mx\/index.php\/category\/cintillo\/"},"img":{"alt_text":"","src":"https:\/\/i0.wp.com\/www.grieta.org.mx\/wp-content\/uploads\/2019\/07\/7_de_junio_crop1563682486465.jpeg_1727466156.jpeg?resize=350%2C200","width":350,"height":200,"srcset":"https:\/\/i0.wp.com\/www.grieta.org.mx\/wp-content\/uploads\/2019\/07\/7_de_junio_crop1563682486465.jpeg_1727466156.jpeg?resize=350%2C200 1x, https:\/\/i0.wp.com\/www.grieta.org.mx\/wp-content\/uploads\/2019\/07\/7_de_junio_crop1563682486465.jpeg_1727466156.jpeg?resize=525%2C300 1.5x, https:\/\/i0.wp.com\/www.grieta.org.mx\/wp-content\/uploads\/2019\/07\/7_de_junio_crop1563682486465.jpeg_1727466156.jpeg?resize=700%2C400 2x"},"classes":[]},{"id":38167,"url":"http:\/\/www.grieta.org.mx\/index.php\/2019\/08\/15\/periodistas-interponen-queja-en-cedh-por-agresion-de-alcaldes-sinaloa\/","url_meta":{"origin":34429,"position":3},"title":"Periodistas interponen queja en CEDH por agresi\u00f3n de alcaldes (Sinaloa)","author":"grieta","date":"15 agosto, 2019","format":false,"excerpt":"Foto: El Debate La Asociaci\u00f3n de Periodistas 7 de Junio interpusieron\u00a0quejas en la CEDH por agresi\u00f3n de alcaldes Estefan\u00eda L\u00f3pez Corral \/ El Debate Culiac\u00e1n, Sinaloa.- Periodistas que conforma la Asociaci\u00f3n de Periodistas 7 de Junio, interpusieron una denuncia ante la Comisi\u00f3n Estatal de Derechos Humanos por casos de agresi\u00f3n\u2026","rel":"","context":"En &quot;CINTILLO&quot;","block_context":{"text":"CINTILLO","link":"http:\/\/www.grieta.org.mx\/index.php\/category\/cintillo\/"},"img":{"alt_text":"","src":"https:\/\/i0.wp.com\/www.grieta.org.mx\/wp-content\/uploads\/2019\/08\/periodistas_interponen_queja_en_cedh_por_agresixn_de_alcaldes.jpg_219914347.jpg?resize=350%2C200","width":350,"height":200,"srcset":"https:\/\/i0.wp.com\/www.grieta.org.mx\/wp-content\/uploads\/2019\/08\/periodistas_interponen_queja_en_cedh_por_agresixn_de_alcaldes.jpg_219914347.jpg?resize=350%2C200 1x, https:\/\/i0.wp.com\/www.grieta.org.mx\/wp-content\/uploads\/2019\/08\/periodistas_interponen_queja_en_cedh_por_agresixn_de_alcaldes.jpg_219914347.jpg?resize=525%2C300 1.5x, https:\/\/i0.wp.com\/www.grieta.org.mx\/wp-content\/uploads\/2019\/08\/periodistas_interponen_queja_en_cedh_por_agresixn_de_alcaldes.jpg_219914347.jpg?resize=700%2C400 2x"},"classes":[]},{"id":40003,"url":"http:\/\/www.grieta.org.mx\/index.php\/2019\/10\/03\/en-sinaloa-periodistas-bajo-riesgo\/","url_meta":{"origin":34429,"position":4},"title":"En Sinaloa: Periodistas bajo riesgo","author":"grieta","date":"3 octubre, 2019","format":false,"excerpt":"Foto: El Sol de Sinaloa La Ley cuyos ejes centrales son generar mejores condiciones de seguridad y laboral, sigue en la congeladora del Congreso Irene Medrano Villanueva \/ El Sol de Sinaloa Culiac\u00e1n, Sin.- \u201cEn Sinaloa estamos en cero en la protecci\u00f3n a periodistas\u201d, advirti\u00f3\u00a0Alejandro Sicairos, quien el pasado mes\u2026","rel":"","context":"En &quot;CINTILLO&quot;","block_context":{"text":"CINTILLO","link":"http:\/\/www.grieta.org.mx\/index.php\/category\/cintillo\/"},"img":{"alt_text":"","src":"https:\/\/i0.wp.com\/www.grieta.org.mx\/wp-content\/uploads\/2019\/10\/PERIODISTAS.jpg?resize=350%2C200","width":350,"height":200,"srcset":"https:\/\/i0.wp.com\/www.grieta.org.mx\/wp-content\/uploads\/2019\/10\/PERIODISTAS.jpg?resize=350%2C200 1x, https:\/\/i0.wp.com\/www.grieta.org.mx\/wp-content\/uploads\/2019\/10\/PERIODISTAS.jpg?resize=525%2C300 1.5x, https:\/\/i0.wp.com\/www.grieta.org.mx\/wp-content\/uploads\/2019\/10\/PERIODISTAS.jpg?resize=700%2C400 2x"},"classes":[]},{"id":34434,"url":"http:\/\/www.grieta.org.mx\/index.php\/2019\/06\/07\/preocupa-a-gremio-periodistico-llamado-de-juez-a-reporteros-en-mazatlan-sinaloa\/","url_meta":{"origin":34429,"position":5},"title":"Preocupa a gremio period\u00edstico llamado de juez a reporteros en Mazatl\u00e1n (Sinaloa)","author":"grieta","date":"7 junio, 2019","format":false,"excerpt":"Ante los citatorios girados por el Juez Primero Civil de Primera Instancia de Mazatl\u00e1n para que ocho reporteros de ese puerto comparezcan a ratificar contenido de sus publicaciones, activistas, periodistas y defensores de los derechos humanos expresaron su preocupaci\u00f3n. Albaro Saldoval \/ Espejo A trav\u00e9s de una carta\u00a0entregada al presidente\u2026","rel":"","context":"En &quot;CINTILLO&quot;","block_context":{"text":"CINTILLO","link":"http:\/\/www.grieta.org.mx\/index.php\/category\/cintillo\/"},"img":{"alt_text":"","src":"https:\/\/i0.wp.com\/www.grieta.org.mx\/wp-content\/uploads\/2019\/06\/inzunza-cazarez-404x227.jpg?resize=350%2C200","width":350,"height":200},"classes":[]}],"_links":{"self":[{"href":"http:\/\/www.grieta.org.mx\/index.php\/wp-json\/wp\/v2\/posts\/34429","targetHints":{"allow":["GET"]}}],"collection":[{"href":"http:\/\/www.grieta.org.mx\/index.php\/wp-json\/wp\/v2\/posts"}],"about":[{"href":"http:\/\/www.grieta.org.mx\/index.php\/wp-json\/wp\/v2\/types\/post"}],"author":[{"embeddable":true,"href":"http:\/\/www.grieta.org.mx\/index.php\/wp-json\/wp\/v2\/users\/2"}],"replies":[{"embeddable":true,"href":"http:\/\/www.grieta.org.mx\/index.php\/wp-json\/wp\/v2\/comments?post=34429"}],"version-history":[{"count":1,"href":"http:\/\/www.grieta.org.mx\/index.php\/wp-json\/wp\/v2\/posts\/34429\/revisions"}],"predecessor-version":[{"id":34435,"href":"http:\/\/www.grieta.org.mx\/index.php\/wp-json\/wp\/v2\/posts\/34429\/revisions\/34435"}],"wp:featuredmedia":[{"embeddable":true,"href":"http:\/\/www.grieta.org.mx\/index.php\/wp-json\/wp\/v2\/media\/34432"}],"wp:attachment":[{"href":"http:\/\/www.grieta.org.mx\/index.php\/wp-json\/wp\/v2\/media?parent=34429"}],"wp:term":[{"taxonomy":"category","embeddable":true,"href":"http:\/\/www.grieta.org.mx\/index.php\/wp-json\/wp\/v2\/categories?post=34429"},{"taxonomy":"post_tag","embeddable":true,"href":"http:\/\/www.grieta.org.mx\/index.php\/wp-json\/wp\/v2\/tags?post=34429"}],"curies":[{"name":"wp","href":"https:\/\/api.w.org\/{rel}","templated":true}]}}