{"id":34423,"date":"2019-06-05T12:44:57","date_gmt":"2019-06-05T17:44:57","guid":{"rendered":"http:\/\/www.grieta.org.mx\/?p=34423"},"modified":"2019-06-07T12:54:23","modified_gmt":"2019-06-07T17:54:23","slug":"pediran-otra-declaratoria-de-alerta-por-violencia-de-genero-en-zacatecas","status":"publish","type":"post","link":"http:\/\/www.grieta.org.mx\/index.php\/2019\/06\/05\/pediran-otra-declaratoria-de-alerta-por-violencia-de-genero-en-zacatecas\/","title":{"rendered":"Pedir\u00e1n otra declaratoria de alerta por violencia de g\u00e9nero en Zacatecas"},"content":{"rendered":"<p><img loading=\"lazy\" decoding=\"async\" data-attachment-id=\"34424\" data-permalink=\"http:\/\/www.grieta.org.mx\/index.php\/2019\/06\/05\/pediran-otra-declaratoria-de-alerta-por-violencia-de-genero-en-zacatecas\/alerta-de-genero\/\" data-orig-file=\"http:\/\/www.grieta.org.mx\/wp-content\/uploads\/2019\/06\/Alerta-de-Ge?nero.jpg\" data-orig-size=\"\" data-comments-opened=\"0\" data-image-meta=\"[]\" data-image-title=\"Alerta-de-Ge?nero\" data-image-description=\"\" data-image-caption=\"\" data-medium-file=\"http:\/\/www.grieta.org.mx\/wp-content\/uploads\/2019\/06\/Alerta-de-Ge?nero.jpg\" data-large-file=\"http:\/\/www.grieta.org.mx\/wp-content\/uploads\/2019\/06\/Alerta-de-Ge?nero.jpg\" src=\"http:\/\/www.grieta.org.mx\/wp-content\/uploads\/2019\/06\/Alerta-de-Ge?nero.jpg\" alt=\"\" width=\"1\" height=\"1\" class=\"alignleft size-large wp-image-34424\" \/><\/p>\n<p>Redacci\u00f3n\/20 minutos.<\/p>\n<p>El Observatorio de Justicia y Derechos Humanos de Mujeres y Ni\u00f1as, con el acompa\u00f1amiento del Observatorio Ciudadano Nacional del Feminicidio (OCNF), solicitar\u00e1n una nueva Declaratoria de Alerta por Violencia de G\u00e9nero, en los municipios de Guadalupe, Fresnillo y Zacatecas. El contexto criminal que vive el estado y la no implementaci\u00f3n de las recomendaciones de la primera Declaratoria de Alerta de Violencia de G\u00e9nero contra las Mujeres, emitida en agosto de 2018, inform\u00f3 el Observatorio Ciudadano Nacional de Feminicidio. Expuso que la persistencia de un grave contexto de violencia feminicida impacta en las mujeres y ni\u00f1as zacatecanas, pues en lo que va del a\u00f1o se han registrado 20 casos de desaparici\u00f3n, localizando s\u00f3lo al 20 por ciento, mientras que el 80 por ciento sigue desaparecida. Asimismo, de acuerdo con la Fiscal\u00eda Especializada en Delitos contra las Mujeres por Razones de G\u00e9nero, durante 2019 se han iniciado cinco carpetas de investigaci\u00f3n por feminicidio, de estas, tres est\u00e1n en tr\u00e1mite y s\u00f3lo dos est\u00e1n judicializadas. El organismo indic\u00f3 que las pol\u00edticas, programas y acciones derivadas de la primer alerta, no consideran el contexto criminal que se vive en el estado, por lo que estas son m\u00ednimas, limitadas y presentan importantes carencias desde su dise\u00f1o. Adem\u00e1s de carecer de un presupuesto etiquetado y transparente para cumplir con dicho fin. Resalt\u00f3 que a casi un a\u00f1o de su emisi\u00f3n, las recomendaciones no han sido implementadas de forma correcta y los resultados son casi nulos, por lo que es urgente su revisi\u00f3n, as\u00ed como la revisi\u00f3n de las acciones realizadas por el estado de Zacatecas. Se\u00f1al\u00f3 que de 16 acciones urgentes, s\u00f3lo se han cumplido tres, y no han sido suficientes para revertir el contexto de violencia feminicida en la entidad. El contexto de criminalidad y la desaparici\u00f3n de mujeres no fue considerado por el Grupo Interinstitucional y Multidisciplinario que analiz\u00f3 la primera solicitud, y mucho menos fue tomado en consideraci\u00f3n al establecerse las medidas de prevenci\u00f3n, seguridad, justicia y reparaci\u00f3n. Por este motivo, no se decretaron medidas que tuvieran como objetivo corregir las pol\u00edticas p\u00fablicas y se\u00f1alar acciones espec\u00edficas que sirvieran para atender esta situaci\u00f3n, lo que ha provocado que se agrave dicho contexto en perjuicio de la vida, integridad y seguridad de las mujeres zacatecanas.<\/p>\n<p><a href=\"https:\/\/www.20minutos.com.mx\/noticia\/520762\/0\/pediran-otra-declaratoria-de-alerta-por-violencia-de-genero-en-zacatecas\/\" rel=\"noopener noreferrer\" target=\"_blank\">https:\/\/www.20minutos.com.mx\/noticia\/520762\/0\/pediran-otra-declaratoria-de-alerta-por-violencia-de-genero-en-zacatecas\/<\/a><\/p>\n","protected":false},"excerpt":{"rendered":"<p>Redacci\u00f3n\/20 minutos. El Observatorio de Justicia y Derechos Humanos de Mujeres y Ni\u00f1as, con el acompa\u00f1amiento del Observatorio Ciudadano Nacional del Feminicidio (OCNF), solicitar\u00e1n una nueva Declaratoria de Alerta por &hellip; <a href=\"http:\/\/www.grieta.org.mx\/index.php\/2019\/06\/05\/pediran-otra-declaratoria-de-alerta-por-violencia-de-genero-en-zacatecas\/\" class=\"more-link\">Leer m\u00e1s<\/a><\/p>\n","protected":false},"author":2,"featured_media":34424,"comment_status":"closed","ping_status":"closed","sticky":false,"template":"","format":"standard","meta":{"ngg_post_thumbnail":0,"_jetpack_newsletter_access":"","_jetpack_dont_email_post_to_subs":false,"_jetpack_newsletter_tier_id":0,"_jetpack_memberships_contains_paywalled_content":false,"_jetpack_memberships_contains_paid_content":false,"footnotes":""},"categories":[80,2308,2,76],"tags":[1954,81],"class_list":["post-34423","post","type-post","status-publish","format-standard","has-post-thumbnail","hentry","category-cintillo","category-movilizaciones-contra-la-violencia-hacia-las-mujeres-en-zacatecas","category-noticias-nacionales","category-zacatecas","tag-alerta-de-violencia-de-genero","tag-feminicidios","entry"],"jetpack_featured_media_url":"http:\/\/www.grieta.org.mx\/wp-content\/uploads\/2019\/06\/Alerta-de-Ge?nero.jpg","jetpack_sharing_enabled":true,"jetpack_shortlink":"https:\/\/wp.me\/p7ZJR4-8Xd","jetpack_likes_enabled":false,"jetpack-related-posts":[{"id":12285,"url":"http:\/\/www.grieta.org.mx\/index.php\/2016\/03\/28\/piden-declaratoria-de-alerta-de-genero-en-nuevo-leon\/","url_meta":{"origin":34423,"position":0},"title":"Piden declaratoria de Alerta de G\u00e9nero en Nuevo Le\u00f3n","author":"grieta","date":"28 marzo, 2016","format":false,"excerpt":"El Observatorio Ciudadano Nacional contra el Feminicidio, hizo un llamado al gobernador del estado de Nuevo Le\u00f3n, Jaime Rodr\u00edguez Calder\u00f3n para que atienda la violencia contra las mujeres A m\u00e1s de un a\u00f1o de la resoluci\u00f3n que emiti\u00f3 el Sistema Nacional para Prevenir, Atender, Sancionar y Erradicar la Violencia contra\u2026","rel":"","context":"En &quot;CINTILLO&quot;","block_context":{"text":"CINTILLO","link":"http:\/\/www.grieta.org.mx\/index.php\/category\/cintillo\/"},"img":{"alt_text":"","src":"https:\/\/i0.wp.com\/www.grieta.org.mx\/wp-content\/uploads\/2018\/03\/14524434_1106112876131411_958039263622046936_o.jpg?resize=350%2C200","width":350,"height":200,"srcset":"https:\/\/i0.wp.com\/www.grieta.org.mx\/wp-content\/uploads\/2018\/03\/14524434_1106112876131411_958039263622046936_o.jpg?resize=350%2C200 1x, https:\/\/i0.wp.com\/www.grieta.org.mx\/wp-content\/uploads\/2018\/03\/14524434_1106112876131411_958039263622046936_o.jpg?resize=525%2C300 1.5x, https:\/\/i0.wp.com\/www.grieta.org.mx\/wp-content\/uploads\/2018\/03\/14524434_1106112876131411_958039263622046936_o.jpg?resize=700%2C400 2x"},"classes":[]},{"id":36869,"url":"http:\/\/www.grieta.org.mx\/index.php\/2019\/07\/14\/edomex-y-veracruz-encabezan-cifras-de-feminicidio-infantil\/","url_meta":{"origin":34423,"position":1},"title":"Edomex y Veracruz encabezan cifras de feminicidio infantil","author":"grieta","date":"14 julio, 2019","format":false,"excerpt":"Marisol Vel\u00e1zquez\/El Economista A pesar de que Veracruz y el Estado de M\u00e9xico buscan reforzar sus estrategias para combatir la violencia de g\u00e9nero contra las mujeres y ni\u00f1as, son las entidades con mayores registros de feminicidios infantiles. A pesar de que Veracruz y el Estado de M\u00e9xico buscan reforzar sus\u2026","rel":"","context":"En &quot;CINTILLO&quot;","block_context":{"text":"CINTILLO","link":"http:\/\/www.grieta.org.mx\/index.php\/category\/cintillo\/"},"img":{"alt_text":"","src":"https:\/\/i0.wp.com\/www.grieta.org.mx\/wp-content\/uploads\/2019\/07\/feminicidios_edomex.jpg_596760611.jpg?resize=350%2C200","width":350,"height":200,"srcset":"https:\/\/i0.wp.com\/www.grieta.org.mx\/wp-content\/uploads\/2019\/07\/feminicidios_edomex.jpg_596760611.jpg?resize=350%2C200 1x, https:\/\/i0.wp.com\/www.grieta.org.mx\/wp-content\/uploads\/2019\/07\/feminicidios_edomex.jpg_596760611.jpg?resize=525%2C300 1.5x, https:\/\/i0.wp.com\/www.grieta.org.mx\/wp-content\/uploads\/2019\/07\/feminicidios_edomex.jpg_596760611.jpg?resize=700%2C400 2x"},"classes":[]},{"id":33726,"url":"http:\/\/www.grieta.org.mx\/index.php\/2019\/05\/16\/organizaciones-exigen-a-autoridades-locales-y-federales-que-decreten-la-alerta-de-genero-en-cdmx\/","url_meta":{"origin":34423,"position":2},"title":"Organizaciones exigen a autoridades locales y federales que decreten la Alerta de G\u00e9nero en CDMX","author":"grieta","date":"16 mayo, 2019","format":false,"excerpt":"Redacci\u00f3n\/Animal Pol\u00edtico La declaratoria fue solicitada en septiembre de 2017, las OSC acusan que el gobierno anterior incurri\u00f3 en graves dilaciones. A casi dos a\u00f1os que se solicitara la Declaratoria de Alerta de Violencia de G\u00e9nero contra las Mujeres (AVGM) para la Ciudad de M\u00e9xico, Organizaciones de la Sociedad Civil\u2026","rel":"","context":"En &quot;CINTILLO&quot;","block_context":{"text":"CINTILLO","link":"http:\/\/www.grieta.org.mx\/index.php\/category\/cintillo\/"},"img":{"alt_text":"","src":"https:\/\/i0.wp.com\/www.grieta.org.mx\/wp-content\/uploads\/2019\/05\/Marcha_Lesvy-Aidee769-6-e1558031519928.jpg?resize=350%2C200","width":350,"height":200,"srcset":"https:\/\/i0.wp.com\/www.grieta.org.mx\/wp-content\/uploads\/2019\/05\/Marcha_Lesvy-Aidee769-6-e1558031519928.jpg?resize=350%2C200 1x, https:\/\/i0.wp.com\/www.grieta.org.mx\/wp-content\/uploads\/2019\/05\/Marcha_Lesvy-Aidee769-6-e1558031519928.jpg?resize=525%2C300 1.5x, https:\/\/i0.wp.com\/www.grieta.org.mx\/wp-content\/uploads\/2019\/05\/Marcha_Lesvy-Aidee769-6-e1558031519928.jpg?resize=700%2C400 2x, https:\/\/i0.wp.com\/www.grieta.org.mx\/wp-content\/uploads\/2019\/05\/Marcha_Lesvy-Aidee769-6-e1558031519928.jpg?resize=1050%2C600 3x, https:\/\/i0.wp.com\/www.grieta.org.mx\/wp-content\/uploads\/2019\/05\/Marcha_Lesvy-Aidee769-6-e1558031519928.jpg?resize=1400%2C800 4x"},"classes":[]},{"id":1645,"url":"http:\/\/www.grieta.org.mx\/index.php\/2015\/08\/10\/alerta-de-genero-en-edomex-fue-demorada-injustificadamente-muchos-delitos-contra-mujeres-pudieron-evitarse\/","url_meta":{"origin":34423,"position":3},"title":"Alerta de g\u00e9nero en Edomex fue demorada injustificadamente; \u201cmuchos delitos contra mujeres pudieron evitarse\u201d","author":"grieta","date":"10 agosto, 2015","format":false,"excerpt":"Edgar Rosas (10 de agosto, 2015. Revoluci\u00f3n TRESPUNTOCERO).- El pasado 31 de julio, la Secretar\u00eda de Gobernaci\u00f3n (Segob) emiti\u00f3 formalmente la Alerta por Violencia de G\u00e9nero (AVG) en 11 municipios del estado de M\u00e9xico, luego de que Eruviel \u00c1vila Villegas, solicitara al Sistema Nacional para Prevenir, Atender, Sancionar y Erradicar\u2026","rel":"","context":"En &quot;CINTILLO&quot;","block_context":{"text":"CINTILLO","link":"http:\/\/www.grieta.org.mx\/index.php\/category\/cintillo\/"},"img":{"alt_text":"","src":"https:\/\/i0.wp.com\/www.grieta.org.mx\/wp-content\/uploads\/2018\/03\/14524434_1106112876131411_958039263622046936_o.jpg?resize=350%2C200","width":350,"height":200,"srcset":"https:\/\/i0.wp.com\/www.grieta.org.mx\/wp-content\/uploads\/2018\/03\/14524434_1106112876131411_958039263622046936_o.jpg?resize=350%2C200 1x, https:\/\/i0.wp.com\/www.grieta.org.mx\/wp-content\/uploads\/2018\/03\/14524434_1106112876131411_958039263622046936_o.jpg?resize=525%2C300 1.5x, https:\/\/i0.wp.com\/www.grieta.org.mx\/wp-content\/uploads\/2018\/03\/14524434_1106112876131411_958039263622046936_o.jpg?resize=700%2C400 2x"},"classes":[]},{"id":25141,"url":"http:\/\/www.grieta.org.mx\/index.php\/2018\/07\/25\/exigen-activistas-alerta-de-genero-zacatecas\/","url_meta":{"origin":34423,"position":4},"title":"Exigen activistas alerta de g\u00e9nero (Zacatecas)","author":"grieta","date":"25 julio, 2018","format":false,"excerpt":"Franzely Reyna\/NTR Zacatecas ZACATECAS.- La Red Plural de Mujeres y organizaciones de defensa de los derechos humanos de mujeres y ni\u00f1as rechazaron el feminicidio de la ni\u00f1a San Juana Romo Navarro, de tan s\u00f3lo nueve a\u00f1os, por lo que exigieron al gobernador del Estado, Alejandro Tello Cristerna, pida se declare\u2026","rel":"","context":"En &quot;CINTILLO&quot;","block_context":{"text":"CINTILLO","link":"http:\/\/www.grieta.org.mx\/index.php\/category\/cintillo\/"},"img":{"alt_text":"","src":"https:\/\/i0.wp.com\/www.grieta.org.mx\/wp-content\/uploads\/2018\/07\/z1.jpg?resize=350%2C200","width":350,"height":200,"srcset":"https:\/\/i0.wp.com\/www.grieta.org.mx\/wp-content\/uploads\/2018\/07\/z1.jpg?resize=350%2C200 1x, https:\/\/i0.wp.com\/www.grieta.org.mx\/wp-content\/uploads\/2018\/07\/z1.jpg?resize=525%2C300 1.5x"},"classes":[]},{"id":3521,"url":"http:\/\/www.grieta.org.mx\/index.php\/2015\/08\/11\/ahora-piden-alerta-de-genero-para-zacatecas\/","url_meta":{"origin":34423,"position":5},"title":"Ahora piden alerta de g\u00e9nero para Zacatecas","author":"grieta","date":"11 agosto, 2015","format":false,"excerpt":"Redacci\u00f3n SDPnoticias.com 11 ago 2015 La directora del Centro de Justicia para las Mujeres de la entidad asegur\u00f3 que la violencia de g\u00e9nero es algo de todos los d\u00edas en el estado. M\u00e9xico.- Debido al alto n\u00famero de mujeres asesinadas en la entidad, que se eleva al menos a 20\u2026","rel":"","context":"En &quot;CINTILLO&quot;","block_context":{"text":"CINTILLO","link":"http:\/\/www.grieta.org.mx\/index.php\/category\/cintillo\/"},"img":{"alt_text":"","src":"https:\/\/i0.wp.com\/www.grieta.org.mx\/wp-content\/uploads\/2018\/03\/14524434_1106112876131411_958039263622046936_o.jpg?resize=350%2C200","width":350,"height":200,"srcset":"https:\/\/i0.wp.com\/www.grieta.org.mx\/wp-content\/uploads\/2018\/03\/14524434_1106112876131411_958039263622046936_o.jpg?resize=350%2C200 1x, https:\/\/i0.wp.com\/www.grieta.org.mx\/wp-content\/uploads\/2018\/03\/14524434_1106112876131411_958039263622046936_o.jpg?resize=525%2C300 1.5x, https:\/\/i0.wp.com\/www.grieta.org.mx\/wp-content\/uploads\/2018\/03\/14524434_1106112876131411_958039263622046936_o.jpg?resize=700%2C400 2x"},"classes":[]}],"_links":{"self":[{"href":"http:\/\/www.grieta.org.mx\/index.php\/wp-json\/wp\/v2\/posts\/34423","targetHints":{"allow":["GET"]}}],"collection":[{"href":"http:\/\/www.grieta.org.mx\/index.php\/wp-json\/wp\/v2\/posts"}],"about":[{"href":"http:\/\/www.grieta.org.mx\/index.php\/wp-json\/wp\/v2\/types\/post"}],"author":[{"embeddable":true,"href":"http:\/\/www.grieta.org.mx\/index.php\/wp-json\/wp\/v2\/users\/2"}],"replies":[{"embeddable":true,"href":"http:\/\/www.grieta.org.mx\/index.php\/wp-json\/wp\/v2\/comments?post=34423"}],"version-history":[{"count":1,"href":"http:\/\/www.grieta.org.mx\/index.php\/wp-json\/wp\/v2\/posts\/34423\/revisions"}],"predecessor-version":[{"id":34425,"href":"http:\/\/www.grieta.org.mx\/index.php\/wp-json\/wp\/v2\/posts\/34423\/revisions\/34425"}],"wp:featuredmedia":[{"embeddable":true,"href":"http:\/\/www.grieta.org.mx\/index.php\/wp-json\/wp\/v2\/media\/34424"}],"wp:attachment":[{"href":"http:\/\/www.grieta.org.mx\/index.php\/wp-json\/wp\/v2\/media?parent=34423"}],"wp:term":[{"taxonomy":"category","embeddable":true,"href":"http:\/\/www.grieta.org.mx\/index.php\/wp-json\/wp\/v2\/categories?post=34423"},{"taxonomy":"post_tag","embeddable":true,"href":"http:\/\/www.grieta.org.mx\/index.php\/wp-json\/wp\/v2\/tags?post=34423"}],"curies":[{"name":"wp","href":"https:\/\/api.w.org\/{rel}","templated":true}]}}