{"id":34391,"date":"2019-06-04T23:16:52","date_gmt":"2019-06-05T04:16:52","guid":{"rendered":"http:\/\/www.grieta.org.mx\/?p=34391"},"modified":"2019-06-06T23:29:41","modified_gmt":"2019-06-07T04:29:41","slug":"los-padres-de-los-49-ninos-del-abc-reclaman-10-anos-de-impunidad-nadie-ha-pisado-la-carcel-acusan-sonora","status":"publish","type":"post","link":"http:\/\/www.grieta.org.mx\/index.php\/2019\/06\/04\/los-padres-de-los-49-ninos-del-abc-reclaman-10-anos-de-impunidad-nadie-ha-pisado-la-carcel-acusan-sonora\/","title":{"rendered":"Los padres de los 49 ni\u00f1os del ABC reclaman 10 a\u00f1os de impunidad; nadie ha pisado la c\u00e1rcel, acusan (Sonora)"},"content":{"rendered":"<p><img loading=\"lazy\" decoding=\"async\" data-attachment-id=\"34392\" data-permalink=\"http:\/\/www.grieta.org.mx\/index.php\/2019\/06\/04\/los-padres-de-los-49-ninos-del-abc-reclaman-10-anos-de-impunidad-nadie-ha-pisado-la-carcel-acusan-sonora\/frases-1100-templates\/\" data-orig-file=\"http:\/\/www.grieta.org.mx\/wp-content\/uploads\/2019\/06\/frases-1100-templates.jpg\" data-orig-size=\"1100,580\" data-comments-opened=\"0\" data-image-meta=\"{&quot;aperture&quot;:&quot;0&quot;,&quot;credit&quot;:&quot;&quot;,&quot;camera&quot;:&quot;&quot;,&quot;caption&quot;:&quot;&quot;,&quot;created_timestamp&quot;:&quot;0&quot;,&quot;copyright&quot;:&quot;&quot;,&quot;focal_length&quot;:&quot;0&quot;,&quot;iso&quot;:&quot;0&quot;,&quot;shutter_speed&quot;:&quot;0&quot;,&quot;title&quot;:&quot;&quot;,&quot;orientation&quot;:&quot;0&quot;}\" data-image-title=\"frases-1100-templates\" data-image-description=\"\" data-image-caption=\"\" data-medium-file=\"http:\/\/www.grieta.org.mx\/wp-content\/uploads\/2019\/06\/frases-1100-templates-300x158.jpg\" data-large-file=\"http:\/\/www.grieta.org.mx\/wp-content\/uploads\/2019\/06\/frases-1100-templates-1024x540.jpg\" class=\"alignleft size-large wp-image-34392\" src=\"http:\/\/www.grieta.org.mx\/wp-content\/uploads\/2019\/06\/frases-1100-templates-1024x540.jpg\" alt=\"\" width=\"1024\" height=\"540\" srcset=\"http:\/\/www.grieta.org.mx\/wp-content\/uploads\/2019\/06\/frases-1100-templates-1024x540.jpg 1024w, http:\/\/www.grieta.org.mx\/wp-content\/uploads\/2019\/06\/frases-1100-templates-300x158.jpg 300w, http:\/\/www.grieta.org.mx\/wp-content\/uploads\/2019\/06\/frases-1100-templates-768x405.jpg 768w, http:\/\/www.grieta.org.mx\/wp-content\/uploads\/2019\/06\/frases-1100-templates-948x500.jpg 948w, http:\/\/www.grieta.org.mx\/wp-content\/uploads\/2019\/06\/frases-1100-templates.jpg 1100w\" sizes=\"auto, (max-width: 1024px) 100vw, 1024px\" \/><\/p>\n<p>Daniel S\u00e1nchez\/ EFE\/ SIN EMBARGO<\/p>\n<blockquote><p>El 5 de junio del 2009 una bodega de la Secretar\u00eda de Hacienda en Hermosillo, capital del estado de Sonora, se incendi\u00f3 y el fuego se propag\u00f3 a la guarder\u00eda ABC, donde hab\u00eda un centenar de ni\u00f1os con sus cuidadoras y el personal. Hoy las familias de las y los 49 ni\u00f1os que murieron exigen justicia, para lo que han recurrido a instancias internacionales.<br \/>\nPor el caso, el Instituto Mexicano del Seguro Social present\u00f3 una denuncia penal contra Jos\u00e9 Eduardo Robinson Bours Castelo, ex Gobernador de Sonora, confirm\u00f3 a SinEmbargo una fuente oficial de la instituci\u00f3n, la fuente confirm\u00f3 la informaci\u00f3n que esta ma\u00f1ana public\u00f3 el diario mexicano Milenio.<\/p><\/blockquote>\n<p>El 5 de junio del 2009 una bodega de la Secretar\u00eda de Hacienda en Hermosillo, capital del estado de Sonora, se incendi\u00f3 y el fuego se propag\u00f3 a la guarder\u00eda ABC, donde hab\u00eda un centenar de ni\u00f1os con sus cuidadoras y el personal. Hoy las familias de las y los 49 ni\u00f1os que murieron exigen justicia, para lo que han recurrido a instancias internacionales.<br \/>\nPor el caso, el Instituto Mexicano del Seguro Social present\u00f3 una denuncia penal contra Jos\u00e9 Eduardo Robinson Bours Castelo, ex Gobernador de Sonora, confirm\u00f3 a SinEmbargo una fuente oficial de la instituci\u00f3n, la fuente confirm\u00f3 la informaci\u00f3n que esta ma\u00f1ana public\u00f3 el diario mexicano Milenio.<\/p>\n<p>El 5 de junio del 2009 una bodega de la Secretar\u00eda de Hacienda en Hermosillo, capital del estado de Sonora, se incendi\u00f3 y el fuego se propag\u00f3 a la guarder\u00eda ABC, donde hab\u00eda un centenar de ni\u00f1os con sus cuidadoras y el personal.<\/p>\n<p>En la guarder\u00eda, que operaba subrogada por particulares al Instituto Mexicano del Seguro Social (IMSS), murieron 49 beb\u00e9s, adem\u00e1s otras 70 entre ni\u00f1os, maestras y empleados, resultaron heridos con quemaduras.<\/p>\n<figure id=\"attachment_34393\" aria-describedby=\"caption-attachment-34393\" style=\"width: 700px\" class=\"wp-caption alignleft\"><img loading=\"lazy\" decoding=\"async\" data-attachment-id=\"34393\" data-permalink=\"http:\/\/www.grieta.org.mx\/index.php\/2019\/06\/04\/los-padres-de-los-49-ninos-del-abc-reclaman-10-anos-de-impunidad-nadie-ha-pisado-la-carcel-acusan-sonora\/guarderia_abc-8\/\" data-orig-file=\"http:\/\/www.grieta.org.mx\/wp-content\/uploads\/2019\/06\/guarderia_abc-8.jpg\" data-orig-size=\"700,464\" data-comments-opened=\"0\" data-image-meta=\"{&quot;aperture&quot;:&quot;0&quot;,&quot;credit&quot;:&quot;&quot;,&quot;camera&quot;:&quot;&quot;,&quot;caption&quot;:&quot;&quot;,&quot;created_timestamp&quot;:&quot;0&quot;,&quot;copyright&quot;:&quot;&quot;,&quot;focal_length&quot;:&quot;0&quot;,&quot;iso&quot;:&quot;0&quot;,&quot;shutter_speed&quot;:&quot;0&quot;,&quot;title&quot;:&quot;&quot;,&quot;orientation&quot;:&quot;0&quot;}\" data-image-title=\"guarderia_abc-8\" data-image-description=\"\" data-image-caption=\"&lt;p&gt;El a\u00f1o pasado, padres y familiares realizaron una manifestaci\u00f3n para conmemorar el noveno aniversario del incendio en la guarder\u00eda ABC en Hermosillo, Sonora. Foto: Andrea Murcia, Cuartoscuro.&lt;\/p&gt;\n\" data-medium-file=\"http:\/\/www.grieta.org.mx\/wp-content\/uploads\/2019\/06\/guarderia_abc-8-300x199.jpg\" data-large-file=\"http:\/\/www.grieta.org.mx\/wp-content\/uploads\/2019\/06\/guarderia_abc-8.jpg\" class=\"size-full wp-image-34393\" src=\"http:\/\/www.grieta.org.mx\/wp-content\/uploads\/2019\/06\/guarderia_abc-8.jpg\" alt=\"\" width=\"700\" height=\"464\" srcset=\"http:\/\/www.grieta.org.mx\/wp-content\/uploads\/2019\/06\/guarderia_abc-8.jpg 700w, http:\/\/www.grieta.org.mx\/wp-content\/uploads\/2019\/06\/guarderia_abc-8-300x199.jpg 300w\" sizes=\"auto, (max-width: 700px) 100vw, 700px\" \/><figcaption id=\"caption-attachment-34393\" class=\"wp-caption-text\">El a\u00f1o pasado, padres y familiares realizaron una manifestaci\u00f3n para conmemorar el noveno aniversario del incendio en la guarder\u00eda ABC en Hermosillo, Sonora. Foto: Andrea Murcia, Cuartoscuro.<\/figcaption><\/figure>\n<p>A una d\u00e9cada de la tragedia, ninguna persona ha pisado la c\u00e1rcel por su responsabilidad en el incendio y el juicio est\u00e1 en su \u00faltima etapa en la Suprema Corte de Justicia de la Naci\u00f3n (SCJN).<\/p>\n<p>\u201cLa justicia qued\u00f3 de lado, no espero justicia terrenal, no espero castigo para los responsables\u201d, declar\u00f3 Ofelia V\u00e1zquez Ruelas, mam\u00e1 de Germ\u00e1n Pa\u00fal Le\u00f3n V\u00e1zquez, un ni\u00f1o de cuatro a\u00f1os que muri\u00f3 quemado y asfixiado.<\/p>\n<p>Ante el velo de injusticia en el caso, los padres afirman que acudir\u00e1n a instancias internacionales ante la impunidad que mantiene libres a los responsables de la mayor tragedia infantil de M\u00e9xico en este siglo.<\/p>\n<p>\u201cLlevaremos el caso hasta sus \u00faltimas consecuencia, hasta donde tope; probablemente no nos toque verlo porque ya nos hemos dado cuenta que lamentablemente la justicia ni es pronta, ni es expedita aqu\u00ed en M\u00e9xico\u201d, dijo Julia Escalante, madre de F\u00e1tima Sof\u00eda, una de las beb\u00e9s muertas en el incendio.<\/p>\n<p>Los padres aseguran que no se hacen muchas ilusiones porque hasta el momento, ning\u00fan funcionario ha pisado la c\u00e1rcel por el incendio y aquellos que han sido detenidos ha sido por incumplir las medidas cautelares como dejar de firmar, no pagar multa o faltar a la corte.<\/p>\n<p>\u201cTendremos que ir a tocar las puertas de las instancias Internacionales como ya lo estamos haciendo, y esperamos que pronto lo que es el Sistema Interamericano de Justicia pueda aceptar las solicitudes que tenemos los padres de las v\u00edctimas de la Guarder\u00eda ABC\u201d, dijo Julia Escalante.<\/p>\n<figure id=\"attachment_34394\" aria-describedby=\"caption-attachment-34394\" style=\"width: 700px\" class=\"wp-caption alignleft\"><img loading=\"lazy\" decoding=\"async\" data-attachment-id=\"34394\" data-permalink=\"http:\/\/www.grieta.org.mx\/index.php\/2019\/06\/04\/los-padres-de-los-49-ninos-del-abc-reclaman-10-anos-de-impunidad-nadie-ha-pisado-la-carcel-acusan-sonora\/monumento_abc-1\/\" data-orig-file=\"http:\/\/www.grieta.org.mx\/wp-content\/uploads\/2019\/06\/monumento_abc-1.jpg\" data-orig-size=\"700,467\" data-comments-opened=\"0\" data-image-meta=\"{&quot;aperture&quot;:&quot;0&quot;,&quot;credit&quot;:&quot;&quot;,&quot;camera&quot;:&quot;&quot;,&quot;caption&quot;:&quot;&quot;,&quot;created_timestamp&quot;:&quot;0&quot;,&quot;copyright&quot;:&quot;&quot;,&quot;focal_length&quot;:&quot;0&quot;,&quot;iso&quot;:&quot;0&quot;,&quot;shutter_speed&quot;:&quot;0&quot;,&quot;title&quot;:&quot;&quot;,&quot;orientation&quot;:&quot;0&quot;}\" data-image-title=\"monumento_abc-1\" data-image-description=\"\" data-image-caption=\"&lt;p&gt;Diez a\u00f1os despu\u00e9s del incendio en la Guarder\u00eda ABC, tragedia que dej\u00f3 49 ni\u00f1os muertos y decenas de heridos, la impunidad que rodea el caso lleva a las familias a la tristeza y a la resignaci\u00f3n. Foto: Andrea Murcia, Cuartoscuro.&lt;\/p&gt;\n\" data-medium-file=\"http:\/\/www.grieta.org.mx\/wp-content\/uploads\/2019\/06\/monumento_abc-1-300x200.jpg\" data-large-file=\"http:\/\/www.grieta.org.mx\/wp-content\/uploads\/2019\/06\/monumento_abc-1.jpg\" class=\"size-full wp-image-34394\" src=\"http:\/\/www.grieta.org.mx\/wp-content\/uploads\/2019\/06\/monumento_abc-1.jpg\" alt=\"\" width=\"700\" height=\"467\" srcset=\"http:\/\/www.grieta.org.mx\/wp-content\/uploads\/2019\/06\/monumento_abc-1.jpg 700w, http:\/\/www.grieta.org.mx\/wp-content\/uploads\/2019\/06\/monumento_abc-1-300x200.jpg 300w\" sizes=\"auto, (max-width: 700px) 100vw, 700px\" \/><figcaption id=\"caption-attachment-34394\" class=\"wp-caption-text\">Diez a\u00f1os despu\u00e9s del incendio en la Guarder\u00eda ABC, tragedia que dej\u00f3 49 ni\u00f1os muertos y decenas de heridos, la impunidad que rodea el caso lleva a las familias a la tristeza y a la resignaci\u00f3n. Foto: Andrea Murcia, Cuartoscuro.<\/figcaption><\/figure>\n<p>La investigaci\u00f3n comenz\u00f3 en la Procuradur\u00eda de Justicia de Sonora y m\u00e1s tarde la tom\u00f3 la Procuradur\u00eda General de la Rep\u00fablica (PGR) y todav\u00eda el Poder Judicial no ha determinado los nombres de los responsables.<\/p>\n<p>Se pidi\u00f3 investigar a Eduardo Bours, responsable en su calidad de Gobernador de Sonora de 2003 al 2009, quien a su vez dec\u00eda que la guarder\u00eda ABC correspond\u00eda al IMSS y que ellos eran los responsables.<\/p>\n<p>En medio de la falta de justicia y la impunidad que impiden alcanzar la resignaci\u00f3n, los padres buscan evitar una tragedia similar en otras guarder\u00edas del pa\u00eds para lo cual promueven la llamada \u201cLey 5 de junio\u201d.<\/p>\n<p>Esta Ley de Prestaci\u00f3n de Servicios para la Atenci\u00f3n, Cuidado y Desarrollo Integral Infantil \u201ces muy buena y protectora para los ni\u00f1os, pero la verdad no la cumplen\u201d, se\u00f1ala Marisol Monta\u00f1o Estrada la madre de Danna Paola, quien sobrevivi\u00f3 al incendio con 20 cirug\u00edas y requerir\u00e1 50 m\u00e1s para rehabilitarse.<\/p>\n<p>\u201cTodav\u00eda aqu\u00ed no entra al 100 por ciento y muchas guarder\u00edas siguen con funciones mal hechas y los pap\u00e1s como tienen que ir a trabajar se les hace f\u00e1cil dejarlos, pero nadie sabe lo que significa un hijo quemado hasta que lo vive en carne propia\u201d, sostiene Marisol Monta\u00f1o.<\/p>\n<p>A pesar de la Ley 5 de Junio, las emergencias no dejan de ocurrir, apenas el pasado viernes 31 de mayo en Nogales, Sonora, los cuerpos de emergencia activaron los protocolos para evacuar a 88 beb\u00e9s de una estancia infantil del IMSS donde hubo un conato de incendio en una bomba de agua.<\/p>\n<p>La mejor justicia para los beb\u00e9s ser\u00eda que no hubiesen m\u00e1s muertes \u201cy para ello tiene que haber consecuencias de lo que sucedi\u00f3 en la tragedia y eso lo tiene que tener muy claro la Suprema Corte de Justicia en la Naci\u00f3n, declar\u00f3 Julia Escalante Barrios, mam\u00e1 de F\u00e1tima Sof\u00eda, quien muri\u00f3 en la Guarder\u00eda ABC a los dos a\u00f1os y cuatro meses.<\/p>\n<p><a href=\"https:\/\/www.sinembargo.mx\/04-06-2019\/3591512\" target=\"_blank\" rel=\"noopener noreferrer\">https:\/\/www.sinembargo.mx\/04-06-2019\/3591512<\/a><\/p>\n","protected":false},"excerpt":{"rendered":"<p>Daniel S\u00e1nchez\/ EFE\/ SIN EMBARGO El 5 de junio del 2009 una bodega de la Secretar\u00eda de Hacienda en Hermosillo, capital del estado de Sonora, se incendi\u00f3 y el fuego &hellip; <a href=\"http:\/\/www.grieta.org.mx\/index.php\/2019\/06\/04\/los-padres-de-los-49-ninos-del-abc-reclaman-10-anos-de-impunidad-nadie-ha-pisado-la-carcel-acusan-sonora\/\" class=\"more-link\">Leer m\u00e1s<\/a><\/p>\n","protected":false},"author":2,"featured_media":34392,"comment_status":"closed","ping_status":"closed","sticky":false,"template":"","format":"standard","meta":{"ngg_post_thumbnail":0,"_jetpack_newsletter_access":"","_jetpack_dont_email_post_to_subs":false,"_jetpack_newsletter_tier_id":0,"_jetpack_memberships_contains_paywalled_content":false,"_jetpack_memberships_contains_paid_content":false,"footnotes":""},"categories":[80,1304,1827,2522,2,31,83],"tags":[491],"class_list":["post-34391","post","type-post","status-publish","format-standard","has-post-thumbnail","hentry","category-cintillo","category-guarderia-abc","category-la-ninez-en-la-tormenta-capitalista","category-la-ninez-en-la-tormenta-en-sonora","category-noticias-nacionales","category-sonora","category-temas-nacionales","tag-guarderia-abc","entry"],"jetpack_featured_media_url":"http:\/\/www.grieta.org.mx\/wp-content\/uploads\/2019\/06\/frases-1100-templates.jpg","jetpack_sharing_enabled":true,"jetpack_shortlink":"https:\/\/wp.me\/p7ZJR4-8WH","jetpack_likes_enabled":false,"jetpack-related-posts":[{"id":34989,"url":"http:\/\/www.grieta.org.mx\/index.php\/2019\/06\/17\/roban-zapatos-de-bronce-colocados-por-los-padres-de-la-guarderia-abc-en-el-antimonumento-ciudad-de-mexico\/","url_meta":{"origin":34391,"position":0},"title":"Roban zapatos de bronce colocados por los padres de la Guarder\u00eda ABC en el Antimonumento (Ciudad de M\u00e9xico)","author":"grieta","date":"17 junio, 2019","format":false,"excerpt":"Los zapatos de bronce hab\u00edan sido colocados por padres y familiares de los 49 menores fallecidos en el incendio de 2009, eran r\u00e9plicas de los que usaban las ni\u00f1as y ni\u00f1os el d\u00eda del percance. Redacci\u00f3n\/ ANIMAL POL\u00cdTICO Siete de los pares de zapatos de bronce colocados en el Antimonumento\u2026","rel":"","context":"En &quot;CINTILLO&quot;","block_context":{"text":"CINTILLO","link":"http:\/\/www.grieta.org.mx\/index.php\/category\/cintillo\/"},"img":{"alt_text":"","src":"https:\/\/i0.wp.com\/www.grieta.org.mx\/wp-content\/uploads\/2019\/06\/zapatitos-ABC.jpg?resize=350%2C200","width":350,"height":200,"srcset":"https:\/\/i0.wp.com\/www.grieta.org.mx\/wp-content\/uploads\/2019\/06\/zapatitos-ABC.jpg?resize=350%2C200 1x, https:\/\/i0.wp.com\/www.grieta.org.mx\/wp-content\/uploads\/2019\/06\/zapatitos-ABC.jpg?resize=525%2C300 1.5x"},"classes":[]},{"id":55275,"url":"http:\/\/www.grieta.org.mx\/index.php\/2020\/11\/16\/no-hacen-bien-su-trabajo-acusan-papas-de-guarderia-abc-sonora\/","url_meta":{"origin":34391,"position":1},"title":"&#8216;No hacen bien su trabajo&#8217;, acusan pap\u00e1s de Guarder\u00eda ABC (Sonora)","author":"grieta","date":"16 noviembre, 2020","format":false,"excerpt":"Alberto Maytorena |\u00a0El Sol de Hermosillo Foto: El Sol de Hermosillo El presidente Andr\u00e9s Manuel L\u00f3pez Obrador rechaza mantener di\u00e1logo con los padres de los ni\u00f1os ABC que esperan se cumplan las demandas de amparo ganadas ante la Suprema Corte de Justicia de la Naci\u00f3n (SCJN), indic\u00f3 Marisol Monta\u00f1o Estrada.\u2026","rel":"","context":"En &quot;CINTILLO&quot;","block_context":{"text":"CINTILLO","link":"http:\/\/www.grieta.org.mx\/index.php\/category\/cintillo\/"},"img":{"alt_text":"","src":"https:\/\/i0.wp.com\/www.grieta.org.mx\/wp-content\/uploads\/2020\/11\/Guarderia-ABC.jpeg?resize=350%2C200","width":350,"height":200,"srcset":"https:\/\/i0.wp.com\/www.grieta.org.mx\/wp-content\/uploads\/2020\/11\/Guarderia-ABC.jpeg?resize=350%2C200 1x, https:\/\/i0.wp.com\/www.grieta.org.mx\/wp-content\/uploads\/2020\/11\/Guarderia-ABC.jpeg?resize=525%2C300 1.5x, https:\/\/i0.wp.com\/www.grieta.org.mx\/wp-content\/uploads\/2020\/11\/Guarderia-ABC.jpeg?resize=700%2C400 2x"},"classes":[]},{"id":23486,"url":"http:\/\/www.grieta.org.mx\/index.php\/2018\/06\/05\/padres-de-las-victimas-de-la-guarderia-abc-denuncian-represalias-de-funcionarios-por-reclamos-de-corrupcion-sonora\/","url_meta":{"origin":34391,"position":2},"title":"Padres de las v\u00edctimas de la Guarder\u00eda ABC denuncian represalias de funcionarios por reclamos de corrupci\u00f3n (Sonora)","author":"grieta","date":"5 junio, 2018","format":false,"excerpt":"Redacci\u00f3n\/ Sin Embargo Los familiares de los menores fallecidos subrayaron que ni el IMSS, ni el gobierno de Sonora, ni el municipio de Hermosillo han atendido la queja que emiti\u00f3 la Comisi\u00f3n Nacional de los Derechos Humanos (CNDH) el pasado 30 de junio de 2009. Ciudad de M\u00e9xico, 5 de\u2026","rel":"","context":"En &quot;CINTILLO&quot;","block_context":{"text":"CINTILLO","link":"http:\/\/www.grieta.org.mx\/index.php\/category\/cintillo\/"},"img":{"alt_text":"","src":"https:\/\/i0.wp.com\/www.grieta.org.mx\/wp-content\/uploads\/2018\/06\/padres-abc.jpg?resize=350%2C200","width":350,"height":200,"srcset":"https:\/\/i0.wp.com\/www.grieta.org.mx\/wp-content\/uploads\/2018\/06\/padres-abc.jpg?resize=350%2C200 1x, https:\/\/i0.wp.com\/www.grieta.org.mx\/wp-content\/uploads\/2018\/06\/padres-abc.jpg?resize=525%2C300 1.5x, https:\/\/i0.wp.com\/www.grieta.org.mx\/wp-content\/uploads\/2018\/06\/padres-abc.jpg?resize=700%2C400 2x, https:\/\/i0.wp.com\/www.grieta.org.mx\/wp-content\/uploads\/2018\/06\/padres-abc.jpg?resize=1050%2C600 3x"},"classes":[]},{"id":9076,"url":"http:\/\/www.grieta.org.mx\/index.php\/2016\/09\/11\/caso-guarderia-abc\/","url_meta":{"origin":34391,"position":3},"title":"Caso Guarder\u00eda ABC","author":"Admin","date":"11 septiembre, 2016","format":false,"excerpt":"Se exige verdad y justicia para las v\u00edctimas de la guarder\u00eda ABC a siete a\u00f1os de luto y lucha 11\/09\/15. No buscan la verdad \u201csino la impunidad para los verdaderos responsables de la muerte de nuestros hijos\u201d: padres ABC Revoluci\u00f3n 3.0 05\/06\/15. 7 a\u00f1os de dolor y sin justicia: guarder\u00eda\u2026","rel":"","context":"En &quot;NOTICIAS NACIONALES&quot;","block_context":{"text":"NOTICIAS NACIONALES","link":"http:\/\/www.grieta.org.mx\/index.php\/category\/noticias-nacionales\/"},"img":{"alt_text":"","src":"https:\/\/i0.wp.com\/www.grieta.org.mx\/wp-content\/uploads\/2018\/03\/14524434_1106112876131411_958039263622046936_o.jpg?resize=350%2C200","width":350,"height":200,"srcset":"https:\/\/i0.wp.com\/www.grieta.org.mx\/wp-content\/uploads\/2018\/03\/14524434_1106112876131411_958039263622046936_o.jpg?resize=350%2C200 1x, https:\/\/i0.wp.com\/www.grieta.org.mx\/wp-content\/uploads\/2018\/03\/14524434_1106112876131411_958039263622046936_o.jpg?resize=525%2C300 1.5x, https:\/\/i0.wp.com\/www.grieta.org.mx\/wp-content\/uploads\/2018\/03\/14524434_1106112876131411_958039263622046936_o.jpg?resize=700%2C400 2x"},"classes":[]},{"id":34396,"url":"http:\/\/www.grieta.org.mx\/index.php\/2019\/06\/05\/danna-lleva-20-cirugias-desde-el-incendio-en-la-guarderia-abc-su-familia-suena-una-vida-normal-sonora\/","url_meta":{"origin":34391,"position":4},"title":"Danna lleva 20 cirug\u00edas desde el incendio en la Guarder\u00eda ABC; su familia sue\u00f1a una vida normal (Sonora)","author":"grieta","date":"5 junio, 2019","format":false,"excerpt":"Daniel S\u00e1nchez\/ EFE\/ SIN EMBARGO A sus 12 a\u00f1os de edad, Danna Paola relata las visitas que le hacen en su casa los m\u00e9dicos del Hospital Shriners para ni\u00f1os quemados en Sacramento, California; su madre aprendi\u00f3 terapia, psicolog\u00eda, enfermer\u00eda, nutrici\u00f3n y toda profesi\u00f3n que su hija requiera para sanar las\u2026","rel":"","context":"En &quot;CINTILLO&quot;","block_context":{"text":"CINTILLO","link":"http:\/\/www.grieta.org.mx\/index.php\/category\/cintillo\/"},"img":{"alt_text":"","src":"https:\/\/i0.wp.com\/www.grieta.org.mx\/wp-content\/uploads\/2019\/06\/incendio-abc-1.jpg?resize=350%2C200","width":350,"height":200,"srcset":"https:\/\/i0.wp.com\/www.grieta.org.mx\/wp-content\/uploads\/2019\/06\/incendio-abc-1.jpg?resize=350%2C200 1x, https:\/\/i0.wp.com\/www.grieta.org.mx\/wp-content\/uploads\/2019\/06\/incendio-abc-1.jpg?resize=525%2C300 1.5x, https:\/\/i0.wp.com\/www.grieta.org.mx\/wp-content\/uploads\/2019\/06\/incendio-abc-1.jpg?resize=700%2C400 2x, https:\/\/i0.wp.com\/www.grieta.org.mx\/wp-content\/uploads\/2019\/06\/incendio-abc-1.jpg?resize=1050%2C600 3x"},"classes":[]},{"id":34386,"url":"http:\/\/www.grieta.org.mx\/index.php\/2019\/06\/06\/alexia-de-11-anos-vive-con-asma-desde-el-incendio-en-la-guarderia-abc-es-feliz-pero-exige-justicia-sonora\/","url_meta":{"origin":34391,"position":5},"title":"Alexia, de 11 a\u00f1os, vive con asma desde el incendio en la Guarder\u00eda ABC; es feliz, pero exige justicia (Sonora)","author":"grieta","date":"6 junio, 2019","format":false,"excerpt":"Redacci\u00f3n\/ SIN EMBARGO\/ PROYECTO PUENTE \u201cLa ni\u00f1a se hizo como asm\u00e1tica, hubo una afectaci\u00f3n en los pulmones, en el izquierdo m\u00e1s que en el derecho, el 30 por ciento en el izquierdo, hace dos a\u00f1os le quitaron la ves\u00edcula, mil medicamentos ha tomado estos 10 a\u00f1os\u2026\u201d, coment\u00f3 su mam\u00e1. Sonora,\u2026","rel":"","context":"En &quot;CINTILLO&quot;","block_context":{"text":"CINTILLO","link":"http:\/\/www.grieta.org.mx\/index.php\/category\/cintillo\/"},"img":{"alt_text":"","src":"https:\/\/i0.wp.com\/www.grieta.org.mx\/wp-content\/uploads\/2019\/06\/Alexia-ABC.jpg?resize=350%2C200","width":350,"height":200,"srcset":"https:\/\/i0.wp.com\/www.grieta.org.mx\/wp-content\/uploads\/2019\/06\/Alexia-ABC.jpg?resize=350%2C200 1x, https:\/\/i0.wp.com\/www.grieta.org.mx\/wp-content\/uploads\/2019\/06\/Alexia-ABC.jpg?resize=525%2C300 1.5x, https:\/\/i0.wp.com\/www.grieta.org.mx\/wp-content\/uploads\/2019\/06\/Alexia-ABC.jpg?resize=700%2C400 2x, https:\/\/i0.wp.com\/www.grieta.org.mx\/wp-content\/uploads\/2019\/06\/Alexia-ABC.jpg?resize=1050%2C600 3x"},"classes":[]}],"_links":{"self":[{"href":"http:\/\/www.grieta.org.mx\/index.php\/wp-json\/wp\/v2\/posts\/34391","targetHints":{"allow":["GET"]}}],"collection":[{"href":"http:\/\/www.grieta.org.mx\/index.php\/wp-json\/wp\/v2\/posts"}],"about":[{"href":"http:\/\/www.grieta.org.mx\/index.php\/wp-json\/wp\/v2\/types\/post"}],"author":[{"embeddable":true,"href":"http:\/\/www.grieta.org.mx\/index.php\/wp-json\/wp\/v2\/users\/2"}],"replies":[{"embeddable":true,"href":"http:\/\/www.grieta.org.mx\/index.php\/wp-json\/wp\/v2\/comments?post=34391"}],"version-history":[{"count":1,"href":"http:\/\/www.grieta.org.mx\/index.php\/wp-json\/wp\/v2\/posts\/34391\/revisions"}],"predecessor-version":[{"id":34395,"href":"http:\/\/www.grieta.org.mx\/index.php\/wp-json\/wp\/v2\/posts\/34391\/revisions\/34395"}],"wp:featuredmedia":[{"embeddable":true,"href":"http:\/\/www.grieta.org.mx\/index.php\/wp-json\/wp\/v2\/media\/34392"}],"wp:attachment":[{"href":"http:\/\/www.grieta.org.mx\/index.php\/wp-json\/wp\/v2\/media?parent=34391"}],"wp:term":[{"taxonomy":"category","embeddable":true,"href":"http:\/\/www.grieta.org.mx\/index.php\/wp-json\/wp\/v2\/categories?post=34391"},{"taxonomy":"post_tag","embeddable":true,"href":"http:\/\/www.grieta.org.mx\/index.php\/wp-json\/wp\/v2\/tags?post=34391"}],"curies":[{"name":"wp","href":"https:\/\/api.w.org\/{rel}","templated":true}]}}