{"id":34349,"date":"2019-06-06T15:27:54","date_gmt":"2019-06-06T20:27:54","guid":{"rendered":"http:\/\/www.grieta.org.mx\/?p=34349"},"modified":"2019-06-06T15:27:54","modified_gmt":"2019-06-06T20:27:54","slug":"no-se-evaluaron-riesgos-de-megaproyectos-de-energias-alternativas-yucatan","status":"publish","type":"post","link":"http:\/\/www.grieta.org.mx\/index.php\/2019\/06\/06\/no-se-evaluaron-riesgos-de-megaproyectos-de-energias-alternativas-yucatan\/","title":{"rendered":"No se evaluaron riesgos de megaproyectos de energ\u00edas alternativas (Yucat\u00e1n)"},"content":{"rendered":"<figure id=\"attachment_34351\" aria-describedby=\"caption-attachment-34351\" style=\"width: 800px\" class=\"wp-caption alignleft\"><img loading=\"lazy\" decoding=\"async\" data-attachment-id=\"34351\" data-permalink=\"http:\/\/www.grieta.org.mx\/index.php\/2019\/06\/06\/no-se-evaluaron-riesgos-de-megaproyectos-de-energias-alternativas-yucatan\/loc11-0506ar016\/\" data-orig-file=\"http:\/\/www.grieta.org.mx\/wp-content\/uploads\/2019\/06\/loc11-0506ar016.jpg\" data-orig-size=\"800,532\" data-comments-opened=\"0\" data-image-meta=\"{&quot;aperture&quot;:&quot;5.3&quot;,&quot;credit&quot;:&quot;&quot;,&quot;camera&quot;:&quot;NIKON D3200&quot;,&quot;caption&quot;:&quot;Coloquio Los megaproyectos energ\\u00e9ticos en Yucat\\u00e1n; en la imagen el investigador Rodrigo Pati\\u00f1o\\u2026.nota de David&quot;,&quot;created_timestamp&quot;:&quot;1559748715&quot;,&quot;copyright&quot;:&quot;&quot;,&quot;focal_length&quot;:&quot;66&quot;,&quot;iso&quot;:&quot;400&quot;,&quot;shutter_speed&quot;:&quot;0.004&quot;,&quot;title&quot;:&quot;&quot;,&quot;orientation&quot;:&quot;1&quot;}\" data-image-title=\"loc11-0506ar016\" data-image-description=\"\" data-image-caption=\"&lt;p&gt;Coloquio Los megaproyectos energ\u00e9ticos en Yucat\u00e1n; en la imagen el investigador Rodrigo Pati\u00f1o\u2026.nota de David&lt;\/p&gt;\n\" data-medium-file=\"http:\/\/www.grieta.org.mx\/wp-content\/uploads\/2019\/06\/loc11-0506ar016-300x200.jpg\" data-large-file=\"http:\/\/www.grieta.org.mx\/wp-content\/uploads\/2019\/06\/loc11-0506ar016.jpg\" src=\"http:\/\/www.grieta.org.mx\/wp-content\/uploads\/2019\/06\/loc11-0506ar016.jpg\" alt=\"\" width=\"800\" height=\"532\" class=\"size-full wp-image-34351\" srcset=\"http:\/\/www.grieta.org.mx\/wp-content\/uploads\/2019\/06\/loc11-0506ar016.jpg 800w, http:\/\/www.grieta.org.mx\/wp-content\/uploads\/2019\/06\/loc11-0506ar016-300x200.jpg 300w, http:\/\/www.grieta.org.mx\/wp-content\/uploads\/2019\/06\/loc11-0506ar016-768x511.jpg 768w, http:\/\/www.grieta.org.mx\/wp-content\/uploads\/2019\/06\/loc11-0506ar016-752x500.jpg 752w\" sizes=\"auto, (max-width: 800px) 100vw, 800px\" \/><figcaption id=\"caption-attachment-34351\" class=\"wp-caption-text\">Coloquio Los megaproyectos energ\u00e9ticos en Yucat\u00e1n; en la imagen el investigador Rodrigo Pati\u00f1o\u2026.nota de David<\/figcaption><\/figure>\n<p>David Rico\/PorEsto!<br \/>\nEn Yucat\u00e1n hay 20 megaproyectos de energ\u00edas alternativas, e\u00f3lica y fotovoltaica, pero la mayor\u00eda no cumple con los est\u00e1ndares nacionales e internacionales, en particular con lo que tiene que ver con las consultas a los pueblos ind\u00edgenas y en cuanto a la evaluaci\u00f3n de impacto ambiental, destac\u00f3 ayer Rodrigo Pati\u00f1o D\u00edaz, investigador del Cinvestav.<br \/>\nDijo que a estos proyectos no se les hizo la Evaluaci\u00f3n de Impacto Ambiental Estrat\u00e9gica que era pertinente, la cual es de suma importancia para evaluar los impactos negativos, sociales y ambientales que representan estos megaproyectos.<br \/>\nSe\u00f1al\u00f3 que, por ley, la Semarnat deb\u00eda llevar a cabo esta evaluaci\u00f3n y revisar su pertinencia, as\u00ed como cuando \u00e9stos s\u00ed representan riesgos.<br \/>\nEl especialista, quien forma parte tambi\u00e9n de la agrupaci\u00f3n Articulaci\u00f3n Yucat\u00e1n, particip\u00f3 ayer en el coloquio \u201cLos megaproyectos energ\u00e9ticos en Yucat\u00e1n: entre el consentimiento y la resistencia social\u201d, organizado por el Doctorado en Ciencias Antropol\u00f3gicas de la UADY.<br \/>\nOfreci\u00f3 la charla \u201cLa descarrilada transici\u00f3n energ\u00e9tica en Yucat\u00e1n\u201d, en la que se\u00f1al\u00f3 que s\u00ed hay riesgos de da\u00f1o ambiental. Por ejemplo, en el caso de los proyectos e\u00f3licos dijo que en ninguna parte del mundo se han realizado proyectos en suelo como el de la Entidad, que es suelo k\u00e1rstico y que podr\u00eda generar, por ejemplo, fracturas al subsuelo, adem\u00e1s del riesgo para el flujo de aves locales y migratorias, pues Yucat\u00e1n es un sitio de flujo constante.<\/p>\n<p>Deforestaci\u00f3n<\/p>\n<p>Adem\u00e1s, en el tema de los proyectos fotovoltaicos, el riesgo principal es la deforestaci\u00f3n y todos estos temas debieron haberse evaluado antes de las autorizaciones, pero no se hizo.<br \/>\nRecord\u00f3 que en la Subasta Energ\u00e9tica del 2016 se aprobaron 8 proyectos que deber\u00edan estar funcionado dos a\u00f1os despu\u00e9s, es decir, en el 2018, pero a la fecha s\u00f3lo uno funciona, el Parque E\u00f3lico de Tizim\u00edn, y los dem\u00e1s, por diversas razones, est\u00e1n detenidos e incluso hay una suspensi\u00f3n.<br \/>\nDijo que uno de los principales temas es la consulta que no se ha hecho a las comunidades y, por ello, de los 20 megaproyectos que hoy en d\u00eda existen su futuro es incierto. Dichos proyectos se construyen en municipios como Cansahcab, Motul, Muna, Peto, Progreso, Sacalum, Sinanch\u00e9, Sucil\u00e1, Suma, Telchac Pueblo, Ticul, Tizim\u00edn, Valladolid y Yoba\u00edn.<br \/>\nPati\u00f1o D\u00edaz dijo que, de acuerdo con la ley, es importante que se hagan las consultas ind\u00edgenas, pero en los casos m\u00e1s extraordinarios apenas se le pregunt\u00f3 a la gente y de manera sesgada y con enga\u00f1os, pero no se hicieron las consultas como marca la ley.<\/p>\n<p>Necesarias<\/p>\n<p>Se\u00f1al\u00f3 que la consulta es necesaria para que los pobladores determinen, con los elementos necesarios, si a su parecer existe una afectaci\u00f3n a sus derechos o a su forma de vivir. Adem\u00e1s, dijo que estas consultas se deben hacer antes de empezar la construcci\u00f3n y no cuando los proyectos ya est\u00e9n avanzados, como ha sucedido.<br \/>\nPor ello, dijo que estos proyectos no cumplen con los est\u00e1ndares nacionales e internacionales y, hasta ahora, el futuro de estos proyectos es incierto porque se desconoce cu\u00e1l ser\u00e1 la postura del Gobierno Federal, pues al menos en lo local se ha visto que s\u00ed se est\u00e1n apoyando estos proyectos.<br \/>\nManifest\u00f3 que la informaci\u00f3n que se tiene de estos proyectos es gracias a las manifestaciones de impacto ambiental que son p\u00fablicas, pero no se da mayor informaci\u00f3n del proceso que guarda.<br \/>\nExpuso que, de los 20 proyectos que hay en cartera, s\u00f3lo en 4 se han llevado a cabo las consultas a la poblaci\u00f3n y s\u00f3lo en 2 se han aprobado, los dem\u00e1s est\u00e1n atorados, como el resto de los proyectos y por diferentes irregularidades.<\/p>\n<p><a href=\"https:\/\/www.poresto.net\/2019\/06\/06\/no-se-evaluaron-riesgos-de-megaproyectos-de-energias-alternativas\/\" rel=\"noopener noreferrer\" target=\"_blank\">https:\/\/www.poresto.net\/2019\/06\/06\/no-se-evaluaron-riesgos-de-megaproyectos-de-energias-alternativas\/<\/a><\/p>\n","protected":false},"excerpt":{"rendered":"<p>David Rico\/PorEsto! En Yucat\u00e1n hay 20 megaproyectos de energ\u00edas alternativas, e\u00f3lica y fotovoltaica, pero la mayor\u00eda no cumple con los est\u00e1ndares nacionales e internacionales, en particular con lo que tiene &hellip; <a href=\"http:\/\/www.grieta.org.mx\/index.php\/2019\/06\/06\/no-se-evaluaron-riesgos-de-megaproyectos-de-energias-alternativas-yucatan\/\" class=\"more-link\">Leer m\u00e1s<\/a><\/p>\n","protected":false},"author":2,"featured_media":34351,"comment_status":"closed","ping_status":"closed","sticky":false,"template":"","format":"standard","meta":{"ngg_post_thumbnail":0,"_jetpack_newsletter_access":"","_jetpack_dont_email_post_to_subs":false,"_jetpack_newsletter_tier_id":0,"_jetpack_memberships_contains_paywalled_content":false,"_jetpack_memberships_contains_paid_content":false,"footnotes":""},"categories":[80,3,922,952,2,540,37,1051,1058,36],"tags":[516],"class_list":["post-34349","post","type-post","status-publish","format-standard","has-post-thumbnail","hentry","category-cintillo","category-megaproyectos","category-megaproyectos-estados","category-mp-yucatan","category-noticias-nacionales","category-parque-eolico-dzilam-de-bravo-yucatan","category-parques-eolicos","category-parques-eolicos-y-solares-en-yucatan","category-parques-eolicos-y-solares-en-yucatan-mp-yucatan","category-yucatan","tag-parques-eolicos","entry"],"jetpack_featured_media_url":"http:\/\/www.grieta.org.mx\/wp-content\/uploads\/2019\/06\/loc11-0506ar016.jpg","jetpack_sharing_enabled":true,"jetpack_shortlink":"https:\/\/wp.me\/p7ZJR4-8W1","jetpack_likes_enabled":false,"jetpack-related-posts":[{"id":39054,"url":"http:\/\/www.grieta.org.mx\/index.php\/2019\/09\/08\/parques-eolicos-y-solares-un-riesgo-regional-yucatan\/","url_meta":{"origin":34349,"position":0},"title":"Parques e\u00f3licos y solares, un riesgo regional (Yucat\u00e1n)","author":"grieta","date":"8 septiembre, 2019","format":false,"excerpt":"Estos megaproyectos se levantan a pesar de que no se realiz\u00f3 una evaluaci\u00f3n regional de las afectaciones ambientales y conflictos sociales que provocan en la Pen\u00ednsula de Yucat\u00e1n. Por Herbeth Escalante\/Fotograf\u00eda de Cuauht\u00e9moc Moreno\/Haz ruido M\u00e9rida, Yucat\u00e1n.- Investigadores de la asociaci\u00f3n Articulaci\u00f3n Yucat\u00e1n insisten en que la instalaci\u00f3n de m\u00e1s\u2026","rel":"","context":"En &quot;CINTILLO&quot;","block_context":{"text":"CINTILLO","link":"http:\/\/www.grieta.org.mx\/index.php\/category\/cintillo\/"},"img":{"alt_text":"","src":"https:\/\/i0.wp.com\/www.grieta.org.mx\/wp-content\/uploads\/2019\/09\/parque-eolico-560x416.jpg?resize=350%2C200","width":350,"height":200,"srcset":"https:\/\/i0.wp.com\/www.grieta.org.mx\/wp-content\/uploads\/2019\/09\/parque-eolico-560x416.jpg?resize=350%2C200 1x, https:\/\/i0.wp.com\/www.grieta.org.mx\/wp-content\/uploads\/2019\/09\/parque-eolico-560x416.jpg?resize=525%2C300 1.5x"},"classes":[]},{"id":6189,"url":"http:\/\/www.grieta.org.mx\/index.php\/2016\/08\/29\/avanzan-proyectos-de-parques-eolicos-en-yucatan\/","url_meta":{"origin":34349,"position":1},"title":"Avanzan proyectos de parques e\u00f3licos en Yucat\u00e1n","author":"grieta","date":"29 agosto, 2016","format":false,"excerpt":"29\/08\/16. Sorpresa en obra e\u00f3lica (Yucat\u00e1n) Diario de Yucat\u00e1n 11\/06\/16. En Yucat\u00e1n, empresas de energ\u00eda e\u00f3lica obtendr\u00e1n cr\u00e9ditos hipotecando tierras mayas Mayapolitikon 31\/03\/16. Motul y Ticul \u201cacaparan\u201d parques e\u00f3licos y solares en Yucat\u00e1n Mayapolitikon 03\/12\/15. Pronto nuevo parque e\u00f3lico Diario de Yucat\u00e1n 23\/10\/15. Primer parque e\u00f3lico de Yucat\u00e1n 'alimentar\u00e1' todos\u2026","rel":"","context":"En &quot;16. Pueblo Maya&quot;","block_context":{"text":"16. Pueblo Maya","link":"http:\/\/www.grieta.org.mx\/index.php\/category\/espejos-de-la-resistencia\/16-pueblo-maya\/"},"img":{"alt_text":"","src":"https:\/\/i0.wp.com\/www.grieta.org.mx\/wp-content\/uploads\/2018\/03\/14524434_1106112876131411_958039263622046936_o.jpg?resize=350%2C200","width":350,"height":200,"srcset":"https:\/\/i0.wp.com\/www.grieta.org.mx\/wp-content\/uploads\/2018\/03\/14524434_1106112876131411_958039263622046936_o.jpg?resize=350%2C200 1x, https:\/\/i0.wp.com\/www.grieta.org.mx\/wp-content\/uploads\/2018\/03\/14524434_1106112876131411_958039263622046936_o.jpg?resize=525%2C300 1.5x, https:\/\/i0.wp.com\/www.grieta.org.mx\/wp-content\/uploads\/2018\/03\/14524434_1106112876131411_958039263622046936_o.jpg?resize=700%2C400 2x"},"classes":[]},{"id":25360,"url":"http:\/\/www.grieta.org.mx\/index.php\/2018\/07\/31\/en-la-ilegalidad-los-20-proyectos-de-energia-renovable-en-yucatan\/","url_meta":{"origin":34349,"position":2},"title":"En la ilegalidad los 20 proyectos de energ\u00eda renovable en Yucat\u00e1n","author":"grieta","date":"31 julio, 2018","format":false,"excerpt":"Yucat\u00e1n Ahora Bajo la ilegalidad se desarrollan los 20 megaproyectos de energ\u00eda renovable en Yucat\u00e1n, ya que ninguno ha hecho la Evaluaci\u00f3n Ambiental Estrat\u00e9gica (EAE) y s\u00f3lo dos ya efectuaron una Consulta Ind\u00edgena pero ambas s\u00f3lo benefician al sector empresarial, afirm\u00f3 el especialista de la Unidad M\u00e9rida del Centro de\u2026","rel":"","context":"En &quot;16. Pueblo Maya&quot;","block_context":{"text":"16. Pueblo Maya","link":"http:\/\/www.grieta.org.mx\/index.php\/category\/espejos-de-la-resistencia\/16-pueblo-maya\/"},"img":{"alt_text":"","src":"https:\/\/i0.wp.com\/www.grieta.org.mx\/wp-content\/uploads\/2018\/08\/Eolicas.png?resize=350%2C200","width":350,"height":200,"srcset":"https:\/\/i0.wp.com\/www.grieta.org.mx\/wp-content\/uploads\/2018\/08\/Eolicas.png?resize=350%2C200 1x, https:\/\/i0.wp.com\/www.grieta.org.mx\/wp-content\/uploads\/2018\/08\/Eolicas.png?resize=525%2C300 1.5x, https:\/\/i0.wp.com\/www.grieta.org.mx\/wp-content\/uploads\/2018\/08\/Eolicas.png?resize=700%2C400 2x"},"classes":[]},{"id":30641,"url":"http:\/\/www.grieta.org.mx\/index.php\/2019\/03\/11\/energias-limpias-con-procedimientos-puercos-en-yucatan\/","url_meta":{"origin":34349,"position":3},"title":"\u2018Energ\u00edas limpias\u2019 con procedimientos puercos en Yucat\u00e1n","author":"grieta","date":"11 marzo, 2019","format":false,"excerpt":"Yucat\u00e1n Ahora Representantes ejidales de Valladolid, Sinanch\u00e9, Muna e Ixil declararon que promotores de empresas fotovoltaicas y e\u00f3licas que pretenden instalarse en Yucat\u00e1n los han despojado de sus tierras bajo enga\u00f1os. En conferencia de prensa, los afectados informaron que han este estos hechos han interpuesto demandas ante el Tribunal Agrario\u2026","rel":"","context":"En &quot;16. Pueblo Maya&quot;","block_context":{"text":"16. Pueblo Maya","link":"http:\/\/www.grieta.org.mx\/index.php\/category\/espejos-de-la-resistencia\/16-pueblo-maya\/"},"img":{"alt_text":"","src":"https:\/\/i0.wp.com\/www.grieta.org.mx\/wp-content\/uploads\/2019\/03\/EnergiasLimpiasProcedimientosPuercos.png?resize=350%2C200","width":350,"height":200,"srcset":"https:\/\/i0.wp.com\/www.grieta.org.mx\/wp-content\/uploads\/2019\/03\/EnergiasLimpiasProcedimientosPuercos.png?resize=350%2C200 1x, https:\/\/i0.wp.com\/www.grieta.org.mx\/wp-content\/uploads\/2019\/03\/EnergiasLimpiasProcedimientosPuercos.png?resize=525%2C300 1.5x, https:\/\/i0.wp.com\/www.grieta.org.mx\/wp-content\/uploads\/2019\/03\/EnergiasLimpiasProcedimientosPuercos.png?resize=700%2C400 2x, https:\/\/i0.wp.com\/www.grieta.org.mx\/wp-content\/uploads\/2019\/03\/EnergiasLimpiasProcedimientosPuercos.png?resize=1050%2C600 3x"},"classes":[]},{"id":55837,"url":"http:\/\/www.grieta.org.mx\/index.php\/2020\/12\/14\/sin-estudio-ambiental-regional-inauguran-parque-eolico-en-tizimin\/","url_meta":{"origin":34349,"position":4},"title":"Sin estudio ambiental regional, inauguran parque e\u00f3lico en Tizim\u00edn","author":"grieta","date":"14 diciembre, 2020","format":false,"excerpt":"Haz Ruido Adem\u00e1s, anunciaron la construcci\u00f3n de otro en esa misma localidad del oriente y Vila presume que est\u00e1n en puerta otros 24 megaproyectos en Yucat\u00e1n. Tizim\u00edn, Yucat\u00e1n, 14 de diciembre de 2020.-El gobernador Mauricio Vila Dosal inaugur\u00f3 oficialmente el Parque E\u00f3lico de Tizim\u00edn, en el que se invirtieron 150\u2026","rel":"","context":"En &quot;CINTILLO&quot;","block_context":{"text":"CINTILLO","link":"http:\/\/www.grieta.org.mx\/index.php\/category\/cintillo\/"},"img":{"alt_text":"","src":"https:\/\/i0.wp.com\/www.grieta.org.mx\/wp-content\/uploads\/2020\/12\/eolico-tizimin-e1608335952388.jpg?resize=350%2C200","width":350,"height":200,"srcset":"https:\/\/i0.wp.com\/www.grieta.org.mx\/wp-content\/uploads\/2020\/12\/eolico-tizimin-e1608335952388.jpg?resize=350%2C200 1x, https:\/\/i0.wp.com\/www.grieta.org.mx\/wp-content\/uploads\/2020\/12\/eolico-tizimin-e1608335952388.jpg?resize=525%2C300 1.5x, https:\/\/i0.wp.com\/www.grieta.org.mx\/wp-content\/uploads\/2020\/12\/eolico-tizimin-e1608335952388.jpg?resize=700%2C400 2x"},"classes":[]},{"id":54206,"url":"http:\/\/www.grieta.org.mx\/index.php\/2020\/10\/14\/parques-eolicos-causaron-las-inundaciones-afirman-ejidatarios-de-ixil-yucatan\/","url_meta":{"origin":34349,"position":5},"title":"\u201cParques e\u00f3licos causaron las inundaciones\u201d, afirman ejidatarios de Ixil (Yucat\u00e1n)","author":"grieta","date":"14 octubre, 2020","format":false,"excerpt":"MayaPolitikon \u201cTengo sesenta a\u00f1os y jam\u00e1s hab\u00eda visto inundaciones como estas que padecemos hoy\u201d, dice Cecilio Cisneros, un ejidatario de Ixil cuyo comisariado encabeza la resistencia a la entrada de parques e\u00f3licos en el territorio. \u00bf\u201dHacia d\u00f3nde quieren que corra el agua, si le han bloqueado el paso hacia la\u2026","rel":"","context":"En &quot;CINTILLO&quot;","block_context":{"text":"CINTILLO","link":"http:\/\/www.grieta.org.mx\/index.php\/category\/cintillo\/"},"img":{"alt_text":"","src":"https:\/\/i0.wp.com\/www.grieta.org.mx\/wp-content\/uploads\/2020\/10\/doc-enlace.jpeg?resize=350%2C200","width":350,"height":200,"srcset":"https:\/\/i0.wp.com\/www.grieta.org.mx\/wp-content\/uploads\/2020\/10\/doc-enlace.jpeg?resize=350%2C200 1x, https:\/\/i0.wp.com\/www.grieta.org.mx\/wp-content\/uploads\/2020\/10\/doc-enlace.jpeg?resize=525%2C300 1.5x"},"classes":[]}],"_links":{"self":[{"href":"http:\/\/www.grieta.org.mx\/index.php\/wp-json\/wp\/v2\/posts\/34349","targetHints":{"allow":["GET"]}}],"collection":[{"href":"http:\/\/www.grieta.org.mx\/index.php\/wp-json\/wp\/v2\/posts"}],"about":[{"href":"http:\/\/www.grieta.org.mx\/index.php\/wp-json\/wp\/v2\/types\/post"}],"author":[{"embeddable":true,"href":"http:\/\/www.grieta.org.mx\/index.php\/wp-json\/wp\/v2\/users\/2"}],"replies":[{"embeddable":true,"href":"http:\/\/www.grieta.org.mx\/index.php\/wp-json\/wp\/v2\/comments?post=34349"}],"version-history":[{"count":1,"href":"http:\/\/www.grieta.org.mx\/index.php\/wp-json\/wp\/v2\/posts\/34349\/revisions"}],"predecessor-version":[{"id":34352,"href":"http:\/\/www.grieta.org.mx\/index.php\/wp-json\/wp\/v2\/posts\/34349\/revisions\/34352"}],"wp:featuredmedia":[{"embeddable":true,"href":"http:\/\/www.grieta.org.mx\/index.php\/wp-json\/wp\/v2\/media\/34351"}],"wp:attachment":[{"href":"http:\/\/www.grieta.org.mx\/index.php\/wp-json\/wp\/v2\/media?parent=34349"}],"wp:term":[{"taxonomy":"category","embeddable":true,"href":"http:\/\/www.grieta.org.mx\/index.php\/wp-json\/wp\/v2\/categories?post=34349"},{"taxonomy":"post_tag","embeddable":true,"href":"http:\/\/www.grieta.org.mx\/index.php\/wp-json\/wp\/v2\/tags?post=34349"}],"curies":[{"name":"wp","href":"https:\/\/api.w.org\/{rel}","templated":true}]}}