{"id":34342,"date":"2019-05-29T01:52:35","date_gmt":"2019-05-29T06:52:35","guid":{"rendered":"http:\/\/www.grieta.org.mx\/?p=34342"},"modified":"2019-06-06T02:02:25","modified_gmt":"2019-06-06T07:02:25","slug":"gallardistas-golpean-a-3-periodistas-del-portal-omar-nino-noticias-en-slp","status":"publish","type":"post","link":"http:\/\/www.grieta.org.mx\/index.php\/2019\/05\/29\/gallardistas-golpean-a-3-periodistas-del-portal-omar-nino-noticias-en-slp\/","title":{"rendered":"GALLARDISTAS GOLPEAN A 3 PERIODISTAS DEL PORTAL OMAR NI\u00d1O NOTICIAS EN #SLP"},"content":{"rendered":"<p><img loading=\"lazy\" decoding=\"async\" data-attachment-id=\"34343\" data-permalink=\"http:\/\/www.grieta.org.mx\/index.php\/2019\/05\/29\/gallardistas-golpean-a-3-periodistas-del-portal-omar-nino-noticias-en-slp\/gallardistas-golpean-a-3-periodistas-del-portal-omar-nino-noticias-en-slp-jun\/\" data-orig-file=\"http:\/\/www.grieta.org.mx\/wp-content\/uploads\/2019\/06\/GALLARDISTAS-GOLPEAN-A-3-PERIODISTAS-DEL-PORTAL-OMAR-NI\u00d1O-NOTICIAS-EN-SLP-jun.jpeg\" data-orig-size=\"696,522\" data-comments-opened=\"0\" data-image-meta=\"{&quot;aperture&quot;:&quot;0&quot;,&quot;credit&quot;:&quot;&quot;,&quot;camera&quot;:&quot;&quot;,&quot;caption&quot;:&quot;&quot;,&quot;created_timestamp&quot;:&quot;0&quot;,&quot;copyright&quot;:&quot;&quot;,&quot;focal_length&quot;:&quot;0&quot;,&quot;iso&quot;:&quot;0&quot;,&quot;shutter_speed&quot;:&quot;0&quot;,&quot;title&quot;:&quot;&quot;,&quot;orientation&quot;:&quot;0&quot;}\" data-image-title=\"GALLARDISTAS GOLPEAN A 3 PERIODISTAS DEL PORTAL OMAR NI\u00d1O NOTICIAS EN #SLP jun\" data-image-description=\"\" data-image-caption=\"\" data-medium-file=\"http:\/\/www.grieta.org.mx\/wp-content\/uploads\/2019\/06\/GALLARDISTAS-GOLPEAN-A-3-PERIODISTAS-DEL-PORTAL-OMAR-NI\u00d1O-NOTICIAS-EN-SLP-jun-300x225.jpeg\" data-large-file=\"http:\/\/www.grieta.org.mx\/wp-content\/uploads\/2019\/06\/GALLARDISTAS-GOLPEAN-A-3-PERIODISTAS-DEL-PORTAL-OMAR-NI\u00d1O-NOTICIAS-EN-SLP-jun.jpeg\" class=\"alignleft size-full wp-image-34343\" src=\"http:\/\/www.grieta.org.mx\/wp-content\/uploads\/2019\/06\/GALLARDISTAS-GOLPEAN-A-3-PERIODISTAS-DEL-PORTAL-OMAR-NI\u00d1O-NOTICIAS-EN-SLP-jun.jpeg\" alt=\"\" width=\"696\" height=\"522\" srcset=\"http:\/\/www.grieta.org.mx\/wp-content\/uploads\/2019\/06\/GALLARDISTAS-GOLPEAN-A-3-PERIODISTAS-DEL-PORTAL-OMAR-NI\u00d1O-NOTICIAS-EN-SLP-jun.jpeg 696w, http:\/\/www.grieta.org.mx\/wp-content\/uploads\/2019\/06\/GALLARDISTAS-GOLPEAN-A-3-PERIODISTAS-DEL-PORTAL-OMAR-NI\u00d1O-NOTICIAS-EN-SLP-jun-300x225.jpeg 300w, http:\/\/www.grieta.org.mx\/wp-content\/uploads\/2019\/06\/GALLARDISTAS-GOLPEAN-A-3-PERIODISTAS-DEL-PORTAL-OMAR-NI\u00d1O-NOTICIAS-EN-SLP-jun-667x500.jpeg 667w\" sizes=\"auto, (max-width: 696px) 100vw, 696px\" \/><br \/>\nOmar Ni\u00f1o<\/p>\n<p>Tres periodistas del portal Omar Ni\u00f1o Noticias fueron golpeados y expulsados de un evento celebrado en Soledad de Graciano S\u00e1nchez.<\/p>\n<p>Antonio Torres, Eduardo Rodr\u00edguez y Alberto Ya\u00f1ez cubr\u00edan la presentaci\u00f3n de un libro hist\u00f3rico de Soledad de Graciano S\u00e1nchez, al cual asist\u00eda el propio alcalde Gilberto Hern\u00e1ndez Villafuerte, la diputada local Paola Arreola, el jefe de bomberos de la Zona Metropolitana, Adolfo Benavente, un representante del Ejercito Mexicano, entre otras personalidades.<\/p>\n<p>El evento se realizaba esta ma\u00f1ana en la Hacienda Pozo de Luna, cerca del Aeropuerto Internacional de San Luis Potos\u00ed, cuando cerca de 30 personas simpatizantes del movimiento Gallardista, los amenazaron y golpearon hasta que los tres periodistas fueron expulsados del lugar.<\/p>\n<p>Toda la acci\u00f3n fue presenciada por el director de Comunicaci\u00f3n Social del Ayuntamiento de Soledad, Sergio Garc\u00eda y el vocero de Seguridad Publica Municipal, Miguel Salas que ante los hechos salieron corriendo del lugar y no hicieron nada por evitar la agresi\u00f3n.<\/p>\n<p>Los 3 periodistas han presentado una denuncia ante la Fiscal\u00eda General de Justicia de San Luis Potos\u00ed en la que hacen responsable de su integridad y la de su familia al Diputado Federal, Ricardo Gallardo Cardona y al alcalde de Soledad de Graciano S\u00e1nchez, Gilberto Hern\u00e1ndez Villafuerte.<\/p>\n<p><a href=\"https:\/\/www.omarnino.mx\/2019\/05\/29\/gallardistas-golpean-a-3-periodistas-del-portal-omar-nino-noticias-en-slp\/\" target=\"_blank\" rel=\"noopener noreferrer\">https:\/\/www.omarnino.mx\/2019\/05\/29\/gallardistas-golpean-a-3-periodistas-del-portal-omar-nino-noticias-en-slp\/<\/a><\/p>\n","protected":false},"excerpt":{"rendered":"<p>Omar Ni\u00f1o Tres periodistas del portal Omar Ni\u00f1o Noticias fueron golpeados y expulsados de un evento celebrado en Soledad de Graciano S\u00e1nchez. Antonio Torres, Eduardo Rodr\u00edguez y Alberto Ya\u00f1ez cubr\u00edan &hellip; <a href=\"http:\/\/www.grieta.org.mx\/index.php\/2019\/05\/29\/gallardistas-golpean-a-3-periodistas-del-portal-omar-nino-noticias-en-slp\/\" class=\"more-link\">Leer m\u00e1s<\/a><\/p>\n","protected":false},"author":2,"featured_media":34343,"comment_status":"closed","ping_status":"closed","sticky":false,"template":"","format":"standard","meta":{"ngg_post_thumbnail":0,"_jetpack_newsletter_access":"","_jetpack_dont_email_post_to_subs":false,"_jetpack_newsletter_tier_id":0,"_jetpack_memberships_contains_paywalled_content":false,"_jetpack_memberships_contains_paid_content":false,"footnotes":""},"categories":[80,2,29,2596],"tags":[2262,2331],"class_list":["post-34342","post","type-post","status-publish","format-standard","has-post-thumbnail","hentry","category-cintillo","category-noticias-nacionales","category-san-luis-potosi","category-violencia-contra-periodistas-en-san-luis-potosi","tag-agresiones-contra-periodistas","tag-violencia-conta-periodistas","entry"],"jetpack_featured_media_url":"http:\/\/www.grieta.org.mx\/wp-content\/uploads\/2019\/06\/GALLARDISTAS-GOLPEAN-A-3-PERIODISTAS-DEL-PORTAL-OMAR-NI\u00d1O-NOTICIAS-EN-SLP-jun.jpeg","jetpack_sharing_enabled":true,"jetpack_shortlink":"https:\/\/wp.me\/p7ZJR4-8VU","jetpack_likes_enabled":false,"jetpack-related-posts":[{"id":31312,"url":"http:\/\/www.grieta.org.mx\/index.php\/2019\/03\/19\/en-poco-mas-de-2-anos-slp-registra-90-feminicidios-san-luis-potosi\/","url_meta":{"origin":34342,"position":0},"title":"EN POCO M\u00c1S DE 2 A\u00d1OS, SLP REGISTRA 90 FEMINICIDIOS (San Luis Potos\u00ed)","author":"grieta","date":"19 marzo, 2019","format":false,"excerpt":"Omar Ni\u00f1o La Alerta de de G\u00e9nero Contra Las Mujeres en San Luis Potos\u00ed ha sido un fracaso, se\u00f1al\u00f3 en rueda de prensa el Presidente de la Comisi\u00f3n Estatal de Derechos Humanos Jorge Andr\u00e9s L\u00f3pez Espinoza. El Ombudsman inform\u00f3 que en el 2017 hubo 34 muertes violentas en el 2018\u2026","rel":"","context":"En &quot;CINTILLO&quot;","block_context":{"text":"CINTILLO","link":"http:\/\/www.grieta.org.mx\/index.php\/category\/cintillo\/"},"img":{"alt_text":"","src":"https:\/\/i0.wp.com\/www.grieta.org.mx\/wp-content\/uploads\/2019\/03\/EN-POCO-M%C3%81S-DE-2-A%C3%91OS-SLP-REGISTRA-90-FEMINICIDIOS-slp-mzo.png?resize=350%2C200","width":350,"height":200,"srcset":"https:\/\/i0.wp.com\/www.grieta.org.mx\/wp-content\/uploads\/2019\/03\/EN-POCO-M%C3%81S-DE-2-A%C3%91OS-SLP-REGISTRA-90-FEMINICIDIOS-slp-mzo.png?resize=350%2C200 1x, https:\/\/i0.wp.com\/www.grieta.org.mx\/wp-content\/uploads\/2019\/03\/EN-POCO-M%C3%81S-DE-2-A%C3%91OS-SLP-REGISTRA-90-FEMINICIDIOS-slp-mzo.png?resize=525%2C300 1.5x"},"classes":[]},{"id":42022,"url":"http:\/\/www.grieta.org.mx\/index.php\/2019\/12\/02\/atacan-instalaciones-de-un-periodico-en-san-luis-potosi-no-nos-van-a-intimidar-responde-el-medio\/","url_meta":{"origin":34342,"position":1},"title":"Atacan instalaciones de un peri\u00f3dico en San Luis Potos\u00ed; \u201cno nos van a intimidar\u201d, responde el medio","author":"grieta","date":"2 diciembre, 2019","format":false,"excerpt":"Dos sujetos que viajaban en motocicleta lanzaron las bombas contra el edificio del medio Zona Media y huyeron del lugar. Redacci\u00f3n\/Animal Pol\u00edtico 2 diciembre 2019 Alrededor de las 6 de la ma\u00f1ana de este lunes fueron atacadas con bombas molotov las instalaciones del diario Zona Media, en Rioverde, San Luis\u2026","rel":"","context":"En &quot;CINTILLO&quot;","block_context":{"text":"CINTILLO","link":"http:\/\/www.grieta.org.mx\/index.php\/category\/cintillo\/"},"img":{"alt_text":"","src":"https:\/\/i0.wp.com\/www.grieta.org.mx\/wp-content\/uploads\/2019\/12\/Acapulco_Bolsas_Restos_Humanos-1_2-e1575303989313.jpg?resize=350%2C200","width":350,"height":200,"srcset":"https:\/\/i0.wp.com\/www.grieta.org.mx\/wp-content\/uploads\/2019\/12\/Acapulco_Bolsas_Restos_Humanos-1_2-e1575303989313.jpg?resize=350%2C200 1x, https:\/\/i0.wp.com\/www.grieta.org.mx\/wp-content\/uploads\/2019\/12\/Acapulco_Bolsas_Restos_Humanos-1_2-e1575303989313.jpg?resize=525%2C300 1.5x, https:\/\/i0.wp.com\/www.grieta.org.mx\/wp-content\/uploads\/2019\/12\/Acapulco_Bolsas_Restos_Humanos-1_2-e1575303989313.jpg?resize=700%2C400 2x, https:\/\/i0.wp.com\/www.grieta.org.mx\/wp-content\/uploads\/2019\/12\/Acapulco_Bolsas_Restos_Humanos-1_2-e1575303989313.jpg?resize=1050%2C600 3x, https:\/\/i0.wp.com\/www.grieta.org.mx\/wp-content\/uploads\/2019\/12\/Acapulco_Bolsas_Restos_Humanos-1_2-e1575303989313.jpg?resize=1400%2C800 4x"},"classes":[]},{"id":33497,"url":"http:\/\/www.grieta.org.mx\/index.php\/2019\/05\/14\/regresan-las-manifestaciones-a-interapas-san-luis-potosi\/","url_meta":{"origin":34342,"position":2},"title":"Regresan las manifestaciones a Interapas (San Luis Potos\u00ed)","author":"grieta","date":"14 mayo, 2019","format":false,"excerpt":"Plano Informativo Decenas de mujeres en su mayor\u00eda exigieron nuevamente la destituci\u00f3n de la delegada Soledad de Graciano S\u00e1nchez, SLP.- Nuevamente se vivi\u00f3 tensi\u00f3n en la delegaci\u00f3n de Interapas en el municipio de Soledad de Graciano S\u00e1nchez, cuando decenas de mujeres tomaron las instalaciones para manifestarse por la falta de\u2026","rel":"","context":"En &quot;CINTILLO&quot;","block_context":{"text":"CINTILLO","link":"http:\/\/www.grieta.org.mx\/index.php\/category\/cintillo\/"},"img":{"alt_text":"","src":"https:\/\/i0.wp.com\/www.grieta.org.mx\/wp-content\/uploads\/2019\/05\/Regresan-las-manifestaciones-a-Interapas-slp-may.jpg?resize=350%2C200","width":350,"height":200,"srcset":"https:\/\/i0.wp.com\/www.grieta.org.mx\/wp-content\/uploads\/2019\/05\/Regresan-las-manifestaciones-a-Interapas-slp-may.jpg?resize=350%2C200 1x, https:\/\/i0.wp.com\/www.grieta.org.mx\/wp-content\/uploads\/2019\/05\/Regresan-las-manifestaciones-a-Interapas-slp-may.jpg?resize=525%2C300 1.5x, https:\/\/i0.wp.com\/www.grieta.org.mx\/wp-content\/uploads\/2019\/05\/Regresan-las-manifestaciones-a-Interapas-slp-may.jpg?resize=700%2C400 2x"},"classes":[]},{"id":45541,"url":"http:\/\/www.grieta.org.mx\/index.php\/2020\/02\/25\/encuentran-fosas-clandestinas-en-moctezuma-san-luis-potosi\/","url_meta":{"origin":34342,"position":3},"title":"Encuentran fosas clandestinas en Moctezuma, San Luis Potos\u00ed","author":"grieta","date":"25 febrero, 2020","format":false,"excerpt":"Redacci\u00f3n\/UNOTV 25 febrero 2020 La Fiscal\u00eda General del Estado de San Luis Potos\u00ed (FGESLP) emiti\u00f3 un comunicado en el que se\u00f1al\u00f3 el hallazgo de fosas clandestinas en las que se hallaron los restos de al menos 16 personas. Estas fosas clandestinas, reportadas por las autoridades de San Luis Potos\u00ed, se\u2026","rel":"","context":"En &quot;CINTILLO&quot;","block_context":{"text":"CINTILLO","link":"http:\/\/www.grieta.org.mx\/index.php\/category\/cintillo\/"},"img":{"alt_text":"","src":"https:\/\/i0.wp.com\/www.grieta.org.mx\/wp-content\/uploads\/2020\/03\/216928-Principal.jpg?resize=350%2C200","width":350,"height":200,"srcset":"https:\/\/i0.wp.com\/www.grieta.org.mx\/wp-content\/uploads\/2020\/03\/216928-Principal.jpg?resize=350%2C200 1x, https:\/\/i0.wp.com\/www.grieta.org.mx\/wp-content\/uploads\/2020\/03\/216928-Principal.jpg?resize=525%2C300 1.5x, https:\/\/i0.wp.com\/www.grieta.org.mx\/wp-content\/uploads\/2020\/03\/216928-Principal.jpg?resize=700%2C400 2x"},"classes":[]},{"id":30569,"url":"http:\/\/www.grieta.org.mx\/index.php\/2019\/03\/08\/mujeres-lanzan-huevos-al-edificio-central-de-la-uaslp-san-luis-potosi\/","url_meta":{"origin":34342,"position":4},"title":"Mujeres lanzan huevos al Edificio Central de la UASLP (San Luis Potos\u00ed)","author":"grieta","date":"8 marzo, 2019","format":false,"excerpt":"Omar Ni\u00f1o Este viernes un grupo de mujeres lanzaron bombas de humo morado y huevos, al Edificio Central de la UASLP ademas de lanzar consignas contra el rector de la M\u00e1xima Casa de Estudios potosina Todo esto sucedi\u00f3 en la marcha denominada #8M en la cual un grupo de mujeres\u2026","rel":"","context":"En &quot;CINTILLO&quot;","block_context":{"text":"CINTILLO","link":"http:\/\/www.grieta.org.mx\/index.php\/category\/cintillo\/"},"img":{"alt_text":"","src":"https:\/\/i0.wp.com\/www.grieta.org.mx\/wp-content\/uploads\/2019\/03\/Mujeres-lanzan-huevos-al-Edificio-Central-de-la-UASLP-slp-mzo.png?resize=350%2C200","width":350,"height":200,"srcset":"https:\/\/i0.wp.com\/www.grieta.org.mx\/wp-content\/uploads\/2019\/03\/Mujeres-lanzan-huevos-al-Edificio-Central-de-la-UASLP-slp-mzo.png?resize=350%2C200 1x, https:\/\/i0.wp.com\/www.grieta.org.mx\/wp-content\/uploads\/2019\/03\/Mujeres-lanzan-huevos-al-Edificio-Central-de-la-UASLP-slp-mzo.png?resize=525%2C300 1.5x"},"classes":[]},{"id":28627,"url":"http:\/\/www.grieta.org.mx\/index.php\/2019\/01\/28\/feminicidios-y-violaciones-azotan-a-slp-san-luis-potosi\/","url_meta":{"origin":34342,"position":5},"title":"Feminicidios y violaciones azotan a SLP (San Luis Potos\u00ed)","author":"grieta","date":"28 enero, 2019","format":false,"excerpt":"Jaime Hern\u00e1ndez \/ Pulso En ambos delitos, la entidad se ubic\u00f3 entre los diez estados con mayor incidencia del pa\u00eds Durante 2018, 93 potosinas fueron v\u00edctimas de homicidio. De esos cr\u00edmenes, 27 fueron considerados como feminicidios, ubicando a San Luis Potos\u00ed en el d\u00e9cimo lugar entre los estados con mayor\u2026","rel":"","context":"En &quot;CINTILLO&quot;","block_context":{"text":"CINTILLO","link":"http:\/\/www.grieta.org.mx\/index.php\/category\/cintillo\/"},"img":{"alt_text":"","src":"https:\/\/i0.wp.com\/www.grieta.org.mx\/wp-content\/uploads\/2019\/01\/Feminicidios-y-violaciones-azotan-a-SLP.jpg?resize=350%2C200","width":350,"height":200,"srcset":"https:\/\/i0.wp.com\/www.grieta.org.mx\/wp-content\/uploads\/2019\/01\/Feminicidios-y-violaciones-azotan-a-SLP.jpg?resize=350%2C200 1x, https:\/\/i0.wp.com\/www.grieta.org.mx\/wp-content\/uploads\/2019\/01\/Feminicidios-y-violaciones-azotan-a-SLP.jpg?resize=525%2C300 1.5x"},"classes":[]}],"_links":{"self":[{"href":"http:\/\/www.grieta.org.mx\/index.php\/wp-json\/wp\/v2\/posts\/34342","targetHints":{"allow":["GET"]}}],"collection":[{"href":"http:\/\/www.grieta.org.mx\/index.php\/wp-json\/wp\/v2\/posts"}],"about":[{"href":"http:\/\/www.grieta.org.mx\/index.php\/wp-json\/wp\/v2\/types\/post"}],"author":[{"embeddable":true,"href":"http:\/\/www.grieta.org.mx\/index.php\/wp-json\/wp\/v2\/users\/2"}],"replies":[{"embeddable":true,"href":"http:\/\/www.grieta.org.mx\/index.php\/wp-json\/wp\/v2\/comments?post=34342"}],"version-history":[{"count":1,"href":"http:\/\/www.grieta.org.mx\/index.php\/wp-json\/wp\/v2\/posts\/34342\/revisions"}],"predecessor-version":[{"id":34344,"href":"http:\/\/www.grieta.org.mx\/index.php\/wp-json\/wp\/v2\/posts\/34342\/revisions\/34344"}],"wp:featuredmedia":[{"embeddable":true,"href":"http:\/\/www.grieta.org.mx\/index.php\/wp-json\/wp\/v2\/media\/34343"}],"wp:attachment":[{"href":"http:\/\/www.grieta.org.mx\/index.php\/wp-json\/wp\/v2\/media?parent=34342"}],"wp:term":[{"taxonomy":"category","embeddable":true,"href":"http:\/\/www.grieta.org.mx\/index.php\/wp-json\/wp\/v2\/categories?post=34342"},{"taxonomy":"post_tag","embeddable":true,"href":"http:\/\/www.grieta.org.mx\/index.php\/wp-json\/wp\/v2\/tags?post=34342"}],"curies":[{"name":"wp","href":"https:\/\/api.w.org\/{rel}","templated":true}]}}