{"id":3417,"date":"2015-10-04T22:38:36","date_gmt":"2015-10-04T22:38:36","guid":{"rendered":"http:\/\/50.22.11.12\/~grietaor\/?p=3417"},"modified":"2016-03-14T22:53:52","modified_gmt":"2016-03-14T22:53:52","slug":"protestan-comuneros-por-venta-de-reserva-natural-en-yucatan","status":"publish","type":"post","link":"http:\/\/www.grieta.org.mx\/index.php\/2015\/10\/04\/protestan-comuneros-por-venta-de-reserva-natural-en-yucatan\/","title":{"rendered":"Protestan comuneros por venta de reserva natural en Yucat\u00e1n"},"content":{"rendered":"<p>NUEVO XCAN (proceso. com.mx).- Elementos de la Polic\u00eda Estatal de Yucat\u00e1n (PEY) impidieron el acceso a la asamblea del ejido de Valladolid a comuneros que se oponen a la parcelaci\u00f3n de Punta Laguna, que es el primer paso para un megadesarrollo tur\u00edstico en esta zona que comprende el \u00c1rea de Protecci\u00f3n de Flora y Fauna (ASPFF) Otoch Ma\u2019ax Yetel Kooh (hogar del mono y el puma) que acabar\u00eda con esta reserva natural.<\/p>\n<p>Los comuneros que rechazan la parcelaci\u00f3n y quedaron fuera de asamblea, terminaron por realizar una protesta frente a la Casa Ejidal para repudiar la intromisi\u00f3n del gobernador del estado, Rolado Zapata Bello, por permitir que el presidente del comisariado ejidal, Jos\u00e9 Matilde Cervera Chan y el abogado Rafael Acosta Sol\u00eds, quien fue subprocurador en la administraci\u00f3n de Ivonne Ortega, los despojen de Punta Laguna.<\/p>\n<p>La asamblea finalmente se llev\u00f3 a cabo y se acord\u00f3 el parcelamiento de unas 30 mil hect\u00e1reas de Punta Laguna y la designaci\u00f3n de Acosta Sol\u00eds como apoderado legal del ejido, quien tendr\u00e1 como una de sus funciones la venta de los terrenos.<\/p>\n<p>Los elementos de la PEY cercaron la casa ejidal de Valladolid e impidieron el acceso de los comuneros que se oponen a la venta de Punta Laguna a fin de que Cervera Chan y Acosta Sol\u00eds tuvieran mayor\u00eda.<\/p>\n<p>De acuerdo con el comisariado municipal Juan Jes\u00fas Canul Chan, los acuerdos de asamblea ejidal se realizaron con personas ajenas a este n\u00facleo agrario que Cervera Chan hizo pasar como ejidatarios.<\/p>\n<p>\u201cTodos los acuerdos son ilegales de origen\u201d, acus\u00f3.<\/p>\n<p>Lament\u00f3 la actuaci\u00f3n del gobernador Zapata Bello que est\u00e1 permitiendo que se afecte esta reserva natural s\u00f3lo por favorecer a grupos de inter\u00e9s pol\u00edtico y econ\u00f3mico.<\/p>\n<p>\u201cEl gobernador se est\u00e1 haciendo de la vista gorda\u201d, sostuvo Canul Chan.<\/p>\n<p>Sin embargo, asegur\u00f3 que este asunto a\u00fan no concluye y que llegar\u00e1n hasta las \u00faltimas consecuencias para evitar que sean despojados.<\/p>\n<p>\u201cSi no nos hacen caso vamos a hacer justicia por nuestra propia mano\u201d, advirti\u00f3.<\/p>\n<p><a href=\"http:\/\/www.proceso.com.mx\/417241\/protestan-comuneros-por-parcelacion-de-reserva-natural-en-yucatan\" target=\"_blank\">www.proceso.com.mx\/p=417241&#038;utm_source=feedburner&#038;utm_medium=feed&#038;utm_campaign=Feed%3A+revista_proceso+%28Revista+Proceso%29<\/a><\/p>\n","protected":false},"excerpt":{"rendered":"<p>NUEVO XCAN (proceso. com.mx).- Elementos de la Polic\u00eda Estatal de Yucat\u00e1n (PEY) impidieron el acceso a la asamblea del ejido de Valladolid a comuneros que se oponen a la parcelaci\u00f3n &hellip; <a href=\"http:\/\/www.grieta.org.mx\/index.php\/2015\/10\/04\/protestan-comuneros-por-venta-de-reserva-natural-en-yucatan\/\" class=\"more-link\">Leer m\u00e1s<\/a><\/p>\n","protected":false},"author":2,"featured_media":21928,"comment_status":"closed","ping_status":"open","sticky":false,"template":"","format":"standard","meta":{"ngg_post_thumbnail":0,"_jetpack_newsletter_access":"","_jetpack_dont_email_post_to_subs":false,"_jetpack_newsletter_tier_id":0,"_jetpack_memberships_contains_paywalled_content":false,"_jetpack_memberships_contains_paid_content":false,"footnotes":""},"categories":[80,153],"tags":[154,184,293],"class_list":["post-3417","post","type-post","status-publish","format-standard","has-post-thumbnail","hentry","category-cintillo","category-yucatan","tag-areas-naturales-protegidas","tag-despojo","tag-punta-laguna","entry"],"jetpack_featured_media_url":"http:\/\/www.grieta.org.mx\/wp-content\/uploads\/2018\/03\/14524434_1106112876131411_958039263622046936_o.jpg","jetpack_sharing_enabled":true,"jetpack_shortlink":"https:\/\/wp.me\/p7ZJR4-T7","jetpack_likes_enabled":false,"jetpack-related-posts":[{"id":3420,"url":"http:\/\/www.grieta.org.mx\/index.php\/2015\/10\/03\/planean-megadesarrollo-turistico-en-area-natural-protegida-en-yucatan\/","url_meta":{"origin":3417,"position":0},"title":"Planean megadesarrollo tur\u00edstico en \u00e1rea natural protegida en Yucat\u00e1n","author":"grieta","date":"3 octubre, 2015","format":false,"excerpt":"Sergio Caballero NUEVO XCAN (proceso.com.mx).- Pobladores de la comunidad de Nueva Laguna advirtieron que el abogado Rafael Acosta Sol\u00eds, vinculado a la exgobernadora de Yucat\u00e1n, Ivonne Ortega Pacheco, en complicidad con el presidente del comisariado ejidal de Valladolid, Jos\u00e9 Matilde Jos\u00e9 Matilde Cervera Chan, preparan una asamblea este domingo para\u2026","rel":"","context":"En &quot;CINTILLO&quot;","block_context":{"text":"CINTILLO","link":"http:\/\/www.grieta.org.mx\/index.php\/category\/cintillo\/"},"img":{"alt_text":"","src":"https:\/\/i0.wp.com\/www.grieta.org.mx\/wp-content\/uploads\/2018\/03\/14524434_1106112876131411_958039263622046936_o.jpg?resize=350%2C200","width":350,"height":200,"srcset":"https:\/\/i0.wp.com\/www.grieta.org.mx\/wp-content\/uploads\/2018\/03\/14524434_1106112876131411_958039263622046936_o.jpg?resize=350%2C200 1x, https:\/\/i0.wp.com\/www.grieta.org.mx\/wp-content\/uploads\/2018\/03\/14524434_1106112876131411_958039263622046936_o.jpg?resize=525%2C300 1.5x, https:\/\/i0.wp.com\/www.grieta.org.mx\/wp-content\/uploads\/2018\/03\/14524434_1106112876131411_958039263622046936_o.jpg?resize=700%2C400 2x"},"classes":[]},{"id":3019,"url":"http:\/\/www.grieta.org.mx\/index.php\/2015\/11\/26\/protestan-contra-venta-de-tierras-ejidales-al-turismo\/","url_meta":{"origin":3417,"position":1},"title":"Protestan contra venta de tierras ejidales al turismo","author":"grieta","date":"26 noviembre, 2015","format":false,"excerpt":"26\/11\/15. Intentos de despojo en Punta Laguna Proceso 04\/10\/15. Protestan comuneros por venta de reserva natural en Yucat\u00e1n Proceso 03\/10\/15. Planean megadesarrollo tur\u00edstico en \u00e1rea natural protegida en Yucat\u00e1n Proceso 23\/03\/15. Rechazan venta de tierras ejidales en Punta Laguna presuntamente al Grupo XcaretNoticaribe","rel":"","context":"En &quot;NOTICIAS NACIONALES&quot;","block_context":{"text":"NOTICIAS NACIONALES","link":"http:\/\/www.grieta.org.mx\/index.php\/category\/noticias-nacionales\/"},"img":{"alt_text":"","src":"https:\/\/i0.wp.com\/www.grieta.org.mx\/wp-content\/uploads\/2018\/03\/14524434_1106112876131411_958039263622046936_o.jpg?resize=350%2C200","width":350,"height":200,"srcset":"https:\/\/i0.wp.com\/www.grieta.org.mx\/wp-content\/uploads\/2018\/03\/14524434_1106112876131411_958039263622046936_o.jpg?resize=350%2C200 1x, https:\/\/i0.wp.com\/www.grieta.org.mx\/wp-content\/uploads\/2018\/03\/14524434_1106112876131411_958039263622046936_o.jpg?resize=525%2C300 1.5x, https:\/\/i0.wp.com\/www.grieta.org.mx\/wp-content\/uploads\/2018\/03\/14524434_1106112876131411_958039263622046936_o.jpg?resize=700%2C400 2x"},"classes":[]},{"id":3414,"url":"http:\/\/www.grieta.org.mx\/index.php\/2015\/11\/26\/intentos-de-despojo-en-punta-laguna\/","url_meta":{"origin":3417,"position":2},"title":"Intentos de despojo en Punta Laguna","author":"grieta","date":"26 noviembre, 2015","format":false,"excerpt":"Sergio Caballero 26 de noviembre de 2015 Reportaje Especial El \u00e1rea protegida de Punta Laguna ha sido defendida con denuedo por los ejidatarios de Valladolid, en el estado de Yucat\u00e1n. Desde hace a\u00f1os han sido despojados de grandes cantidades de tierras, los han hecho v\u00edctimas de sanciones y \u201crasuramientos\u201d para\u2026","rel":"","context":"En &quot;CINTILLO&quot;","block_context":{"text":"CINTILLO","link":"http:\/\/www.grieta.org.mx\/index.php\/category\/cintillo\/"},"img":{"alt_text":"","src":"https:\/\/i0.wp.com\/www.grieta.org.mx\/wp-content\/uploads\/2018\/03\/14524434_1106112876131411_958039263622046936_o.jpg?resize=350%2C200","width":350,"height":200,"srcset":"https:\/\/i0.wp.com\/www.grieta.org.mx\/wp-content\/uploads\/2018\/03\/14524434_1106112876131411_958039263622046936_o.jpg?resize=350%2C200 1x, https:\/\/i0.wp.com\/www.grieta.org.mx\/wp-content\/uploads\/2018\/03\/14524434_1106112876131411_958039263622046936_o.jpg?resize=525%2C300 1.5x, https:\/\/i0.wp.com\/www.grieta.org.mx\/wp-content\/uploads\/2018\/03\/14524434_1106112876131411_958039263622046936_o.jpg?resize=700%2C400 2x"},"classes":[]},{"id":43351,"url":"http:\/\/www.grieta.org.mx\/index.php\/2020\/01\/21\/dan-marcha-atras-presunta-venta-de-tierras-ejidales-en-kimbila-yucatan\/","url_meta":{"origin":3417,"position":3},"title":"Dan marcha atr\u00e1s presunta venta de tierras ejidales en Kimbil\u00e1 (Yucat\u00e1n)","author":"grieta","date":"21 enero, 2020","format":false,"excerpt":"Reporteros Hoy Izamal, Yucat\u00e1n; (ACOM).- Unas 100 personas fueron a buscar a su casa al comisario Ejidal Casiano Pat May a fin de que d\u00e9 explicaciones sobre la presunta venta de tierras ejidales que se encuentran dentro de la reserva de terrenos para el crecimiento urbano de la localidad. El\u2026","rel":"","context":"En &quot;CINTILLO&quot;","block_context":{"text":"CINTILLO","link":"http:\/\/www.grieta.org.mx\/index.php\/category\/cintillo\/"},"img":{"alt_text":"","src":"https:\/\/i0.wp.com\/www.grieta.org.mx\/wp-content\/uploads\/2020\/01\/Kimbila1.jpg?resize=350%2C200","width":350,"height":200,"srcset":"https:\/\/i0.wp.com\/www.grieta.org.mx\/wp-content\/uploads\/2020\/01\/Kimbila1.jpg?resize=350%2C200 1x, https:\/\/i0.wp.com\/www.grieta.org.mx\/wp-content\/uploads\/2020\/01\/Kimbila1.jpg?resize=525%2C300 1.5x, https:\/\/i0.wp.com\/www.grieta.org.mx\/wp-content\/uploads\/2020\/01\/Kimbila1.jpg?resize=700%2C400 2x"},"classes":[]},{"id":56992,"url":"http:\/\/www.grieta.org.mx\/index.php\/2021\/02\/14\/turba-de-ejidatarios-suspende-asamblea-informativa-en-acanceh-yucatan\/","url_meta":{"origin":3417,"position":4},"title":"Turba de ejidatarios suspende asamblea informativa en Acanceh (Yucat\u00e1n)","author":"grieta","date":"14 febrero, 2021","format":false,"excerpt":"Por Esto! El grupo de campesinos ingres\u00f3 a la fuerza para evitar que se realizara la asamblea Una turba de ejidatarios ingres\u00f3 a la fuerza a la casa ejidal de Acanceh para suspender la asamblea informativa en donde se aprobar\u00eda la venta de terrenos ejidales y se acordar\u00eda el pago\u2026","rel":"","context":"En &quot;CINTILLO&quot;","block_context":{"text":"CINTILLO","link":"http:\/\/www.grieta.org.mx\/index.php\/category\/cintillo\/"},"img":{"alt_text":"","src":"https:\/\/i0.wp.com\/www.grieta.org.mx\/wp-content\/uploads\/2021\/02\/Acanche.png?resize=350%2C200","width":350,"height":200,"srcset":"https:\/\/i0.wp.com\/www.grieta.org.mx\/wp-content\/uploads\/2021\/02\/Acanche.png?resize=350%2C200 1x, https:\/\/i0.wp.com\/www.grieta.org.mx\/wp-content\/uploads\/2021\/02\/Acanche.png?resize=525%2C300 1.5x"},"classes":[]},{"id":4087,"url":"http:\/\/www.grieta.org.mx\/index.php\/2015\/02\/05\/la-paradisiaca-isla-holbox-en-quintana-roo-la-disputa-entre-comuneros-y-una-empresa\/","url_meta":{"origin":3417,"position":5},"title":"La paradisiaca isla Holbox, en Quintana Roo: la disputa entre comuneros y una empresa","author":"grieta","date":"5 febrero, 2015","format":false,"excerpt":"La paradisiaca isla Holbox, en Quitana Roo, est\u00e1 en la mira para convertirla en un destino tur\u00edstico con villas, hoteles, plaza comercial y un puerto; pero mientras espera el aval ambiental, los comuneros libran una batalla en los tribunales para ganar la representaci\u00f3n ejidal. Un grupo de 73 ejidatarios vendi\u00f3\u2026","rel":"","context":"En &quot;CINTILLO&quot;","block_context":{"text":"CINTILLO","link":"http:\/\/www.grieta.org.mx\/index.php\/category\/cintillo\/"},"img":{"alt_text":"","src":"https:\/\/i0.wp.com\/www.grieta.org.mx\/wp-content\/uploads\/2018\/03\/14524434_1106112876131411_958039263622046936_o.jpg?resize=350%2C200","width":350,"height":200,"srcset":"https:\/\/i0.wp.com\/www.grieta.org.mx\/wp-content\/uploads\/2018\/03\/14524434_1106112876131411_958039263622046936_o.jpg?resize=350%2C200 1x, https:\/\/i0.wp.com\/www.grieta.org.mx\/wp-content\/uploads\/2018\/03\/14524434_1106112876131411_958039263622046936_o.jpg?resize=525%2C300 1.5x, https:\/\/i0.wp.com\/www.grieta.org.mx\/wp-content\/uploads\/2018\/03\/14524434_1106112876131411_958039263622046936_o.jpg?resize=700%2C400 2x"},"classes":[]}],"_links":{"self":[{"href":"http:\/\/www.grieta.org.mx\/index.php\/wp-json\/wp\/v2\/posts\/3417","targetHints":{"allow":["GET"]}}],"collection":[{"href":"http:\/\/www.grieta.org.mx\/index.php\/wp-json\/wp\/v2\/posts"}],"about":[{"href":"http:\/\/www.grieta.org.mx\/index.php\/wp-json\/wp\/v2\/types\/post"}],"author":[{"embeddable":true,"href":"http:\/\/www.grieta.org.mx\/index.php\/wp-json\/wp\/v2\/users\/2"}],"replies":[{"embeddable":true,"href":"http:\/\/www.grieta.org.mx\/index.php\/wp-json\/wp\/v2\/comments?post=3417"}],"version-history":[{"count":1,"href":"http:\/\/www.grieta.org.mx\/index.php\/wp-json\/wp\/v2\/posts\/3417\/revisions"}],"predecessor-version":[{"id":3419,"href":"http:\/\/www.grieta.org.mx\/index.php\/wp-json\/wp\/v2\/posts\/3417\/revisions\/3419"}],"wp:featuredmedia":[{"embeddable":true,"href":"http:\/\/www.grieta.org.mx\/index.php\/wp-json\/wp\/v2\/media\/21928"}],"wp:attachment":[{"href":"http:\/\/www.grieta.org.mx\/index.php\/wp-json\/wp\/v2\/media?parent=3417"}],"wp:term":[{"taxonomy":"category","embeddable":true,"href":"http:\/\/www.grieta.org.mx\/index.php\/wp-json\/wp\/v2\/categories?post=3417"},{"taxonomy":"post_tag","embeddable":true,"href":"http:\/\/www.grieta.org.mx\/index.php\/wp-json\/wp\/v2\/tags?post=3417"}],"curies":[{"name":"wp","href":"https:\/\/api.w.org\/{rel}","templated":true}]}}