{"id":34161,"date":"2019-05-29T09:27:55","date_gmt":"2019-05-29T14:27:55","guid":{"rendered":"http:\/\/www.grieta.org.mx\/?p=34161"},"modified":"2019-06-03T09:35:50","modified_gmt":"2019-06-03T14:35:50","slug":"construiran-en-morelos-27-bases-de-operacion-para-la-guardia-nacional","status":"publish","type":"post","link":"http:\/\/www.grieta.org.mx\/index.php\/2019\/05\/29\/construiran-en-morelos-27-bases-de-operacion-para-la-guardia-nacional\/","title":{"rendered":"Construir\u00e1n en Morelos 27 bases de operaci\u00f3n para la Guardia Nacional"},"content":{"rendered":"<p><img loading=\"lazy\" decoding=\"async\" data-attachment-id=\"34162\" data-permalink=\"http:\/\/www.grieta.org.mx\/index.php\/2019\/05\/29\/construiran-en-morelos-27-bases-de-operacion-para-la-guardia-nacional\/01e4771ff2994be3fc-190502_militares_mpr2-1-1078x808\/\" data-orig-file=\"http:\/\/www.grieta.org.mx\/wp-content\/uploads\/2019\/06\/01e4771ff2994be3fc-190502_militares_mpr2-1-1078x808.jpg\" data-orig-size=\"1078,808\" data-comments-opened=\"0\" data-image-meta=\"{&quot;aperture&quot;:&quot;0&quot;,&quot;credit&quot;:&quot;&quot;,&quot;camera&quot;:&quot;&quot;,&quot;caption&quot;:&quot;&quot;,&quot;created_timestamp&quot;:&quot;0&quot;,&quot;copyright&quot;:&quot;&quot;,&quot;focal_length&quot;:&quot;0&quot;,&quot;iso&quot;:&quot;0&quot;,&quot;shutter_speed&quot;:&quot;0&quot;,&quot;title&quot;:&quot;&quot;,&quot;orientation&quot;:&quot;0&quot;}\" data-image-title=\"01e4771ff2994be3fc-190502_militares_mpr2-1-1078&amp;#215;808\" data-image-description=\"\" data-image-caption=\"\" data-medium-file=\"http:\/\/www.grieta.org.mx\/wp-content\/uploads\/2019\/06\/01e4771ff2994be3fc-190502_militares_mpr2-1-1078x808-300x225.jpg\" data-large-file=\"http:\/\/www.grieta.org.mx\/wp-content\/uploads\/2019\/06\/01e4771ff2994be3fc-190502_militares_mpr2-1-1078x808-1024x768.jpg\" class=\"alignleft  wp-image-34162\" src=\"http:\/\/www.grieta.org.mx\/wp-content\/uploads\/2019\/06\/01e4771ff2994be3fc-190502_militares_mpr2-1-1078x808-1024x768.jpg\" alt=\"\" width=\"810\" height=\"608\" srcset=\"http:\/\/www.grieta.org.mx\/wp-content\/uploads\/2019\/06\/01e4771ff2994be3fc-190502_militares_mpr2-1-1078x808-1024x768.jpg 1024w, http:\/\/www.grieta.org.mx\/wp-content\/uploads\/2019\/06\/01e4771ff2994be3fc-190502_militares_mpr2-1-1078x808-300x225.jpg 300w, http:\/\/www.grieta.org.mx\/wp-content\/uploads\/2019\/06\/01e4771ff2994be3fc-190502_militares_mpr2-1-1078x808-768x576.jpg 768w, http:\/\/www.grieta.org.mx\/wp-content\/uploads\/2019\/06\/01e4771ff2994be3fc-190502_militares_mpr2-1-1078x808-667x500.jpg 667w, http:\/\/www.grieta.org.mx\/wp-content\/uploads\/2019\/06\/01e4771ff2994be3fc-190502_militares_mpr2-1-1078x808.jpg 1078w\" sizes=\"auto, (max-width: 810px) 100vw, 810px\" \/><\/p>\n<p>Jos\u00e9 Luis Brito \/ Proceso<\/p>\n<p>CUERNAVACA, Mor. (apro).- El secretario de Gobierno Pablo Ojeda C\u00e1rdenas inform\u00f3 que Morelos ser\u00e1 uno de los primeros estados en los que actuar\u00e1 la Guardia Nacional, y para ello se construir\u00e1n 27 bases de operaci\u00f3n y m\u00f3dulos de vigilancia.<\/p>\n<p>En entrevista, el funcionario asegur\u00f3 que incluso ya se han realizado recorridos con personal de la Secretar\u00eda de la Defensa Nacional (Sedena) para localizar aquellos predios que cuenten con las caracter\u00edsticas id\u00f3neas para edificar esas bases.<\/p>\n<p>Destac\u00f3 que para la instalaci\u00f3n tambi\u00e9n se seguir\u00e1 un criterio geogr\u00e1fico que permita dar cobertura a todo el territorio estatal. Se buscar\u00e1 que los predios tengan una extensi\u00f3n m\u00ednima de una hect\u00e1rea y que sean los municipios los que hagan la donaci\u00f3n a la corporaci\u00f3n nacional, abund\u00f3.<\/p>\n<p>Por otra parte, inform\u00f3 que en respuesta a las denuncias de diversas personas que han sido extorsionadas, al parecer por un grupo de colombianos, las autoridades iniciaron una investigaci\u00f3n para tomar las medidas respectivas.<\/p>\n<p>\u201cHay un grupo de colombianos que han generado mucha preocupaci\u00f3n y que han generado incluso violencia, sobre todo el tema de los usureros que est\u00e1n generando extorsi\u00f3n hacia las personas\u201d, advirti\u00f3 el secretario de Gobierno.<\/p>\n<p><a href=\"https:\/\/www.proceso.com.mx\/586125\/construiran-en-morelos-27-bases-de-operacion-para-la-guardia-nacional\">https:\/\/www.proceso.com.mx\/586125\/construiran-en-morelos-27-bases-de-operacion-para-la-guardia-nacional<\/a><\/p>\n","protected":false},"excerpt":{"rendered":"<p>Jos\u00e9 Luis Brito \/ Proceso CUERNAVACA, Mor. (apro).- El secretario de Gobierno Pablo Ojeda C\u00e1rdenas inform\u00f3 que Morelos ser\u00e1 uno de los primeros estados en los que actuar\u00e1 la Guardia &hellip; <a href=\"http:\/\/www.grieta.org.mx\/index.php\/2019\/05\/29\/construiran-en-morelos-27-bases-de-operacion-para-la-guardia-nacional\/\" class=\"more-link\">Leer m\u00e1s<\/a><\/p>\n","protected":false},"author":2,"featured_media":34162,"comment_status":"closed","ping_status":"closed","sticky":false,"template":"","format":"standard","meta":{"ngg_post_thumbnail":0,"_jetpack_newsletter_access":"","_jetpack_dont_email_post_to_subs":false,"_jetpack_newsletter_tier_id":0,"_jetpack_memberships_contains_paywalled_content":false,"_jetpack_memberships_contains_paid_content":false,"footnotes":""},"categories":[80,912,1901,22,2,83],"tags":[2295,614],"class_list":["post-34161","post","type-post","status-publish","format-standard","has-post-thumbnail","hentry","category-cintillo","category-militarizacion","category-militarizacion-en-morelos","category-morelos","category-noticias-nacionales","category-temas-nacionales","tag-guardia-nacional","tag-militarizacion","entry"],"jetpack_featured_media_url":"http:\/\/www.grieta.org.mx\/wp-content\/uploads\/2019\/06\/01e4771ff2994be3fc-190502_militares_mpr2-1-1078x808.jpg","jetpack_sharing_enabled":true,"jetpack_shortlink":"https:\/\/wp.me\/p7ZJR4-8SZ","jetpack_likes_enabled":false,"jetpack-related-posts":[{"id":31684,"url":"http:\/\/www.grieta.org.mx\/index.php\/2019\/03\/26\/establecera-guardia-nacional-27-bases-en-morelos\/","url_meta":{"origin":34161,"position":0},"title":"Establecer\u00e1 Guardia Nacional 27 bases en Morelos","author":"grieta","date":"26 marzo, 2019","format":false,"excerpt":"Guillermo Tapia \/ Diario de Morelos Cuautla, Morelos.- Se coordinar\u00e1 la Guardia Nacional con el Mando Coordinado en Morelos, ya que se establecer\u00e1n 27 bases de operaci\u00f3n en la entidad, se\u00f1al\u00f3 el secretario de Gobierno, Pablo Ojeda C\u00e1rdenas. La organizaci\u00f3n se dar\u00e1 luego de que entre en vigor la reforma\u2026","rel":"","context":"En &quot;CINTILLO&quot;","block_context":{"text":"CINTILLO","link":"http:\/\/www.grieta.org.mx\/index.php\/category\/cintillo\/"},"img":{"alt_text":"","src":"https:\/\/i0.wp.com\/www.grieta.org.mx\/wp-content\/uploads\/2019\/04\/27-bases-guardia-nacional-Morelos-260319.jpg?resize=350%2C200","width":350,"height":200,"srcset":"https:\/\/i0.wp.com\/www.grieta.org.mx\/wp-content\/uploads\/2019\/04\/27-bases-guardia-nacional-Morelos-260319.jpg?resize=350%2C200 1x, https:\/\/i0.wp.com\/www.grieta.org.mx\/wp-content\/uploads\/2019\/04\/27-bases-guardia-nacional-Morelos-260319.jpg?resize=525%2C300 1.5x, https:\/\/i0.wp.com\/www.grieta.org.mx\/wp-content\/uploads\/2019\/04\/27-bases-guardia-nacional-Morelos-260319.jpg?resize=700%2C400 2x"},"classes":[]},{"id":27903,"url":"http:\/\/www.grieta.org.mx\/index.php\/2018\/12\/04\/blindan-morelos-con-900-soldados-y-30-policias-federales\/","url_meta":{"origin":34161,"position":1},"title":"Blindan Morelos con 900 soldados y 30 polic\u00edas federales","author":"grieta","date":"4 diciembre, 2018","format":false,"excerpt":"Redacci\u00f3n \/ Diario de Coahuila CUERNAVACA, Mor., diciembre 4 (EL UNIVERSAL).- Desde este fin de semana, 900 elementos del Ej\u00e9rcito y 30 de la Polic\u00eda Federal recorren la entidad en labores de seguridad y vigilancia en coordinaci\u00f3n con la Polic\u00eda de Mando \u00danico de Morelos. Los elementos de respaldo tienen\u2026","rel":"","context":"En &quot;Militarizaci\u00f3n&quot;","block_context":{"text":"Militarizaci\u00f3n","link":"http:\/\/www.grieta.org.mx\/index.php\/category\/temas-nacionales\/militarizacion\/"},"img":{"alt_text":"","src":"https:\/\/i0.wp.com\/www.grieta.org.mx\/wp-content\/uploads\/2018\/12\/f620x350-712051_743069_0.jpg?resize=350%2C200","width":350,"height":200,"srcset":"https:\/\/i0.wp.com\/www.grieta.org.mx\/wp-content\/uploads\/2018\/12\/f620x350-712051_743069_0.jpg?resize=350%2C200 1x, https:\/\/i0.wp.com\/www.grieta.org.mx\/wp-content\/uploads\/2018\/12\/f620x350-712051_743069_0.jpg?resize=525%2C300 1.5x"},"classes":[]},{"id":28515,"url":"http:\/\/www.grieta.org.mx\/index.php\/2019\/01\/08\/policias-de-transito-tambien-van-a-guardia-nacional-en-morelos\/","url_meta":{"origin":34161,"position":2},"title":"Polic\u00edas de Tr\u00e1nsito tambi\u00e9n van a Guardia Nacional en Morelos","author":"grieta","date":"8 enero, 2019","format":false,"excerpt":"H\u00e9ctor Gonz\u00e1lez \/ La silla rota CUERNAVACA, MORELOS.- La estrategia de seguridad aplicada en Morelos seguir\u00e1 la l\u00ednea establecida por el gobierno de Andr\u00e9s Manuel L\u00f3pez Obrador: Guardia Nacional y Polic\u00eda de Mando \u00danico, a la que adem\u00e1s se sumar\u00e1n los agentes de Tr\u00e1nsito y Vialidad, dijo Jos\u00e9 Manuel Sanz,\u2026","rel":"","context":"En &quot;CINTILLO&quot;","block_context":{"text":"CINTILLO","link":"http:\/\/www.grieta.org.mx\/index.php\/category\/cintillo\/"},"img":{"alt_text":"","src":"https:\/\/i0.wp.com\/www.grieta.org.mx\/wp-content\/uploads\/2019\/01\/mandounicomorelos-focus-0-0-480-345.jpg?resize=350%2C200","width":350,"height":200},"classes":[]},{"id":30604,"url":"http:\/\/www.grieta.org.mx\/index.php\/2019\/03\/04\/pide-cuauhtemoc-blanco-a-congreso-de-morelos-aprobar-guardia-nacional\/","url_meta":{"origin":34161,"position":3},"title":"Pide Cuauht\u00e9moc Blanco a Congreso de Morelos aprobar Guardia Nacional","author":"grieta","date":"4 marzo, 2019","format":false,"excerpt":"H\u00e9ctor Gonz\u00e1lez \/ La silla Rota El Mandatario reconoci\u00f3 que en materia de seguridad es peor de lo que imaginaba, por lo que pidi\u00f3 aprobar la iniciativa de Guardia Nacional Tras el incremento en los \u00edndices de violencia registrados en la entidad y tras los ataques registrados en bares de\u2026","rel":"","context":"En &quot;CINTILLO&quot;","block_context":{"text":"CINTILLO","link":"http:\/\/www.grieta.org.mx\/index.php\/category\/cintillo\/"},"img":{"alt_text":"","src":"https:\/\/i0.wp.com\/www.grieta.org.mx\/wp-content\/uploads\/2019\/03\/cuauhtemocblanco_1-focus-0.23-0.33-480-345.jpg?resize=350%2C200","width":350,"height":200},"classes":[]},{"id":35969,"url":"http:\/\/www.grieta.org.mx\/index.php\/2019\/07\/02\/donan-predios-para-construir-base-de-la-guardia-nacional-edomex\/","url_meta":{"origin":34161,"position":4},"title":"Donan predios para construir base de la Guardia Nacional (Edomex)","author":"grieta","date":"2 julio, 2019","format":false,"excerpt":"Foto: 8columnaS El gobierno de Ecatepec don\u00f3 tres terrenos que suman m\u00e1s de 20 mil metros cuadrados para construir una base de la Guardia Nacional, siendo el primer municipio que brinda certeza legal a la instalaci\u00f3n en su territorio. Redacci\u00f3n \/ 8columnas A propuesta del presidente municipal de Ecatepec, Fernando\u2026","rel":"","context":"En &quot;CINTILLO&quot;","block_context":{"text":"CINTILLO","link":"http:\/\/www.grieta.org.mx\/index.php\/category\/cintillo\/"},"img":{"alt_text":"","src":"https:\/\/i0.wp.com\/www.grieta.org.mx\/wp-content\/uploads\/2019\/07\/internet11.gif?resize=350%2C200","width":350,"height":200,"srcset":"https:\/\/i0.wp.com\/www.grieta.org.mx\/wp-content\/uploads\/2019\/07\/internet11.gif?resize=350%2C200 1x, https:\/\/i0.wp.com\/www.grieta.org.mx\/wp-content\/uploads\/2019\/07\/internet11.gif?resize=525%2C300 1.5x"},"classes":[]},{"id":41478,"url":"http:\/\/www.grieta.org.mx\/index.php\/2019\/11\/21\/construyen-2-bases-para-la-guardia-nacional-en-tlajomulco-jalisco\/","url_meta":{"origin":34161,"position":5},"title":"Construyen 2 bases para la Guardia Nacional en Tlajomulco (Jalisco)","author":"grieta","date":"21 noviembre, 2019","format":false,"excerpt":"Foto: Archivo El Occidental Se ha dado a conocer que en Jalisco hay desplegados 2 mil 273 elementos de los 3 mil 600 que llegar\u00e1n a la entidad Elizabeth Ibal \/ El Occidental El municipio de Tlajomulco de Z\u00fa\u00f1iga albergar\u00e1 dos bases operativas para la Guardia Nacional. Una de las\u2026","rel":"","context":"En &quot;CINTILLO&quot;","block_context":{"text":"CINTILLO","link":"http:\/\/www.grieta.org.mx\/index.php\/category\/cintillo\/"},"img":{"alt_text":"","src":"https:\/\/i0.wp.com\/www.grieta.org.mx\/wp-content\/uploads\/2019\/11\/Policiaca.jpg?resize=350%2C200","width":350,"height":200,"srcset":"https:\/\/i0.wp.com\/www.grieta.org.mx\/wp-content\/uploads\/2019\/11\/Policiaca.jpg?resize=350%2C200 1x, https:\/\/i0.wp.com\/www.grieta.org.mx\/wp-content\/uploads\/2019\/11\/Policiaca.jpg?resize=525%2C300 1.5x, https:\/\/i0.wp.com\/www.grieta.org.mx\/wp-content\/uploads\/2019\/11\/Policiaca.jpg?resize=700%2C400 2x"},"classes":[]}],"_links":{"self":[{"href":"http:\/\/www.grieta.org.mx\/index.php\/wp-json\/wp\/v2\/posts\/34161","targetHints":{"allow":["GET"]}}],"collection":[{"href":"http:\/\/www.grieta.org.mx\/index.php\/wp-json\/wp\/v2\/posts"}],"about":[{"href":"http:\/\/www.grieta.org.mx\/index.php\/wp-json\/wp\/v2\/types\/post"}],"author":[{"embeddable":true,"href":"http:\/\/www.grieta.org.mx\/index.php\/wp-json\/wp\/v2\/users\/2"}],"replies":[{"embeddable":true,"href":"http:\/\/www.grieta.org.mx\/index.php\/wp-json\/wp\/v2\/comments?post=34161"}],"version-history":[{"count":1,"href":"http:\/\/www.grieta.org.mx\/index.php\/wp-json\/wp\/v2\/posts\/34161\/revisions"}],"predecessor-version":[{"id":34163,"href":"http:\/\/www.grieta.org.mx\/index.php\/wp-json\/wp\/v2\/posts\/34161\/revisions\/34163"}],"wp:featuredmedia":[{"embeddable":true,"href":"http:\/\/www.grieta.org.mx\/index.php\/wp-json\/wp\/v2\/media\/34162"}],"wp:attachment":[{"href":"http:\/\/www.grieta.org.mx\/index.php\/wp-json\/wp\/v2\/media?parent=34161"}],"wp:term":[{"taxonomy":"category","embeddable":true,"href":"http:\/\/www.grieta.org.mx\/index.php\/wp-json\/wp\/v2\/categories?post=34161"},{"taxonomy":"post_tag","embeddable":true,"href":"http:\/\/www.grieta.org.mx\/index.php\/wp-json\/wp\/v2\/tags?post=34161"}],"curies":[{"name":"wp","href":"https:\/\/api.w.org\/{rel}","templated":true}]}}