{"id":3414,"date":"2015-11-26T22:27:05","date_gmt":"2015-11-26T22:27:05","guid":{"rendered":"http:\/\/50.22.11.12\/~grietaor\/?p=3414"},"modified":"2016-03-14T22:37:42","modified_gmt":"2016-03-14T22:37:42","slug":"intentos-de-despojo-en-punta-laguna","status":"publish","type":"post","link":"http:\/\/www.grieta.org.mx\/index.php\/2015\/11\/26\/intentos-de-despojo-en-punta-laguna\/","title":{"rendered":"Intentos de despojo en Punta Laguna"},"content":{"rendered":"<p>Sergio Caballero<br \/>\n26 de noviembre de 2015<br \/>\nReportaje Especial<\/p>\n<p>El \u00e1rea protegida de Punta Laguna ha sido defendida con denuedo por los ejidatarios de Valladolid, en el estado de Yucat\u00e1n. Desde hace a\u00f1os han sido despojados de grandes cantidades de tierras, los han hecho v\u00edctimas de sanciones y \u201crasuramientos\u201d para manipular las asambleas. Recientemente el secretario general de Gobierno de Yucat\u00e1n, Roberto Rodr\u00edguez Asaf, y el asesor Rafael Acosta Sol\u00eds les propusieron un pacto para mantener la parcelaci\u00f3n del ejido y para que la zona sea administrada por el gobierno estatal. Los pobladores inconformes, quienes con machetes impidieron un desalojo en los a\u00f1os noventa, dicen ahora que no aceptar\u00e1n la propuesta y advierten: \u201cVamos a seguir hasta las \u00faltimas consecuencias\u201d.<\/p>\n<p>VALLADOLID, YUC. (Proceso).- A mediados de los noventa, el padre y los t\u00edos de Mariano Canul Ab\u00e1n repelieron con machete en mano a polic\u00edas estatales que pretend\u00edan desalojarlos de Punta Laguna para dar cumplimento a un acuerdo de permuta de tierras establecido por los gobiernos de Quintana Roo y Yucat\u00e1n.<\/p>\n<p>M\u00e1s de 25 a\u00f1os despu\u00e9s, Mariano y los pobladores de Punta Laguna, hoy \u00c1rea Natural Protegida (ANP), est\u00e1n dispuestos a empu\u00f1ar otra vez los machetes para impedir que los desaloje Rafael Acosta Sol\u00eds, exfuncionario del gobierno de Yucat\u00e1n vinculado con la exgobernadora Ivonne Ortega Pacheco y respaldado por el actual mandatario estatal, Rolando Zapata Bello.<\/p>\n<p>Punta Laguna, lugar conocido como santuario del mono ara\u00f1a, se ha convertido en un nuevo Holbox, en donde grupos econ\u00f3micos y pol\u00edticos no s\u00f3lo pretenden despojar a ind\u00edgenas mayas de sus tierras, sino apoderarse de una reserva natural para la construcci\u00f3n de un desarrollo tur\u00edstico en una zona estrat\u00e9gica entre la Riviera Maya, de Quintana Roo, y Valladolid, Yucat\u00e1n, la segunda ciudad m\u00e1s importante de esta entidad.<\/p>\n<p>Procedentes de Chemax, el abuelo de Mariano, Ignacio Canul Tun, y sus hermanos Domingo y Marcos fueron fundadores en los a\u00f1os sesenta de esa peque\u00f1a comunidad en medio de la selva que, si bien colinda con Quintana Roo, pertenece al ejido y al municipio de Valladolid.<\/p>\n<p>Al principio se dedicaron a la explotaci\u00f3n del chicle y a la agricultura, hasta que la zona fue declarada \u00c1rea Natural Protegida (ANP), con el nombre de Otoch Ma\u2019ax Yetel Kooh (Casa del Mono y el Jaguar).<\/p>\n<p>El 5 de junio de 2002 se public\u00f3 en el Diario Oficial de la Federaci\u00f3n (DOF) el decreto de creaci\u00f3n del ANP de Otoch Ma\u2019ax Yetel Kooh, con la categor\u00eda de \u00c1rea de Protecci\u00f3n de Flora y Fauna (APFF), bajo la administraci\u00f3n del ejido de Valladolid.<\/p>\n<p>Los pobladores dejaron el chicle y la agricultura tradicional para dedicarse a actividades tur\u00edsticas sustentables, consistentes b\u00e1sicamente en el avistamiento del mono ara\u00f1a en esta ANP, en donde hay unos 400 ejemplares.<\/p>\n<p>Ejidatarios y sus hijos, agrupados en la cooperativa Najil Tucha, entablaron, hace nueve a\u00f1os, un acuerdo para la explotaci\u00f3n del ANP Ma\u2019ax Yetel Kooh con las entonces autoridades del ejido de Valladolid.<\/p>\n<p>El convenio entre la cooperativa y el ejido consiste en una \u201cconcesi\u00f3n\u201d por 30 a\u00f1os, con una contraprestaci\u00f3n de 4 mil pesos mensuales.<\/p>\n<p>El ejido de Valladolid cuenta con cuatro pol\u00edgonos que est\u00e1n separados y que son denominados: Zaciabil, de 340 hect\u00e1reas, en la periferia de la ciudad; Papagayo, de 3 mil 600; San Antonio, de 3 mil 600, y Punta Laguna, de unas 30 mil hect\u00e1reas, incluida la APN de Otoch Ma\u2019ax Yetel Kooh.<\/p>\n<p>Pero las cosas empezaron a cambiar en 2013 para las 40 familias de Punta Laguna y los 704 ejidatarios de Valladolid, ya que el entonces presidente del Comisariado Ejidal, Leonardo Pech Un, de buenas a primeras determin\u00f3 fraccionar el pol\u00edgono Zaciabil.<\/p>\n<p>Proceso se reuni\u00f3 con un grupo de ejidatarios en un domicilio del barrio de San Francisco, de Valladolid, quienes narraron la manera en que Rafael Acosta Sol\u00eds, en complicidad con dirigentes comunales, ha realizado una serie de acciones para parcelar todo el ejido, con el \u00faltimo fin de apoderase de Punta Laguna.<\/p>\n<p>El primer problema de Leonardo Pech es que necesitaba una mayor\u00eda calificada de la asamblea \u201375% del total en primera convocatoria y la mitad m\u00e1s uno en la segunda, de un conjunto de 704 ejidatarios inscritos en el padr\u00f3n\u2013 para fraccionar Zaciabil.<\/p>\n<p>La \u00faltima vez que se logr\u00f3 la mayor\u00eda calificada fue en 1998, y en asambleas recientes la participaci\u00f3n no ha superado los 350 ejidatarios.<\/p>\n<p>Para resolver este inconveniente, el presidente del Comisariado Ejidal se dedica a sancionar a ejidatarios y a separarlos de sus derechos con el objetivo de reducir el n\u00famero total a efecto de obtener el qu\u00f3rum legal.<\/p>\n<p>La purga y la explotaci\u00f3n<\/p>\n<p>El ejidatario Miguel May se\u00f1ala que empezaron a ser sancionados sin mediar el elemental derecho de audiencia.<\/p>\n<p>En medio de este proceso de purga de ejidatarios apareci\u00f3 Rafael Acosta Sol\u00eds como \u201casesor legal del nuevo presidente del Comisariado Ejidal, Jos\u00e9 Matilde Cervera Dzul, quien form\u00f3 parte de la Comisi\u00f3n de Reparto durante la administraci\u00f3n de Leonardo Pech\u201d, explica.<\/p>\n<p>En ese entonces poco se sab\u00eda en Valladolid de Rafael Acosta, quien hab\u00eda sido subprocurador general de Justicia y posteriormente fue parte de la Consejer\u00eda Jur\u00eddica del Gobierno del estado \u2013en la administraci\u00f3n de Ivonne Ortega\u2013, secretario general del Comit\u00e9 Ejecutivo Nacional (CEN) del PRI y actualmente diputado federal.<\/p>\n<p>En marzo de 2014 se realiz\u00f3 una asamblea que tuvo tres puntos principales: el primero fue la lotificaci\u00f3n y parcelamiento de las 324 hect\u00e1reas del pol\u00edgono Zaciabil; el segundo, la suspensi\u00f3n de 245 ejidatarios, entre ellos opositores a la lotificaci\u00f3n del ejido; y el tercero, formalizar la contrataci\u00f3n de los servicios de Rafael Acosta como asesor del ejido.<\/p>\n<p>Pero lo que m\u00e1s llam\u00f3 la atenci\u00f3n fue la manera en la que se pagar\u00edan los honorarios de Acosta Sol\u00eds: se determin\u00f3 que fuera 20% \u201cde lo que se haga\u201d, seg\u00fan consta en el acta de asamblea.<\/p>\n<p>El primer pago para Acosta Sol\u00eds consisti\u00f3 en 20% por las 94 hect\u00e1reas del pol\u00edgono San Antonio, y la proporci\u00f3n correspondiente por los 840 mil pesos que el ejido recibi\u00f3 por la ampliaci\u00f3n del perif\u00e9rico de la ciudad de Valladolid.<\/p>\n<p>M\u00e1s a\u00fan, los servicios de Acosta Sol\u00eds no se reducir\u00edan a Zaciabil, sino que abarcar\u00edan los cuatro pol\u00edgonos del ejido Valladolid, que suman 36 mil hect\u00e1reas y que incluyen a Punta Laguna.<\/p>\n<p>Por todo, Rafael Acosta recibir\u00eda 7 mil 200 hect\u00e1reas, una extensi\u00f3n que supera la reserva de Punta Laguna, que es de 5 mil 300.<\/p>\n<p>En contraste, cada ejidatario obtendr\u00eda, en caso de la parcelaci\u00f3n de todo el ejido, unas 37 hect\u00e1reas.<\/p>\n<p>Una vez concretado el reparto de Zaciabil, al a\u00f1o siguiente Jos\u00e9 Matilde Cervera y Rafael Acosta organizaron otra asamblea para parcelar todo el ejido, incluido el pol\u00edgono de Punta Laguna.<\/p>\n<p>El 29 de marzo de 2015 se efectu\u00f3 la asamblea, con el padr\u00f3n rasurado, pero no s\u00f3lo 245 ejidatarios fueron suspendidos, sino que adem\u00e1s no dejaron pasar a otros que contaban con derechos, y permitieron el acceso a personas que no eran ejidatarios.<\/p>\n<p>Por primera vez hubo granaderos de la Polic\u00eda Estatal, y en la asamblea particip\u00f3 un representante de la Secretar\u00eda de Gobierno de Yucat\u00e1n, al que los entrevistados dicen no haber reconocido.<\/p>\n<p>A fin de cuentas, fue aprobada la lotificaci\u00f3n, pero sin planos del parcelamiento.<\/p>\n<p>El 19 de abril se realiz\u00f3 otro asamblea sin dar vista a todos los asistentes del acta de la anterior y cuando ya hab\u00eda concluido el castigo de 245 ejidatarios.<\/p>\n<p>Dicha asamblea tuvo el prop\u00f3sito de sancionar a m\u00e1s ejidatarios para no s\u00f3lo alcanzar el qu\u00f3rum legal, sino tambi\u00e9n para borrar cualquier disidencia ante el parcelamiento.<\/p>\n<p>Y con la disidencia plenamente suprimida, se convoc\u00f3 a otra asamblea para el 20 de septiembre. Entre sus fines, ratificar a Rafael Acosta como asesor legal y acabar con el contrato con la cooperativa Najil Tucha.<\/p>\n<p>La sesi\u00f3n tuvo un mal inicio, pues ingresaron personas que no eran ejidatarios y no fueron nombrados en el pase de lista. Los \u201crasurados\u201d iniciaron entonces una trifulca que deriv\u00f3 en la detenci\u00f3n de siete \u201copositores\u201d y tres partidarios de Jos\u00e9 Matilde Cervera.<\/p>\n<p>El Comisariado convoc\u00f3 a otra asamblea para el 4 de octubre, tambi\u00e9n en la Casa Ejidal. Desde el d\u00eda 3, polic\u00edas estatales resguardaron la Casa Ejidal; en la fecha de la asamblea se impidi\u00f3 el acceso a los disidentes y, de nuevo, dejaron entrar a personas que no son ejidatarios.<\/p>\n<p>Se aprob\u00f3 la ampliaci\u00f3n del contrato de Acosta Sol\u00eds, quien, ante las inconformidades expresadas por sus altos honorarios, acept\u00f3 reducir el porcentaje de su pago a 12%. Aunque, en realidad, la operaci\u00f3n de la lotificaci\u00f3n de los cuatro pol\u00edgonos del ejido ya estaba concluida, con la tarifa de 20%.<\/p>\n<p>La asamblea tambi\u00e9n determin\u00f3 finalizar unilateralmente el contrato con la cooperativa Najil Tucha.<\/p>\n<p>Por lo pronto, los \u201copositores\u201d han presentado recursos para revertir las asambleas en las que se lotific\u00f3 el ejido, aun cuando ignoran la magnitud del da\u00f1o y cu\u00e1les fueron las tierras con las que se cobr\u00f3 Rafael Acosta Sol\u00eds, pues Matilde se niega a proporcionar copias de las \u00faltimas asambleas.<\/p>\n<p>Medio de subsistencia<\/p>\n<p>Punta Laguna es una comunidad de unas 40 familias. Todas dependen del ecoturismo y de la zona protegida, precisa Mariano Canul Ab\u00e1n, presidente de la Cooperativa Najil Tucha.<\/p>\n<p>\u201cLos hombres somos gu\u00edas. Hacemos paseos a la laguna, a la selva, a los cenotes. Las mujeres elaboran y venden artesan\u00edas\u201d, refiere.<\/p>\n<p>Cuando el ahora expresidente del Comisariado Ejidal Leonardo Pech les dijo hace dos a\u00f1os que la cooperativa, en vez de pagar como contraprestaci\u00f3n 4 mil pesos mensuales, tendr\u00eda que aportar 25% de sus ingresos, los cooperativistas rechazaron las nuevas condiciones y le dejaron en claro que la concesi\u00f3n y sus t\u00e9rminos eran por 30 a\u00f1os.<\/p>\n<p>En marzo de este a\u00f1o, Matilde Cervera se neg\u00f3 a continuar recibiendo las aportaciones de los miembros de la cooperativa, para despu\u00e9s acusarlos de que hab\u00edan dejado de pagar 4 mil pesos mensuales.<\/p>\n<p>Bajo ese argumento, el pasado 4 de octubre Matilde Cervera puso a consideraci\u00f3n de la asamblea retirar la concesi\u00f3n a la Cooperativa Najil Ticha, lo cual fue aprobado.<\/p>\n<p>Su intenci\u00f3n es, acusa Canul Ab\u00e1n, desalojarlos para hacer un desarrollo tur\u00edstico con los terrenos que obtuvo como pago por sus servicios al ejido Rafael \u00adSol\u00eds.<\/p>\n<p>Por lo pronto, los cooperativistas ya recurrieron a un amparo contra la asamblea, que fue avalada por las autoridades agrarias.<\/p>\n<p>Adem\u00e1s, los ejidatarios disidentes tambi\u00e9n han tratado de llegar a un acuerdo pol\u00edtico con el apoyo del gobierno del estado.<\/p>\n<p>El 28 de mayo de este a\u00f1o, un grupo de ejidatarios, entre los que se encontraba Armando Hoil Uicap, se reunieron con el secretario general de gobierno, Roberto Rodr\u00edguez Asaf, en un encuentro donde tambi\u00e9n particip\u00f3 Rafael Sol\u00eds.<\/p>\n<p>El colaborador del gobernador Zapata Bello les propuso un acuerdo, relata Hoil Uicap, y explica: \u201cNos ofrecieron las mejores tierras a cambio de que abandonemos a los compa\u00f1eros ejidatarios\u201d.<\/p>\n<p>El trato consist\u00eda en mantener los acuerdos para parcelar el ejido, aunque Punta Laguna pasar\u00eda a ser administrada por el gobierno estatal.<\/p>\n<p>\u201cEl secretario me dijo que era nuestra oportunidad, y que una oportunidad as\u00ed no presentar\u00eda otra vez.<\/p>\n<p>\u201cY esta fue mi respuesta \u2013recuerda Armando Hoil\u2013: Unos est\u00e1n acostumbrados a traicionar a su gente, pero nosotros no.\u201d<\/p>\n<p>Y le advirti\u00f3:<\/p>\n<p>\u201cVamos a seguir hasta las \u00faltimas consecuencias.\u201d<\/p>\n<p><a href=\"http:\/\/www.proceso.com.mx\/421662\" target=\"_blank\">www.proceso.com.mx\/?p=421662<\/a><\/p>\n","protected":false},"excerpt":{"rendered":"<p>Sergio Caballero 26 de noviembre de 2015 Reportaje Especial El \u00e1rea protegida de Punta Laguna ha sido defendida con denuedo por los ejidatarios de Valladolid, en el estado de Yucat\u00e1n. &hellip; <a href=\"http:\/\/www.grieta.org.mx\/index.php\/2015\/11\/26\/intentos-de-despojo-en-punta-laguna\/\" class=\"more-link\">Leer m\u00e1s<\/a><\/p>\n","protected":false},"author":2,"featured_media":21928,"comment_status":"closed","ping_status":"open","sticky":false,"template":"","format":"standard","meta":{"ngg_post_thumbnail":0,"_jetpack_newsletter_access":"","_jetpack_dont_email_post_to_subs":false,"_jetpack_newsletter_tier_id":0,"_jetpack_memberships_contains_paywalled_content":false,"_jetpack_memberships_contains_paid_content":false,"footnotes":""},"categories":[80,153],"tags":[154,184,293],"class_list":["post-3414","post","type-post","status-publish","format-standard","has-post-thumbnail","hentry","category-cintillo","category-yucatan","tag-areas-naturales-protegidas","tag-despojo","tag-punta-laguna","entry"],"jetpack_featured_media_url":"http:\/\/www.grieta.org.mx\/wp-content\/uploads\/2018\/03\/14524434_1106112876131411_958039263622046936_o.jpg","jetpack_sharing_enabled":true,"jetpack_shortlink":"https:\/\/wp.me\/p7ZJR4-T4","jetpack_likes_enabled":false,"jetpack-related-posts":[{"id":3020,"url":"http:\/\/www.grieta.org.mx\/index.php\/2015\/03\/23\/manifestacion-en-valladolid-rechazan-venta-de-tierras-ejidales-en-punta-laguna-presuntamente-al-grupo-xcaret\/","url_meta":{"origin":3414,"position":0},"title":"Manifestaci\u00f3n en Valladolid: Rechazan venta de tierras ejidales en Punta Laguna presuntamente al Grupo Xcaret","author":"grieta","date":"23 marzo, 2015","format":false,"excerpt":"VALLADOLID, MX.- Ejidatarios se manifestaron en el centro de Valladolid para rechazar la venta de tierras ejidales en Punta Laguna. Al grito \u201cde fuera Rafael Acosta Sol\u00eds\u201d (ex Subprocurador de Justicia del Estado) y de \u201cno a la venta\u201d de sus tierras, los ejidatarios se manifestaron pac\u00edficamente en la plaza\u2026","rel":"","context":"En &quot;CINTILLO&quot;","block_context":{"text":"CINTILLO","link":"http:\/\/www.grieta.org.mx\/index.php\/category\/cintillo\/"},"img":{"alt_text":"","src":"https:\/\/i0.wp.com\/www.grieta.org.mx\/wp-content\/uploads\/2018\/03\/14524434_1106112876131411_958039263622046936_o.jpg?resize=350%2C200","width":350,"height":200,"srcset":"https:\/\/i0.wp.com\/www.grieta.org.mx\/wp-content\/uploads\/2018\/03\/14524434_1106112876131411_958039263622046936_o.jpg?resize=350%2C200 1x, https:\/\/i0.wp.com\/www.grieta.org.mx\/wp-content\/uploads\/2018\/03\/14524434_1106112876131411_958039263622046936_o.jpg?resize=525%2C300 1.5x, https:\/\/i0.wp.com\/www.grieta.org.mx\/wp-content\/uploads\/2018\/03\/14524434_1106112876131411_958039263622046936_o.jpg?resize=700%2C400 2x"},"classes":[]},{"id":3417,"url":"http:\/\/www.grieta.org.mx\/index.php\/2015\/10\/04\/protestan-comuneros-por-venta-de-reserva-natural-en-yucatan\/","url_meta":{"origin":3414,"position":1},"title":"Protestan comuneros por venta de reserva natural en Yucat\u00e1n","author":"grieta","date":"4 octubre, 2015","format":false,"excerpt":"NUEVO XCAN (proceso. com.mx).- Elementos de la Polic\u00eda Estatal de Yucat\u00e1n (PEY) impidieron el acceso a la asamblea del ejido de Valladolid a comuneros que se oponen a la parcelaci\u00f3n de Punta Laguna, que es el primer paso para un megadesarrollo tur\u00edstico en esta zona que comprende el \u00c1rea de\u2026","rel":"","context":"En &quot;CINTILLO&quot;","block_context":{"text":"CINTILLO","link":"http:\/\/www.grieta.org.mx\/index.php\/category\/cintillo\/"},"img":{"alt_text":"","src":"https:\/\/i0.wp.com\/www.grieta.org.mx\/wp-content\/uploads\/2018\/03\/14524434_1106112876131411_958039263622046936_o.jpg?resize=350%2C200","width":350,"height":200,"srcset":"https:\/\/i0.wp.com\/www.grieta.org.mx\/wp-content\/uploads\/2018\/03\/14524434_1106112876131411_958039263622046936_o.jpg?resize=350%2C200 1x, https:\/\/i0.wp.com\/www.grieta.org.mx\/wp-content\/uploads\/2018\/03\/14524434_1106112876131411_958039263622046936_o.jpg?resize=525%2C300 1.5x, https:\/\/i0.wp.com\/www.grieta.org.mx\/wp-content\/uploads\/2018\/03\/14524434_1106112876131411_958039263622046936_o.jpg?resize=700%2C400 2x"},"classes":[]},{"id":3019,"url":"http:\/\/www.grieta.org.mx\/index.php\/2015\/11\/26\/protestan-contra-venta-de-tierras-ejidales-al-turismo\/","url_meta":{"origin":3414,"position":2},"title":"Protestan contra venta de tierras ejidales al turismo","author":"grieta","date":"26 noviembre, 2015","format":false,"excerpt":"26\/11\/15. Intentos de despojo en Punta Laguna Proceso 04\/10\/15. Protestan comuneros por venta de reserva natural en Yucat\u00e1n Proceso 03\/10\/15. Planean megadesarrollo tur\u00edstico en \u00e1rea natural protegida en Yucat\u00e1n Proceso 23\/03\/15. Rechazan venta de tierras ejidales en Punta Laguna presuntamente al Grupo XcaretNoticaribe","rel":"","context":"En &quot;NOTICIAS NACIONALES&quot;","block_context":{"text":"NOTICIAS NACIONALES","link":"http:\/\/www.grieta.org.mx\/index.php\/category\/noticias-nacionales\/"},"img":{"alt_text":"","src":"https:\/\/i0.wp.com\/www.grieta.org.mx\/wp-content\/uploads\/2018\/03\/14524434_1106112876131411_958039263622046936_o.jpg?resize=350%2C200","width":350,"height":200,"srcset":"https:\/\/i0.wp.com\/www.grieta.org.mx\/wp-content\/uploads\/2018\/03\/14524434_1106112876131411_958039263622046936_o.jpg?resize=350%2C200 1x, https:\/\/i0.wp.com\/www.grieta.org.mx\/wp-content\/uploads\/2018\/03\/14524434_1106112876131411_958039263622046936_o.jpg?resize=525%2C300 1.5x, https:\/\/i0.wp.com\/www.grieta.org.mx\/wp-content\/uploads\/2018\/03\/14524434_1106112876131411_958039263622046936_o.jpg?resize=700%2C400 2x"},"classes":[]},{"id":3420,"url":"http:\/\/www.grieta.org.mx\/index.php\/2015\/10\/03\/planean-megadesarrollo-turistico-en-area-natural-protegida-en-yucatan\/","url_meta":{"origin":3414,"position":3},"title":"Planean megadesarrollo tur\u00edstico en \u00e1rea natural protegida en Yucat\u00e1n","author":"grieta","date":"3 octubre, 2015","format":false,"excerpt":"Sergio Caballero NUEVO XCAN (proceso.com.mx).- Pobladores de la comunidad de Nueva Laguna advirtieron que el abogado Rafael Acosta Sol\u00eds, vinculado a la exgobernadora de Yucat\u00e1n, Ivonne Ortega Pacheco, en complicidad con el presidente del comisariado ejidal de Valladolid, Jos\u00e9 Matilde Jos\u00e9 Matilde Cervera Chan, preparan una asamblea este domingo para\u2026","rel":"","context":"En &quot;CINTILLO&quot;","block_context":{"text":"CINTILLO","link":"http:\/\/www.grieta.org.mx\/index.php\/category\/cintillo\/"},"img":{"alt_text":"","src":"https:\/\/i0.wp.com\/www.grieta.org.mx\/wp-content\/uploads\/2018\/03\/14524434_1106112876131411_958039263622046936_o.jpg?resize=350%2C200","width":350,"height":200,"srcset":"https:\/\/i0.wp.com\/www.grieta.org.mx\/wp-content\/uploads\/2018\/03\/14524434_1106112876131411_958039263622046936_o.jpg?resize=350%2C200 1x, https:\/\/i0.wp.com\/www.grieta.org.mx\/wp-content\/uploads\/2018\/03\/14524434_1106112876131411_958039263622046936_o.jpg?resize=525%2C300 1.5x, https:\/\/i0.wp.com\/www.grieta.org.mx\/wp-content\/uploads\/2018\/03\/14524434_1106112876131411_958039263622046936_o.jpg?resize=700%2C400 2x"},"classes":[]},{"id":56126,"url":"http:\/\/www.grieta.org.mx\/index.php\/2021\/01\/05\/una-laguna-negra-la-sombria-realidad-de-las-megagranjas-porcicolas-en-yucatan\/","url_meta":{"origin":3414,"position":4},"title":"\u201cUna laguna negra\u201d: la sombr\u00eda realidad de las megagranjas porc\u00edcolas en Yucat\u00e1n","author":"grieta","date":"5 enero, 2021","format":false,"excerpt":"Lilia Balam \/ Informe Fracto El jueves se estrenar\u00e1 el documental \u201cUna laguna negra\u201d, dirigido por la cineasta Maricarmen Sordo, en el cual se plasma la lucha de la poblaci\u00f3n maya de Kinchil contra la contaminaci\u00f3n y el desequilibrio social ocasionado por las megagranjas porc\u00edcolas establecidas en esa comunidad. M\u00e9rida,\u2026","rel":"","context":"En &quot;Agroindustria&quot;","block_context":{"text":"Agroindustria","link":"http:\/\/www.grieta.org.mx\/index.php\/category\/megaproyectos\/agroindustria\/"},"img":{"alt_text":"","src":"https:\/\/i0.wp.com\/www.grieta.org.mx\/wp-content\/uploads\/2021\/01\/LagunaNegra-e1609954596865.jpg?resize=350%2C200","width":350,"height":200,"srcset":"https:\/\/i0.wp.com\/www.grieta.org.mx\/wp-content\/uploads\/2021\/01\/LagunaNegra-e1609954596865.jpg?resize=350%2C200 1x, https:\/\/i0.wp.com\/www.grieta.org.mx\/wp-content\/uploads\/2021\/01\/LagunaNegra-e1609954596865.jpg?resize=525%2C300 1.5x, https:\/\/i0.wp.com\/www.grieta.org.mx\/wp-content\/uploads\/2021\/01\/LagunaNegra-e1609954596865.jpg?resize=700%2C400 2x"},"classes":[]},{"id":27851,"url":"http:\/\/www.grieta.org.mx\/index.php\/2018\/12\/02\/mayas-de-la-peninsula-de-yucatan-refrendan-su-compromiso-de-defender-su-territorio\/","url_meta":{"origin":3414,"position":5},"title":"Mayas de la Pen\u00ednsula de Yucat\u00e1n refrendan su compromiso de defender su territorio","author":"grieta","date":"2 diciembre, 2018","format":false,"excerpt":"MayaPolitikon Dziuch\u00e9, Quintana Roo .\u00ad\u2013 Representantes de pueblos mayas de la Pen\u00ednsula de Yucat\u00e1n refrendaron su compromiso de trabajar juntos en la protecci\u00f3n de su territorio, sus tierras y su manera de vivir. Reunidos hoy en Dziuch\u00e9, Quintana Roo, expresaron asimismo su profunda desconfianza en los gobiernos de los tres\u2026","rel":"","context":"En &quot;16. Pueblo Maya&quot;","block_context":{"text":"16. Pueblo Maya","link":"http:\/\/www.grieta.org.mx\/index.php\/category\/espejos-de-la-resistencia\/16-pueblo-maya\/"},"img":{"alt_text":"","src":"https:\/\/i0.wp.com\/www.grieta.org.mx\/wp-content\/uploads\/2018\/12\/abejas.jpg?resize=350%2C200","width":350,"height":200,"srcset":"https:\/\/i0.wp.com\/www.grieta.org.mx\/wp-content\/uploads\/2018\/12\/abejas.jpg?resize=350%2C200 1x, https:\/\/i0.wp.com\/www.grieta.org.mx\/wp-content\/uploads\/2018\/12\/abejas.jpg?resize=525%2C300 1.5x, https:\/\/i0.wp.com\/www.grieta.org.mx\/wp-content\/uploads\/2018\/12\/abejas.jpg?resize=700%2C400 2x"},"classes":[]}],"_links":{"self":[{"href":"http:\/\/www.grieta.org.mx\/index.php\/wp-json\/wp\/v2\/posts\/3414","targetHints":{"allow":["GET"]}}],"collection":[{"href":"http:\/\/www.grieta.org.mx\/index.php\/wp-json\/wp\/v2\/posts"}],"about":[{"href":"http:\/\/www.grieta.org.mx\/index.php\/wp-json\/wp\/v2\/types\/post"}],"author":[{"embeddable":true,"href":"http:\/\/www.grieta.org.mx\/index.php\/wp-json\/wp\/v2\/users\/2"}],"replies":[{"embeddable":true,"href":"http:\/\/www.grieta.org.mx\/index.php\/wp-json\/wp\/v2\/comments?post=3414"}],"version-history":[{"count":1,"href":"http:\/\/www.grieta.org.mx\/index.php\/wp-json\/wp\/v2\/posts\/3414\/revisions"}],"predecessor-version":[{"id":3416,"href":"http:\/\/www.grieta.org.mx\/index.php\/wp-json\/wp\/v2\/posts\/3414\/revisions\/3416"}],"wp:featuredmedia":[{"embeddable":true,"href":"http:\/\/www.grieta.org.mx\/index.php\/wp-json\/wp\/v2\/media\/21928"}],"wp:attachment":[{"href":"http:\/\/www.grieta.org.mx\/index.php\/wp-json\/wp\/v2\/media?parent=3414"}],"wp:term":[{"taxonomy":"category","embeddable":true,"href":"http:\/\/www.grieta.org.mx\/index.php\/wp-json\/wp\/v2\/categories?post=3414"},{"taxonomy":"post_tag","embeddable":true,"href":"http:\/\/www.grieta.org.mx\/index.php\/wp-json\/wp\/v2\/tags?post=3414"}],"curies":[{"name":"wp","href":"https:\/\/api.w.org\/{rel}","templated":true}]}}