{"id":34133,"date":"2019-05-24T17:25:54","date_gmt":"2019-05-24T22:25:54","guid":{"rendered":"http:\/\/www.grieta.org.mx\/?p=34133"},"modified":"2019-06-02T17:27:56","modified_gmt":"2019-06-02T22:27:56","slug":"familiares-de-joven-asesinado-increpan-a-tello-y-exigen-justicia-zacatecas","status":"publish","type":"post","link":"http:\/\/www.grieta.org.mx\/index.php\/2019\/05\/24\/familiares-de-joven-asesinado-increpan-a-tello-y-exigen-justicia-zacatecas\/","title":{"rendered":"Familiares de joven asesinado increpan a Tello y exigen justicia (Zacatecas)"},"content":{"rendered":"<p><img loading=\"lazy\" decoding=\"async\" data-attachment-id=\"34134\" data-permalink=\"http:\/\/www.grieta.org.mx\/index.php\/2019\/05\/24\/familiares-de-joven-asesinado-increpan-a-tello-y-exigen-justicia-zacatecas\/z3-4\/\" data-orig-file=\"http:\/\/www.grieta.org.mx\/wp-content\/uploads\/2019\/06\/z3.png\" data-orig-size=\"1246,652\" data-comments-opened=\"0\" data-image-meta=\"{&quot;aperture&quot;:&quot;0&quot;,&quot;credit&quot;:&quot;&quot;,&quot;camera&quot;:&quot;&quot;,&quot;caption&quot;:&quot;&quot;,&quot;created_timestamp&quot;:&quot;0&quot;,&quot;copyright&quot;:&quot;&quot;,&quot;focal_length&quot;:&quot;0&quot;,&quot;iso&quot;:&quot;0&quot;,&quot;shutter_speed&quot;:&quot;0&quot;,&quot;title&quot;:&quot;&quot;,&quot;orientation&quot;:&quot;0&quot;}\" data-image-title=\"z3\" data-image-description=\"\" data-image-caption=\"\" data-medium-file=\"http:\/\/www.grieta.org.mx\/wp-content\/uploads\/2019\/06\/z3-300x157.png\" data-large-file=\"http:\/\/www.grieta.org.mx\/wp-content\/uploads\/2019\/06\/z3-1024x536.png\" src=\"http:\/\/www.grieta.org.mx\/wp-content\/uploads\/2019\/06\/z3-1024x536.png\" alt=\"\" width=\"1024\" height=\"536\" class=\"alignleft size-large wp-image-34134\" srcset=\"http:\/\/www.grieta.org.mx\/wp-content\/uploads\/2019\/06\/z3-1024x536.png 1024w, http:\/\/www.grieta.org.mx\/wp-content\/uploads\/2019\/06\/z3-300x157.png 300w, http:\/\/www.grieta.org.mx\/wp-content\/uploads\/2019\/06\/z3-768x402.png 768w, http:\/\/www.grieta.org.mx\/wp-content\/uploads\/2019\/06\/z3-956x500.png 956w, http:\/\/www.grieta.org.mx\/wp-content\/uploads\/2019\/06\/z3.png 1246w\" sizes=\"auto, (max-width: 1024px) 100vw, 1024px\" \/><\/p>\n<p>Redacci\u00f3n\/NTR Zacatecas<\/p>\n<p>VALPARA\u00cdSO. La familia de Marcos, quien presuntamente fue asesinado por polic\u00edas investigadores en abril, increp\u00f3 al gobernador Alejandro Tello Cristerna para exigirle justicia para el joven.<\/p>\n<p>El mandatario estatal acudi\u00f3 este jueves a Vapara\u00edso para inaugurar obras. Tras uno de los eventos programados, familiares del muchacho se pararon frente a Tello Cristerna con una pancarta de protesta y le reprocharon que los hubiese atendido hasta un mes despu\u00e9s de la muerte.<\/p>\n<p>El 10 de abril, autoridades negaron en un principio que hubiese un segundo muerto durante el ataque en el que fue asesinada la alumna Nayeli Nohem\u00ed, dentro de la Unidad Acad\u00e9mica de Derecho de la Benem\u00e9rita Universidad Aut\u00f3noma de Zacatecas (BUAZ).<\/p>\n<p>Sin embargo, ese mismo d\u00eda se revel\u00f3 que Marcos tambi\u00e9n hab\u00eda muerto poco despu\u00e9s de esos hechos y la Fiscal\u00eda General de Justicia del Estado (FGJE) admiti\u00f3 que el joven falleci\u00f3 al ser sometido por traspasar el cerco perimetral mientras investigaban el homicidio de la estudiante.<\/p>\n<p>Familiares y amigos del muchacho ya hab\u00edan protestado durante el Festival Cultural de Zacatecas, por lo que uno de sus reclamos para el gobernador fue la tardanza en atenderlos y en comprometerse a apoyar para que se esclarezca el caso.<\/p>\n<p>En respuesta, Alejandro Tello reconoci\u00f3 que cuando ocurri\u00f3 la muerte de Marcos hizo una declaraci\u00f3n \u201cindebida\u201d; entonces el mandatario dio a entender que el joven se encontraba bajo los influjos de alguna droga y que estaba armado, pero ninguno de los se\u00f1alamientos era cierto.<\/p>\n<p>Uno de los manifestantes le cuestion\u00f3 al mandatario: \u201c\u00bfPor qu\u00e9 hasta ahorita que vino a Valpara\u00edso tuvo la fuerza?, o no s\u00e9 c\u00f3mo llamarlo\u201d. A esto, Tello Cristerna contest\u00f3:<\/p>\n<p>\u201cMira, mija, porque no soy el fiscal. Hoy la Fiscal\u00eda ya no depende de m\u00ed. Quien hace ahorita las investigaciones es una fiscal\u00eda aut\u00f3noma, entonces por eso le digo a tu se\u00f1or padre que con todo gusto le voy a pedir al fiscal [Francisco Murillo Ruiseco] que me acompa\u00f1e\u201d.<\/p>\n<p>\u201cEsperamos que se queden en hechos y no en palabras. Justicia es lo \u00fanico que queremos\u201d, le recalc\u00f3 otro de los familiares de Marcos. \u201cTengan certeza de que se har\u00e1 justicia y a limpiar el nombre de la familia y de Marcos, que en paz descanse\u201d, asegur\u00f3 el gobernador.<\/p>\n<p>El titular del Poder Ejecutivo estatal se comprometi\u00f3 a atender la queja que investiga la Comisi\u00f3n de Derechos Humanos del Estado de Zacatecas (CDHEZ) por las anomal\u00edas alrededor de la muerte del joven y afirm\u00f3 que est\u00e1 \u201cpara lo que se ofrezca\u201d.<\/p>\n<p><a href=\"http:\/\/ntrzacatecas.com\/2019\/05\/24\/familiares-de-joven-asesinado-increpan-a-tello-y-exigen-justicia\/\" rel=\"noopener noreferrer\" target=\"_blank\">http:\/\/ntrzacatecas.com\/2019\/05\/24\/familiares-de-joven-asesinado-increpan-a-tello-y-exigen-justicia\/<\/a><\/p>\n","protected":false},"excerpt":{"rendered":"<p>Redacci\u00f3n\/NTR Zacatecas VALPARA\u00cdSO. La familia de Marcos, quien presuntamente fue asesinado por polic\u00edas investigadores en abril, increp\u00f3 al gobernador Alejandro Tello Cristerna para exigirle justicia para el joven. El mandatario &hellip; <a href=\"http:\/\/www.grieta.org.mx\/index.php\/2019\/05\/24\/familiares-de-joven-asesinado-increpan-a-tello-y-exigen-justicia-zacatecas\/\" class=\"more-link\">Leer m\u00e1s<\/a><\/p>\n","protected":false},"author":2,"featured_media":34134,"comment_status":"closed","ping_status":"closed","sticky":false,"template":"","format":"standard","meta":{"ngg_post_thumbnail":0,"_jetpack_newsletter_access":"","_jetpack_dont_email_post_to_subs":false,"_jetpack_newsletter_tier_id":0,"_jetpack_memberships_contains_paywalled_content":false,"_jetpack_memberships_contains_paid_content":false,"footnotes":""},"categories":[1977,80,2,76],"tags":[199],"class_list":["post-34133","post","type-post","status-publish","format-standard","has-post-thumbnail","hentry","category-abuso-policiaco-y-tortura-en-zacatecas","category-cintillo","category-noticias-nacionales","category-zacatecas","tag-abuso-policiaco","entry"],"jetpack_featured_media_url":"http:\/\/www.grieta.org.mx\/wp-content\/uploads\/2019\/06\/z3.png","jetpack_sharing_enabled":true,"jetpack_shortlink":"https:\/\/wp.me\/p7ZJR4-8Sx","jetpack_likes_enabled":false,"jetpack-related-posts":[{"id":32543,"url":"http:\/\/www.grieta.org.mx\/index.php\/2019\/04\/23\/claman-justicia-por-marcos-que-murio-durante-un-operativo-en-zacatecas\/","url_meta":{"origin":34133,"position":0},"title":"Claman justicia por Marcos que muri\u00f3 durante un operativo en Zacatecas","author":"grieta","date":"23 abril, 2019","format":false,"excerpt":"Irma Mej\u00eda\/El Universal Zacatecas. - Familiares y amigos de Marcos, el joven que muri\u00f3 por asfixia durante el proceso de sometimiento efectuado por polic\u00edas ministeriales en un campus de la Universidad de Zacatecas, realizaron una marcha este lunes para exigir justicia, tras se\u00f1alar como culpable directo a la Fiscal\u00eda General\u2026","rel":"","context":"En &quot;Abuso policiaco y tortura en Zacatecas&quot;","block_context":{"text":"Abuso policiaco y tortura en Zacatecas","link":"http:\/\/www.grieta.org.mx\/index.php\/category\/noticias-nacionales\/zacatecas\/abuso-policiaco-y-tortura-en-zacatecas\/"},"img":{"alt_text":"","src":"https:\/\/i0.wp.com\/www.grieta.org.mx\/wp-content\/uploads\/2019\/04\/marcos-1.jpg?resize=350%2C200","width":350,"height":200,"srcset":"https:\/\/i0.wp.com\/www.grieta.org.mx\/wp-content\/uploads\/2019\/04\/marcos-1.jpg?resize=350%2C200 1x, https:\/\/i0.wp.com\/www.grieta.org.mx\/wp-content\/uploads\/2019\/04\/marcos-1.jpg?resize=525%2C300 1.5x"},"classes":[]},{"id":32386,"url":"http:\/\/www.grieta.org.mx\/index.php\/2019\/04\/16\/familiares-del-joven-muerto-en-universidad-de-zacatecas-exigen-justicia\/","url_meta":{"origin":34133,"position":1},"title":"Familiares del joven muerto en Universidad de Zacatecas exigen justicia","author":"grieta","date":"16 abril, 2019","format":false,"excerpt":"Zacatecas.- A casi una semana del asesinato de la joven universitaria dentro de la Universidad Aut\u00f3noma de Zacatecas (UAZ), salieron a la luz p\u00fablica los familiares del otro joven que tambi\u00e9n muri\u00f3 durante el operativo especial que se implement\u00f3 en ese campus, quienes hoy exigen a las autoridades que informen\u2026","rel":"","context":"En &quot;Abuso policiaco y tortura en Zacatecas&quot;","block_context":{"text":"Abuso policiaco y tortura en Zacatecas","link":"http:\/\/www.grieta.org.mx\/index.php\/category\/noticias-nacionales\/zacatecas\/abuso-policiaco-y-tortura-en-zacatecas\/"},"img":{"alt_text":"","src":"https:\/\/i0.wp.com\/www.grieta.org.mx\/wp-content\/uploads\/2019\/04\/BP.jpg?resize=350%2C200","width":350,"height":200,"srcset":"https:\/\/i0.wp.com\/www.grieta.org.mx\/wp-content\/uploads\/2019\/04\/BP.jpg?resize=350%2C200 1x, https:\/\/i0.wp.com\/www.grieta.org.mx\/wp-content\/uploads\/2019\/04\/BP.jpg?resize=525%2C300 1.5x"},"classes":[]},{"id":25141,"url":"http:\/\/www.grieta.org.mx\/index.php\/2018\/07\/25\/exigen-activistas-alerta-de-genero-zacatecas\/","url_meta":{"origin":34133,"position":2},"title":"Exigen activistas alerta de g\u00e9nero (Zacatecas)","author":"grieta","date":"25 julio, 2018","format":false,"excerpt":"Franzely Reyna\/NTR Zacatecas ZACATECAS.- La Red Plural de Mujeres y organizaciones de defensa de los derechos humanos de mujeres y ni\u00f1as rechazaron el feminicidio de la ni\u00f1a San Juana Romo Navarro, de tan s\u00f3lo nueve a\u00f1os, por lo que exigieron al gobernador del Estado, Alejandro Tello Cristerna, pida se declare\u2026","rel":"","context":"En &quot;CINTILLO&quot;","block_context":{"text":"CINTILLO","link":"http:\/\/www.grieta.org.mx\/index.php\/category\/cintillo\/"},"img":{"alt_text":"","src":"https:\/\/i0.wp.com\/www.grieta.org.mx\/wp-content\/uploads\/2018\/07\/z1.jpg?resize=350%2C200","width":350,"height":200,"srcset":"https:\/\/i0.wp.com\/www.grieta.org.mx\/wp-content\/uploads\/2018\/07\/z1.jpg?resize=350%2C200 1x, https:\/\/i0.wp.com\/www.grieta.org.mx\/wp-content\/uploads\/2018\/07\/z1.jpg?resize=525%2C300 1.5x"},"classes":[]},{"id":32389,"url":"http:\/\/www.grieta.org.mx\/index.php\/2019\/04\/17\/culpan-a-policia-de-crimen-en-zacatecas\/","url_meta":{"origin":34133,"position":3},"title":"Culpan a Polic\u00eda de crimen en Zacatecas","author":"grieta","date":"17 abril, 2019","format":false,"excerpt":"Agencia Reforma. La muerte de Marcos Garc\u00eda Benavides dentro de las instalaciones de la Universidad Aut\u00f3noma de Zacatecas (UAZ) fue provocada por los golpes de polic\u00edas ministeriales y no por insuficiencia respiratoria, acus\u00f3 el padre del fallecido. Contrario a lo afirmado por la Fiscal\u00eda estatal, el familiar del joven de\u2026","rel":"","context":"En &quot;Abuso policiaco y tortura en Zacatecas&quot;","block_context":{"text":"Abuso policiaco y tortura en Zacatecas","link":"http:\/\/www.grieta.org.mx\/index.php\/category\/noticias-nacionales\/zacatecas\/abuso-policiaco-y-tortura-en-zacatecas\/"},"img":{"alt_text":"","src":"https:\/\/i0.wp.com\/www.grieta.org.mx\/wp-content\/uploads\/2018\/03\/14524434_1106112876131411_958039263622046936_o.jpg?resize=350%2C200","width":350,"height":200,"srcset":"https:\/\/i0.wp.com\/www.grieta.org.mx\/wp-content\/uploads\/2018\/03\/14524434_1106112876131411_958039263622046936_o.jpg?resize=350%2C200 1x, https:\/\/i0.wp.com\/www.grieta.org.mx\/wp-content\/uploads\/2018\/03\/14524434_1106112876131411_958039263622046936_o.jpg?resize=525%2C300 1.5x, https:\/\/i0.wp.com\/www.grieta.org.mx\/wp-content\/uploads\/2018\/03\/14524434_1106112876131411_958039263622046936_o.jpg?resize=700%2C400 2x"},"classes":[]},{"id":39018,"url":"http:\/\/www.grieta.org.mx\/index.php\/2019\/09\/08\/activistas-se-manifiestan-contra-victoriana-espinoza-jimenez-del-teul-zacatecas\/","url_meta":{"origin":34133,"position":4},"title":"Activistas se manifiestan contra Victoriana Espinoza (Jim\u00e9nez del Teul, Zacatecas)","author":"grieta","date":"8 septiembre, 2019","format":false,"excerpt":"Staff \/ NTR Zacatecas, 08 de septiembre de 2019 Integrantes del Movimiento en Defensa del Territorio y el R\u00edo Atenco se manifestaron contra Victoriana Espinoza S\u00e1nchez, alcaldesa de Jim\u00e9nez del Teul, con motivo de la presentaci\u00f3n del informe de actividades de la funcionaria, perteneciente al Partido Revolucionario Institucional (PRI). Asimismo,\u2026","rel":"","context":"En &quot;CINTILLO&quot;","block_context":{"text":"CINTILLO","link":"http:\/\/www.grieta.org.mx\/index.php\/category\/cintillo\/"},"img":{"alt_text":"","src":"https:\/\/i0.wp.com\/www.grieta.org.mx\/wp-content\/uploads\/2019\/09\/milpillas-2.jpg?resize=350%2C200","width":350,"height":200,"srcset":"https:\/\/i0.wp.com\/www.grieta.org.mx\/wp-content\/uploads\/2019\/09\/milpillas-2.jpg?resize=350%2C200 1x, https:\/\/i0.wp.com\/www.grieta.org.mx\/wp-content\/uploads\/2019\/09\/milpillas-2.jpg?resize=525%2C300 1.5x, https:\/\/i0.wp.com\/www.grieta.org.mx\/wp-content\/uploads\/2019\/09\/milpillas-2.jpg?resize=700%2C400 2x"},"classes":[]},{"id":40737,"url":"http:\/\/www.grieta.org.mx\/index.php\/2019\/10\/31\/ejidatarios-acusan-dano-en-zacatecas\/","url_meta":{"origin":34133,"position":5},"title":"Ejidatarios acusan da\u00f1o en Zacatecas","author":"grieta","date":"31 octubre, 2019","format":false,"excerpt":"Los ejidatarios de El Potrero, han llevado a cabo varias acciones penales contra el gobierno de Zacatecas, la \u00faltima de ellas por extraer tepetate de sus terrenos, sin autorizaci\u00f3n previa Georgina Olson, Excelsior, 31\/10\/2019 CIUDAD DE M\u00c9XICO. Los ejidatarios de El Potrero, municipio de Jim\u00e9nez de Teul, han llevado a\u2026","rel":"","context":"En &quot;CINTILLO&quot;","block_context":{"text":"CINTILLO","link":"http:\/\/www.grieta.org.mx\/index.php\/category\/cintillo\/"},"img":{"alt_text":"","src":"https:\/\/i0.wp.com\/www.grieta.org.mx\/wp-content\/uploads\/2019\/11\/2246244.jpg?resize=350%2C200","width":350,"height":200,"srcset":"https:\/\/i0.wp.com\/www.grieta.org.mx\/wp-content\/uploads\/2019\/11\/2246244.jpg?resize=350%2C200 1x, https:\/\/i0.wp.com\/www.grieta.org.mx\/wp-content\/uploads\/2019\/11\/2246244.jpg?resize=525%2C300 1.5x"},"classes":[]}],"_links":{"self":[{"href":"http:\/\/www.grieta.org.mx\/index.php\/wp-json\/wp\/v2\/posts\/34133","targetHints":{"allow":["GET"]}}],"collection":[{"href":"http:\/\/www.grieta.org.mx\/index.php\/wp-json\/wp\/v2\/posts"}],"about":[{"href":"http:\/\/www.grieta.org.mx\/index.php\/wp-json\/wp\/v2\/types\/post"}],"author":[{"embeddable":true,"href":"http:\/\/www.grieta.org.mx\/index.php\/wp-json\/wp\/v2\/users\/2"}],"replies":[{"embeddable":true,"href":"http:\/\/www.grieta.org.mx\/index.php\/wp-json\/wp\/v2\/comments?post=34133"}],"version-history":[{"count":1,"href":"http:\/\/www.grieta.org.mx\/index.php\/wp-json\/wp\/v2\/posts\/34133\/revisions"}],"predecessor-version":[{"id":34135,"href":"http:\/\/www.grieta.org.mx\/index.php\/wp-json\/wp\/v2\/posts\/34133\/revisions\/34135"}],"wp:featuredmedia":[{"embeddable":true,"href":"http:\/\/www.grieta.org.mx\/index.php\/wp-json\/wp\/v2\/media\/34134"}],"wp:attachment":[{"href":"http:\/\/www.grieta.org.mx\/index.php\/wp-json\/wp\/v2\/media?parent=34133"}],"wp:term":[{"taxonomy":"category","embeddable":true,"href":"http:\/\/www.grieta.org.mx\/index.php\/wp-json\/wp\/v2\/categories?post=34133"},{"taxonomy":"post_tag","embeddable":true,"href":"http:\/\/www.grieta.org.mx\/index.php\/wp-json\/wp\/v2\/tags?post=34133"}],"curies":[{"name":"wp","href":"https:\/\/api.w.org\/{rel}","templated":true}]}}