{"id":34112,"date":"2019-06-01T07:57:10","date_gmt":"2019-06-01T12:57:10","guid":{"rendered":"http:\/\/www.grieta.org.mx\/?p=34112"},"modified":"2019-06-02T08:54:16","modified_gmt":"2019-06-02T13:54:16","slug":"no-son-muertas-son-asesinadas-marchan-en-hermosillo-por-feminicidios-y-agresiones-en-sonora","status":"publish","type":"post","link":"http:\/\/www.grieta.org.mx\/index.php\/2019\/06\/01\/no-son-muertas-son-asesinadas-marchan-en-hermosillo-por-feminicidios-y-agresiones-en-sonora\/","title":{"rendered":"&#8220;No son muertas, son asesinadas&#8221;, marchan en Hermosillo por feminicidios y agresiones en Sonora"},"content":{"rendered":"<p>Redacci\u00f3n\/ PROYECTO PUENTE<br \/>\n<img loading=\"lazy\" decoding=\"async\" data-attachment-id=\"34113\" data-permalink=\"http:\/\/www.grieta.org.mx\/index.php\/2019\/06\/01\/no-son-muertas-son-asesinadas-marchan-en-hermosillo-por-feminicidios-y-agresiones-en-sonora\/alto-al-feminicidio\/\" data-orig-file=\"http:\/\/www.grieta.org.mx\/wp-content\/uploads\/2019\/06\/Alto-al-feminicidio.jpg\" data-orig-size=\"900,506\" data-comments-opened=\"0\" data-image-meta=\"{&quot;aperture&quot;:&quot;0&quot;,&quot;credit&quot;:&quot;&quot;,&quot;camera&quot;:&quot;&quot;,&quot;caption&quot;:&quot;&quot;,&quot;created_timestamp&quot;:&quot;0&quot;,&quot;copyright&quot;:&quot;&quot;,&quot;focal_length&quot;:&quot;0&quot;,&quot;iso&quot;:&quot;0&quot;,&quot;shutter_speed&quot;:&quot;0&quot;,&quot;title&quot;:&quot;&quot;,&quot;orientation&quot;:&quot;0&quot;}\" data-image-title=\"Alto al feminicidio\" data-image-description=\"\" data-image-caption=\"\" data-medium-file=\"http:\/\/www.grieta.org.mx\/wp-content\/uploads\/2019\/06\/Alto-al-feminicidio-300x169.jpg\" data-large-file=\"http:\/\/www.grieta.org.mx\/wp-content\/uploads\/2019\/06\/Alto-al-feminicidio.jpg\" src=\"http:\/\/www.grieta.org.mx\/wp-content\/uploads\/2019\/06\/Alto-al-feminicidio.jpg\" alt=\"\" width=\"900\" height=\"506\" class=\"alignleft size-full wp-image-34113\" srcset=\"http:\/\/www.grieta.org.mx\/wp-content\/uploads\/2019\/06\/Alto-al-feminicidio.jpg 900w, http:\/\/www.grieta.org.mx\/wp-content\/uploads\/2019\/06\/Alto-al-feminicidio-300x169.jpg 300w, http:\/\/www.grieta.org.mx\/wp-content\/uploads\/2019\/06\/Alto-al-feminicidio-768x432.jpg 768w, http:\/\/www.grieta.org.mx\/wp-content\/uploads\/2019\/06\/Alto-al-feminicidio-889x500.jpg 889w\" sizes=\"auto, (max-width: 900px) 100vw, 900px\" \/><\/p>\n<p>&#8220;Ni una m\u00e1s, ni una asesinada m\u00e1s&#8221;, es una delas consignas por las que levantan la voz mujeres y hombres que marchan en Hermosillo para reprobar los hechos violentos delos d\u00edas recientes.<\/p>\n<p>&#8220;No son muertas, son asesinadas&#8221;, &#8220;Quiero ser libre, no valiente&#8221;, gritan cientos de personas, en su mayor\u00eda mujeres, que salieron desde las escalinatas del Edificio de Museo y Biblioteca de la Universidad de Sonora en un recorrido que sigue al centro de la ciudad por la calle Matamoros.<\/p>\n<p>&#8220;No es un hecho aislado, los cr\u00edmenes de odio son cr\u00edmenes de Estado&#8221;, repiten mientras caminan con pancartas en muestra de solidaridad y protesta con Itzel Noem\u00ed de siete a\u00f1os, asesinada San Luis R\u00edo Colorado, despu\u00e9s de siete d\u00edas de su desaparici\u00f3n.<\/p>\n<p>Claman por la alerta de g\u00e9nero para Sonora, despu\u00e9s del asesinato de \u00c1mbar V\u00e1squez, estudiante de 20 a\u00f1os originaria de Santa Ana, cuyo crimen fue perpetrado en Hermosillo\u00a0 la madrugada del jueves en en su departamento.<\/p>\n<p>&#8220;Se\u00f1or, se\u00f1ora, no sea indiferente, se mata a las mujeres en la cara de la gente&#8221;, gritan las mujeres apocas horas del homicidio de Mayrin Karely , de 18 a\u00f1os de edad, en Nogales.<\/p>\n<p>Esta marcha es tambi\u00e9n para la mujer no identificada, v\u00edctima de muerte violenta en la colonia Antorcha Campesina en Hermosillo.<\/p>\n<p>Tambi\u00e9n el reclamo es por la Agresi\u00f3n sufrida por Elvia Ochoa en Navojoa, a manos de un hombre que la golpe\u00f3 con un bat de beisbol en una tienda de deportes en Navojoa.<\/p>\n<p><a href=\"https:\/\/proyectopuente.com.mx\/2019\/06\/01\/no-son-muertas-son-asesinadas-marchan-en-hermosillo-por-feminicidios-y-agresiones-en-sonora\/\" rel=\"noopener noreferrer\" target=\"_blank\">https:\/\/proyectopuente.com.mx\/2019\/06\/01\/no-son-muertas-son-asesinadas-marchan-en-hermosillo-por-feminicidios-y-agresiones-en-sonora\/<\/a>&nbsp;<\/p>\n","protected":false},"excerpt":{"rendered":"<p>Redacci\u00f3n\/ PROYECTO PUENTE &#8220;Ni una m\u00e1s, ni una asesinada m\u00e1s&#8221;, es una delas consignas por las que levantan la voz mujeres y hombres que marchan en Hermosillo para reprobar los &hellip; <a href=\"http:\/\/www.grieta.org.mx\/index.php\/2019\/06\/01\/no-son-muertas-son-asesinadas-marchan-en-hermosillo-por-feminicidios-y-agresiones-en-sonora\/\" class=\"more-link\">Leer m\u00e1s<\/a><\/p>\n","protected":false},"author":2,"featured_media":34113,"comment_status":"closed","ping_status":"closed","sticky":false,"template":"","format":"standard","meta":{"ngg_post_thumbnail":0,"_jetpack_newsletter_access":"","_jetpack_dont_email_post_to_subs":false,"_jetpack_newsletter_tier_id":0,"_jetpack_memberships_contains_paywalled_content":false,"_jetpack_memberships_contains_paid_content":false,"footnotes":""},"categories":[80,2588,2522,2,31],"tags":[753,2227,1428],"class_list":["post-34112","post","type-post","status-publish","format-standard","has-post-thumbnail","hentry","category-cintillo","category-feminicidio-en-sonora","category-la-ninez-en-la-tormenta-en-sonora","category-noticias-nacionales","category-sonora","tag-feminicidio","tag-feminicidios-infantiles","tag-protestas-contra-el-feminicidio","entry"],"jetpack_featured_media_url":"http:\/\/www.grieta.org.mx\/wp-content\/uploads\/2019\/06\/Alto-al-feminicidio.jpg","jetpack_sharing_enabled":true,"jetpack_shortlink":"https:\/\/wp.me\/p7ZJR4-8Sc","jetpack_likes_enabled":false,"jetpack-related-posts":[{"id":40177,"url":"http:\/\/www.grieta.org.mx\/index.php\/2019\/10\/12\/violencia-contra-mujeres-en-sonora-no-da-tregua-aumentan-feminicidios\/","url_meta":{"origin":34112,"position":0},"title":"Violencia contra mujeres en Sonora no da tregua; aumentan feminicidios","author":"grieta","date":"12 octubre, 2019","format":false,"excerpt":"El Sol de Hermosillo Las cifras m\u00e1s recientes dadas a conocer por el sistema Nacional de Seguridad P\u00fablica indican que en M\u00e9xico se han cometido 638 asesinatos de mujeres que son investigados como feminicidios, esto debido a la condici\u00f3n de g\u00e9nero de las v\u00edctimas, hechos de los que el 3.9%\u2026","rel":"","context":"En &quot;CINTILLO&quot;","block_context":{"text":"CINTILLO","link":"http:\/\/www.grieta.org.mx\/index.php\/category\/cintillo\/"},"img":{"alt_text":"","src":"https:\/\/i0.wp.com\/www.grieta.org.mx\/wp-content\/uploads\/2019\/10\/feminicidios.jpg?resize=350%2C200","width":350,"height":200,"srcset":"https:\/\/i0.wp.com\/www.grieta.org.mx\/wp-content\/uploads\/2019\/10\/feminicidios.jpg?resize=350%2C200 1x, https:\/\/i0.wp.com\/www.grieta.org.mx\/wp-content\/uploads\/2019\/10\/feminicidios.jpg?resize=525%2C300 1.5x, https:\/\/i0.wp.com\/www.grieta.org.mx\/wp-content\/uploads\/2019\/10\/feminicidios.jpg?resize=700%2C400 2x"},"classes":[]},{"id":64175,"url":"http:\/\/www.grieta.org.mx\/index.php\/2022\/05\/07\/64175\/","url_meta":{"origin":34112,"position":1},"title":"Mujeres marchar\u00e1n en Ciudad Obreg\u00f3n por feminicidios en Sonora","author":"grieta","date":"7 mayo, 2022","format":false,"excerpt":"Antonio Saba\/Expreso CIUDAD OBREG\u00d3N, SON.- Para exigir justicia y atenci\u00f3n a la violencia de g\u00e9nero, la Red Feminista Sonorense (RFS)\u00a0convoca a una marcha que se realizar\u00e1 este viernes en Ciudad Obreg\u00f3n. La manifestaci\u00f3n iniciar\u00e1 a las 16:30 horas; el punto de partida ser\u00e1 en el Callej\u00f3n de la Mujer, ubicado\u2026","rel":"","context":"En &quot;Feminicidio en Sonora&quot;","block_context":{"text":"Feminicidio en Sonora","link":"http:\/\/www.grieta.org.mx\/index.php\/category\/noticias-nacionales\/sonora\/feminicidio-en-sonora\/"},"img":{"alt_text":"","src":"https:\/\/i0.wp.com\/www.grieta.org.mx\/wp-content\/uploads\/2022\/05\/Marcha-8M-en-Cajeme-2022.jpg?resize=350%2C200","width":350,"height":200,"srcset":"https:\/\/i0.wp.com\/www.grieta.org.mx\/wp-content\/uploads\/2022\/05\/Marcha-8M-en-Cajeme-2022.jpg?resize=350%2C200 1x, https:\/\/i0.wp.com\/www.grieta.org.mx\/wp-content\/uploads\/2022\/05\/Marcha-8M-en-Cajeme-2022.jpg?resize=525%2C300 1.5x, https:\/\/i0.wp.com\/www.grieta.org.mx\/wp-content\/uploads\/2022\/05\/Marcha-8M-en-Cajeme-2022.jpg?resize=700%2C400 2x"},"classes":[]},{"id":11173,"url":"http:\/\/www.grieta.org.mx\/index.php\/2016\/04\/24\/protesto-marea-morada-contra-feminicidios-en-sonora\/","url_meta":{"origin":34112,"position":2},"title":"Protest\u00f3 \u201cmarea morada\u201d contra feminicidios en Sonora","author":"grieta","date":"24 abril, 2016","format":false,"excerpt":"#VivasNosQueremos, el lema de la movilizaci\u00f3n contra la violencia de g\u00e9nero en Sonora, que sum\u00f3 alrededor de 200 personas. Andrea S\u00e1nchez, una de las organizadoras de la marea morada, lament\u00f3 que en Sonora a\u00fan prevalezca el ambiente hostil en el que las mujeres ven como tema tab\u00fa hablar de la\u2026","rel":"","context":"En &quot;CINTILLO&quot;","block_context":{"text":"CINTILLO","link":"http:\/\/www.grieta.org.mx\/index.php\/category\/cintillo\/"},"img":{"alt_text":"","src":"https:\/\/i0.wp.com\/www.grieta.org.mx\/wp-content\/uploads\/2018\/03\/14524434_1106112876131411_958039263622046936_o.jpg?resize=350%2C200","width":350,"height":200,"srcset":"https:\/\/i0.wp.com\/www.grieta.org.mx\/wp-content\/uploads\/2018\/03\/14524434_1106112876131411_958039263622046936_o.jpg?resize=350%2C200 1x, https:\/\/i0.wp.com\/www.grieta.org.mx\/wp-content\/uploads\/2018\/03\/14524434_1106112876131411_958039263622046936_o.jpg?resize=525%2C300 1.5x, https:\/\/i0.wp.com\/www.grieta.org.mx\/wp-content\/uploads\/2018\/03\/14524434_1106112876131411_958039263622046936_o.jpg?resize=700%2C400 2x"},"classes":[]},{"id":42930,"url":"http:\/\/www.grieta.org.mx\/index.php\/2019\/12\/04\/2019-mujeres-desaparecidas-y-feminicidios-en-sonora\/","url_meta":{"origin":34112,"position":3},"title":"2019: mujeres desaparecidas y feminicidios en Sonora","author":"grieta","date":"4 diciembre, 2019","format":false,"excerpt":"M\u00f3nica Miranda\/Uniradio Noticias Hermosillo.- De mayo a diciembre de este a\u00f1o, las Madres Buscadoras de Sonora contabilizaron 20 mujeres desaparecidas en Sonora, indic\u00f3 Cecilia Flores Armenta. La l\u00edder del colectivo encargado de realizar jornadas de excavaci\u00f3n en b\u00fasqueda de desaparecidos, dijo que tuvieron conocimiento gracias a las denuncias que familiares\u2026","rel":"","context":"En &quot;Feminicidios&quot;","block_context":{"text":"Feminicidios","link":"http:\/\/www.grieta.org.mx\/index.php\/category\/temas-nacionales\/feminicidios\/"},"img":{"alt_text":"","src":"https:\/\/i0.wp.com\/www.grieta.org.mx\/wp-content\/uploads\/2020\/01\/20191230124836_61.jpg?resize=350%2C200","width":350,"height":200,"srcset":"https:\/\/i0.wp.com\/www.grieta.org.mx\/wp-content\/uploads\/2020\/01\/20191230124836_61.jpg?resize=350%2C200 1x, https:\/\/i0.wp.com\/www.grieta.org.mx\/wp-content\/uploads\/2020\/01\/20191230124836_61.jpg?resize=525%2C300 1.5x, https:\/\/i0.wp.com\/www.grieta.org.mx\/wp-content\/uploads\/2020\/01\/20191230124836_61.jpg?resize=700%2C400 2x"},"classes":[]},{"id":11133,"url":"http:\/\/www.grieta.org.mx\/index.php\/2016\/04\/24\/movilizacion-contra-la-violencia-hacia-las-mujeres-en-sonora\/","url_meta":{"origin":34112,"position":4},"title":"Movilizaci\u00f3n contra la violencia hacia las mujeres en Sonora","author":"grieta","date":"24 abril, 2016","format":false,"excerpt":"24\/04\/16. Marchan mujeres en contra de feminicidios La Verdad 24\/04\/16. Miles de mujeres marchan contra la violencia en estados Excelcior 24\/04\/16. Protest\u00f3 \u201cmarea morada\u201d contra feminicidios en Sonora El Universal 25\/11\/15. Mujeres marchan en Navojoa para pedir justicia Expreso","rel":"","context":"En &quot;CINTILLO&quot;","block_context":{"text":"CINTILLO","link":"http:\/\/www.grieta.org.mx\/index.php\/category\/cintillo\/"},"img":{"alt_text":"","src":"https:\/\/i0.wp.com\/www.grieta.org.mx\/wp-content\/uploads\/2018\/03\/14524434_1106112876131411_958039263622046936_o.jpg?resize=350%2C200","width":350,"height":200,"srcset":"https:\/\/i0.wp.com\/www.grieta.org.mx\/wp-content\/uploads\/2018\/03\/14524434_1106112876131411_958039263622046936_o.jpg?resize=350%2C200 1x, https:\/\/i0.wp.com\/www.grieta.org.mx\/wp-content\/uploads\/2018\/03\/14524434_1106112876131411_958039263622046936_o.jpg?resize=525%2C300 1.5x, https:\/\/i0.wp.com\/www.grieta.org.mx\/wp-content\/uploads\/2018\/03\/14524434_1106112876131411_958039263622046936_o.jpg?resize=700%2C400 2x"},"classes":[]},{"id":11107,"url":"http:\/\/www.grieta.org.mx\/index.php\/2016\/04\/24\/marchan-mujeres-en-contra-de-feminicidios\/","url_meta":{"origin":34112,"position":5},"title":"Marchan mujeres en contra de feminicidios","author":"grieta","date":"24 abril, 2016","format":false,"excerpt":"Por Mariana Y\u00e9piz Con el lema \u201cNos queremos vivas\u201d, un grupo de alrededor de 30 mujeres navojoenses marcharon hoy, partiendo de la Plaza 5 de Mayo y culminar en la esquina de la \u201cEsquina de la Democracia\u201d. El movimiento fue presidido por integrantes de la agrupaci\u00f3n Casa de la Mujer\u2026","rel":"","context":"En &quot;CINTILLO&quot;","block_context":{"text":"CINTILLO","link":"http:\/\/www.grieta.org.mx\/index.php\/category\/cintillo\/"},"img":{"alt_text":"","src":"https:\/\/i0.wp.com\/www.grieta.org.mx\/wp-content\/uploads\/2018\/03\/14524434_1106112876131411_958039263622046936_o.jpg?resize=350%2C200","width":350,"height":200,"srcset":"https:\/\/i0.wp.com\/www.grieta.org.mx\/wp-content\/uploads\/2018\/03\/14524434_1106112876131411_958039263622046936_o.jpg?resize=350%2C200 1x, https:\/\/i0.wp.com\/www.grieta.org.mx\/wp-content\/uploads\/2018\/03\/14524434_1106112876131411_958039263622046936_o.jpg?resize=525%2C300 1.5x, https:\/\/i0.wp.com\/www.grieta.org.mx\/wp-content\/uploads\/2018\/03\/14524434_1106112876131411_958039263622046936_o.jpg?resize=700%2C400 2x"},"classes":[]}],"_links":{"self":[{"href":"http:\/\/www.grieta.org.mx\/index.php\/wp-json\/wp\/v2\/posts\/34112","targetHints":{"allow":["GET"]}}],"collection":[{"href":"http:\/\/www.grieta.org.mx\/index.php\/wp-json\/wp\/v2\/posts"}],"about":[{"href":"http:\/\/www.grieta.org.mx\/index.php\/wp-json\/wp\/v2\/types\/post"}],"author":[{"embeddable":true,"href":"http:\/\/www.grieta.org.mx\/index.php\/wp-json\/wp\/v2\/users\/2"}],"replies":[{"embeddable":true,"href":"http:\/\/www.grieta.org.mx\/index.php\/wp-json\/wp\/v2\/comments?post=34112"}],"version-history":[{"count":1,"href":"http:\/\/www.grieta.org.mx\/index.php\/wp-json\/wp\/v2\/posts\/34112\/revisions"}],"predecessor-version":[{"id":34115,"href":"http:\/\/www.grieta.org.mx\/index.php\/wp-json\/wp\/v2\/posts\/34112\/revisions\/34115"}],"wp:featuredmedia":[{"embeddable":true,"href":"http:\/\/www.grieta.org.mx\/index.php\/wp-json\/wp\/v2\/media\/34113"}],"wp:attachment":[{"href":"http:\/\/www.grieta.org.mx\/index.php\/wp-json\/wp\/v2\/media?parent=34112"}],"wp:term":[{"taxonomy":"category","embeddable":true,"href":"http:\/\/www.grieta.org.mx\/index.php\/wp-json\/wp\/v2\/categories?post=34112"},{"taxonomy":"post_tag","embeddable":true,"href":"http:\/\/www.grieta.org.mx\/index.php\/wp-json\/wp\/v2\/tags?post=34112"}],"curies":[{"name":"wp","href":"https:\/\/api.w.org\/{rel}","templated":true}]}}