{"id":34104,"date":"2019-05-27T00:59:52","date_gmt":"2019-05-27T05:59:52","guid":{"rendered":"http:\/\/www.grieta.org.mx\/?p=34104"},"modified":"2019-06-02T01:10:32","modified_gmt":"2019-06-02T06:10:32","slug":"van-13-periodistas-asesinados-en-primer-semestre-del-gobierno-de-amlo-reporteras-en-guardia","status":"publish","type":"post","link":"http:\/\/www.grieta.org.mx\/index.php\/2019\/05\/27\/van-13-periodistas-asesinados-en-primer-semestre-del-gobierno-de-amlo-reporteras-en-guardia\/","title":{"rendered":"Van 13 periodistas asesinados en primer semestre del gobierno de AMLO: Reporteras en Guardia"},"content":{"rendered":"<p><a href=\"http:\/\/www.grieta.org.mx\/wp-content\/uploads\/2019\/06\/direct.jpg\"><img loading=\"lazy\" decoding=\"async\" data-attachment-id=\"34105\" data-permalink=\"http:\/\/www.grieta.org.mx\/index.php\/2019\/05\/27\/van-13-periodistas-asesinados-en-primer-semestre-del-gobierno-de-amlo-reporteras-en-guardia\/direct-101\/\" data-orig-file=\"http:\/\/www.grieta.org.mx\/wp-content\/uploads\/2019\/06\/direct.jpg\" data-orig-size=\"600,274\" data-comments-opened=\"0\" data-image-meta=\"{&quot;aperture&quot;:&quot;0&quot;,&quot;credit&quot;:&quot;&quot;,&quot;camera&quot;:&quot;&quot;,&quot;caption&quot;:&quot;&quot;,&quot;created_timestamp&quot;:&quot;0&quot;,&quot;copyright&quot;:&quot;&quot;,&quot;focal_length&quot;:&quot;0&quot;,&quot;iso&quot;:&quot;0&quot;,&quot;shutter_speed&quot;:&quot;0&quot;,&quot;title&quot;:&quot;&quot;,&quot;orientation&quot;:&quot;0&quot;}\" data-image-title=\"direct\" data-image-description=\"\" data-image-caption=\"\" data-medium-file=\"http:\/\/www.grieta.org.mx\/wp-content\/uploads\/2019\/06\/direct-300x137.jpg\" data-large-file=\"http:\/\/www.grieta.org.mx\/wp-content\/uploads\/2019\/06\/direct.jpg\" class=\"aligncenter wp-image-34105\" src=\"http:\/\/www.grieta.org.mx\/wp-content\/uploads\/2019\/06\/direct.jpg\" alt=\"\" width=\"702\" height=\"321\" srcset=\"http:\/\/www.grieta.org.mx\/wp-content\/uploads\/2019\/06\/direct.jpg 600w, http:\/\/www.grieta.org.mx\/wp-content\/uploads\/2019\/06\/direct-300x137.jpg 300w\" sizes=\"auto, (max-width: 702px) 100vw, 702px\" \/><\/a><\/p>\n<p>Redacci\u00f3n \/ Artistegui Noticias<\/p>\n<p>En el primer semestre del gobierno de Andr\u00e9s Manuel L\u00f3pez Obrador fueron asesinados 13 periodistas, seg\u00fan el registro del colectivo Reporteras en Guardia.<\/p>\n<p>En conferencia de prensa, se\u00f1alaron que se trata de una cifra alarmante comparada con los 9 homicidios ocurridos en el primer semestre de 2018, el \u00faltimo a\u00f1o de la administraci\u00f3n de Enrique Pe\u00f1a Nieto, que cerr\u00f3 con 17 cr\u00edmenes contra el gremio.<\/p>\n<p>\u201cCinco de las 13 v\u00edctimas eran comunicadores ind\u00edgenas, pero cuatro no han sido reconocidas como periodistas por el gobierno de la 4T, lo que representa una violaci\u00f3n a la Ley para la Protecci\u00f3n de Personas Defensoras de Derechos Humanos y Periodistas vigente desde 2012?, apuntaron.<\/p>\n<p>Reporteras en Guardia exigi\u00f3 al gobierno de L\u00f3pez Obrador que sea reconocido el car\u00e1cter de periodistas, de acuerdo con la ley vigente, de los nahuas Samir Flores Soberanes, fundador y locutor de la radio Amiltzinko en Morelos, y Jos\u00e9 Lucio Bartolo Faustino y Modesto Verales Sebasti\u00e1n, colaboradores de Radio Zapata en Chilapa, Guerrero. As\u00ed como del chinanteco Gustavo Cruz Mendoza, quien fue integrante de la comisi\u00f3n de comunicaci\u00f3n del Consejo Ind\u00edgena Popular de Oaxaca Ricardo Flores Mag\u00f3n (CIPO-RFM) y colaborador de la radio m\u00f3vil Radio Guetza. Todos eran miembros del Congreso Nacional Ind\u00edgena (CNI).<\/p>\n<p>\u201cEsta exclusi\u00f3n hace m\u00e1s vulnerables a las y los comunicadores ind\u00edgenas del pa\u00eds\u201d, indicaron.<\/p>\n<p><iframe loading=\"lazy\" src=\"https:\/\/www.youtube.com\/embed\/izVtRe9yi-I\" width=\"600\" height=\"338\" frameborder=\"0\" allowfullscreen=\"allowfullscreen\"><\/iframe><\/p>\n<p>Adem\u00e1s, Reporteras en Guardia anunci\u00f3 que comienza la segunda etapa de construcci\u00f3n del memorial mataranadie.com con la publicaci\u00f3n del perfil de Samir Flores, quien desde Radio Amiltzinko denunci\u00f3 la amenaza al medio ambiente de la termoel\u00e9ctrica de Huexca y del gasoducto que bordea las faldas del Popocat\u00e9petl, cuya construcci\u00f3n avanza en Morelos.<\/p>\n<p>\u201cNuestro colectivo advierte que el ejercicio del periodismo en el \u00e1mbito municipal es el m\u00e1s peligroso. De las 13 v\u00edctimas, 12 realizaban labores en espacios de difusi\u00f3n municipal. Seis pertenec\u00edan a radios comunitarias, pues a los cinco casos de ind\u00edgenas asesinados se suma el de Rafael Mur\u00faa Manr\u00edquez, director de la estaci\u00f3n comunitaria Radiokashana, ubicada en el municipio de Muleg\u00e9, en Baja California Sur\u201d, expusieron.<\/p>\n<p>\u201cLos agresores utilizaron armas de fuego en 12 de los asesinatos; en uno de estos cr\u00edmenes, el de Mur\u00faa Manr\u00edquez, tambi\u00e9n hirieron a la v\u00edctima con un arma punzocortante en el t\u00f3rax. A Omar Iv\u00e1n Camacho lo golpearon en la cabeza hasta matarlo. Mur\u00faa Manr\u00edquez y Francisco Romero D\u00edaz, fundador del portal digital Ocurrio Aqu\u00ed de Playa del Carmen, en Quintana Roo, estaban adheridos al Mecanismo de Protecci\u00f3n para Personas Defensoras de Derechos Humanos y Periodistas. Los 13 casos son parte de la escalada de asesinatos y desapariciones de periodistas heredada de los gobiernos de Pe\u00f1a Nieto y Felipe Calder\u00f3n. Seg\u00fan nuestro registro, el primero dej\u00f3 un saldo de 66 v\u00edctimas (56 hombres y 10 mujeres), y el segundo 77 (63 hombres y 14 mujeres)\u201d, abundaron.<\/p>\n<p>Actualmente, Reporteras en Guardia han publicado los perfiles de 45 periodistas o comunicadores y sumar\u00e1n 20 m\u00e1s en las siguientes semanas, con el fin de contribuir a la exigencia de<br \/>\njusticia.<\/p>\n<p>\u201cUrgimos al gobierno a investigar y enjuiciar penalmente a los responsables de todos estos cr\u00edmenes y a que implemente acciones eficaces en el Mecanismo de Protecci\u00f3n. Requerimos que garantice que en la Fiscal\u00eda General de la Rep\u00fablica y en el Mecanismo contar\u00e1n con personal especializado en libertad de expresi\u00f3n y en derechos humanos, con un enfoque de perspectiva de g\u00e9nero e ind\u00edgena\u201d, se\u00f1alaron.<\/p>\n<p>\u201cSi este gobierno no realiza los cambios estructurales necesarios para que cese la espiral de violencia continuar\u00e1n los cr\u00edmenes contra las y los periodistas de M\u00e9xico. Basta de que el presidente y sus funcionarios desde\u00f1en nuestra situaci\u00f3n de riesgo. Basta de que hagan comentarios que fomentan una mayor violencia en nuestra contra al estigmatizar o discriminar a colegas por razones de g\u00e9nero, clase social o pertenencia a un medio de comunicaci\u00f3n. \u00a1Basta ya de que nos maten y nos agredan!\u201d, finalizaron.<\/p>\n<p><a href=\"https:\/\/aristeguinoticias.com\/2705\/mexico\/van-13-periodistas-asesinados-en-el-primer-semestre-del-gobierno-de-amlo-reporteras-en-guardia\/\">https:\/\/aristeguinoticias.com\/2705\/mexico\/van-13-periodistas-asesinados-en-el-primer-semestre-del-gobierno-de-amlo-reporteras-en-guardia\/<\/a><\/p>\n","protected":false},"excerpt":{"rendered":"<p>Redacci\u00f3n \/ Artistegui Noticias En el primer semestre del gobierno de Andr\u00e9s Manuel L\u00f3pez Obrador fueron asesinados 13 periodistas, seg\u00fan el registro del colectivo Reporteras en Guardia. En conferencia de &hellip; <a href=\"http:\/\/www.grieta.org.mx\/index.php\/2019\/05\/27\/van-13-periodistas-asesinados-en-primer-semestre-del-gobierno-de-amlo-reporteras-en-guardia\/\" class=\"more-link\">Leer m\u00e1s<\/a><\/p>\n","protected":false},"author":1,"featured_media":34105,"comment_status":"closed","ping_status":"closed","sticky":false,"template":"","format":"standard","meta":{"ngg_post_thumbnail":0,"_jetpack_newsletter_access":"","_jetpack_dont_email_post_to_subs":false,"_jetpack_newsletter_tier_id":0,"_jetpack_memberships_contains_paywalled_content":false,"_jetpack_memberships_contains_paid_content":false,"footnotes":""},"categories":[1773,80,22,83,88,1219],"tags":[1834,1180],"class_list":["post-34104","post","type-post","status-publish","format-standard","has-post-thumbnail","hentry","category-agresiones-a-periodistas-en-morelos","category-cintillo","category-morelos","category-temas-nacionales","category-violencia-contra-periodistas","category-violencia-contra-periodistas-en-guerrero","tag-asesinato-de-lideres-indigenas","tag-asesinato-de-periodistas","entry"],"jetpack_featured_media_url":"http:\/\/www.grieta.org.mx\/wp-content\/uploads\/2019\/06\/direct.jpg","jetpack_sharing_enabled":true,"jetpack_shortlink":"https:\/\/wp.me\/p7ZJR4-8S4","jetpack_likes_enabled":false,"jetpack-related-posts":[{"id":56137,"url":"http:\/\/www.grieta.org.mx\/index.php\/2021\/01\/04\/17-periodistas-asesinados-en-dos-anos-del-gobierno-de-4t\/","url_meta":{"origin":34104,"position":0},"title":"17 periodistas asesinados en dos a\u00f1os del gobierno de  4T","author":"grieta","date":"4 enero, 2021","format":false,"excerpt":"Redacci\u00f3n\/ Sol Yucat\u00e1n Ciudad de M\u00e9xico. \u2013 Durante los primeros dos a\u00f1os del gobierno de la 4T, la situaci\u00f3n del periodismo en nuestro pa\u00eds se agrav\u00f3 casi al doble, en comparaci\u00f3n con gobiernos anteriores. Cada 4 de enero se reconoce la labor de las y los periodistas mexicanos, quienes hacen\u2026","rel":"","context":"En &quot;Agresiones a periodistas en Morelos&quot;","block_context":{"text":"Agresiones a periodistas en Morelos","link":"http:\/\/www.grieta.org.mx\/index.php\/category\/noticias-nacionales\/morelos\/agresiones-a-periodistas-en-morelos\/"},"img":{"alt_text":"","src":"https:\/\/i0.wp.com\/www.grieta.org.mx\/wp-content\/uploads\/2021\/01\/WhatsApp-Image-2021-01-04-at-10.51.40.jpg?resize=350%2C200","width":350,"height":200,"srcset":"https:\/\/i0.wp.com\/www.grieta.org.mx\/wp-content\/uploads\/2021\/01\/WhatsApp-Image-2021-01-04-at-10.51.40.jpg?resize=350%2C200 1x, https:\/\/i0.wp.com\/www.grieta.org.mx\/wp-content\/uploads\/2021\/01\/WhatsApp-Image-2021-01-04-at-10.51.40.jpg?resize=525%2C300 1.5x, https:\/\/i0.wp.com\/www.grieta.org.mx\/wp-content\/uploads\/2021\/01\/WhatsApp-Image-2021-01-04-at-10.51.40.jpg?resize=700%2C400 2x"},"classes":[]},{"id":63217,"url":"http:\/\/www.grieta.org.mx\/index.php\/2022\/01\/25\/exigen-periodistas-de-puerto-vallarta-un-cese-a-la-violencia-contra-el-gremio-jalisco\/","url_meta":{"origin":34104,"position":1},"title":"Exigen periodistas de Puerto Vallarta un cese a la violencia contra el gremio (Jalisco)","author":"grieta","date":"25 enero, 2022","format":false,"excerpt":"Foto: Zona Docs Periodistas de Puerto Vallarta, Jalisco, tambi\u00e9n se sumaron a la Movilizaci\u00f3n Nacional #PeriodismoEnRiesgo y desde el malec\u00f3n exigieron condiciones de seguridad para ejercer su trabajo, as\u00ed mismo exhortaron al gobierno para que ninguna del cr\u00edmenes cometidos contra periodistas quede impune. Leslie Zepeda\/ Zona Docs Tras el asesinato\u2026","rel":"","context":"En &quot;CINTILLO&quot;","block_context":{"text":"CINTILLO","link":"http:\/\/www.grieta.org.mx\/index.php\/category\/cintillo\/"},"img":{"alt_text":"","src":"https:\/\/i0.wp.com\/www.grieta.org.mx\/wp-content\/uploads\/2022\/01\/Unknown-20-2-768x512-1.jpeg?resize=350%2C200","width":350,"height":200,"srcset":"https:\/\/i0.wp.com\/www.grieta.org.mx\/wp-content\/uploads\/2022\/01\/Unknown-20-2-768x512-1.jpeg?resize=350%2C200 1x, https:\/\/i0.wp.com\/www.grieta.org.mx\/wp-content\/uploads\/2022\/01\/Unknown-20-2-768x512-1.jpeg?resize=525%2C300 1.5x, https:\/\/i0.wp.com\/www.grieta.org.mx\/wp-content\/uploads\/2022\/01\/Unknown-20-2-768x512-1.jpeg?resize=700%2C400 2x"},"classes":[]},{"id":37627,"url":"http:\/\/www.grieta.org.mx\/index.php\/2019\/07\/31\/condenan-periodistas-desplazados-asesinato-de-comunicador-en-morelos\/","url_meta":{"origin":34104,"position":2},"title":"Condenan periodistas desplazados asesinato de comunicador en Morelos","author":"grieta","date":"31 julio, 2019","format":false,"excerpt":"Redacci\u00f3n \/ El Sol de M\u00e9xico En la administraci\u00f3n del presidente Andr\u00e9s Manuel L\u00f3pez Obrador han sido asesinados 11 periodistas en M\u00e9xico CUERNAVACA. La tarde de este martes fue descubierto el cad\u00e1ver de Rogelio Barrag\u00e1n, director del medio de comunicaci\u00f3n digital Guerrero al Instante, en la cajuela de un autom\u00f3vil\u2026","rel":"","context":"En &quot;Agresiones a periodistas en Morelos&quot;","block_context":{"text":"Agresiones a periodistas en Morelos","link":"http:\/\/www.grieta.org.mx\/index.php\/category\/noticias-nacionales\/morelos\/agresiones-a-periodistas-en-morelos\/"},"img":{"alt_text":"","src":"https:\/\/i0.wp.com\/www.grieta.org.mx\/wp-content\/uploads\/2019\/08\/Cortes%C3%ADa-Edgar-Yesca-periodista.jpg?resize=350%2C200","width":350,"height":200,"srcset":"https:\/\/i0.wp.com\/www.grieta.org.mx\/wp-content\/uploads\/2019\/08\/Cortes%C3%ADa-Edgar-Yesca-periodista.jpg?resize=350%2C200 1x, https:\/\/i0.wp.com\/www.grieta.org.mx\/wp-content\/uploads\/2019\/08\/Cortes%C3%ADa-Edgar-Yesca-periodista.jpg?resize=525%2C300 1.5x, https:\/\/i0.wp.com\/www.grieta.org.mx\/wp-content\/uploads\/2019\/08\/Cortes%C3%ADa-Edgar-Yesca-periodista.jpg?resize=700%2C400 2x"},"classes":[]},{"id":23170,"url":"http:\/\/www.grieta.org.mx\/index.php\/2018\/05\/14\/mas-de-140-periodistas-asesinados-y-desaparecidos-en-mexico-mural-en-tijuana\/","url_meta":{"origin":34104,"position":3},"title":"M\u00e1s de 140 periodistas asesinados y desaparecidos en M\u00e9xico, mural en Tijuana (Baja California)","author":"grieta","date":"14 mayo, 2018","format":false,"excerpt":"Antonio Heras Tijuana.- En el Ca\u00f1\u00f3n del Matadero, en las inmediaciones de Playas de Tijuana se lee la leyenda: \u201cVan 140 periodistas asesinados en M\u00e9xico\u201d. Este lienzo est\u00e1 pintado en fondo blanco y letras rojas sobre el muro de l\u00e1mina que divide Estados Unidos, en una zona caracter\u00edstica de cruce\u2026","rel":"","context":"En &quot;Baja California&quot;","block_context":{"text":"Baja California","link":"http:\/\/www.grieta.org.mx\/index.php\/category\/noticias-nacionales\/baja-california\/"},"img":{"alt_text":"","src":"https:\/\/i0.wp.com\/www.grieta.org.mx\/wp-content\/uploads\/2018\/05\/20180514_105502.png?resize=350%2C200","width":350,"height":200,"srcset":"https:\/\/i0.wp.com\/www.grieta.org.mx\/wp-content\/uploads\/2018\/05\/20180514_105502.png?resize=350%2C200 1x, https:\/\/i0.wp.com\/www.grieta.org.mx\/wp-content\/uploads\/2018\/05\/20180514_105502.png?resize=525%2C300 1.5x"},"classes":[]},{"id":63170,"url":"http:\/\/www.grieta.org.mx\/index.php\/2022\/01\/25\/periodismo-en-riesgo-desde-cancun-exigen-justicia-por-periodistas-asesinados-quintana-roo\/","url_meta":{"origin":34104,"position":4},"title":"&#8220;Periodismo en riesgo&#8221;: Desde Canc\u00fan, exigen justicia por periodistas asesinados (Quintana Roo)","author":"grieta","date":"25 enero, 2022","format":false,"excerpt":"Agencia SIM | Fotos: Infoqroo \/ Noticaribe CANC\u00daN, MX.- Reporteros, editores, fot\u00f3grafos y otros trabajadores de los medios de comunicaci\u00f3n se reunieron esta noche afuera del Palacio Municipal del Ayuntamiento de Benito Ju\u00e1rez, para sumarse al movimiento \u201cPeriodismo en Riesgo\u201d y exigir justicia por los tres colegas que fueron asesinados\u2026","rel":"","context":"En &quot;CINTILLO&quot;","block_context":{"text":"CINTILLO","link":"http:\/\/www.grieta.org.mx\/index.php\/category\/cintillo\/"},"img":{"alt_text":"","src":"https:\/\/i0.wp.com\/www.grieta.org.mx\/wp-content\/uploads\/2022\/01\/PeriodismoEnRiesgo.png?resize=350%2C200","width":350,"height":200,"srcset":"https:\/\/i0.wp.com\/www.grieta.org.mx\/wp-content\/uploads\/2022\/01\/PeriodismoEnRiesgo.png?resize=350%2C200 1x, https:\/\/i0.wp.com\/www.grieta.org.mx\/wp-content\/uploads\/2022\/01\/PeriodismoEnRiesgo.png?resize=525%2C300 1.5x, https:\/\/i0.wp.com\/www.grieta.org.mx\/wp-content\/uploads\/2022\/01\/PeriodismoEnRiesgo.png?resize=700%2C400 2x"},"classes":[]},{"id":63417,"url":"http:\/\/www.grieta.org.mx\/index.php\/2022\/02\/14\/protestan-periodistas-de-nayarit-por-los-multiples-asesinatos-de-colegas-en-mexico\/","url_meta":{"origin":34104,"position":5},"title":"Protestan periodistas de Nayarit por los m\u00faltiples asesinatos de colegas en M\u00e9xico","author":"grieta","date":"14 febrero, 2022","format":false,"excerpt":"Foto: El Sol de Nayarit Lucero Santa Anna\/El Sol de Nayarit Este 14 de Febrero, periodistas del estado de Nayarit alzaron la voz por segunda vez en lo que va del a\u00f1o 2022 para protestar por los m\u00faltiples asesinatos y agresiones a comunicadores en M\u00e9xico. En punto de las 5:00\u2026","rel":"","context":"En &quot;CINTILLO&quot;","block_context":{"text":"CINTILLO","link":"http:\/\/www.grieta.org.mx\/index.php\/category\/cintillo\/"},"img":{"alt_text":"","src":"https:\/\/i0.wp.com\/www.grieta.org.mx\/wp-content\/uploads\/2022\/02\/temp_nota_01_82663__2022021504323_117medios.jpg?resize=350%2C200","width":350,"height":200,"srcset":"https:\/\/i0.wp.com\/www.grieta.org.mx\/wp-content\/uploads\/2022\/02\/temp_nota_01_82663__2022021504323_117medios.jpg?resize=350%2C200 1x, https:\/\/i0.wp.com\/www.grieta.org.mx\/wp-content\/uploads\/2022\/02\/temp_nota_01_82663__2022021504323_117medios.jpg?resize=525%2C300 1.5x"},"classes":[]}],"_links":{"self":[{"href":"http:\/\/www.grieta.org.mx\/index.php\/wp-json\/wp\/v2\/posts\/34104","targetHints":{"allow":["GET"]}}],"collection":[{"href":"http:\/\/www.grieta.org.mx\/index.php\/wp-json\/wp\/v2\/posts"}],"about":[{"href":"http:\/\/www.grieta.org.mx\/index.php\/wp-json\/wp\/v2\/types\/post"}],"author":[{"embeddable":true,"href":"http:\/\/www.grieta.org.mx\/index.php\/wp-json\/wp\/v2\/users\/1"}],"replies":[{"embeddable":true,"href":"http:\/\/www.grieta.org.mx\/index.php\/wp-json\/wp\/v2\/comments?post=34104"}],"version-history":[{"count":1,"href":"http:\/\/www.grieta.org.mx\/index.php\/wp-json\/wp\/v2\/posts\/34104\/revisions"}],"predecessor-version":[{"id":34106,"href":"http:\/\/www.grieta.org.mx\/index.php\/wp-json\/wp\/v2\/posts\/34104\/revisions\/34106"}],"wp:featuredmedia":[{"embeddable":true,"href":"http:\/\/www.grieta.org.mx\/index.php\/wp-json\/wp\/v2\/media\/34105"}],"wp:attachment":[{"href":"http:\/\/www.grieta.org.mx\/index.php\/wp-json\/wp\/v2\/media?parent=34104"}],"wp:term":[{"taxonomy":"category","embeddable":true,"href":"http:\/\/www.grieta.org.mx\/index.php\/wp-json\/wp\/v2\/categories?post=34104"},{"taxonomy":"post_tag","embeddable":true,"href":"http:\/\/www.grieta.org.mx\/index.php\/wp-json\/wp\/v2\/tags?post=34104"}],"curies":[{"name":"wp","href":"https:\/\/api.w.org\/{rel}","templated":true}]}}