{"id":34083,"date":"2019-05-28T15:30:21","date_gmt":"2019-05-28T20:30:21","guid":{"rendered":"http:\/\/www.grieta.org.mx\/?p=34083"},"modified":"2019-06-01T15:35:14","modified_gmt":"2019-06-01T20:35:14","slug":"protestan-en-zacatecas-por-despidos-en-el-issste","status":"publish","type":"post","link":"http:\/\/www.grieta.org.mx\/index.php\/2019\/05\/28\/protestan-en-zacatecas-por-despidos-en-el-issste\/","title":{"rendered":"Protestan en Zacatecas por despidos en el ISSSTE"},"content":{"rendered":"<p><img loading=\"lazy\" decoding=\"async\" data-attachment-id=\"34084\" data-permalink=\"http:\/\/www.grieta.org.mx\/index.php\/2019\/05\/28\/protestan-en-zacatecas-por-despidos-en-el-issste\/z1-11\/\" data-orig-file=\"http:\/\/www.grieta.org.mx\/wp-content\/uploads\/2019\/06\/z1.jpg\" data-orig-size=\"768,479\" data-comments-opened=\"0\" data-image-meta=\"{&quot;aperture&quot;:&quot;0&quot;,&quot;credit&quot;:&quot;&quot;,&quot;camera&quot;:&quot;&quot;,&quot;caption&quot;:&quot;&quot;,&quot;created_timestamp&quot;:&quot;0&quot;,&quot;copyright&quot;:&quot;&quot;,&quot;focal_length&quot;:&quot;0&quot;,&quot;iso&quot;:&quot;0&quot;,&quot;shutter_speed&quot;:&quot;0&quot;,&quot;title&quot;:&quot;&quot;,&quot;orientation&quot;:&quot;0&quot;}\" data-image-title=\"z1\" data-image-description=\"\" data-image-caption=\"\" data-medium-file=\"http:\/\/www.grieta.org.mx\/wp-content\/uploads\/2019\/06\/z1-300x187.jpg\" data-large-file=\"http:\/\/www.grieta.org.mx\/wp-content\/uploads\/2019\/06\/z1.jpg\" src=\"http:\/\/www.grieta.org.mx\/wp-content\/uploads\/2019\/06\/z1.jpg\" alt=\"\" width=\"768\" height=\"479\" class=\"alignleft size-full wp-image-34084\" srcset=\"http:\/\/www.grieta.org.mx\/wp-content\/uploads\/2019\/06\/z1.jpg 768w, http:\/\/www.grieta.org.mx\/wp-content\/uploads\/2019\/06\/z1-300x187.jpg 300w\" sizes=\"auto, (max-width: 768px) 100vw, 768px\" \/><\/p>\n<p>Ra\u00fal Garc\u00eda\/El Sol de Zacatecas<\/p>\n<p>Integrantes del Sindicato Independiente de Trabajadores del ISSSTE (Sitissste) en Zacatecas expresaron su rechazo al despido de los trabajadores de la oficina de Turissste .<\/p>\n<p>Con la colocaci\u00f3n de pancartas en el hospital general del Instituto, en la capital zacatecana, se unieron a la manifestaci\u00f3n que este lunes tuvo lugar en la Ciudad de M\u00e9xico por el recorte de personal.<\/p>\n<p>&#8220;Exigimos la reinstalaci\u00f3n o reubicaci\u00f3n de nuestros compa\u00f1eros del Turissste&#8221; expresaron los inconformes de la secci\u00f3n XVII del Sindicato.<\/p>\n<p>En Zacatecas, con el cierre de las oficinas del Turissste, dos trabajadores se quedaron sin espacio laboral. A decir de fuentes delegacionales, no han sido despedidos sino que ser\u00edan reubicados en pr\u00f3ximas fechas.<\/p>\n<p>Los inconformes tambi\u00e9n manifiestan su rechazo en\u00e9rgico al cierre de centros de trabajo y los despidos injustificados del ISSSTE, tanto en Zacatecas como en otras delegaciones.<\/p>\n<p>&#8220;Se\u00f1or presidente, las medidas de austeridad republicana en los programas de salud y el recorte de personal en el ISSSTE no son la mejor alternativa para garantizar atenci\u00f3n de calidad a la derechohabiencia&#8221;.<\/p>\n<p><a href=\"https:\/\/www.elsoldezacatecas.com.mx\/finanzas\/protestan-en-zacatecas-por-despidos-en-el-issste-3683422.html\" rel=\"noopener noreferrer\" target=\"_blank\">https:\/\/www.elsoldezacatecas.com.mx\/finanzas\/protestan-en-zacatecas-por-despidos-en-el-issste-3683422.html<\/a><\/p>\n","protected":false},"excerpt":{"rendered":"<p>Ra\u00fal Garc\u00eda\/El Sol de Zacatecas Integrantes del Sindicato Independiente de Trabajadores del ISSSTE (Sitissste) en Zacatecas expresaron su rechazo al despido de los trabajadores de la oficina de Turissste . &hellip; <a href=\"http:\/\/www.grieta.org.mx\/index.php\/2019\/05\/28\/protestan-en-zacatecas-por-despidos-en-el-issste\/\" class=\"more-link\">Leer m\u00e1s<\/a><\/p>\n","protected":false},"author":2,"featured_media":34084,"comment_status":"closed","ping_status":"closed","sticky":false,"template":"","format":"standard","meta":{"ngg_post_thumbnail":0,"_jetpack_newsletter_access":"","_jetpack_dont_email_post_to_subs":false,"_jetpack_newsletter_tier_id":0,"_jetpack_memberships_contains_paywalled_content":false,"_jetpack_memberships_contains_paid_content":false,"footnotes":""},"categories":[80,1562,910,1109,2,83,76],"tags":[163,2105],"class_list":["post-34083","post","type-post","status-publish","format-standard","has-post-thumbnail","hentry","category-cintillo","category-conflictos-de-trabajadores-del-estado-en-zacatecas","category-explotacion-y-precariedad-laboral","category-explotacion-y-precariedad-laboral-zacatecas","category-noticias-nacionales","category-temas-nacionales","category-zacatecas","tag-despidos","tag-despidos-masivos","entry"],"jetpack_featured_media_url":"http:\/\/www.grieta.org.mx\/wp-content\/uploads\/2019\/06\/z1.jpg","jetpack_sharing_enabled":true,"jetpack_shortlink":"https:\/\/wp.me\/p7ZJR4-8RJ","jetpack_likes_enabled":false,"jetpack-related-posts":[{"id":29466,"url":"http:\/\/www.grieta.org.mx\/index.php\/2019\/02\/20\/denuncian-despidos-injustificados-zacatecas\/","url_meta":{"origin":34083,"position":0},"title":"Denuncian despidos injustificados (Zacatecas)","author":"grieta","date":"20 febrero, 2019","format":false,"excerpt":"ALEJANDRO CASTA\u00d1EDA | NTRZACATECAS.COM. Zacatecas.- Ex trabajadores del Sistema Nacional del Empleo (SNE) delegaci\u00f3n Zacatecas denunciaron que aproximadamente 40 personas han sido despedidas injustificadamente por la dependencia y 20 m\u00e1s est\u00e1n en riesgo de ser removidos. Rogelio Alv\u00e1rez, quien trabaj\u00f3 durante 22 a\u00f1os en el SNE, asegur\u00f3 que los despidos\u2026","rel":"","context":"En &quot;CINTILLO&quot;","block_context":{"text":"CINTILLO","link":"http:\/\/www.grieta.org.mx\/index.php\/category\/cintillo\/"},"img":{"alt_text":"","src":"https:\/\/i0.wp.com\/www.grieta.org.mx\/wp-content\/uploads\/2019\/02\/whatsapp-image-2019-02-20-at-13.25.25.jpeg?resize=350%2C200","width":350,"height":200,"srcset":"https:\/\/i0.wp.com\/www.grieta.org.mx\/wp-content\/uploads\/2019\/02\/whatsapp-image-2019-02-20-at-13.25.25.jpeg?resize=350%2C200 1x, https:\/\/i0.wp.com\/www.grieta.org.mx\/wp-content\/uploads\/2019\/02\/whatsapp-image-2019-02-20-at-13.25.25.jpeg?resize=525%2C300 1.5x, https:\/\/i0.wp.com\/www.grieta.org.mx\/wp-content\/uploads\/2019\/02\/whatsapp-image-2019-02-20-at-13.25.25.jpeg?resize=700%2C400 2x, https:\/\/i0.wp.com\/www.grieta.org.mx\/wp-content\/uploads\/2019\/02\/whatsapp-image-2019-02-20-at-13.25.25.jpeg?resize=1050%2C600 3x"},"classes":[]},{"id":34359,"url":"http:\/\/www.grieta.org.mx\/index.php\/2019\/05\/28\/trabajadores-del-issste-se-manifiestan-ante-despido-de-personal-de-turissste-jalisco\/","url_meta":{"origin":34083,"position":1},"title":"Trabajadores del ISSSTE se manifiestan ante despido de personal de TURISSSTE (Jalisco)","author":"grieta","date":"28 mayo, 2019","format":false,"excerpt":"El secretario General de SITISSSTE, Enrique Vera Sioria, denunci\u00f3 que a nivel nacional se est\u00e1n llevando a cabo los despidos iniciando con la agencia tur\u00edstica Isaura L\u00f3pez \/\u00a0 El Occidental Ante despidos del personal de Turismo del Instituto de Seguridad y Servicios Sociales de los Trabajadores del Estado (TURISSSTE) a\u2026","rel":"","context":"En &quot;CINTILLO&quot;","block_context":{"text":"CINTILLO","link":"http:\/\/www.grieta.org.mx\/index.php\/category\/cintillo\/"},"img":{"alt_text":"","src":"https:\/\/i0.wp.com\/www.grieta.org.mx\/wp-content\/uploads\/2018\/03\/14524434_1106112876131411_958039263622046936_o.jpg?resize=350%2C200","width":350,"height":200,"srcset":"https:\/\/i0.wp.com\/www.grieta.org.mx\/wp-content\/uploads\/2018\/03\/14524434_1106112876131411_958039263622046936_o.jpg?resize=350%2C200 1x, https:\/\/i0.wp.com\/www.grieta.org.mx\/wp-content\/uploads\/2018\/03\/14524434_1106112876131411_958039263622046936_o.jpg?resize=525%2C300 1.5x, https:\/\/i0.wp.com\/www.grieta.org.mx\/wp-content\/uploads\/2018\/03\/14524434_1106112876131411_958039263622046936_o.jpg?resize=700%2C400 2x"},"classes":[]},{"id":34052,"url":"http:\/\/www.grieta.org.mx\/index.php\/2019\/05\/29\/protestan-en-clinica-del-issste-de-victoria-por-despidos-injustificados-tamaulipas\/","url_meta":{"origin":34083,"position":2},"title":"Protestan en cl\u00ednica del ISSSTE de Victoria por despidos injustificados (Tamaulipas)","author":"grieta","date":"29 mayo, 2019","format":false,"excerpt":"Lupita \u00c1lvarez \/ Gaceta Cd. Victoria, Tamaulipas.- Con el argumento de que tres de sus compa\u00f1eros fueron despedidos injustificadamente, integrantes del Sindicato de los Trabajadores del ISSSTE se manifestaron frente a la cl\u00ednica de esta capital, desde donde adem\u00e1s exigieron al gobierno federal que les informe cu\u00e1l es su situaci\u00f3n\u2026","rel":"","context":"En &quot;CINTILLO&quot;","block_context":{"text":"CINTILLO","link":"http:\/\/www.grieta.org.mx\/index.php\/category\/cintillo\/"},"img":{"alt_text":"","src":"https:\/\/i0.wp.com\/www.grieta.org.mx\/wp-content\/uploads\/2019\/06\/Protestan-en-cl%C3%ADnica-del-ISSSTE-de-Victoria-por-despidos-injustificados-tama-jun.jpg?resize=350%2C200","width":350,"height":200,"srcset":"https:\/\/i0.wp.com\/www.grieta.org.mx\/wp-content\/uploads\/2019\/06\/Protestan-en-cl%C3%ADnica-del-ISSSTE-de-Victoria-por-despidos-injustificados-tama-jun.jpg?resize=350%2C200 1x, https:\/\/i0.wp.com\/www.grieta.org.mx\/wp-content\/uploads\/2019\/06\/Protestan-en-cl%C3%ADnica-del-ISSSTE-de-Victoria-por-despidos-injustificados-tama-jun.jpg?resize=525%2C300 1.5x"},"classes":[]},{"id":33529,"url":"http:\/\/www.grieta.org.mx\/index.php\/2019\/05\/06\/toman-conafe-por-despidos-injustificados\/","url_meta":{"origin":34083,"position":3},"title":"Toman Conafe por despidos injustificados","author":"grieta","date":"6 mayo, 2019","format":false,"excerpt":"ALBERTO MORONES | NTRZACATECAS.COM Zacatecas.- Personal del Consejo Nacional del Fomento Educativo (Conafe) tomaron las oficinas generales y centros regionales en la entidad, tras el despido injustificado de 16 trabajadores por \u201cordenes presidenciales\u201d. Carlos Javier Cerros de la Cruz, trabajador afectado detall\u00f3 que apenas el pasado viernes 3 de mayo\u2026","rel":"","context":"En &quot;CINTILLO&quot;","block_context":{"text":"CINTILLO","link":"http:\/\/www.grieta.org.mx\/index.php\/category\/cintillo\/"},"img":{"alt_text":"","src":"https:\/\/i0.wp.com\/www.grieta.org.mx\/wp-content\/uploads\/2019\/05\/z2-3.jpeg?resize=350%2C200","width":350,"height":200,"srcset":"https:\/\/i0.wp.com\/www.grieta.org.mx\/wp-content\/uploads\/2019\/05\/z2-3.jpeg?resize=350%2C200 1x, https:\/\/i0.wp.com\/www.grieta.org.mx\/wp-content\/uploads\/2019\/05\/z2-3.jpeg?resize=525%2C300 1.5x, https:\/\/i0.wp.com\/www.grieta.org.mx\/wp-content\/uploads\/2019\/05\/z2-3.jpeg?resize=700%2C400 2x, https:\/\/i0.wp.com\/www.grieta.org.mx\/wp-content\/uploads\/2019\/05\/z2-3.jpeg?resize=1050%2C600 3x"},"classes":[]},{"id":21878,"url":"http:\/\/www.grieta.org.mx\/index.php\/2017\/09\/01\/reprochan-despidos-en-la-modelo-zacatecas\/","url_meta":{"origin":34083,"position":4},"title":"Reprochan despidos en la Modelo (Zacatecas)","author":"grieta","date":"1 septiembre, 2017","format":false,"excerpt":"Claudio Montes de Oca\/NTR Zacatecas Zacatecas.- Integrantes del Sindicato Independiente de Trabajadores de la Compa\u00f1\u00eda Cervecera de Zacatecas reprocharon el despido injustificado del tesorero de esta organizaci\u00f3n, Jos\u00e9 Israel Luna Alvarado. El l\u00edder sindical Jos\u00e9 No\u00e9 Mart\u00ednez Sol\u00eds expuso que tras obtener la validez del sindicato, Grupo Modelo despidi\u00f3 al\u2026","rel":"","context":"En &quot;CINTILLO&quot;","block_context":{"text":"CINTILLO","link":"http:\/\/www.grieta.org.mx\/index.php\/category\/cintillo\/"},"img":{"alt_text":"","src":"https:\/\/i0.wp.com\/www.grieta.org.mx\/wp-content\/uploads\/2017\/09\/modelo-2.jpg?resize=350%2C200","width":350,"height":200,"srcset":"https:\/\/i0.wp.com\/www.grieta.org.mx\/wp-content\/uploads\/2017\/09\/modelo-2.jpg?resize=350%2C200 1x, https:\/\/i0.wp.com\/www.grieta.org.mx\/wp-content\/uploads\/2017\/09\/modelo-2.jpg?resize=525%2C300 1.5x"},"classes":[]},{"id":28134,"url":"http:\/\/www.grieta.org.mx\/index.php\/2018\/12\/15\/paran-labores-en-el-issste-zacatecas\/","url_meta":{"origin":34083,"position":5},"title":"Paran labores en el ISSSTE (Zacatecas)","author":"grieta","date":"15 diciembre, 2018","format":false,"excerpt":"Karen Calder\u00f3n\/NTR Zacatecas Zacatecas.- Suplentes de diferentes \u00e1reas del Instituto de Seguridad y Servicios Sociales de los Trabajadores del Estado (ISSSTE) suspendieron labores, esto debido a la falta de pago de aproximadamente 10 quincenas por parte del instituto. Acci\u00f3n que dio inicio la noche del viernes y se mantendr\u00e1 hasta\u2026","rel":"","context":"En &quot;CINTILLO&quot;","block_context":{"text":"CINTILLO","link":"http:\/\/www.grieta.org.mx\/index.php\/category\/cintillo\/"},"img":{"alt_text":"","src":"https:\/\/i0.wp.com\/www.grieta.org.mx\/wp-content\/uploads\/2019\/01\/whatsapp-image-2018-12-15-at-12.47.24.jpeg?resize=350%2C200","width":350,"height":200,"srcset":"https:\/\/i0.wp.com\/www.grieta.org.mx\/wp-content\/uploads\/2019\/01\/whatsapp-image-2018-12-15-at-12.47.24.jpeg?resize=350%2C200 1x, https:\/\/i0.wp.com\/www.grieta.org.mx\/wp-content\/uploads\/2019\/01\/whatsapp-image-2018-12-15-at-12.47.24.jpeg?resize=525%2C300 1.5x, https:\/\/i0.wp.com\/www.grieta.org.mx\/wp-content\/uploads\/2019\/01\/whatsapp-image-2018-12-15-at-12.47.24.jpeg?resize=700%2C400 2x"},"classes":[]}],"_links":{"self":[{"href":"http:\/\/www.grieta.org.mx\/index.php\/wp-json\/wp\/v2\/posts\/34083","targetHints":{"allow":["GET"]}}],"collection":[{"href":"http:\/\/www.grieta.org.mx\/index.php\/wp-json\/wp\/v2\/posts"}],"about":[{"href":"http:\/\/www.grieta.org.mx\/index.php\/wp-json\/wp\/v2\/types\/post"}],"author":[{"embeddable":true,"href":"http:\/\/www.grieta.org.mx\/index.php\/wp-json\/wp\/v2\/users\/2"}],"replies":[{"embeddable":true,"href":"http:\/\/www.grieta.org.mx\/index.php\/wp-json\/wp\/v2\/comments?post=34083"}],"version-history":[{"count":1,"href":"http:\/\/www.grieta.org.mx\/index.php\/wp-json\/wp\/v2\/posts\/34083\/revisions"}],"predecessor-version":[{"id":34085,"href":"http:\/\/www.grieta.org.mx\/index.php\/wp-json\/wp\/v2\/posts\/34083\/revisions\/34085"}],"wp:featuredmedia":[{"embeddable":true,"href":"http:\/\/www.grieta.org.mx\/index.php\/wp-json\/wp\/v2\/media\/34084"}],"wp:attachment":[{"href":"http:\/\/www.grieta.org.mx\/index.php\/wp-json\/wp\/v2\/media?parent=34083"}],"wp:term":[{"taxonomy":"category","embeddable":true,"href":"http:\/\/www.grieta.org.mx\/index.php\/wp-json\/wp\/v2\/categories?post=34083"},{"taxonomy":"post_tag","embeddable":true,"href":"http:\/\/www.grieta.org.mx\/index.php\/wp-json\/wp\/v2\/tags?post=34083"}],"curies":[{"name":"wp","href":"https:\/\/api.w.org\/{rel}","templated":true}]}}