{"id":34064,"date":"2019-05-31T11:03:47","date_gmt":"2019-05-31T16:03:47","guid":{"rendered":"http:\/\/www.grieta.org.mx\/?p=34064"},"modified":"2019-06-01T11:12:12","modified_gmt":"2019-06-01T16:12:12","slug":"empleados-de-profeco-en-campeche-protestan-por-el-cierre-de-oficinas","status":"publish","type":"post","link":"http:\/\/www.grieta.org.mx\/index.php\/2019\/05\/31\/empleados-de-profeco-en-campeche-protestan-por-el-cierre-de-oficinas\/","title":{"rendered":"Empleados de Profeco en Campeche protestan por el cierre de oficinas"},"content":{"rendered":"<p><img loading=\"lazy\" decoding=\"async\" data-attachment-id=\"34065\" data-permalink=\"http:\/\/www.grieta.org.mx\/index.php\/2019\/05\/31\/empleados-de-profeco-en-campeche-protestan-por-el-cierre-de-oficinas\/profeco-campeche-ok-1078x800\/\" data-orig-file=\"http:\/\/www.grieta.org.mx\/wp-content\/uploads\/2019\/06\/Profeco-Campeche-OK-1078x800.jpg\" data-orig-size=\"1078,800\" data-comments-opened=\"0\" data-image-meta=\"{&quot;aperture&quot;:&quot;0&quot;,&quot;credit&quot;:&quot;&quot;,&quot;camera&quot;:&quot;&quot;,&quot;caption&quot;:&quot;&quot;,&quot;created_timestamp&quot;:&quot;0&quot;,&quot;copyright&quot;:&quot;&quot;,&quot;focal_length&quot;:&quot;0&quot;,&quot;iso&quot;:&quot;0&quot;,&quot;shutter_speed&quot;:&quot;0&quot;,&quot;title&quot;:&quot;&quot;,&quot;orientation&quot;:&quot;1&quot;}\" data-image-title=\"Profeco-Campeche-OK-1078&amp;#215;800\" data-image-description=\"\" data-image-caption=\"\" data-medium-file=\"http:\/\/www.grieta.org.mx\/wp-content\/uploads\/2019\/06\/Profeco-Campeche-OK-1078x800-300x223.jpg\" data-large-file=\"http:\/\/www.grieta.org.mx\/wp-content\/uploads\/2019\/06\/Profeco-Campeche-OK-1078x800-1024x760.jpg\" src=\"http:\/\/www.grieta.org.mx\/wp-content\/uploads\/2019\/06\/Profeco-Campeche-OK-1078x800-1024x760.jpg\" alt=\"\" width=\"768\" height=\"570\" class=\"alignleft size-large wp-image-34065\" srcset=\"http:\/\/www.grieta.org.mx\/wp-content\/uploads\/2019\/06\/Profeco-Campeche-OK-1078x800-1024x760.jpg 1024w, http:\/\/www.grieta.org.mx\/wp-content\/uploads\/2019\/06\/Profeco-Campeche-OK-1078x800-300x223.jpg 300w, http:\/\/www.grieta.org.mx\/wp-content\/uploads\/2019\/06\/Profeco-Campeche-OK-1078x800-768x570.jpg 768w, http:\/\/www.grieta.org.mx\/wp-content\/uploads\/2019\/06\/Profeco-Campeche-OK-1078x800-674x500.jpg 674w, http:\/\/www.grieta.org.mx\/wp-content\/uploads\/2019\/06\/Profeco-Campeche-OK-1078x800.jpg 1078w\" sizes=\"auto, (max-width: 768px) 100vw, 768px\" \/><br \/>\nRosa Santana\/Proceso<br \/>\nCAMPECHE, Camp. (apro).\u2013 Trabajadores de la delegaci\u00f3n en Campeche de la Procuradur\u00eda Federal del Consumidor (Profeco) marcharon este viernes para pedir al presidente, Andr\u00e9s Manuel L\u00f3pez Obrador, que reconsidere el cierre de sus oficinas.<\/p>\n<p>Las delegaciones estatales de la Profeco ser\u00e1n cerradas para dar paso a las Oficinas de la Defensa del Consumidor, que operar\u00e1 con por regiones.<\/p>\n<p>Los trabajadores de base, con entre 15 y 20 a\u00f1os de antig\u00fcedad laboral, denunciaron que la medida vulnera sus derechos laborales, pues s\u00f3lo se les ofrecieron dos opciones: renunciar sin liquidaci\u00f3n o mudarse a los estados donde estar\u00e1n las oficinas regionales.<\/p>\n<p>En el caso de los empleados de la Profeco en Campeche, se les ofreci\u00f3 trasladarlos a M\u00e9rida, Tabasco o Quintana Roo, que es donde se atender\u00e1n los asuntos de la entidad.<\/p>\n<p>Los inconformes dijeron que la mayor\u00eda de los trabajadores son adultos mayores que todav\u00eda no tienen la edad para jubilarse, pero tampoco est\u00e1n en condici\u00f3n de mudarse, lo que les generar\u00eda gastos adicionales.<\/p>\n<p>Situaciones similares se vivieron en las delegaciones de la Secretar\u00eda de Econom\u00eda y del Instituto de Seguridad y Servicios Sociales para los Trabajadores del Estado (ISSSTE), donde personal de confianza, muchos hasta con dos d\u00e9cadas de antig\u00fcedad laboral, fueron despedidos sin liquidaci\u00f3n.<\/p>\n<p><a href=\"https:\/\/www.proceso.com.mx\/586508\/empleados-de-profeco-en-campeche-protestan-por-el-cierre-de-oficinas\" rel=\"noopener noreferrer\" target=\"_blank\">https:\/\/www.proceso.com.mx\/586508\/empleados-de-profeco-en-campeche-protestan-por-el-cierre-de-oficinas<\/a><\/p>\n","protected":false},"excerpt":{"rendered":"<p>Rosa Santana\/Proceso CAMPECHE, Camp. (apro).\u2013 Trabajadores de la delegaci\u00f3n en Campeche de la Procuradur\u00eda Federal del Consumidor (Profeco) marcharon este viernes para pedir al presidente, Andr\u00e9s Manuel L\u00f3pez Obrador, que &hellip; <a href=\"http:\/\/www.grieta.org.mx\/index.php\/2019\/05\/31\/empleados-de-profeco-en-campeche-protestan-por-el-cierre-de-oficinas\/\" class=\"more-link\">Leer m\u00e1s<\/a><\/p>\n","protected":false},"author":2,"featured_media":34065,"comment_status":"closed","ping_status":"closed","sticky":false,"template":"","format":"standard","meta":{"ngg_post_thumbnail":0,"_jetpack_newsletter_access":"","_jetpack_dont_email_post_to_subs":false,"_jetpack_newsletter_tier_id":0,"_jetpack_memberships_contains_paywalled_content":false,"_jetpack_memberships_contains_paid_content":false,"footnotes":""},"categories":[11,80,1040,2],"tags":[163],"class_list":["post-34064","post","type-post","status-publish","format-standard","has-post-thumbnail","hentry","category-campeche","category-cintillo","category-conflictos-laborales-en-campeche","category-noticias-nacionales","tag-despidos","entry"],"jetpack_featured_media_url":"http:\/\/www.grieta.org.mx\/wp-content\/uploads\/2019\/06\/Profeco-Campeche-OK-1078x800.jpg","jetpack_sharing_enabled":true,"jetpack_shortlink":"https:\/\/wp.me\/p7ZJR4-8Rq","jetpack_likes_enabled":false,"jetpack-related-posts":[{"id":35727,"url":"http:\/\/www.grieta.org.mx\/index.php\/2019\/05\/30\/empleados-de-profeco-en-colima-trabajan-bajo-protesta-por-cierre\/","url_meta":{"origin":34064,"position":0},"title":"Empleados de Profeco en Colima trabajan bajo protesta por cierre","author":"grieta","date":"30 mayo, 2019","format":false,"excerpt":"Un total de 35 empleados s\u00ed conservar\u00e1n su trabajo pero en otro estado, mientras que los dem\u00e1s no saben cu\u00e1l ser\u00e1 su situaci\u00f3n laboral Martha de la Torre \/EL Heraldo de M\u00e9xico, 30 de mayo de 2019 Empleados de la delegaci\u00f3n de la Procuradur\u00eda de la Defensa del Consumidor (Profeco)\u2026","rel":"","context":"En &quot;CINTILLO&quot;","block_context":{"text":"CINTILLO","link":"http:\/\/www.grieta.org.mx\/index.php\/category\/cintillo\/"},"img":{"alt_text":"","src":"https:\/\/i0.wp.com\/www.grieta.org.mx\/wp-content\/uploads\/2019\/07\/PROFECO-COLIMA-600x400.jpg?resize=350%2C200","width":350,"height":200,"srcset":"https:\/\/i0.wp.com\/www.grieta.org.mx\/wp-content\/uploads\/2019\/07\/PROFECO-COLIMA-600x400.jpg?resize=350%2C200 1x, https:\/\/i0.wp.com\/www.grieta.org.mx\/wp-content\/uploads\/2019\/07\/PROFECO-COLIMA-600x400.jpg?resize=525%2C300 1.5x"},"classes":[]},{"id":36986,"url":"http:\/\/www.grieta.org.mx\/index.php\/2019\/07\/13\/exigen-liquidacion-justa-trabajadores-de-profeco-colima\/","url_meta":{"origin":34064,"position":1},"title":"Exigen liquidaci\u00f3n justa trabajadores de Profeco (Colima)","author":"grieta","date":"13 julio, 2019","format":false,"excerpt":"Foto: Especial Jes\u00fas Lozoya Baeza \/ El Noticiero de Colima Colgaron una lona para exigirle al Gobierno Federal que liquide conforme a derecho por su despido injustificado Los trabajadores de la subdelegaci\u00f3n de Profeco colocaron una lona afuera de sus oficinas, ubicadas en el Centro Hist\u00f3rico de Manzanillo, para exigir\u2026","rel":"","context":"En &quot;CINTILLO&quot;","block_context":{"text":"CINTILLO","link":"http:\/\/www.grieta.org.mx\/index.php\/category\/cintillo\/"},"img":{"alt_text":"","src":"https:\/\/i0.wp.com\/www.grieta.org.mx\/wp-content\/uploads\/2019\/07\/subdelegacion-profeco-777x437.jpg?resize=350%2C200","width":350,"height":200,"srcset":"https:\/\/i0.wp.com\/www.grieta.org.mx\/wp-content\/uploads\/2019\/07\/subdelegacion-profeco-777x437.jpg?resize=350%2C200 1x, https:\/\/i0.wp.com\/www.grieta.org.mx\/wp-content\/uploads\/2019\/07\/subdelegacion-profeco-777x437.jpg?resize=525%2C300 1.5x, https:\/\/i0.wp.com\/www.grieta.org.mx\/wp-content\/uploads\/2019\/07\/subdelegacion-profeco-777x437.jpg?resize=700%2C400 2x"},"classes":[]},{"id":33339,"url":"http:\/\/www.grieta.org.mx\/index.php\/2019\/05\/07\/dejan-sin-empleo-a-siete-trabajadores-del-conafe-campeche\/","url_meta":{"origin":34064,"position":2},"title":"Dejan sin empleo a siete trabajadores del Conafe (Campeche)","author":"grieta","date":"7 mayo, 2019","format":false,"excerpt":"Novedades Campeche Siete trabajadores, cinco de Campeche, uno de Candelaria y otro de Esc\u00e1rcega se plantaron de ayer afuera del Consejo Nacional de Fomento Educativo (Conafe) para pedir al delegado en Campeche, Rom\u00e1n Acosta Estrella, interceda por ellos y concluya el proceso de liquidaci\u00f3n que enfrentan. Uno de los manifestantes,\u2026","rel":"","context":"En &quot;Campeche&quot;","block_context":{"text":"Campeche","link":"http:\/\/www.grieta.org.mx\/index.php\/category\/noticias-nacionales\/campeche\/"},"img":{"alt_text":"","src":"https:\/\/i0.wp.com\/www.grieta.org.mx\/wp-content\/uploads\/2019\/05\/06despidos-696x461.jpg?resize=350%2C200","width":350,"height":200,"srcset":"https:\/\/i0.wp.com\/www.grieta.org.mx\/wp-content\/uploads\/2019\/05\/06despidos-696x461.jpg?resize=350%2C200 1x, https:\/\/i0.wp.com\/www.grieta.org.mx\/wp-content\/uploads\/2019\/05\/06despidos-696x461.jpg?resize=525%2C300 1.5x"},"classes":[]},{"id":2919,"url":"http:\/\/www.grieta.org.mx\/index.php\/2015\/05\/18\/ex-empleados-de-oceanografia-exigen-el-pago-de-sus-salarios-en-yucatan\/","url_meta":{"origin":34064,"position":3},"title":"Ex empleados de Oceanograf\u00eda exigen el pago de sus salarios en Yucat\u00e1n","author":"grieta","date":"18 mayo, 2015","format":false,"excerpt":"De nueva cuenta ex obreros de la empresa Oceanograf\u00eda realizaron un plant\u00f3n frente a las oficinas de la empresa para exigir el pago de sus salarios y su liquidaci\u00f3n. Los ex empleados aseguran que el Servicio de Administraci\u00f3n y Enajenaci\u00f3n de Bienes (SAE) no est\u00e1 realizando los dep\u00f3sitos correspondientes alegando\u2026","rel":"","context":"En &quot;Campeche&quot;","block_context":{"text":"Campeche","link":"http:\/\/www.grieta.org.mx\/index.php\/category\/noticias-nacionales\/campeche\/"},"img":{"alt_text":"","src":"https:\/\/i0.wp.com\/www.grieta.org.mx\/wp-content\/uploads\/2018\/03\/14524434_1106112876131411_958039263622046936_o.jpg?resize=350%2C200","width":350,"height":200,"srcset":"https:\/\/i0.wp.com\/www.grieta.org.mx\/wp-content\/uploads\/2018\/03\/14524434_1106112876131411_958039263622046936_o.jpg?resize=350%2C200 1x, https:\/\/i0.wp.com\/www.grieta.org.mx\/wp-content\/uploads\/2018\/03\/14524434_1106112876131411_958039263622046936_o.jpg?resize=525%2C300 1.5x, https:\/\/i0.wp.com\/www.grieta.org.mx\/wp-content\/uploads\/2018\/03\/14524434_1106112876131411_958039263622046936_o.jpg?resize=700%2C400 2x"},"classes":[]},{"id":19405,"url":"http:\/\/www.grieta.org.mx\/index.php\/2016\/08\/12\/plantean-demandas-empleados-del-inah-campeche\/","url_meta":{"origin":34064,"position":4},"title":"Plantean demandas empleados del INAH (Campeche)","author":"grieta","date":"12 agosto, 2016","format":false,"excerpt":"Como muestra de apoyo que a nivel nacional exige se respeten los derechos de los agremiados al Sindicato Nacional Democr\u00e1tico de Trabajadores de la Secretar\u00eda de Cultura (SNDTSC), algunos empleados se manifestaron pac\u00edficamente en las puertas del Instituto Nacional de Antropolog\u00eda e Historia (INAH), donde pidieron la regularizaci\u00f3n de promociones\u2026","rel":"","context":"En &quot;campeche&quot;","block_context":{"text":"campeche","link":"http:\/\/www.grieta.org.mx\/index.php\/category\/campeche\/"},"img":{"alt_text":"","src":"https:\/\/i0.wp.com\/www.grieta.org.mx\/wp-content\/uploads\/2018\/03\/14524434_1106112876131411_958039263622046936_o.jpg?resize=350%2C200","width":350,"height":200,"srcset":"https:\/\/i0.wp.com\/www.grieta.org.mx\/wp-content\/uploads\/2018\/03\/14524434_1106112876131411_958039263622046936_o.jpg?resize=350%2C200 1x, https:\/\/i0.wp.com\/www.grieta.org.mx\/wp-content\/uploads\/2018\/03\/14524434_1106112876131411_958039263622046936_o.jpg?resize=525%2C300 1.5x, https:\/\/i0.wp.com\/www.grieta.org.mx\/wp-content\/uploads\/2018\/03\/14524434_1106112876131411_958039263622046936_o.jpg?resize=700%2C400 2x"},"classes":[]},{"id":2910,"url":"http:\/\/www.grieta.org.mx\/index.php\/2015\/08\/25\/campeche-exigen-trabajadores-de-oceanografia-pago-quincenal\/","url_meta":{"origin":34064,"position":5},"title":"Campeche: exigen trabajadores de Oceanograf\u00eda pago quincenal","author":"grieta","date":"25 agosto, 2015","format":false,"excerpt":"Ciudad del Carmen, Camp. Unos 300 obreros en activo de Oceanograf\u00eda se sumaron este martes a medio centenar de ex trabajadores, que desde hace 100 d\u00edas se encuentran en plant\u00f3n frente a las oficinas de esa empresa para exigir el pago de sus liquidaciones, y bloquearon durante dos horas los\u2026","rel":"","context":"En &quot;campeche&quot;","block_context":{"text":"campeche","link":"http:\/\/www.grieta.org.mx\/index.php\/category\/campeche\/"},"img":{"alt_text":"","src":"https:\/\/i0.wp.com\/www.grieta.org.mx\/wp-content\/uploads\/2018\/03\/14524434_1106112876131411_958039263622046936_o.jpg?resize=350%2C200","width":350,"height":200,"srcset":"https:\/\/i0.wp.com\/www.grieta.org.mx\/wp-content\/uploads\/2018\/03\/14524434_1106112876131411_958039263622046936_o.jpg?resize=350%2C200 1x, https:\/\/i0.wp.com\/www.grieta.org.mx\/wp-content\/uploads\/2018\/03\/14524434_1106112876131411_958039263622046936_o.jpg?resize=525%2C300 1.5x, https:\/\/i0.wp.com\/www.grieta.org.mx\/wp-content\/uploads\/2018\/03\/14524434_1106112876131411_958039263622046936_o.jpg?resize=700%2C400 2x"},"classes":[]}],"_links":{"self":[{"href":"http:\/\/www.grieta.org.mx\/index.php\/wp-json\/wp\/v2\/posts\/34064","targetHints":{"allow":["GET"]}}],"collection":[{"href":"http:\/\/www.grieta.org.mx\/index.php\/wp-json\/wp\/v2\/posts"}],"about":[{"href":"http:\/\/www.grieta.org.mx\/index.php\/wp-json\/wp\/v2\/types\/post"}],"author":[{"embeddable":true,"href":"http:\/\/www.grieta.org.mx\/index.php\/wp-json\/wp\/v2\/users\/2"}],"replies":[{"embeddable":true,"href":"http:\/\/www.grieta.org.mx\/index.php\/wp-json\/wp\/v2\/comments?post=34064"}],"version-history":[{"count":1,"href":"http:\/\/www.grieta.org.mx\/index.php\/wp-json\/wp\/v2\/posts\/34064\/revisions"}],"predecessor-version":[{"id":34066,"href":"http:\/\/www.grieta.org.mx\/index.php\/wp-json\/wp\/v2\/posts\/34064\/revisions\/34066"}],"wp:featuredmedia":[{"embeddable":true,"href":"http:\/\/www.grieta.org.mx\/index.php\/wp-json\/wp\/v2\/media\/34065"}],"wp:attachment":[{"href":"http:\/\/www.grieta.org.mx\/index.php\/wp-json\/wp\/v2\/media?parent=34064"}],"wp:term":[{"taxonomy":"category","embeddable":true,"href":"http:\/\/www.grieta.org.mx\/index.php\/wp-json\/wp\/v2\/categories?post=34064"},{"taxonomy":"post_tag","embeddable":true,"href":"http:\/\/www.grieta.org.mx\/index.php\/wp-json\/wp\/v2\/tags?post=34064"}],"curies":[{"name":"wp","href":"https:\/\/api.w.org\/{rel}","templated":true}]}}