{"id":34008,"date":"2019-05-29T00:07:19","date_gmt":"2019-05-29T05:07:19","guid":{"rendered":"http:\/\/www.grieta.org.mx\/?p=34008"},"modified":"2019-05-30T00:21:44","modified_gmt":"2019-05-30T05:21:44","slug":"gobernacion-y-chilapa-guerrero","status":"publish","type":"post","link":"http:\/\/www.grieta.org.mx\/index.php\/2019\/05\/29\/gobernacion-y-chilapa-guerrero\/","title":{"rendered":"Gobernaci\u00f3n y Chilapa, Guerrero"},"content":{"rendered":"<p><a href=\"http:\/\/www.grieta.org.mx\/wp-content\/uploads\/2019\/05\/01.-JosE-Lucio-Bartolo-Faustino.jpg\"><img loading=\"lazy\" decoding=\"async\" data-attachment-id=\"34009\" data-permalink=\"http:\/\/www.grieta.org.mx\/index.php\/2019\/05\/29\/gobernacion-y-chilapa-guerrero\/01-jose-lucio-bartolo-faustino\/\" data-orig-file=\"http:\/\/www.grieta.org.mx\/wp-content\/uploads\/2019\/05\/01.-JosE-Lucio-Bartolo-Faustino.jpg\" data-orig-size=\"600,335\" data-comments-opened=\"0\" data-image-meta=\"{&quot;aperture&quot;:&quot;0&quot;,&quot;credit&quot;:&quot;&quot;,&quot;camera&quot;:&quot;&quot;,&quot;caption&quot;:&quot;&quot;,&quot;created_timestamp&quot;:&quot;0&quot;,&quot;copyright&quot;:&quot;&quot;,&quot;focal_length&quot;:&quot;0&quot;,&quot;iso&quot;:&quot;0&quot;,&quot;shutter_speed&quot;:&quot;0&quot;,&quot;title&quot;:&quot;&quot;,&quot;orientation&quot;:&quot;1&quot;}\" data-image-title=\"01.-JosE-Lucio-Bartolo-Faustino\" data-image-description=\"\" data-image-caption=\"\" data-medium-file=\"http:\/\/www.grieta.org.mx\/wp-content\/uploads\/2019\/05\/01.-JosE-Lucio-Bartolo-Faustino-300x168.jpg\" data-large-file=\"http:\/\/www.grieta.org.mx\/wp-content\/uploads\/2019\/05\/01.-JosE-Lucio-Bartolo-Faustino.jpg\" class=\"aligncenter size-full wp-image-34009\" src=\"http:\/\/www.grieta.org.mx\/wp-content\/uploads\/2019\/05\/01.-JosE-Lucio-Bartolo-Faustino.jpg\" alt=\"\" width=\"600\" height=\"335\" srcset=\"http:\/\/www.grieta.org.mx\/wp-content\/uploads\/2019\/05\/01.-JosE-Lucio-Bartolo-Faustino.jpg 600w, http:\/\/www.grieta.org.mx\/wp-content\/uploads\/2019\/05\/01.-JosE-Lucio-Bartolo-Faustino-300x168.jpg 300w\" sizes=\"auto, (max-width: 600px) 100vw, 600px\" \/><\/a><\/p>\n<p>Z\u00f3simo Camacho \/ Contral\u00ednea<\/p>\n<p>Los cuerpos fueron encontrados, descuartizados, el 24 de mayo pasado. Quienes los secuestraron un d\u00eda antes, en las inmediaciones de la cabecera municipal de Chilapa de \u00c1lvarez, Guerrero, se saben impunes. No s\u00f3lo se conformaron con asesinarlos. Enviaron su mensaje de terror contra quienes les estorban en sus negocios: las comunidades ind\u00edgenas nahuas de la Monta\u00f1a baja de Guerrero que se han organizado entorno a la Coordinadora Regional de Autoridades Comunitarias-Polic\u00eda Comunitaria (CRAC-PC) Pueblos Fundadores.<\/p>\n<p>Jos\u00e9 Lucio Bartolo Faustino, concejal del CNI-CIG, promotor estatal del CIPOG-EZ y concejero de la CRAC-PC-PF. Explica el funcionamiento del CIPOG-EZ y del Sistema de Seguridad Y Justicia Comunitario de Guerrero, en junio de 2018.<br \/>\nEl golpe se resinti\u00f3 en toda la geograf\u00eda del estado y del pa\u00eds. Bartolo Hilario Morales, originario de la comunidad de Tula era comandante de la CRAC-PC Pueblos Fundadores. Isa\u00edas Xanteco Ahuejote, originario de Xicotl\u00e1n, era integrante de la misma organizaci\u00f3n. Adem\u00e1s, ambos eran promotores del Consejo Ind\u00edgena y Popular de Guerrero-Emiliano Zapata (Cipog-EZ) y miembros del Congreso Nacional Ind\u00edgena (CNI).<\/p>\n<p>Apenas 20 d\u00edas antes hab\u00edan sido emboscados y asesinados Lucio Bartolo Faustino y Modesto Verales Sebasti\u00e1n, concejal y delegado del CNI al Concejo Ind\u00edgena de Gobierno (CIG) e integrantes del mismo Cipog-EZ.<\/p>\n<p>Como los tres niveles de gobierno, los c\u00e1rteles del narcotr\u00e1fico no soportan que las comunidades se organicen y, peor a\u00fan, les hagan frente. Que se organicen para resistir el saqueo de sus montes y aguas, los trabajos forzados en plantaciones de amapola y para demandar programas sociales a los que tienen derecho.<\/p>\n<p>Los Rojos y los Ardillos \u2013antiguas facciones de lo que fue la Organizaci\u00f3n de los Beltr\u00e1n Leyva\u2013 se disputan el control del territorio desde hace a\u00f1os, con un saldo de decenas de muertos y desaparecidos. Hoy parecen mantener una tregua entre ellos para atacar cada uno por su lado a quien consideran su enemigo com\u00fan: las 16 comunidades ind\u00edgenas de la Monta\u00f1a baja organizadas, que el 28 de agosto de 2014 constituyeron su CRAC-PC Pueblos Fundadores, y las que se les han ido sumando en estos a\u00f1os. Algunas no han podido sumarse precisamente por la represi\u00f3n que ejercen sobre ellas las bandas de sicarios.<\/p>\n<p><a href=\"http:\/\/www.grieta.org.mx\/wp-content\/uploads\/2019\/05\/02-Modesto-Verales-SebastiAn.jpg\"><img loading=\"lazy\" decoding=\"async\" data-attachment-id=\"34010\" data-permalink=\"http:\/\/www.grieta.org.mx\/index.php\/2019\/05\/29\/gobernacion-y-chilapa-guerrero\/02-modesto-verales-sebastian\/\" data-orig-file=\"http:\/\/www.grieta.org.mx\/wp-content\/uploads\/2019\/05\/02-Modesto-Verales-SebastiAn.jpg\" data-orig-size=\"600,335\" data-comments-opened=\"0\" data-image-meta=\"{&quot;aperture&quot;:&quot;0&quot;,&quot;credit&quot;:&quot;&quot;,&quot;camera&quot;:&quot;&quot;,&quot;caption&quot;:&quot;&quot;,&quot;created_timestamp&quot;:&quot;0&quot;,&quot;copyright&quot;:&quot;&quot;,&quot;focal_length&quot;:&quot;0&quot;,&quot;iso&quot;:&quot;0&quot;,&quot;shutter_speed&quot;:&quot;0&quot;,&quot;title&quot;:&quot;&quot;,&quot;orientation&quot;:&quot;1&quot;}\" data-image-title=\"02-Modesto-Verales-SebastiAn\" data-image-description=\"\" data-image-caption=\"\" data-medium-file=\"http:\/\/www.grieta.org.mx\/wp-content\/uploads\/2019\/05\/02-Modesto-Verales-SebastiAn-300x168.jpg\" data-large-file=\"http:\/\/www.grieta.org.mx\/wp-content\/uploads\/2019\/05\/02-Modesto-Verales-SebastiAn.jpg\" class=\"aligncenter size-full wp-image-34010\" src=\"http:\/\/www.grieta.org.mx\/wp-content\/uploads\/2019\/05\/02-Modesto-Verales-SebastiAn.jpg\" alt=\"\" width=\"600\" height=\"335\" srcset=\"http:\/\/www.grieta.org.mx\/wp-content\/uploads\/2019\/05\/02-Modesto-Verales-SebastiAn.jpg 600w, http:\/\/www.grieta.org.mx\/wp-content\/uploads\/2019\/05\/02-Modesto-Verales-SebastiAn-300x168.jpg 300w\" sizes=\"auto, (max-width: 600px) 100vw, 600px\" \/><\/a><\/p>\n<p>Modesto Verales Sebasti\u00e1n, delegado del CNI, promotor regional del CIPOG-EZ y comandante regional de la CRAC-PC-PF, durante la marcha del pasado 10 de Abril del 2019 en el marco de las jornadas a 100 a\u00f1os del asesinato del general Emiliano Zapata Salazar (al centro, viste su\u00e9ter y sombrero caf\u00e9, junto a la camioneta).<br \/>\nEstas comunidades nahuas est\u00e1n asentadas en dos municipios: Chilapa de \u00c1lvarez y Jos\u00e9 Joaqu\u00edn de Herrera. El territorio es disputado por los c\u00e1rteles del narcotr\u00e1fico porque es la \u00fanica entrada y salida de drogas, armas y personas. Todas las \u201cmercanc\u00edas\u201d que trasiegan estas bandas desde y hacia los pueblos de la Monta\u00f1a, tato alta como baja, deben pasar el territorio de Chilapa de \u00c1lvarez.<\/p>\n<p>Precisamente la violencia, el saqueo, la explotaci\u00f3n y la impunidad motivaron la organizaci\u00f3n de los pueblos de esta regi\u00f3n. Ante la omisi\u00f3n o la abierta complicidad de las autoridades de los tres niveles de gobierno con la delincuencia organizada, decidieron hacer valer el Art\u00edculo 169 de la Organizaci\u00f3n Internacional del Trabajo y constituir un sistema de justicia basado en sus usos y costumbres. Con este sistema, que incluye la puesta en marcha de una polic\u00eda comunitaria, enfrentan los robos, los asaltos, el abigeato\u2026 y la discriminaci\u00f3n y criminalizaci\u00f3n que les dispensa el sistema de justicia oficial, que les fabricaba delitos a los ind\u00edgenas si se negaban a trabajar para los caciques o los narcotraficantes.<\/p>\n<p>Hasta la fecha, a las comunidades organizadas se les niega el derecho a los programas sociales. Les condicionan, por ejemplo, la entrega de fertilizantes.<\/p>\n<p>El presidente municipal es el pri\u00edsta Jes\u00fas Parra Garc\u00eda, quien se reeligi\u00f3 en julio pasado, luego de cumplir un periodo como interino. Proviene de las familias \u201ccaciques\u201d de la regi\u00f3n. Desde que inici\u00f3 su gobierno, los Rojos tomaron el control de la mayor parte del municipio pero nunca terminaron la disputa con los Ardillos. Ambos grupos delincuenciales han tratado de someter a la Casa de Justicia.<\/p>\n<p><a href=\"http:\/\/www.grieta.org.mx\/wp-content\/uploads\/2019\/05\/03-Bartolo-Hilario-Morales.jpg\"><img loading=\"lazy\" decoding=\"async\" data-attachment-id=\"34011\" data-permalink=\"http:\/\/www.grieta.org.mx\/index.php\/2019\/05\/29\/gobernacion-y-chilapa-guerrero\/03-bartolo-hilario-morales\/\" data-orig-file=\"http:\/\/www.grieta.org.mx\/wp-content\/uploads\/2019\/05\/03-Bartolo-Hilario-Morales.jpg\" data-orig-size=\"600,335\" data-comments-opened=\"0\" data-image-meta=\"{&quot;aperture&quot;:&quot;0&quot;,&quot;credit&quot;:&quot;&quot;,&quot;camera&quot;:&quot;&quot;,&quot;caption&quot;:&quot;&quot;,&quot;created_timestamp&quot;:&quot;0&quot;,&quot;copyright&quot;:&quot;&quot;,&quot;focal_length&quot;:&quot;0&quot;,&quot;iso&quot;:&quot;0&quot;,&quot;shutter_speed&quot;:&quot;0&quot;,&quot;title&quot;:&quot;&quot;,&quot;orientation&quot;:&quot;1&quot;}\" data-image-title=\"03-Bartolo-Hilario-Morales\" data-image-description=\"\" data-image-caption=\"\" data-medium-file=\"http:\/\/www.grieta.org.mx\/wp-content\/uploads\/2019\/05\/03-Bartolo-Hilario-Morales-300x168.jpg\" data-large-file=\"http:\/\/www.grieta.org.mx\/wp-content\/uploads\/2019\/05\/03-Bartolo-Hilario-Morales.jpg\" class=\"aligncenter size-full wp-image-34011\" src=\"http:\/\/www.grieta.org.mx\/wp-content\/uploads\/2019\/05\/03-Bartolo-Hilario-Morales.jpg\" alt=\"\" width=\"600\" height=\"335\" srcset=\"http:\/\/www.grieta.org.mx\/wp-content\/uploads\/2019\/05\/03-Bartolo-Hilario-Morales.jpg 600w, http:\/\/www.grieta.org.mx\/wp-content\/uploads\/2019\/05\/03-Bartolo-Hilario-Morales-300x168.jpg 300w\" sizes=\"auto, (max-width: 600px) 100vw, 600px\" \/><\/a><\/p>\n<p>Bartolo Hilario Morales, delegado del CNI, promotor local del CIPOG-EZ y comandante regional de la CRAC-PC-PF, durante el cuarto aniversario de la CRAC-PC-PF en agosto del 2018 (al centro, de gorra y chamarra sosteniendo la manta).<br \/>\nLos Ardillos se hacen llamar as\u00ed mientras se pelean con Los Rojos o realizan actividades relacionadas con el trasiego de drogas y armas. Cuando de lo que se trata es de desplazar a poblaciones enteras, y simular un conflicto entre pobladores, se hacen llamar Por la Paz y la Justicia. Los Ardillos han desplazado a tres pueblos enteros del municipio de Zitlala. Tienen como regla descuartizar a las personas que consideran sus enemigos y que caen en sus manos.<\/p>\n<p>Los criminales no permitieron que los familiares de los deudos bajaran de las comunidades para recoger los cuerpos. Aun muertos, Bartolo Hilario e Isa\u00edas Xanteco eran moneda de cambio para sus asesinos.<\/p>\n<p>La sorpresa fue quien lleg\u00f3 a negociar la entrega de los cuerpos: el presidente municipal en persona, Jes\u00fas Parra. El trato que les propuso a las comunidades fue: entregarles los cuerpos y 1 mill\u00f3n y medio de pesos por cada uno; a cambio, la Casa de Justicia de Acahuehuetl\u00e1n, de la CRAC-PC Pueblos Fundadores deb\u00eda liberar a cuatro sicarios que est\u00e1n detenidos por haber participado en los asesinatos.<\/p>\n<p><a href=\"http:\/\/www.grieta.org.mx\/wp-content\/uploads\/2019\/05\/04.jpg\"><img loading=\"lazy\" decoding=\"async\" data-attachment-id=\"34012\" data-permalink=\"http:\/\/www.grieta.org.mx\/index.php\/2019\/05\/29\/gobernacion-y-chilapa-guerrero\/04-3\/\" data-orig-file=\"http:\/\/www.grieta.org.mx\/wp-content\/uploads\/2019\/05\/04.jpg\" data-orig-size=\"600,335\" data-comments-opened=\"0\" data-image-meta=\"{&quot;aperture&quot;:&quot;0&quot;,&quot;credit&quot;:&quot;&quot;,&quot;camera&quot;:&quot;&quot;,&quot;caption&quot;:&quot;&quot;,&quot;created_timestamp&quot;:&quot;0&quot;,&quot;copyright&quot;:&quot;&quot;,&quot;focal_length&quot;:&quot;0&quot;,&quot;iso&quot;:&quot;0&quot;,&quot;shutter_speed&quot;:&quot;0&quot;,&quot;title&quot;:&quot;&quot;,&quot;orientation&quot;:&quot;1&quot;}\" data-image-title=\"04\" data-image-description=\"\" data-image-caption=\"\" data-medium-file=\"http:\/\/www.grieta.org.mx\/wp-content\/uploads\/2019\/05\/04-300x168.jpg\" data-large-file=\"http:\/\/www.grieta.org.mx\/wp-content\/uploads\/2019\/05\/04.jpg\" class=\"aligncenter size-full wp-image-34012\" src=\"http:\/\/www.grieta.org.mx\/wp-content\/uploads\/2019\/05\/04.jpg\" alt=\"\" width=\"600\" height=\"335\" srcset=\"http:\/\/www.grieta.org.mx\/wp-content\/uploads\/2019\/05\/04.jpg 600w, http:\/\/www.grieta.org.mx\/wp-content\/uploads\/2019\/05\/04-300x168.jpg 300w\" sizes=\"auto, (max-width: 600px) 100vw, 600px\" \/><\/a><\/p>\n<p>Isa\u00edas Xanteco Ahuejote, delegado del CNI, promotor local del CIPOG-EZ y polic\u00eda comunitario de la CRAC-PC-PF.<br \/>\nFinalmente, y frente al esc\u00e1ndalo que estas condiciones generaron \u2013recogidas por medios de circulaci\u00f3n nacional\u2013, los cuerpos fueron entregados a las comunidades ya sin condiciones,<\/p>\n<p>Las comunidades de la CRAC-PC Pueblos Fundadores reclaman hoy la instalaci\u00f3n de una mesa de di\u00e1logo con la Secretar\u00eda de Gobernaci\u00f3n (Segob) federal. Despu\u00e9s de estos cuatro asesinatos y de los intentos de condicionar la entrega de los cad\u00e1veres, no conf\u00edan en las autoridades municipales ni estatales. Adem\u00e1s, demandan la observaci\u00f3n de organizaciones nacionales e internacionales de defensa de los derechos humanos.<\/p>\n<p>Entre las demandas de las comunidades, est\u00e1n las de solicitar la presencia de defensores de derechos humanos nacionales e internacionales para garantizar que no ser\u00e1n agredidas; la cancelaci\u00f3n de 67 \u00f3rdenes de aprehensi\u00f3n contra los polic\u00edas comunitarios giradas precisamente por haberse erigido en CRAC-PC Pueblos Fundadores y sostener un enfrentamiento con sicarios en la comunidad de San Jer\u00f3nimo Palantla, y la de discutir un plan de desarrollo comunitario con los pueblos. No desean que los programas sociales federales a los que tienen derecho sean administrados por quien consideran que es parte de la delincuencia y les condiciona o definitivamente no les entrega los recursos para la siembra y fertilizantes. Proponen que las asambleas de cada pueblo decidan qu\u00e9 har\u00e1n con el presupuesto: traer maestros, construir escuelas, cl\u00ednicas o sembrar.<\/p>\n<p>\u00bfQu\u00e9 responder\u00e1n a esta solicitud la secretaria de Gobernaci\u00f3n, Olga S\u00e1nchez Cordero, y el subsecretario de Derechos Humanos, Migraci\u00f3n y Poblaci\u00f3n de la misma dependencia, Alejandro Encinas?<\/p>\n<p>A los Rojos y los Ardillos se le ha sumado una nueva banda en la regi\u00f3n de Chilapa: los Dumbos. La reorganizaci\u00f3n del trasiego de drogas, armas y personas en la regi\u00f3n no ha terminado.<\/p>\n<p>Por cierto, en Chilapa ya se ha desplegado la flamante Guardia Nacional. Los Rojos, los Ardillos y los Dumbos siguen con sus negocios y su estela de asesinatos, desapariciones y trabajos forzados. Nada cambi\u00f3.<\/p>\n<p>La Monta\u00f1a baja es un polvor\u00edn a punto de estallar. Y no ser\u00e1 con el despliegue de la Guardia Nacional y la saturaci\u00f3n de militares como se solucionar\u00e1n los conflictos. De entrada, Cordero y Encinas tienen que escuchar a los pueblos.<\/p>\n<p><a href=\"https:\/\/www.contralinea.com.mx\/archivo-revista\/2019\/05\/28\/gobernacion-y-chilapa-guerrero\/\">https:\/\/www.contralinea.com.mx\/archivo-revista\/2019\/05\/28\/gobernacion-y-chilapa-guerrero\/<\/a><\/p>\n","protected":false},"excerpt":{"rendered":"<p>Z\u00f3simo Camacho \/ Contral\u00ednea Los cuerpos fueron encontrados, descuartizados, el 24 de mayo pasado. Quienes los secuestraron un d\u00eda antes, en las inmediaciones de la cabecera municipal de Chilapa de &hellip; <a href=\"http:\/\/www.grieta.org.mx\/index.php\/2019\/05\/29\/gobernacion-y-chilapa-guerrero\/\" class=\"more-link\">Leer m\u00e1s<\/a><\/p>\n","protected":false},"author":1,"featured_media":34011,"comment_status":"closed","ping_status":"closed","sticky":false,"template":"","format":"standard","meta":{"ngg_post_thumbnail":0,"_jetpack_newsletter_access":"","_jetpack_dont_email_post_to_subs":false,"_jetpack_newsletter_tier_id":0,"_jetpack_memberships_contains_paywalled_content":false,"_jetpack_memberships_contains_paid_content":false,"footnotes":""},"categories":[80,18,2,1577],"tags":[1834,95],"class_list":["post-34008","post","type-post","status-publish","format-standard","has-post-thumbnail","hentry","category-cintillo","category-guerrero","category-noticias-nacionales","category-policia-comunitaria-en-guerrero","tag-asesinato-de-lideres-indigenas","tag-cni","entry"],"jetpack_featured_media_url":"http:\/\/www.grieta.org.mx\/wp-content\/uploads\/2019\/05\/03-Bartolo-Hilario-Morales.jpg","jetpack_sharing_enabled":true,"jetpack_shortlink":"https:\/\/wp.me\/p7ZJR4-8Qw","jetpack_likes_enabled":false,"jetpack-related-posts":[{"id":36763,"url":"http:\/\/www.grieta.org.mx\/index.php\/2019\/07\/21\/sitiaron-y-atacaron-a-balazos-a-comunidad-indigena-de-chilapa-denuncian-guerrero\/","url_meta":{"origin":34008,"position":0},"title":"Sitiaron y atacaron a balazos a comunidad ind\u00edgena de Chilapa, denuncian (Guerrero)","author":"Admin","date":"21 julio, 2019","format":false,"excerpt":"Francisca Meza Carranza \/ Quadrat\u00edn CHILPANCINGO, Gro., 21 de julio de 2019.-Integrantes del Concejo Ind\u00edgena y Popular de Guerrero-Emiliano Zapata (Cipog-EZ) denunciaron un ataque armado contra la comunidad nahua de Tula, municipio de Chilapa, durante la tarde-noche del s\u00e1bado, con saldo de al menos un herido, y solicitaron la intervenci\u00f3n\u2026","rel":"","context":"En &quot;CINTILLO&quot;","block_context":{"text":"CINTILLO","link":"http:\/\/www.grieta.org.mx\/index.php\/category\/cintillo\/"},"img":{"alt_text":"","src":"https:\/\/i0.wp.com\/www.grieta.org.mx\/wp-content\/uploads\/2019\/07\/Crimen-Violencia-M%C3%A9xico03-1160x700.png?resize=350%2C200","width":350,"height":200,"srcset":"https:\/\/i0.wp.com\/www.grieta.org.mx\/wp-content\/uploads\/2019\/07\/Crimen-Violencia-M%C3%A9xico03-1160x700.png?resize=350%2C200 1x, https:\/\/i0.wp.com\/www.grieta.org.mx\/wp-content\/uploads\/2019\/07\/Crimen-Violencia-M%C3%A9xico03-1160x700.png?resize=525%2C300 1.5x, https:\/\/i0.wp.com\/www.grieta.org.mx\/wp-content\/uploads\/2019\/07\/Crimen-Violencia-M%C3%A9xico03-1160x700.png?resize=700%2C400 2x, https:\/\/i0.wp.com\/www.grieta.org.mx\/wp-content\/uploads\/2019\/07\/Crimen-Violencia-M%C3%A9xico03-1160x700.png?resize=1050%2C600 3x"},"classes":[]},{"id":9171,"url":"http:\/\/www.grieta.org.mx\/index.php\/2016\/04\/21\/la-crac-pc-de-chilapa-realiza-recorridos-para-frenar-la-entrada-de-grupos-delictivos\/","url_meta":{"origin":34008,"position":1},"title":"Seguridad y justicia comunitaria en Guerrero","author":"grieta","date":"21 abril, 2016","format":false,"excerpt":"21\/04\/16 Mando \u00fanico para reprimir: Cirino Pl\u00e1cido El Faro 21\/10\/15 Para reconstituir la CRAC-PC hacen falta valores y principios: CIPOG-EZ Subversiones 13\/10\/15 La seguridad comunitaria en Guerrero cumple 20 a\u00f1os Subversiones 24\/08\/15 \u201cRechazamos cualquier intento para oficializarnos, no nos subordinaremos al Estado\u201d, pueblos fundadores de la polic\u00eda comunitaria de Guerrero.\u2026","rel":"","context":"En &quot;Guerrero&quot;","block_context":{"text":"Guerrero","link":"http:\/\/www.grieta.org.mx\/index.php\/category\/noticias-nacionales\/guerrero\/"},"img":{"alt_text":"","src":"https:\/\/i0.wp.com\/www.grieta.org.mx\/wp-content\/uploads\/2018\/03\/14524434_1106112876131411_958039263622046936_o.jpg?resize=350%2C200","width":350,"height":200,"srcset":"https:\/\/i0.wp.com\/www.grieta.org.mx\/wp-content\/uploads\/2018\/03\/14524434_1106112876131411_958039263622046936_o.jpg?resize=350%2C200 1x, https:\/\/i0.wp.com\/www.grieta.org.mx\/wp-content\/uploads\/2018\/03\/14524434_1106112876131411_958039263622046936_o.jpg?resize=525%2C300 1.5x, https:\/\/i0.wp.com\/www.grieta.org.mx\/wp-content\/uploads\/2018\/03\/14524434_1106112876131411_958039263622046936_o.jpg?resize=700%2C400 2x"},"classes":[]},{"id":55863,"url":"http:\/\/www.grieta.org.mx\/index.php\/2020\/12\/20\/eran-integrantes-del-cipog-ez-los-cuatro-indigenas-asesinados-en-chilapa-guerrero\/","url_meta":{"origin":34008,"position":2},"title":"Eran integrantes del CIPOG-EZ los cuatro ind\u00edgenas asesinados en Chilapa (Guerrero)","author":"Admin","date":"20 diciembre, 2020","format":false,"excerpt":"Redacci\u00f3n \/ El Sur Acapulco, Guerrero, 20 de diciembre de 2020. El Consejo Ind\u00edgena y Popular de Guerrero-Emiliano Zapata (CIPOG-EZ) y la Organizaci\u00f3n Campesina de la Sierra del Sur (OCSS) identific\u00f3 a las personas asesinadas ayer en Chilapa como Mar\u00eda Agust\u00edn Chino, Amalia Morales Guapango, Jos\u00e9 Benito Miguele\u00f1o y Miguel\u2026","rel":"","context":"En &quot;CINTILLO&quot;","block_context":{"text":"CINTILLO","link":"http:\/\/www.grieta.org.mx\/index.php\/category\/cintillo\/"},"img":{"alt_text":"","src":"https:\/\/i0.wp.com\/www.grieta.org.mx\/wp-content\/uploads\/2020\/12\/Captura-de-Pantalla-2020-12-20-a-las-20.20.44.png?resize=350%2C200","width":350,"height":200,"srcset":"https:\/\/i0.wp.com\/www.grieta.org.mx\/wp-content\/uploads\/2020\/12\/Captura-de-Pantalla-2020-12-20-a-las-20.20.44.png?resize=350%2C200 1x, https:\/\/i0.wp.com\/www.grieta.org.mx\/wp-content\/uploads\/2020\/12\/Captura-de-Pantalla-2020-12-20-a-las-20.20.44.png?resize=525%2C300 1.5x, https:\/\/i0.wp.com\/www.grieta.org.mx\/wp-content\/uploads\/2020\/12\/Captura-de-Pantalla-2020-12-20-a-las-20.20.44.png?resize=700%2C400 2x"},"classes":[]},{"id":36241,"url":"http:\/\/www.grieta.org.mx\/index.php\/2019\/07\/13\/la-violencia-del-crimen-organizado-en-contra-de-delegados-del-cni-en-guerrero-se-recrudece-levantan-y-asesinan-a-cuatro-miembros-mas-del-cipog-ez\/","url_meta":{"origin":34008,"position":3},"title":"La violencia del crimen organizado en contra de delegados del CNI en Guerrero se recrudece: levantan y asesinan a cuatro miembros m\u00e1s del CIPOG-EZ","author":"grieta","date":"13 julio, 2019","format":false,"excerpt":"COLECTIVO GRIETA Ciudad de M\u00e9xico, 12 de julio.- La guerra de exterminio de los grupos narcoparamilitares en contra de las comunidades nahuas de la regi\u00f3n de La Monta\u00f1a baja de Guerrero se ha recrudecido en los \u00faltimos d\u00edas. Tan solo entre el 8 y el 10 de julio de este\u2026","rel":"","context":"En &quot;CINTILLO&quot;","block_context":{"text":"CINTILLO","link":"http:\/\/www.grieta.org.mx\/index.php\/category\/cintillo\/"},"img":{"alt_text":"","src":"https:\/\/i0.wp.com\/www.grieta.org.mx\/wp-content\/uploads\/2019\/07\/foto-2-1.jpg?resize=350%2C200","width":350,"height":200,"srcset":"https:\/\/i0.wp.com\/www.grieta.org.mx\/wp-content\/uploads\/2019\/07\/foto-2-1.jpg?resize=350%2C200 1x, https:\/\/i0.wp.com\/www.grieta.org.mx\/wp-content\/uploads\/2019\/07\/foto-2-1.jpg?resize=525%2C300 1.5x"},"classes":[]},{"id":51861,"url":"http:\/\/www.grieta.org.mx\/index.php\/2020\/06\/17\/bloquea-crac-pf-en-chilapa-para-impedir-entrada-de-la-guardia-nacional-guerrero\/","url_meta":{"origin":34008,"position":4},"title":"Bloquea CRAC-PF en Chilapa para impedir entrada de la Guardia Nacional  (Guerrero)","author":"Admin","date":"17 junio, 2020","format":false,"excerpt":"Eduardo Y\u00e9ner \/ Quadrat\u00edn CHILPANCINGO, Gro., 17 de junio de 2020.- Integrantes de la Coordinadora Regional de Autoridades Comunitarias-Pueblos Fundadores (CRAC-PF) de Chilapa bloquean la carretera que conduce a Hueycantenango en el crucero de la comunidad de Alcozac\u00e1n. El bloqueo que se instal\u00f3 esta tarde y en el cual participan\u2026","rel":"","context":"En &quot;CINTILLO&quot;","block_context":{"text":"CINTILLO","link":"http:\/\/www.grieta.org.mx\/index.php\/category\/cintillo\/"},"img":{"alt_text":"","src":"https:\/\/i0.wp.com\/www.grieta.org.mx\/wp-content\/uploads\/2020\/07\/bloqueoCRAC-PF-1160x700.jpeg?resize=350%2C200","width":350,"height":200,"srcset":"https:\/\/i0.wp.com\/www.grieta.org.mx\/wp-content\/uploads\/2020\/07\/bloqueoCRAC-PF-1160x700.jpeg?resize=350%2C200 1x, https:\/\/i0.wp.com\/www.grieta.org.mx\/wp-content\/uploads\/2020\/07\/bloqueoCRAC-PF-1160x700.jpeg?resize=525%2C300 1.5x, https:\/\/i0.wp.com\/www.grieta.org.mx\/wp-content\/uploads\/2020\/07\/bloqueoCRAC-PF-1160x700.jpeg?resize=700%2C400 2x, https:\/\/i0.wp.com\/www.grieta.org.mx\/wp-content\/uploads\/2020\/07\/bloqueoCRAC-PF-1160x700.jpeg?resize=1050%2C600 3x"},"classes":[]},{"id":34881,"url":"http:\/\/www.grieta.org.mx\/index.php\/2019\/06\/17\/necesitamos-un-alto-a-la-guerra-cipog-ez-guerrero\/","url_meta":{"origin":34008,"position":5},"title":"\u00abNecesitamos un alto a la guerra\u00bb: CIPOG-EZ (Guerrero)","author":"Admin","date":"17 junio, 2019","format":false,"excerpt":"Agencia Subversiones \u00abNo es cosa de otro mundo lo que nosotros hacemos\u00bb, dicen dos compa\u00f1eros del Concejo Ind\u00edgena y Popular de Guerrero \u2013 Emiliano Zapata (CIPOG-EZ). \u00abEs la forma en que vivimos, como viven los pueblos\u00bb. Tranquilos a pesar del hostigamiento, las amenazas y el dolor por sus cuatro compa\u00f1eros\u2026","rel":"","context":"En &quot;CINTILLO&quot;","block_context":{"text":"CINTILLO","link":"http:\/\/www.grieta.org.mx\/index.php\/category\/cintillo\/"},"img":{"alt_text":"","src":"https:\/\/i0.wp.com\/www.grieta.org.mx\/wp-content\/uploads\/2019\/06\/IMG_7796.jpg?resize=350%2C200","width":350,"height":200,"srcset":"https:\/\/i0.wp.com\/www.grieta.org.mx\/wp-content\/uploads\/2019\/06\/IMG_7796.jpg?resize=350%2C200 1x, https:\/\/i0.wp.com\/www.grieta.org.mx\/wp-content\/uploads\/2019\/06\/IMG_7796.jpg?resize=525%2C300 1.5x, https:\/\/i0.wp.com\/www.grieta.org.mx\/wp-content\/uploads\/2019\/06\/IMG_7796.jpg?resize=700%2C400 2x, https:\/\/i0.wp.com\/www.grieta.org.mx\/wp-content\/uploads\/2019\/06\/IMG_7796.jpg?resize=1050%2C600 3x"},"classes":[]}],"_links":{"self":[{"href":"http:\/\/www.grieta.org.mx\/index.php\/wp-json\/wp\/v2\/posts\/34008","targetHints":{"allow":["GET"]}}],"collection":[{"href":"http:\/\/www.grieta.org.mx\/index.php\/wp-json\/wp\/v2\/posts"}],"about":[{"href":"http:\/\/www.grieta.org.mx\/index.php\/wp-json\/wp\/v2\/types\/post"}],"author":[{"embeddable":true,"href":"http:\/\/www.grieta.org.mx\/index.php\/wp-json\/wp\/v2\/users\/1"}],"replies":[{"embeddable":true,"href":"http:\/\/www.grieta.org.mx\/index.php\/wp-json\/wp\/v2\/comments?post=34008"}],"version-history":[{"count":1,"href":"http:\/\/www.grieta.org.mx\/index.php\/wp-json\/wp\/v2\/posts\/34008\/revisions"}],"predecessor-version":[{"id":34013,"href":"http:\/\/www.grieta.org.mx\/index.php\/wp-json\/wp\/v2\/posts\/34008\/revisions\/34013"}],"wp:featuredmedia":[{"embeddable":true,"href":"http:\/\/www.grieta.org.mx\/index.php\/wp-json\/wp\/v2\/media\/34011"}],"wp:attachment":[{"href":"http:\/\/www.grieta.org.mx\/index.php\/wp-json\/wp\/v2\/media?parent=34008"}],"wp:term":[{"taxonomy":"category","embeddable":true,"href":"http:\/\/www.grieta.org.mx\/index.php\/wp-json\/wp\/v2\/categories?post=34008"},{"taxonomy":"post_tag","embeddable":true,"href":"http:\/\/www.grieta.org.mx\/index.php\/wp-json\/wp\/v2\/tags?post=34008"}],"curies":[{"name":"wp","href":"https:\/\/api.w.org\/{rel}","templated":true}]}}