{"id":33981,"date":"2019-05-28T22:12:48","date_gmt":"2019-05-29T03:12:48","guid":{"rendered":"http:\/\/www.grieta.org.mx\/?p=33981"},"modified":"2019-05-28T22:12:48","modified_gmt":"2019-05-29T03:12:48","slug":"protestan-brigadistas-por-recorte-a-presupuesto-de-conafor-michoacan","status":"publish","type":"post","link":"http:\/\/www.grieta.org.mx\/index.php\/2019\/05\/28\/protestan-brigadistas-por-recorte-a-presupuesto-de-conafor-michoacan\/","title":{"rendered":"Protestan brigadistas por recorte a presupuesto de Conafor  (Michoac\u00e1n)"},"content":{"rendered":"<figure id=\"attachment_33982\" aria-describedby=\"caption-attachment-33982\" style=\"width: 1024px\" class=\"wp-caption aligncenter\"><img loading=\"lazy\" decoding=\"async\" data-attachment-id=\"33982\" data-permalink=\"http:\/\/www.grieta.org.mx\/index.php\/2019\/05\/28\/protestan-brigadistas-por-recorte-a-presupuesto-de-conafor-michoacan\/brigadista-incendio-1-1160x700\/\" data-orig-file=\"http:\/\/www.grieta.org.mx\/wp-content\/uploads\/2019\/05\/brigadista-incendio-1-1160x700.jpg\" data-orig-size=\"1160,700\" data-comments-opened=\"0\" data-image-meta=\"{&quot;aperture&quot;:&quot;0&quot;,&quot;credit&quot;:&quot;&quot;,&quot;camera&quot;:&quot;&quot;,&quot;caption&quot;:&quot;&quot;,&quot;created_timestamp&quot;:&quot;0&quot;,&quot;copyright&quot;:&quot;&quot;,&quot;focal_length&quot;:&quot;0&quot;,&quot;iso&quot;:&quot;0&quot;,&quot;shutter_speed&quot;:&quot;0&quot;,&quot;title&quot;:&quot;&quot;,&quot;orientation&quot;:&quot;0&quot;}\" data-image-title=\"brigadista-incendio-1-1160&amp;#215;700\" data-image-description=\"\" data-image-caption=\"&lt;p&gt;Foto: archivo&lt;\/p&gt;\n\" data-medium-file=\"http:\/\/www.grieta.org.mx\/wp-content\/uploads\/2019\/05\/brigadista-incendio-1-1160x700-300x181.jpg\" data-large-file=\"http:\/\/www.grieta.org.mx\/wp-content\/uploads\/2019\/05\/brigadista-incendio-1-1160x700-1024x618.jpg\" class=\"wp-image-33982 size-large\" src=\"http:\/\/www.grieta.org.mx\/wp-content\/uploads\/2019\/05\/brigadista-incendio-1-1160x700-1024x618.jpg\" alt=\"\" width=\"1024\" height=\"618\" srcset=\"http:\/\/www.grieta.org.mx\/wp-content\/uploads\/2019\/05\/brigadista-incendio-1-1160x700-1024x618.jpg 1024w, http:\/\/www.grieta.org.mx\/wp-content\/uploads\/2019\/05\/brigadista-incendio-1-1160x700-300x181.jpg 300w, http:\/\/www.grieta.org.mx\/wp-content\/uploads\/2019\/05\/brigadista-incendio-1-1160x700-768x463.jpg 768w, http:\/\/www.grieta.org.mx\/wp-content\/uploads\/2019\/05\/brigadista-incendio-1-1160x700-829x500.jpg 829w, http:\/\/www.grieta.org.mx\/wp-content\/uploads\/2019\/05\/brigadista-incendio-1-1160x700.jpg 1160w\" sizes=\"auto, (max-width: 1024px) 100vw, 1024px\" \/><figcaption id=\"caption-attachment-33982\" class=\"wp-caption-text\">Foto: archivo<\/figcaption><\/figure>\n<p>28 de mayo de 2019.<br \/>\nF\u00e1tima Alfaro\/Quadrat\u00edn<\/p>\n<p>MORELIA, Mich., 28 de mayo de 2019.- Brigadistas y combatientes de incendios forestales se manifiestan en el exterior de la delegaci\u00f3n en Michoac\u00e1n de la Comisi\u00f3n Nacional Forestal (Conafor), en protesta por el recorte de alrededor del 60 por ciento en el presupuesto destinado a abatir los siniestros en bosques y selvas. Alrededor de 180 brigadistas reclaman adem\u00e1s que esta disminuci\u00f3n presupuestal llev\u00f3 al impago de tiempo laboral extraordinario y ayuda para alimentos, generados en los meses de abril y mayo, conceptos que suman un mill\u00f3n 175 mil pesos. De acuerdo con H\u00e9ctor Guti\u00e9rrez, dirigente del Sindicato de Trabajadores de la Secretar\u00eda de Medio Ambiente y Recursos Naturales (Semarnat) en la entidad, el pasado lunes 27 de mayo los combatientes percibieron su salario quincenal, donde no se vieron reflejados los pagos por horas adicionales trabajadas entre abril y mayo, como tampoco los apoyos para alimentos, que se emiten por evento atendido. Lament\u00f3 que a pesar que en lo que va de la temporada c\u00e1lida los brigadistas han intervenido en 657 incendios forestales con afectaci\u00f3n a 13 mil 895 hect\u00e1reas, siendo los \u00faltimos dos meses los m\u00e1s cr\u00edticos de la estaci\u00f3n, no se ha dado certeza al personal sobre la recepci\u00f3n de sus recursos. H\u00e9ctor Guti\u00e9rrez agreg\u00f3 que a esta situaci\u00f3n se incorporan carencias como insuficiencia de gasolinas, unidades vehiculares sin mantenimiento, radios sin pilas, equipos obsoletos, falta de equipo de protecci\u00f3n, entre otras. \u201cLos compa\u00f1eros arriesgan sus vidas para abatir los incendios, y este a\u00f1o han enfrentado adem\u00e1s carencias como la falta de cascos, la necesidad de usar sus celulares para comunicarse porque no hay radios, y el mal estado de los automotores\u201d, reiter\u00f3 el dirigente gremial. Al momento, la pretensi\u00f3n de los inconformes es mantener la movilizaci\u00f3n de manera indefinida, hasta lograr una respuesta favorable a sus demandas.<\/p>\n<p><a href=\"https:\/\/www.quadratin.com.mx\/sucesos\/protestan-brigadistas-por-recorte-a-presupuesto-de-conafor\/\">https:\/\/www.quadratin.com.mx\/sucesos\/protestan-brigadistas-por-recorte-a-presupuesto-de-conafor\/<\/a><\/p>\n","protected":false},"excerpt":{"rendered":"<p>28 de mayo de 2019. F\u00e1tima Alfaro\/Quadrat\u00edn MORELIA, Mich., 28 de mayo de 2019.- Brigadistas y combatientes de incendios forestales se manifiestan en el exterior de la delegaci\u00f3n en Michoac\u00e1n &hellip; <a href=\"http:\/\/www.grieta.org.mx\/index.php\/2019\/05\/28\/protestan-brigadistas-por-recorte-a-presupuesto-de-conafor-michoacan\/\" class=\"more-link\">Leer m\u00e1s<\/a><\/p>\n","protected":false},"author":2,"featured_media":33982,"comment_status":"closed","ping_status":"closed","sticky":false,"template":"","format":"standard","meta":{"ngg_post_thumbnail":0,"_jetpack_newsletter_access":"","_jetpack_dont_email_post_to_subs":false,"_jetpack_newsletter_tier_id":0,"_jetpack_memberships_contains_paywalled_content":false,"_jetpack_memberships_contains_paid_content":false,"footnotes":""},"categories":[80,999,2552,2436,910,21],"tags":[2250,2562,1178,2574,1290,1550],"class_list":["post-33981","post","type-post","status-publish","format-standard","has-post-thumbnail","hentry","category-cintillo","category-conflictos-laborales-en-michoacan","category-destruccion-de-la-naturaleza-en-michoacan","category-destruccion-y-contaminacion-ambiental-en-michoacan","category-explotacion-y-precariedad-laboral","category-michoacan","tag-conflictos-laborales-en-el-sector-publico","tag-destruccion-ambiental","tag-destruccion-de-la-naturaleza","tag-incendios-forestales","tag-precariedad-laboral","tag-precariedad-presupuestal","entry"],"jetpack_featured_media_url":"http:\/\/www.grieta.org.mx\/wp-content\/uploads\/2019\/05\/brigadista-incendio-1-1160x700.jpg","jetpack_sharing_enabled":true,"jetpack_shortlink":"https:\/\/wp.me\/p7ZJR4-8Q5","jetpack_likes_enabled":false,"jetpack-related-posts":[{"id":33978,"url":"http:\/\/www.grieta.org.mx\/index.php\/2019\/05\/28\/con-recortes-a-conafor-brigadas-contra-incendios-no-han-operado-al-100-michoacan\/","url_meta":{"origin":33981,"position":0},"title":"Con recortes a CONAFOR, brigadas contra incendios no han operado al 100%  (Michoac\u00e1n)","author":"grieta","date":"28 mayo, 2019","format":false,"excerpt":"Aida Espinosa \/ UrbisTV. Morelia, Michoac\u00e1n, a 28 de mayo de 2019.- Trabajadores de la Comisi\u00f3n Nacional Forestal, se manifestaron este martes en las oficinas de la dependencia en Michoac\u00e1n, donde denunciaron que el recorte del 60 por ciento al presupuesto de la dependencia, afecta al combate de incendios forestales.\u2026","rel":"","context":"En &quot;CINTILLO&quot;","block_context":{"text":"CINTILLO","link":"http:\/\/www.grieta.org.mx\/index.php\/category\/cintillo\/"},"img":{"alt_text":"","src":"https:\/\/i0.wp.com\/www.grieta.org.mx\/wp-content\/uploads\/2019\/05\/0-grande.jpg?resize=350%2C200","width":350,"height":200,"srcset":"https:\/\/i0.wp.com\/www.grieta.org.mx\/wp-content\/uploads\/2019\/05\/0-grande.jpg?resize=350%2C200 1x, https:\/\/i0.wp.com\/www.grieta.org.mx\/wp-content\/uploads\/2019\/05\/0-grande.jpg?resize=525%2C300 1.5x, https:\/\/i0.wp.com\/www.grieta.org.mx\/wp-content\/uploads\/2019\/05\/0-grande.jpg?resize=700%2C400 2x"},"classes":[]},{"id":34713,"url":"http:\/\/www.grieta.org.mx\/index.php\/2019\/05\/28\/brigadistas-de-conafor-demandan-el-pago-de-mas-de-un-millon-de-pesos-michoacan\/","url_meta":{"origin":33981,"position":1},"title":"Brigadistas de Conafor demandan el pago de m\u00e1s de un mill\u00f3n de pesos  (Michoac\u00e1n)","author":"grieta","date":"28 mayo, 2019","format":false,"excerpt":"Brigadistas de Conafor demandan el pago de m\u00e1s de un mill\u00f3n de pesos Erandi Torres Mart\u00ednez\/ Cambio de Michoac\u00e1n, 28 de mayo de 2019. Morelia, Michoac\u00e1n.- Los recortes presupuestales que ejerci\u00f3 el gobierno de la Rep\u00fablica sobre la Comisi\u00f3n Nacional Forestal (Conafor) afectaron a los brigadistas de la representaci\u00f3n nacional\u2026","rel":"","context":"En &quot;CINTILLO&quot;","block_context":{"text":"CINTILLO","link":"http:\/\/www.grieta.org.mx\/index.php\/category\/cintillo\/"},"img":{"alt_text":"","src":"https:\/\/i0.wp.com\/www.grieta.org.mx\/wp-content\/uploads\/2019\/06\/75906964c1c709a06b282e0492d802acbrigadistas.jpg?resize=350%2C200","width":350,"height":200,"srcset":"https:\/\/i0.wp.com\/www.grieta.org.mx\/wp-content\/uploads\/2019\/06\/75906964c1c709a06b282e0492d802acbrigadistas.jpg?resize=350%2C200 1x, https:\/\/i0.wp.com\/www.grieta.org.mx\/wp-content\/uploads\/2019\/06\/75906964c1c709a06b282e0492d802acbrigadistas.jpg?resize=525%2C300 1.5x, https:\/\/i0.wp.com\/www.grieta.org.mx\/wp-content\/uploads\/2019\/06\/75906964c1c709a06b282e0492d802acbrigadistas.jpg?resize=700%2C400 2x, https:\/\/i0.wp.com\/www.grieta.org.mx\/wp-content\/uploads\/2019\/06\/75906964c1c709a06b282e0492d802acbrigadistas.jpg?resize=1050%2C600 3x"},"classes":[]},{"id":34511,"url":"http:\/\/www.grieta.org.mx\/index.php\/2019\/06\/08\/brigadistas-de-conafor-exigen-pago-de-horas-extras-durango\/","url_meta":{"origin":33981,"position":2},"title":"Brigadistas de Conafor exigen pago de horas extras (Durango)","author":"grieta","date":"8 junio, 2019","format":false,"excerpt":"Juan Pablo Hern\u00e1ndez\/El Sol de Durango La ma\u00f1ana de ayer, brigadistas de la Comisi\u00f3n Nacional Forestal se apoderaron de las oficinas de esta dependencia en protesta por la falta de pago de horas extras en el combate en los incendios forestales, destac\u00f3 el dirigente sindical, V\u00edctor Manuel V\u00e1zquez, ante lo\u2026","rel":"","context":"En &quot;CINTILLO&quot;","block_context":{"text":"CINTILLO","link":"http:\/\/www.grieta.org.mx\/index.php\/category\/cintillo\/"},"img":{"alt_text":"","src":"https:\/\/i0.wp.com\/www.grieta.org.mx\/wp-content\/uploads\/2019\/06\/incendios-forestales.jpg?resize=350%2C200","width":350,"height":200,"srcset":"https:\/\/i0.wp.com\/www.grieta.org.mx\/wp-content\/uploads\/2019\/06\/incendios-forestales.jpg?resize=350%2C200 1x, https:\/\/i0.wp.com\/www.grieta.org.mx\/wp-content\/uploads\/2019\/06\/incendios-forestales.jpg?resize=525%2C300 1.5x, https:\/\/i0.wp.com\/www.grieta.org.mx\/wp-content\/uploads\/2019\/06\/incendios-forestales.jpg?resize=700%2C400 2x"},"classes":[]},{"id":33795,"url":"http:\/\/www.grieta.org.mx\/index.php\/2019\/05\/20\/comuneros-los-heroes-que-con-carencias-combaten-incendios-forestales-michoacan\/","url_meta":{"origin":33981,"position":3},"title":"Comuneros, los h\u00e9roes que con carencias combaten incendios forestales (Michoac\u00e1n)","author":"grieta","date":"20 mayo, 2019","format":false,"excerpt":"El Universal, 20 de mayo de 2019 Uruapan. Michoac\u00e1n.- Las jornadas son interminables, sus sueldos no son los mejores y los peligros son muchos para los brigadistas que combaten los incendios forestales en Michoac\u00e1n, la segunda entidad con mayor n\u00famero de siniestros registrados del pa\u00eds; pero a\u00fan as\u00ed ellos acuden\u2026","rel":"","context":"En &quot;CINTILLO&quot;","block_context":{"text":"CINTILLO","link":"http:\/\/www.grieta.org.mx\/index.php\/category\/cintillo\/"},"img":{"alt_text":"","src":"https:\/\/i0.wp.com\/www.grieta.org.mx\/wp-content\/uploads\/2019\/05\/direct22mayo2019.jpg?resize=350%2C200","width":350,"height":200,"srcset":"https:\/\/i0.wp.com\/www.grieta.org.mx\/wp-content\/uploads\/2019\/05\/direct22mayo2019.jpg?resize=350%2C200 1x, https:\/\/i0.wp.com\/www.grieta.org.mx\/wp-content\/uploads\/2019\/05\/direct22mayo2019.jpg?resize=525%2C300 1.5x"},"classes":[]},{"id":33406,"url":"http:\/\/www.grieta.org.mx\/index.php\/2019\/05\/11\/se-ubica-michoacan-en-el-segundo-lugar-en-incendios-forestales\/","url_meta":{"origin":33981,"position":4},"title":"Se ubica Michoac\u00e1n en el segundo lugar en incendios forestales","author":"grieta","date":"11 mayo, 2019","format":false,"excerpt":"En el \u00faltimo corte de la Comisi\u00f3n Nacional Forestal, la entidad registra 526 incendios forestales Ireri Pi\u00f1a, Contramuro, 11 de mayo de 2019 Morelia, Michoac\u00e1n.- Son 526 incendios forestales los que registra Michoac\u00e1n hasta el 10 de mayo de este a\u00f1o, seg\u00fan datos de la Comisi\u00f3n Nacional Forestal, con una\u2026","rel":"","context":"En &quot;CINTILLO&quot;","block_context":{"text":"CINTILLO","link":"http:\/\/www.grieta.org.mx\/index.php\/category\/cintillo\/"},"img":{"alt_text":"","src":"https:\/\/i0.wp.com\/www.grieta.org.mx\/wp-content\/uploads\/2019\/05\/fbb61be0-6bf0-468c-910b-49046513e28d.jpg?resize=350%2C200","width":350,"height":200,"srcset":"https:\/\/i0.wp.com\/www.grieta.org.mx\/wp-content\/uploads\/2019\/05\/fbb61be0-6bf0-468c-910b-49046513e28d.jpg?resize=350%2C200 1x, https:\/\/i0.wp.com\/www.grieta.org.mx\/wp-content\/uploads\/2019\/05\/fbb61be0-6bf0-468c-910b-49046513e28d.jpg?resize=525%2C300 1.5x, https:\/\/i0.wp.com\/www.grieta.org.mx\/wp-content\/uploads\/2019\/05\/fbb61be0-6bf0-468c-910b-49046513e28d.jpg?resize=700%2C400 2x, https:\/\/i0.wp.com\/www.grieta.org.mx\/wp-content\/uploads\/2019\/05\/fbb61be0-6bf0-468c-910b-49046513e28d.jpg?resize=1050%2C600 3x"},"classes":[]},{"id":34264,"url":"http:\/\/www.grieta.org.mx\/index.php\/2019\/06\/02\/reporta-michoacan-681-incendios-forestales\/","url_meta":{"origin":33981,"position":5},"title":"Reporta Michoac\u00e1n 681 incendios forestales","author":"grieta","date":"2 junio, 2019","format":false,"excerpt":"Por Ireri Pi\u00f1a \/Contramuro, 02 de junio de 2019. La entidad es la segunda a nivel nacional en n\u00famero de incendios forestales Morelia, Michoac\u00e1n.- Son ya 681 incendios forestales los que registra Michoac\u00e1n en lo que va del a\u00f1o, con una superficie afectada de 14 mil 338 hect\u00e1reas mayormente en\u2026","rel":"","context":"En &quot;CINTILLO&quot;","block_context":{"text":"CINTILLO","link":"http:\/\/www.grieta.org.mx\/index.php\/category\/cintillo\/"},"img":{"alt_text":"","src":"https:\/\/i0.wp.com\/www.grieta.org.mx\/wp-content\/uploads\/2018\/03\/14524434_1106112876131411_958039263622046936_o.jpg?resize=350%2C200","width":350,"height":200,"srcset":"https:\/\/i0.wp.com\/www.grieta.org.mx\/wp-content\/uploads\/2018\/03\/14524434_1106112876131411_958039263622046936_o.jpg?resize=350%2C200 1x, https:\/\/i0.wp.com\/www.grieta.org.mx\/wp-content\/uploads\/2018\/03\/14524434_1106112876131411_958039263622046936_o.jpg?resize=525%2C300 1.5x, https:\/\/i0.wp.com\/www.grieta.org.mx\/wp-content\/uploads\/2018\/03\/14524434_1106112876131411_958039263622046936_o.jpg?resize=700%2C400 2x"},"classes":[]}],"_links":{"self":[{"href":"http:\/\/www.grieta.org.mx\/index.php\/wp-json\/wp\/v2\/posts\/33981","targetHints":{"allow":["GET"]}}],"collection":[{"href":"http:\/\/www.grieta.org.mx\/index.php\/wp-json\/wp\/v2\/posts"}],"about":[{"href":"http:\/\/www.grieta.org.mx\/index.php\/wp-json\/wp\/v2\/types\/post"}],"author":[{"embeddable":true,"href":"http:\/\/www.grieta.org.mx\/index.php\/wp-json\/wp\/v2\/users\/2"}],"replies":[{"embeddable":true,"href":"http:\/\/www.grieta.org.mx\/index.php\/wp-json\/wp\/v2\/comments?post=33981"}],"version-history":[{"count":1,"href":"http:\/\/www.grieta.org.mx\/index.php\/wp-json\/wp\/v2\/posts\/33981\/revisions"}],"predecessor-version":[{"id":33983,"href":"http:\/\/www.grieta.org.mx\/index.php\/wp-json\/wp\/v2\/posts\/33981\/revisions\/33983"}],"wp:featuredmedia":[{"embeddable":true,"href":"http:\/\/www.grieta.org.mx\/index.php\/wp-json\/wp\/v2\/media\/33982"}],"wp:attachment":[{"href":"http:\/\/www.grieta.org.mx\/index.php\/wp-json\/wp\/v2\/media?parent=33981"}],"wp:term":[{"taxonomy":"category","embeddable":true,"href":"http:\/\/www.grieta.org.mx\/index.php\/wp-json\/wp\/v2\/categories?post=33981"},{"taxonomy":"post_tag","embeddable":true,"href":"http:\/\/www.grieta.org.mx\/index.php\/wp-json\/wp\/v2\/tags?post=33981"}],"curies":[{"name":"wp","href":"https:\/\/api.w.org\/{rel}","templated":true}]}}