{"id":33975,"date":"2019-05-28T21:36:11","date_gmt":"2019-05-29T02:36:11","guid":{"rendered":"http:\/\/www.grieta.org.mx\/?p=33975"},"modified":"2019-05-28T21:36:11","modified_gmt":"2019-05-29T02:36:11","slug":"oaxaca-un-infierno-por-trata-de-personas","status":"publish","type":"post","link":"http:\/\/www.grieta.org.mx\/index.php\/2019\/05\/28\/oaxaca-un-infierno-por-trata-de-personas\/","title":{"rendered":"Oaxaca, un infierno por trata de personas"},"content":{"rendered":"<p>Noticias.<\/p>\n<p>Citlalli Luciana,<\/p>\n<p><img loading=\"lazy\" decoding=\"async\" data-attachment-id=\"33976\" data-permalink=\"http:\/\/www.grieta.org.mx\/index.php\/2019\/05\/28\/oaxaca-un-infierno-por-trata-de-personas\/image_33_338\/\" data-orig-file=\"http:\/\/www.grieta.org.mx\/wp-content\/uploads\/2019\/05\/image_33_338.jpg\" data-orig-size=\"1144,645\" data-comments-opened=\"0\" data-image-meta=\"{&quot;aperture&quot;:&quot;0&quot;,&quot;credit&quot;:&quot;&quot;,&quot;camera&quot;:&quot;&quot;,&quot;caption&quot;:&quot;&quot;,&quot;created_timestamp&quot;:&quot;0&quot;,&quot;copyright&quot;:&quot;&quot;,&quot;focal_length&quot;:&quot;0&quot;,&quot;iso&quot;:&quot;0&quot;,&quot;shutter_speed&quot;:&quot;0&quot;,&quot;title&quot;:&quot;&quot;,&quot;orientation&quot;:&quot;0&quot;}\" data-image-title=\"image_33_338\" data-image-description=\"\" data-image-caption=\"\" data-medium-file=\"http:\/\/www.grieta.org.mx\/wp-content\/uploads\/2019\/05\/image_33_338-300x169.jpg\" data-large-file=\"http:\/\/www.grieta.org.mx\/wp-content\/uploads\/2019\/05\/image_33_338-1024x577.jpg\" src=\"http:\/\/www.grieta.org.mx\/wp-content\/uploads\/2019\/05\/image_33_338-300x169.jpg\" alt=\"\" width=\"300\" height=\"169\" class=\"alignleft size-medium wp-image-33976\" srcset=\"http:\/\/www.grieta.org.mx\/wp-content\/uploads\/2019\/05\/image_33_338-300x169.jpg 300w, http:\/\/www.grieta.org.mx\/wp-content\/uploads\/2019\/05\/image_33_338-768x433.jpg 768w, http:\/\/www.grieta.org.mx\/wp-content\/uploads\/2019\/05\/image_33_338-1024x577.jpg 1024w, http:\/\/www.grieta.org.mx\/wp-content\/uploads\/2019\/05\/image_33_338-887x500.jpg 887w, http:\/\/www.grieta.org.mx\/wp-content\/uploads\/2019\/05\/image_33_338.jpg 1144w\" sizes=\"auto, (max-width: 300px) 100vw, 300px\" \/><br \/>\nExplotaci\u00f3n laboral, sexual o semi esclavitud, las variantes.<\/p>\n<p>Oaxaca se establece como un infierno para las mujeres debido a la alta incidencia de trata de personas. De acuerdo con datos del Secretariado Ejecutivo del Sistema Nacional de Seguridad P\u00fablica (SESNSP), la entidad se ubica en el tercer lugar nacional por este delito.<\/p>\n<p>Las cifras con corte al 30 de abril, se\u00f1alan que de los 113 delitos de trata de personas en donde las v\u00edctimas fueron mujeres, hubo 34 casos en la Ciudad de M\u00e9xico, 27 en Chihuahua, 9 en Oaxaca, 7 Nuevo Le\u00f2n, 6 Baja California, 5 Puebla, 4 en Guerrero y Zacatecas; 3 Chiapas; 2 Estado de M\u00e9xico, San Luis Potos\u00ed y Sinaloa; y 1 en los estados de Guanajuato, Hidalgo, Michoac\u00e1n, Morelos, Quintana Roo, Tabasco, Tamaulipas y Tlaxcala.<\/p>\n<p>En el caso espec\u00edfico de Oaxaca, la mayor parte de las v\u00edctimas fueron mujeres menores de 17 a\u00f1os de edad, caso contrario a lo registrado en la Ciudad de M\u00e9xico y Chihuahua en donde las v\u00edctimas en su mayor\u00eda eran mayores de edad.<\/p>\n<p>Por tasa de incidencia, la entidad se ubica en cuarto lugar a nivel nacional con un 0.42 por ciento por cada 100 mil mujeres, cifra por arriba de la media nacional establecida de 0.18 por ciento.<\/p>\n<p>Los estados que puntean son Chihuahua, Ciudad de M\u00e9xico y Zacatecas con una incidencia de 1.38, 0.74 y 0.48 por cada cien mil mujeres, respectivamente.<\/p>\n<p>De acuerdo con el Diagn\u00f3stico sobre el Fen\u00f3meno de la Trata de Personas para Determinar su Impacto en Mujeres y Ni\u00f1as en el Estado de Oaxaca, realizado por el entonces Instituto de la Mujer Oaxaque\u00f1a (IMO), la entidad es una zona de vulnerabilidad debido a las condiciones sociales, econ\u00f3micas y culturales de marginaci\u00f3n o carencia.<\/p>\n<p>El diagn\u00f3stico destaca el delito de trata de personas consiste en el traslado forzoso o por enga\u00f1o de una o varias personas de su lugar de origen (ya sea a nivel interno del pa\u00eds o transnacional), la privaci\u00f3n total o parcial de su libertad y la explotaci\u00f3n laboral, sexual o similar y que la v\u00edctima de la trata no consiente o, si lo hizo inicialmente, ese consentimiento ha perdido todo su valor por la coacci\u00f3n, el enga\u00f1o o el abuso de los traficantes.<\/p>\n<p>Redes especializadas<\/p>\n<p>En la mayor\u00eda de los casos -agrega- el delito implica de la existencia de redes especializadas en la trata de personas, que reclutan a sus v\u00edctimas mediante falsas propuestas de trabajo, como tambi\u00e9n ofertas laborales enga\u00f1osas.<\/p>\n<p>De esta manera las personas secuestradas son trasladadas a lugares lejanos de sus hogares, en donde supuestamente se realizar\u00e1 el trabajo prometido y con el que podr\u00e1n salir de la pobreza. En estos sitios de explotaci\u00f3n, las v\u00edctimas son retenidas en contra de su voluntad mediante amenazas, mentiras, extorsiones, violencia, drogas, etc.<\/p>\n<p>Las mantienen bajo condiciones de vida infrahumanas, en la mayor\u00eda de los casos las obligan a prostituirse a la vez que son v\u00edctimas de violaciones. Adem\u00e1s, las principales v\u00edctimas de la trata de personas son mujeres, ni\u00f1as y adolescentes, raptadas para que ejerzan la prostituci\u00f3n, o para que realicen tareas laborales bajo condiciones inhumanas en talleres textiles, el campo, para servicio dom\u00e9stico, en industrias pesqueras, o incluso para realizar matrimonios serviles, mendicidad y robo de \u00f3rganos.<\/p>\n<p><a href=\"https:\/\/www.nvinoticias.com\/nota\/117260\/oaxaca-un-infierno-por-trata-de-personas\" rel=\"noopener noreferrer\" target=\"_blank\">https:\/\/www.nvinoticias.com\/nota\/117260\/oaxaca-un-infierno-por-trata-de-personas<\/a><\/p>\n","protected":false},"excerpt":{"rendered":"<p>Noticias. Citlalli Luciana, Explotaci\u00f3n laboral, sexual o semi esclavitud, las variantes. Oaxaca se establece como un infierno para las mujeres debido a la alta incidencia de trata de personas. De &hellip; <a href=\"http:\/\/www.grieta.org.mx\/index.php\/2019\/05\/28\/oaxaca-un-infierno-por-trata-de-personas\/\" class=\"more-link\">Leer m\u00e1s<\/a><\/p>\n","protected":false},"author":2,"featured_media":33976,"comment_status":"closed","ping_status":"closed","sticky":false,"template":"","format":"standard","meta":{"ngg_post_thumbnail":0,"_jetpack_newsletter_access":"","_jetpack_dont_email_post_to_subs":false,"_jetpack_newsletter_tier_id":0,"_jetpack_memberships_contains_paywalled_content":false,"_jetpack_memberships_contains_paid_content":false,"footnotes":""},"categories":[80,1477,2,25,1664,1665],"tags":[],"class_list":["post-33975","post","type-post","status-publish","format-standard","has-post-thumbnail","hentry","category-cintillo","category-la-ninez-en-la-tormenta-en-oaxaca","category-noticias-nacionales","category-oaxaca","category-trata-de-personas-en-oaxaca","category-violencia-contra-las-mujeres-en-oaxaca","entry"],"jetpack_featured_media_url":"http:\/\/www.grieta.org.mx\/wp-content\/uploads\/2019\/05\/image_33_338.jpg","jetpack_sharing_enabled":true,"jetpack_shortlink":"https:\/\/wp.me\/p7ZJR4-8PZ","jetpack_likes_enabled":false,"jetpack-related-posts":[{"id":41129,"url":"http:\/\/www.grieta.org.mx\/index.php\/2019\/11\/07\/oaxaca-en-los-primeros-lugares-de-trata-de-mujeres-y-ninas\/","url_meta":{"origin":33975,"position":0},"title":"Oaxaca en los primeros lugares de trata de mujeres y ni\u00f1as","author":"grieta","date":"7 noviembre, 2019","format":false,"excerpt":"P\u00e1gina 3 \/ Jaime Guerrero. Las condiciones sociales y econ\u00f3micas que enfrentan las mujeres en el estado de Oaxaca ha hecho que sea uno de los cinco estados del pa\u00eds con mayor \u00edndice de incidencia del delito de trata de personas desde el 2017, junto con Baja California, Chiapas, Ciudad\u2026","rel":"","context":"En &quot;CINTILLO&quot;","block_context":{"text":"CINTILLO","link":"http:\/\/www.grieta.org.mx\/index.php\/category\/cintillo\/"},"img":{"alt_text":"","src":"https:\/\/i0.wp.com\/www.grieta.org.mx\/wp-content\/uploads\/2018\/03\/14524434_1106112876131411_958039263622046936_o.jpg?resize=350%2C200","width":350,"height":200,"srcset":"https:\/\/i0.wp.com\/www.grieta.org.mx\/wp-content\/uploads\/2018\/03\/14524434_1106112876131411_958039263622046936_o.jpg?resize=350%2C200 1x, https:\/\/i0.wp.com\/www.grieta.org.mx\/wp-content\/uploads\/2018\/03\/14524434_1106112876131411_958039263622046936_o.jpg?resize=525%2C300 1.5x, https:\/\/i0.wp.com\/www.grieta.org.mx\/wp-content\/uploads\/2018\/03\/14524434_1106112876131411_958039263622046936_o.jpg?resize=700%2C400 2x"},"classes":[]},{"id":31196,"url":"http:\/\/www.grieta.org.mx\/index.php\/2019\/03\/25\/embosca-la-trata-a-mujeres-a-oaxaca\/","url_meta":{"origin":33975,"position":1},"title":"Embosca la trata a mujeres a Oaxaca","author":"grieta","date":"25 marzo, 2019","format":false,"excerpt":"Noticias. Citallli Luciana, Adem\u00e1s de la trata, la violencia contra las mujeres ha ido en aumento en Oaxaca. La trata de personas en un delito que mantiene una emboscada a las mujeres en el estado de Oaxaca. Junto con la Ciudad de M\u00e9xico, la entidad concentra el mayor n\u00famero de\u2026","rel":"","context":"En &quot;CINTILLO&quot;","block_context":{"text":"CINTILLO","link":"http:\/\/www.grieta.org.mx\/index.php\/category\/cintillo\/"},"img":{"alt_text":"","src":"https:\/\/i0.wp.com\/www.grieta.org.mx\/wp-content\/uploads\/2019\/03\/image_22_356.jpg?resize=350%2C200","width":350,"height":200,"srcset":"https:\/\/i0.wp.com\/www.grieta.org.mx\/wp-content\/uploads\/2019\/03\/image_22_356.jpg?resize=350%2C200 1x, https:\/\/i0.wp.com\/www.grieta.org.mx\/wp-content\/uploads\/2019\/03\/image_22_356.jpg?resize=525%2C300 1.5x, https:\/\/i0.wp.com\/www.grieta.org.mx\/wp-content\/uploads\/2019\/03\/image_22_356.jpg?resize=700%2C400 2x, https:\/\/i0.wp.com\/www.grieta.org.mx\/wp-content\/uploads\/2019\/03\/image_22_356.jpg?resize=1050%2C600 3x"},"classes":[]},{"id":25940,"url":"http:\/\/www.grieta.org.mx\/index.php\/2018\/07\/31\/oaxaca-en-el-mapa-de-trata-de-personas\/","url_meta":{"origin":33975,"position":2},"title":"Oaxaca, en el mapa de trata de personas","author":"grieta","date":"31 julio, 2018","format":false,"excerpt":"Noticias. Oaxaca es \"exportador\" de v\u00edctimas de trata de personas. Miguel Angel, Oaxaque\u00f1os v\u00edctimas de tratas de personas son trasladados, mediante enga\u00f1os, uso de la fuerza, enamoramiento, falsas promesas de empleo o fraudes a estados como Baja California, Sonora, Sinaloa, Ciudad de M\u00e9xico o inclusive Estados Unidos. Lo anterior de\u2026","rel":"","context":"En &quot;CINTILLO&quot;","block_context":{"text":"CINTILLO","link":"http:\/\/www.grieta.org.mx\/index.php\/category\/cintillo\/"},"img":{"alt_text":"","src":"https:\/\/i0.wp.com\/www.grieta.org.mx\/wp-content\/uploads\/2018\/08\/trata-n-310718.jpg?resize=350%2C200","width":350,"height":200,"srcset":"https:\/\/i0.wp.com\/www.grieta.org.mx\/wp-content\/uploads\/2018\/08\/trata-n-310718.jpg?resize=350%2C200 1x, https:\/\/i0.wp.com\/www.grieta.org.mx\/wp-content\/uploads\/2018\/08\/trata-n-310718.jpg?resize=525%2C300 1.5x, https:\/\/i0.wp.com\/www.grieta.org.mx\/wp-content\/uploads\/2018\/08\/trata-n-310718.jpg?resize=700%2C400 2x, https:\/\/i0.wp.com\/www.grieta.org.mx\/wp-content\/uploads\/2018\/08\/trata-n-310718.jpg?resize=1050%2C600 3x"},"classes":[]},{"id":26905,"url":"http:\/\/www.grieta.org.mx\/index.php\/2018\/09\/24\/trata-de-infantes-atrapa-a-oaxaca\/","url_meta":{"origin":33975,"position":3},"title":"Trata de infantes atrapa a Oaxaca","author":"grieta","date":"24 septiembre, 2018","format":false,"excerpt":"Noticias. Citlalli Luciana, Trabajo infantil callejero, una de las variantes de explotaci\u00f3n infantil. El tr\u00e1fico de menores es una realidad en Oaxaca. Informes de la Comisi\u00f3n Nacional de Derechos Humanos (CNDH), cifras del del Sistema Nacional de Seguridad P\u00fablica (SNSP), as\u00ed como investigaciones de organizaciones como la Red de Madres\u2026","rel":"","context":"En &quot;CINTILLO&quot;","block_context":{"text":"CINTILLO","link":"http:\/\/www.grieta.org.mx\/index.php\/category\/cintillo\/"},"img":{"alt_text":"","src":"https:\/\/i0.wp.com\/www.grieta.org.mx\/wp-content\/uploads\/2018\/10\/image_19_285.jpg?resize=350%2C200","width":350,"height":200,"srcset":"https:\/\/i0.wp.com\/www.grieta.org.mx\/wp-content\/uploads\/2018\/10\/image_19_285.jpg?resize=350%2C200 1x, https:\/\/i0.wp.com\/www.grieta.org.mx\/wp-content\/uploads\/2018\/10\/image_19_285.jpg?resize=525%2C300 1.5x, https:\/\/i0.wp.com\/www.grieta.org.mx\/wp-content\/uploads\/2018\/10\/image_19_285.jpg?resize=700%2C400 2x, https:\/\/i0.wp.com\/www.grieta.org.mx\/wp-content\/uploads\/2018\/10\/image_19_285.jpg?resize=1050%2C600 3x"},"classes":[]},{"id":26222,"url":"http:\/\/www.grieta.org.mx\/index.php\/2018\/09\/03\/300-oaxaquenas-desaparecidas-en-menos-de-2-anos-onf\/","url_meta":{"origin":33975,"position":4},"title":"300 oaxaque\u00f1as desaparecidas en menos de 2 a\u00f1os: ONF","author":"grieta","date":"3 septiembre, 2018","format":false,"excerpt":"P\u00e1gna 3. Jaime Guerrero, Oaxaca.- M\u00e1s de 300 mujeres desaparecieron en territorio oaxaque\u00f1o sin dejar rastro en poco menos de dos a\u00f1os. La trata de personas o la captaci\u00f3n por el crimen organizado para la distribuci\u00f3n de drogas, son dos de las realidades en las que pudieran estar inmersas. Mar\u00eda\u2026","rel":"","context":"En &quot;CINTILLO&quot;","block_context":{"text":"CINTILLO","link":"http:\/\/www.grieta.org.mx\/index.php\/category\/cintillo\/"},"img":{"alt_text":"","src":"https:\/\/i0.wp.com\/www.grieta.org.mx\/wp-content\/uploads\/2018\/09\/desaparecidos-Oax.jpg?resize=350%2C200","width":350,"height":200,"srcset":"https:\/\/i0.wp.com\/www.grieta.org.mx\/wp-content\/uploads\/2018\/09\/desaparecidos-Oax.jpg?resize=350%2C200 1x, https:\/\/i0.wp.com\/www.grieta.org.mx\/wp-content\/uploads\/2018\/09\/desaparecidos-Oax.jpg?resize=525%2C300 1.5x"},"classes":[]},{"id":63337,"url":"http:\/\/www.grieta.org.mx\/index.php\/2022\/02\/07\/suman-600-mujeres-asesinadas-durante-el-gobierno-de-alejandro-murat-en-oaxaca\/","url_meta":{"origin":33975,"position":5},"title":"Suman 600 mujeres asesinadas durante el gobierno de Alejandro Murat en Oaxaca","author":"grieta","date":"7 febrero, 2022","format":false,"excerpt":"Proceso \/ Pedro Mat\u00edas. Violencia. El fin de semana muri\u00f3 una menor de tres a\u00f1os. Foto: Benjam\u00edn Flores. OAXACA, Oax. (apro).- Con las ejecuciones de Arcenia V. S.., Valentina V. S. y Dayana P. V. de 34, 36 y 3 a\u00f1os de edad, respectivamente, suman 600 las mujeres asesinadas en\u2026","rel":"","context":"En &quot;CINTILLO&quot;","block_context":{"text":"CINTILLO","link":"http:\/\/www.grieta.org.mx\/index.php\/category\/cintillo\/"},"img":{"alt_text":"","src":"https:\/\/i0.wp.com\/www.grieta.org.mx\/wp-content\/uploads\/2022\/02\/1.jpg?resize=350%2C200","width":350,"height":200,"srcset":"https:\/\/i0.wp.com\/www.grieta.org.mx\/wp-content\/uploads\/2022\/02\/1.jpg?resize=350%2C200 1x, https:\/\/i0.wp.com\/www.grieta.org.mx\/wp-content\/uploads\/2022\/02\/1.jpg?resize=525%2C300 1.5x, https:\/\/i0.wp.com\/www.grieta.org.mx\/wp-content\/uploads\/2022\/02\/1.jpg?resize=700%2C400 2x, https:\/\/i0.wp.com\/www.grieta.org.mx\/wp-content\/uploads\/2022\/02\/1.jpg?resize=1050%2C600 3x, https:\/\/i0.wp.com\/www.grieta.org.mx\/wp-content\/uploads\/2022\/02\/1.jpg?resize=1400%2C800 4x"},"classes":[]}],"_links":{"self":[{"href":"http:\/\/www.grieta.org.mx\/index.php\/wp-json\/wp\/v2\/posts\/33975","targetHints":{"allow":["GET"]}}],"collection":[{"href":"http:\/\/www.grieta.org.mx\/index.php\/wp-json\/wp\/v2\/posts"}],"about":[{"href":"http:\/\/www.grieta.org.mx\/index.php\/wp-json\/wp\/v2\/types\/post"}],"author":[{"embeddable":true,"href":"http:\/\/www.grieta.org.mx\/index.php\/wp-json\/wp\/v2\/users\/2"}],"replies":[{"embeddable":true,"href":"http:\/\/www.grieta.org.mx\/index.php\/wp-json\/wp\/v2\/comments?post=33975"}],"version-history":[{"count":1,"href":"http:\/\/www.grieta.org.mx\/index.php\/wp-json\/wp\/v2\/posts\/33975\/revisions"}],"predecessor-version":[{"id":33977,"href":"http:\/\/www.grieta.org.mx\/index.php\/wp-json\/wp\/v2\/posts\/33975\/revisions\/33977"}],"wp:featuredmedia":[{"embeddable":true,"href":"http:\/\/www.grieta.org.mx\/index.php\/wp-json\/wp\/v2\/media\/33976"}],"wp:attachment":[{"href":"http:\/\/www.grieta.org.mx\/index.php\/wp-json\/wp\/v2\/media?parent=33975"}],"wp:term":[{"taxonomy":"category","embeddable":true,"href":"http:\/\/www.grieta.org.mx\/index.php\/wp-json\/wp\/v2\/categories?post=33975"},{"taxonomy":"post_tag","embeddable":true,"href":"http:\/\/www.grieta.org.mx\/index.php\/wp-json\/wp\/v2\/tags?post=33975"}],"curies":[{"name":"wp","href":"https:\/\/api.w.org\/{rel}","templated":true}]}}