{"id":33935,"date":"2019-05-20T23:45:59","date_gmt":"2019-05-21T04:45:59","guid":{"rendered":"http:\/\/www.grieta.org.mx\/?p=33935"},"modified":"2019-05-27T23:51:26","modified_gmt":"2019-05-28T04:51:26","slug":"preocupa-reduccion-presupuestal-en-salud-a-derechohabientes-de-nl-nuevo-leon","status":"publish","type":"post","link":"http:\/\/www.grieta.org.mx\/index.php\/2019\/05\/20\/preocupa-reduccion-presupuestal-en-salud-a-derechohabientes-de-nl-nuevo-leon\/","title":{"rendered":"Preocupa reducci\u00f3n presupuestal en salud a derechohabientes de NL (Nuevo Le\u00f3n)"},"content":{"rendered":"<p><img loading=\"lazy\" decoding=\"async\" data-attachment-id=\"33936\" data-permalink=\"http:\/\/www.grieta.org.mx\/index.php\/2019\/05\/20\/preocupa-reduccion-presupuestal-en-salud-a-derechohabientes-de-nl-nuevo-leon\/preocupa-reduccion-presupuestal-en-salud-a-derechohabientes-de-nl-may\/\" data-orig-file=\"http:\/\/www.grieta.org.mx\/wp-content\/uploads\/2019\/05\/Preocupa-reducci\u00f3n-presupuestal-en-salud-a-derechohabientes-de-NL-may.jpg\" data-orig-size=\"1200,630\" data-comments-opened=\"0\" data-image-meta=\"{&quot;aperture&quot;:&quot;0&quot;,&quot;credit&quot;:&quot;&quot;,&quot;camera&quot;:&quot;&quot;,&quot;caption&quot;:&quot;&quot;,&quot;created_timestamp&quot;:&quot;0&quot;,&quot;copyright&quot;:&quot;&quot;,&quot;focal_length&quot;:&quot;0&quot;,&quot;iso&quot;:&quot;0&quot;,&quot;shutter_speed&quot;:&quot;0&quot;,&quot;title&quot;:&quot;&quot;,&quot;orientation&quot;:&quot;0&quot;}\" data-image-title=\"Preocupa reducci\u00f3n presupuestal en salud a derechohabientes de NL may\" data-image-description=\"\" data-image-caption=\"\" data-medium-file=\"http:\/\/www.grieta.org.mx\/wp-content\/uploads\/2019\/05\/Preocupa-reducci\u00f3n-presupuestal-en-salud-a-derechohabientes-de-NL-may-300x158.jpg\" data-large-file=\"http:\/\/www.grieta.org.mx\/wp-content\/uploads\/2019\/05\/Preocupa-reducci\u00f3n-presupuestal-en-salud-a-derechohabientes-de-NL-may-1024x538.jpg\" class=\"alignleft size-large wp-image-33936\" src=\"http:\/\/www.grieta.org.mx\/wp-content\/uploads\/2019\/05\/Preocupa-reducci\u00f3n-presupuestal-en-salud-a-derechohabientes-de-NL-may-1024x538.jpg\" alt=\"\" width=\"1024\" height=\"538\" srcset=\"http:\/\/www.grieta.org.mx\/wp-content\/uploads\/2019\/05\/Preocupa-reducci\u00f3n-presupuestal-en-salud-a-derechohabientes-de-NL-may-1024x538.jpg 1024w, http:\/\/www.grieta.org.mx\/wp-content\/uploads\/2019\/05\/Preocupa-reducci\u00f3n-presupuestal-en-salud-a-derechohabientes-de-NL-may-300x158.jpg 300w, http:\/\/www.grieta.org.mx\/wp-content\/uploads\/2019\/05\/Preocupa-reducci\u00f3n-presupuestal-en-salud-a-derechohabientes-de-NL-may-768x403.jpg 768w, http:\/\/www.grieta.org.mx\/wp-content\/uploads\/2019\/05\/Preocupa-reducci\u00f3n-presupuestal-en-salud-a-derechohabientes-de-NL-may-952x500.jpg 952w, http:\/\/www.grieta.org.mx\/wp-content\/uploads\/2019\/05\/Preocupa-reducci\u00f3n-presupuestal-en-salud-a-derechohabientes-de-NL-may.jpg 1200w\" sizes=\"auto, (max-width: 1024px) 100vw, 1024px\" \/><br \/>\nFrancisco Z\u00fa\u00f1iga Esquivel \/ Multimedios<\/p>\n<blockquote><p>Los ciudadanos se\u00f1alaron que desde hace tiempo el principal problema al que se enfrentan es la falta de medicamentos y atenci\u00f3n.<\/p><\/blockquote>\n<p>MONTERREY.- Los recortes a los presupuestos de salud seguramente impactar\u00e1n m\u00e1s lo que ya est\u00e1 bastante afectado, consideraron derechohabientes de los hospitales p\u00fablicos, quienes se\u00f1alaron que desde hace tiempo se ha dado falta de mantenimiento y sobretodo, desabasto de medicamentos.<\/p>\n<p>Entrevistados a la afueras de varios hospitales, los ciudadanos consideraron que la reducci\u00f3n presupuestal acabar\u00e1 m\u00e1s el servicio.<\/p>\n<p>El principal problema, dijo la gente, es la falta de medicamentos, porque muchas veces van a surtir en farmacia, y no tienen.<\/p>\n<p>Pero tambi\u00e9n se refleja en que por la falta de personal, las instalaciones no recibe mantenimiento adecuado.<\/p>\n<p>Sin embargo, coincidieron los entrevistados, ante la falta de recursos para un hospital privado, la mayor\u00eda de la poblaci\u00f3n tendr\u00e1 que aguantar lo que pase.<\/p>\n<p><a href=\"https:\/\/www.multimedios.com\/local\/preocupa-reduccion-presupuestal-en-salud-derechohabientes-de-nl\" target=\"_blank\" rel=\"noopener noreferrer\">https:\/\/www.multimedios.com\/local\/preocupa-reduccion-presupuestal-en-salud-derechohabientes-de-nl<\/a><\/p>\n","protected":false},"excerpt":{"rendered":"<p>Francisco Z\u00fa\u00f1iga Esquivel \/ Multimedios Los ciudadanos se\u00f1alaron que desde hace tiempo el principal problema al que se enfrentan es la falta de medicamentos y atenci\u00f3n. MONTERREY.- Los recortes a &hellip; <a href=\"http:\/\/www.grieta.org.mx\/index.php\/2019\/05\/20\/preocupa-reduccion-presupuestal-en-salud-a-derechohabientes-de-nl-nuevo-leon\/\" class=\"more-link\">Leer m\u00e1s<\/a><\/p>\n","protected":false},"author":2,"featured_media":33936,"comment_status":"closed","ping_status":"closed","sticky":false,"template":"","format":"standard","meta":{"ngg_post_thumbnail":0,"_jetpack_newsletter_access":"","_jetpack_dont_email_post_to_subs":false,"_jetpack_newsletter_tier_id":0,"_jetpack_memberships_contains_paywalled_content":false,"_jetpack_memberships_contains_paid_content":false,"footnotes":""},"categories":[80,2499,2,24],"tags":[2367,2366,2369,2576],"class_list":["post-33935","post","type-post","status-publish","format-standard","has-post-thumbnail","hentry","category-cintillo","category-crisis-del-sector-salud-en-nuevo-leon","category-noticias-nacionales","category-nuevo-leon","tag-crisis-en-el-sector-salud","tag-desabasto-de-medicinas","tag-recortes-presupuestales-federales","tag-reduccion-de-presupuesto-al-sector-salud","entry"],"jetpack_featured_media_url":"http:\/\/www.grieta.org.mx\/wp-content\/uploads\/2019\/05\/Preocupa-reducci\u00f3n-presupuestal-en-salud-a-derechohabientes-de-NL-may.jpg","jetpack_sharing_enabled":true,"jetpack_shortlink":"https:\/\/wp.me\/p7ZJR4-8Pl","jetpack_likes_enabled":false,"jetpack-related-posts":[{"id":33846,"url":"http:\/\/www.grieta.org.mx\/index.php\/2019\/05\/22\/24-estados-en-crisis-de-doctores-y-medicamentos-en-el-issste-entre-ellos-colima\/","url_meta":{"origin":33935,"position":0},"title":"24 estados en crisis de doctores y medicamentos en el ISSSTE; entre ellos Colima","author":"grieta","date":"22 mayo, 2019","format":false,"excerpt":"CN COLIMANOTICIAS, 22 de mayo de 2019 M\u00e9xico.- Las afectaciones por los recortes al presupuesto del sector salud, que incluyen falta de m\u00e9dicos y enfermeras, escasez de medicamentos, reducci\u00f3n de apoyos a pasantes e incluso la cancelaci\u00f3n de aire acondicionado, se han extendido ya a hospitales de 24 estados, entre\u2026","rel":"","context":"En &quot;Baja California Sur&quot;","block_context":{"text":"Baja California Sur","link":"http:\/\/www.grieta.org.mx\/index.php\/category\/noticias-nacionales\/baja-california-sur\/"},"img":{"alt_text":"","src":"https:\/\/i0.wp.com\/www.grieta.org.mx\/wp-content\/uploads\/2019\/05\/directColimaNoticias.jpg?resize=350%2C200","width":350,"height":200,"srcset":"https:\/\/i0.wp.com\/www.grieta.org.mx\/wp-content\/uploads\/2019\/05\/directColimaNoticias.jpg?resize=350%2C200 1x, https:\/\/i0.wp.com\/www.grieta.org.mx\/wp-content\/uploads\/2019\/05\/directColimaNoticias.jpg?resize=525%2C300 1.5x, https:\/\/i0.wp.com\/www.grieta.org.mx\/wp-content\/uploads\/2019\/05\/directColimaNoticias.jpg?resize=700%2C400 2x"},"classes":[]},{"id":33821,"url":"http:\/\/www.grieta.org.mx\/index.php\/2019\/05\/22\/por-recorte-presupuestal-hay-pocos-medicos-y-medicinas-en-24-estados\/","url_meta":{"origin":33935,"position":1},"title":"Por recorte presupuestal hay pocos m\u00e9dicos y medicinas en 24 estados","author":"grieta","date":"22 mayo, 2019","format":false,"excerpt":"Marchas de m\u00e9dicos residentes, renuncia del director y desabasto de medicamentos en el pa\u00eds \u00bfQu\u00e9 pasa en el sector salud? Karen \/ Plumas At\u00f3micas En los \u00faltimos d\u00edas se han dado a conocer las diversas consecuencias acerca de los recortes de presupuesto en el sector salud.\u00a0La m\u00e1s cr\u00edtica es el\u2026","rel":"","context":"En &quot;CINTILLO&quot;","block_context":{"text":"CINTILLO","link":"http:\/\/www.grieta.org.mx\/index.php\/category\/cintillo\/"},"img":{"alt_text":"","src":"https:\/\/i0.wp.com\/www.grieta.org.mx\/wp-content\/uploads\/2019\/05\/desabasto-de-medicamentos.jpeg?resize=350%2C200","width":350,"height":200,"srcset":"https:\/\/i0.wp.com\/www.grieta.org.mx\/wp-content\/uploads\/2019\/05\/desabasto-de-medicamentos.jpeg?resize=350%2C200 1x, https:\/\/i0.wp.com\/www.grieta.org.mx\/wp-content\/uploads\/2019\/05\/desabasto-de-medicamentos.jpeg?resize=525%2C300 1.5x, https:\/\/i0.wp.com\/www.grieta.org.mx\/wp-content\/uploads\/2019\/05\/desabasto-de-medicamentos.jpeg?resize=700%2C400 2x, https:\/\/i0.wp.com\/www.grieta.org.mx\/wp-content\/uploads\/2019\/05\/desabasto-de-medicamentos.jpeg?resize=1050%2C600 3x"},"classes":[]},{"id":33950,"url":"http:\/\/www.grieta.org.mx\/index.php\/2019\/05\/24\/recortes-austeros-afectan-al-issste-en-mazatlan-sinaloa\/","url_meta":{"origin":33935,"position":2},"title":"Recortes austeros afectan al ISSSTE en Mazatl\u00e1n (Sinaloa)","author":"grieta","date":"24 mayo, 2019","format":false,"excerpt":"Durante la ma\u00f1ana del viernes decenas de trabajadores se manifestaron para exigir se d\u00e9 cobertura a pagos atrasados acumulados desde el 2018 Scarlett Nordahl \/ El Sol de Sinaloa Mazatl\u00e1n,\u00a0Sinaloa.- La ma\u00f1ana del viernes\u00a0trabajadores suplentes\u00a0se manifestaron a las afueras de la\u00a0Cl\u00ednica Hospital del Instituto de Seguridad y Servicios Sociales\u00a0de los\u00a0Trabajadores\u00a0del\u2026","rel":"","context":"En &quot;CINTILLO&quot;","block_context":{"text":"CINTILLO","link":"http:\/\/www.grieta.org.mx\/index.php\/category\/cintillo\/"},"img":{"alt_text":"","src":"https:\/\/i0.wp.com\/www.grieta.org.mx\/wp-content\/uploads\/2019\/05\/Salud-Sinaloa-2.jpeg?resize=350%2C200","width":350,"height":200,"srcset":"https:\/\/i0.wp.com\/www.grieta.org.mx\/wp-content\/uploads\/2019\/05\/Salud-Sinaloa-2.jpeg?resize=350%2C200 1x, https:\/\/i0.wp.com\/www.grieta.org.mx\/wp-content\/uploads\/2019\/05\/Salud-Sinaloa-2.jpeg?resize=525%2C300 1.5x"},"classes":[]},{"id":51685,"url":"http:\/\/www.grieta.org.mx\/index.php\/2020\/07\/06\/issste-colima-con-desabasto-del-55-en-medicamentos-colima\/","url_meta":{"origin":33935,"position":3},"title":"ISSSTE Colima con desabasto del 55 % en medicamentos (Colima)","author":"grieta","date":"6 julio, 2020","format":false,"excerpt":"Foto: Ecos de la Costa Infoecos \/ Ecos de la Costa Derechohabientes del ISSSTE en Colima se quejan del desabasto de medicamentos que persiste en el sistema de salud hasta en un 55% en el cuadro b\u00e1sico, lo cual consideran como una afrenta grave por parte de las autoridades delegacionales\u2026","rel":"","context":"En &quot;CINTILLO&quot;","block_context":{"text":"CINTILLO","link":"http:\/\/www.grieta.org.mx\/index.php\/category\/cintillo\/"},"img":{"alt_text":"","src":"https:\/\/i0.wp.com\/www.grieta.org.mx\/wp-content\/uploads\/2020\/07\/p1f1.jpeg?resize=350%2C200","width":350,"height":200,"srcset":"https:\/\/i0.wp.com\/www.grieta.org.mx\/wp-content\/uploads\/2020\/07\/p1f1.jpeg?resize=350%2C200 1x, https:\/\/i0.wp.com\/www.grieta.org.mx\/wp-content\/uploads\/2020\/07\/p1f1.jpeg?resize=525%2C300 1.5x, https:\/\/i0.wp.com\/www.grieta.org.mx\/wp-content\/uploads\/2020\/07\/p1f1.jpeg?resize=700%2C400 2x"},"classes":[]},{"id":31944,"url":"http:\/\/www.grieta.org.mx\/index.php\/2019\/04\/09\/sin-resolver-problema-de-desabasto-de-medicinas-en-hospitales-de-sinaloa\/","url_meta":{"origin":33935,"position":4},"title":"Sin resolver problema de desabasto de medicinas en hospitales de Sinaloa","author":"grieta","date":"9 abril, 2019","format":false,"excerpt":"\u00c1reas de farmacias de hospitales\u00a0y centros de salud mantienen los estands sin medicamentos en Sinaloa Mar\u00eda Elizalde \/ El Debate Culiac\u00e1n, Sinaloa.- En un recorrido por centros de salud y hospitales del municipio de Culiac\u00e1n se detect\u00f3 que, a pesar de que se anunci\u00f3 que se est\u00e1n realizando la distribuci\u00f3n\u2026","rel":"","context":"En &quot;CINTILLO&quot;","block_context":{"text":"CINTILLO","link":"http:\/\/www.grieta.org.mx\/index.php\/category\/cintillo\/"},"img":{"alt_text":"","src":"https:\/\/i0.wp.com\/www.grieta.org.mx\/wp-content\/uploads\/2019\/04\/sin_resolver_problema_de_desabasto_de_medicinas_en_hospitales_de_sinaloa.jpg_1727466156.jpg?resize=350%2C200","width":350,"height":200,"srcset":"https:\/\/i0.wp.com\/www.grieta.org.mx\/wp-content\/uploads\/2019\/04\/sin_resolver_problema_de_desabasto_de_medicinas_en_hospitales_de_sinaloa.jpg_1727466156.jpg?resize=350%2C200 1x, https:\/\/i0.wp.com\/www.grieta.org.mx\/wp-content\/uploads\/2019\/04\/sin_resolver_problema_de_desabasto_de_medicinas_en_hospitales_de_sinaloa.jpg_1727466156.jpg?resize=525%2C300 1.5x, https:\/\/i0.wp.com\/www.grieta.org.mx\/wp-content\/uploads\/2019\/04\/sin_resolver_problema_de_desabasto_de_medicinas_en_hospitales_de_sinaloa.jpg_1727466156.jpg?resize=700%2C400 2x"},"classes":[]},{"id":43807,"url":"http:\/\/www.grieta.org.mx\/index.php\/2020\/01\/24\/hay-desabasto-de-medicamentos-para-la-atencion-de-cancer-infantil-jalisco\/","url_meta":{"origin":33935,"position":5},"title":"Hay desabasto de medicamentos para la atenci\u00f3n de c\u00e1ncer infantil  (Jalisco)","author":"grieta","date":"24 enero, 2020","format":false,"excerpt":"Foto: Francisco Rodr\u00edguez \/ El Occidental Isaura L\u00f3pez \/ El Occidental Se lleg\u00f3 el d\u00eda que organizaciones civiles en Jalisco que velan por la salud de ni\u00f1as, ni\u00f1os y adolescentes con c\u00e1ncer tem\u00edan. En el Hospital General de Occidente (HGO) conocido como Zoquipan y en el Nuevo Hospital Civil de\u2026","rel":"","context":"En &quot;CINTILLO&quot;","block_context":{"text":"CINTILLO","link":"http:\/\/www.grieta.org.mx\/index.php\/category\/cintillo\/"},"img":{"alt_text":"","src":"https:\/\/i0.wp.com\/www.grieta.org.mx\/wp-content\/uploads\/2020\/02\/sin-seguro-popular-2.jpeg?resize=350%2C200","width":350,"height":200,"srcset":"https:\/\/i0.wp.com\/www.grieta.org.mx\/wp-content\/uploads\/2020\/02\/sin-seguro-popular-2.jpeg?resize=350%2C200 1x, https:\/\/i0.wp.com\/www.grieta.org.mx\/wp-content\/uploads\/2020\/02\/sin-seguro-popular-2.jpeg?resize=525%2C300 1.5x, https:\/\/i0.wp.com\/www.grieta.org.mx\/wp-content\/uploads\/2020\/02\/sin-seguro-popular-2.jpeg?resize=700%2C400 2x"},"classes":[]}],"_links":{"self":[{"href":"http:\/\/www.grieta.org.mx\/index.php\/wp-json\/wp\/v2\/posts\/33935","targetHints":{"allow":["GET"]}}],"collection":[{"href":"http:\/\/www.grieta.org.mx\/index.php\/wp-json\/wp\/v2\/posts"}],"about":[{"href":"http:\/\/www.grieta.org.mx\/index.php\/wp-json\/wp\/v2\/types\/post"}],"author":[{"embeddable":true,"href":"http:\/\/www.grieta.org.mx\/index.php\/wp-json\/wp\/v2\/users\/2"}],"replies":[{"embeddable":true,"href":"http:\/\/www.grieta.org.mx\/index.php\/wp-json\/wp\/v2\/comments?post=33935"}],"version-history":[{"count":1,"href":"http:\/\/www.grieta.org.mx\/index.php\/wp-json\/wp\/v2\/posts\/33935\/revisions"}],"predecessor-version":[{"id":33937,"href":"http:\/\/www.grieta.org.mx\/index.php\/wp-json\/wp\/v2\/posts\/33935\/revisions\/33937"}],"wp:featuredmedia":[{"embeddable":true,"href":"http:\/\/www.grieta.org.mx\/index.php\/wp-json\/wp\/v2\/media\/33936"}],"wp:attachment":[{"href":"http:\/\/www.grieta.org.mx\/index.php\/wp-json\/wp\/v2\/media?parent=33935"}],"wp:term":[{"taxonomy":"category","embeddable":true,"href":"http:\/\/www.grieta.org.mx\/index.php\/wp-json\/wp\/v2\/categories?post=33935"},{"taxonomy":"post_tag","embeddable":true,"href":"http:\/\/www.grieta.org.mx\/index.php\/wp-json\/wp\/v2\/tags?post=33935"}],"curies":[{"name":"wp","href":"https:\/\/api.w.org\/{rel}","templated":true}]}}