{"id":3392,"date":"2015-03-16T19:31:06","date_gmt":"2015-03-16T19:31:06","guid":{"rendered":"http:\/\/50.22.11.12\/~grietaor\/?p=3392"},"modified":"2016-03-14T19:32:45","modified_gmt":"2016-03-14T19:32:45","slug":"denuncian-a-edil-interino-de-tecamac-por-amenazas-a-frente-de-vivienda-digna","status":"publish","type":"post","link":"http:\/\/www.grieta.org.mx\/index.php\/2015\/03\/16\/denuncian-a-edil-interino-de-tecamac-por-amenazas-a-frente-de-vivienda-digna\/","title":{"rendered":"Denuncian a edil interino de Tec\u00e1mac por amenazas a Frente de Vivienda Digna"},"content":{"rendered":"<p>Alfredo M\u00e9ndez<\/p>\n<p>M\u00e9xico, DF. Integrantes del Frente Mexiquense en Defensa de una Vivienda Digna (FMDVD) \u2013asociaci\u00f3n que representa legalmente a mas de mil afectados con la adquisici\u00f3n de cr\u00e9ditos de vivienda de inter\u00e9s social\u2013 responsabilizaron este lunes al alcalde interino de Tec\u00e1mac, estado de M\u00e9xico, Vicente Urbina Bedolla, y a su secretario de Seguridad P\u00fablica municipal, el veterinario Carlos Medina Olivarez, de \u201cmandar golpeadores\u201d para amedrentar a los miembros del frente, y de haber ordenado \u201cinvasiones ilegales\u201d de varias casas ubicadas en los conjuntos habitacionales construidos por la viviendera Geo.<\/p>\n<p>En conferencia de prensa, Jos\u00e9 Humbertus P\u00e9rez Espinoza, vocero y representante legal del FMDVD inform\u00f3 que por esos hechos ya fue presentada la queja CODHEM\/TOL\/191\/2015, ante la Comisi\u00f3n de Derechos Humanos del estado de M\u00e9xico (CODHEM), por violaci\u00f3n a derechos fundamentales de varios integrantes del frente.<\/p>\n<p>\u201cDesde que tom\u00f3 posesi\u00f3n como secretario del ayuntamiento y presiente interino de Tec\u00e1mac la agresi\u00f3n y la violencia en contra de un servidor y de la gente que integra el Frente Mexiquense, se han incrementado. Es claro que despu\u00e9s de los esc\u00e1ndalos transmitidos en el programa de televisi\u00f3n Punto de Partida, al gobernador del estado de M\u00e9xico Eruviel \u00c1vila Villegas no le import\u00f3 el comportamiento de los hermanos Aar\u00f3n Urbina Bedolla y Vicente Urbina Bedolla\u201d, dijo P\u00e9rez Espinoza.<\/p>\n<p>Agreg\u00f3 que el pasado 3 de marzo \u201cpresentamos la queja ante la CODHEM, y dentro de mi declaraci\u00f3n de esa fecha se\u00f1ale la forma como la polic\u00eda municipal de Tec\u00e1mac, y de manera concreta el veterinario Carlos Medina Olivares, quien lleva 3 administraciones d\u00e1ndole protecci\u00f3n a bandas del crimen organizado, ha estado ordenando operativos para invadir los conjuntos habitacionales ubicados en esa demarcaci\u00f3n, tal como sucedi\u00f3 en el conjunto habitacional de Villa del Real y Real del Sol, donde los golpeadores e invasores de las casas siempre fueron protegidos por los miembros de la polic\u00eda municipal de Tec\u00e1mac\u201d.<\/p>\n<p>Durante la rueda de medios, efectuada en un hotel del Distrito Federal, el vocero del frente dijo que los invasores de viviendas \u201chan comentado de manera c\u00ednica y deshonesta que nunca se podr\u00e1n detener las invasiones ni a los invasores, porque cuentan con la protecci\u00f3n del la polic\u00eda municipal de Tec\u00e1mac y que en cada operativo para apoyar las invasiones se le entregan a Carlos Olivares Medina la cantidad de 20 mil a 30 mil pesos por cada invasi\u00f3n\u201d.<\/p>\n<p>A\u00f1adi\u00f3 que \u201ccuando los invasores llegan y abren las puertas de las casas vac\u00edas los vecinos, a petici\u00f3n de parte, solicitan la intervenci\u00f3n de la polic\u00eda municipal y los integrantes de la corporaci\u00f3n policiaca se\u00f1alan que no pueden presentar ante el agente del Ministerio P\u00fablico de Tec\u00e1mac a los presuntos delincuentes, no obstante que los delitos se est\u00e1n dando en el momento y en flagrancia.<\/p>\n<p>\u201cCuando recurrimos ante el agente del Ministerio P\u00fablico de Tec\u00e1mac por las casas vac\u00edas que han sido invadidas por estos delincuentes, la autoridad ministerial no toma en cuenta a los verdaderos titulares de los inmuebles e inclusive cuando se acreditan los contratos de compra venta y de cr\u00e9dito con inter\u00e9s y garant\u00eda hipotecaria, la representaci\u00f3n social se\u00f1ala que no se configura el delito de despojo e inclusive afirman que los afectados tendr\u00e1n que recurrir a la v\u00eda civil para reclamar a recuperaci\u00f3n del inmueble, cuando estos actos delictivos se pueden evitar para que los invasores no cometan el despojo. Existen miles de casas invadidas en el municipio de Tec\u00e1mac, y afirmamos que estos actos se concretan por la protecci\u00f3n que les otorga el jefe de la polic\u00eda Carlos Medina Olivares\u201d.<\/p>\n<p>Por ejemplo, P\u00e9rez Espinoza cont\u00f3 que la tarde-noche del pasado jueves 12 de marzo \u201cse invadi\u00f3 la casa 19 de la Privada Laredo en el Conjunto Habitacional Villa del Real Sexta Secci\u00f3n, ubicada en Tec\u00e1mac, y los invasores, sin acreditar la titularidad de la propiedad, presentaron s\u00f3lo un recibo de pago de impuesto predial y de agua potable, rompieron las barras de seguridad que los integrantes de la privada soldaron en cada puerta de las viviendas deshabitadas, as\u00ed como tambi\u00e9n las cerraduras, y de inmediato los invasores pidieron la intervenci\u00f3n del la polic\u00eda municipal.<\/p>\n<p>\u201cDe manera irresponsable, cuando los polic\u00edas llegaron a las casas invadidas no se llevaron al Ministerio P\u00fablico a los invasores, encabezados por la se\u00f1ora Ana Mar\u00eda Arias Baza, al contrario los invasores se presentaron ante el Ministerio P\u00fablico de Tec\u00e1mac y concretamente la MP del segundo turno, Erika Irene S\u00e1nchez L\u00edra, orden\u00f3 otorgar medidas de seguridad a los invasores y delincuentes que nunca acreditaron con documento id\u00f3neo con el cual demostraran tener el inter\u00e9s legitimo para la posesi\u00f3n de los inmuebles\u201d, dijo el vocero del frente.<\/p>\n<p>P\u00e9rez Espinoza record\u00f3 que el frente mexiquense \u201clogr\u00f3 un gran triunfo jur\u00eddico, en virtud de que el 4 de febrero de 2014 le solicitamos al secretario de Desarrollo Urbano y Metropolitano del estado de M\u00e9xico, Alfredo Torres Mart\u00ednez, que se ejecutaran las fianzas por 249 millones de pesos, para que con estos recursos se terminaran de construir la obras de urbanizaci\u00f3n.<\/p>\n<p>\u201cFue as\u00ed que el pasado 25 de febrero, con el n\u00famero de oficio 224030000\/08\/2015, esa dependencia resolvi\u00f3 a nuestro favor y de las familias que integran el frente en el conjunto habitacional \u201cHacienda del Bosque 3\u00aa Etapa, en el sentido de que se inicie el procedimiento administrativo sancionatorio a la empresa Geo Edificaciones S.A. de C.V., para que una vez determinado los incumplimientos y otorgar la garant\u00eda de audiencia y de no cumplir con lo resolutivos de este procedimiento, se inicie la reclamaci\u00f3n de la fianza correspondiente y acabar de construir las obras de urbanizaci\u00f3n\u201d, finaliz\u00f3 Humbertus P\u00e9rez Espinoza.<\/p>\n<p><a href=\"http:\/\/www.jornada.unam.mx\/ultimas\/2015\/03\/16\/denuncian-a-edil-interino-de-tecamac-por-amenazas-a-frente-de-vivienda-digna-3512.html\" target=\"_blank\">www.jornada.unam.mx\/ultimas\/2015\/03\/16\/denuncian-a-edil-interino-de-tecamac-por-amenazas-a-frente-de-vivienda-digna-3512.html<\/a><\/p>\n","protected":false},"excerpt":{"rendered":"<p>Alfredo M\u00e9ndez M\u00e9xico, DF. Integrantes del Frente Mexiquense en Defensa de una Vivienda Digna (FMDVD) \u2013asociaci\u00f3n que representa legalmente a mas de mil afectados con la adquisici\u00f3n de cr\u00e9ditos de &hellip; <a href=\"http:\/\/www.grieta.org.mx\/index.php\/2015\/03\/16\/denuncian-a-edil-interino-de-tecamac-por-amenazas-a-frente-de-vivienda-digna\/\" class=\"more-link\">Leer m\u00e1s<\/a><\/p>\n","protected":false},"author":2,"featured_media":21928,"comment_status":"closed","ping_status":"open","sticky":false,"template":"","format":"standard","meta":{"ngg_post_thumbnail":0,"_jetpack_newsletter_access":"","_jetpack_dont_email_post_to_subs":false,"_jetpack_newsletter_tier_id":0,"_jetpack_memberships_contains_paywalled_content":false,"_jetpack_memberships_contains_paid_content":false,"footnotes":""},"categories":[80],"tags":[92,131],"class_list":["post-3392","post","type-post","status-publish","format-standard","has-post-thumbnail","hentry","category-cintillo","tag-estado-de-mexico","tag-presos-politicos","entry"],"jetpack_featured_media_url":"http:\/\/www.grieta.org.mx\/wp-content\/uploads\/2018\/03\/14524434_1106112876131411_958039263622046936_o.jpg","jetpack_sharing_enabled":true,"jetpack_shortlink":"https:\/\/wp.me\/p7ZJR4-SI","jetpack_likes_enabled":false,"jetpack-related-posts":[{"id":3394,"url":"http:\/\/www.grieta.org.mx\/index.php\/2015\/02\/26\/habitantes-del-norte-del-estado-de-mexico-denuncian-estragos-causados-por-las-ciudades-del-bicentenario\/","url_meta":{"origin":3392,"position":0},"title":"Habitantes del norte del Estado de M\u00e9xico denuncian estragos causados por las \u201cCiudades del Bicentenario\u201d","author":"grieta","date":"26 febrero, 2015","format":false,"excerpt":"26\/02\/16. Pide renuncia de procurador del Edomex; lo aprehenden, acusado de roboSomos el Medio 08\/02\/16. Con huelga de hambre, reos de Chiconautla denuncian trato inhumanoProceso 06\/02\/16. Acusan a TSJEM de violar ley por consigna pol\u00edtica?Tres PM 14\/01\/16. Ordenan libertad de Jos\u00e9 Humbertus P\u00e9rez, activista mexiquense de Tec\u00e1macRed-Acci\u00f3n 07\/01\/16. Exigen liberaci\u00f3n\u2026","rel":"","context":"En &quot;Estado de M\u00e9xico&quot;","block_context":{"text":"Estado de M\u00e9xico","link":"http:\/\/www.grieta.org.mx\/index.php\/category\/noticias-nacionales\/estado-de-mexico\/"},"img":{"alt_text":"","src":"https:\/\/i0.wp.com\/www.grieta.org.mx\/wp-content\/uploads\/2018\/03\/14524434_1106112876131411_958039263622046936_o.jpg?resize=350%2C200","width":350,"height":200,"srcset":"https:\/\/i0.wp.com\/www.grieta.org.mx\/wp-content\/uploads\/2018\/03\/14524434_1106112876131411_958039263622046936_o.jpg?resize=350%2C200 1x, https:\/\/i0.wp.com\/www.grieta.org.mx\/wp-content\/uploads\/2018\/03\/14524434_1106112876131411_958039263622046936_o.jpg?resize=525%2C300 1.5x, https:\/\/i0.wp.com\/www.grieta.org.mx\/wp-content\/uploads\/2018\/03\/14524434_1106112876131411_958039263622046936_o.jpg?resize=700%2C400 2x"},"classes":[]},{"id":3357,"url":"http:\/\/www.grieta.org.mx\/index.php\/2016\/01\/14\/ordenan-libertad-de-jose-humbertus-perez-activista-mexiquense-de-tecamac\/","url_meta":{"origin":3392,"position":1},"title":"Ordenan libertad de Jos\u00e9 Humbertus P\u00e9rez, activista mexiquense de Tec\u00e1mac","author":"grieta","date":"14 enero, 2016","format":false,"excerpt":"Jorge Luis Villa Ecatepec de Morelos, M\u00e9x. La jueza de la sala de apelaciones del penal de Chiconautla determin\u00f3 ordenar la inmediata libertad del activista y profesor Jos\u00e9 Humbertus P\u00e9rez Espinosa, dirigente del Frente Mexiquense en Defensa para la Vivienda Digna, AC (FMDVD, informaron sus abogados. Lo anterior fue considerado\u2026","rel":"","context":"En &quot;CINTILLO&quot;","block_context":{"text":"CINTILLO","link":"http:\/\/www.grieta.org.mx\/index.php\/category\/cintillo\/"},"img":{"alt_text":"","src":"https:\/\/i0.wp.com\/www.grieta.org.mx\/wp-content\/uploads\/2018\/03\/14524434_1106112876131411_958039263622046936_o.jpg?resize=350%2C200","width":350,"height":200,"srcset":"https:\/\/i0.wp.com\/www.grieta.org.mx\/wp-content\/uploads\/2018\/03\/14524434_1106112876131411_958039263622046936_o.jpg?resize=350%2C200 1x, https:\/\/i0.wp.com\/www.grieta.org.mx\/wp-content\/uploads\/2018\/03\/14524434_1106112876131411_958039263622046936_o.jpg?resize=525%2C300 1.5x, https:\/\/i0.wp.com\/www.grieta.org.mx\/wp-content\/uploads\/2018\/03\/14524434_1106112876131411_958039263622046936_o.jpg?resize=700%2C400 2x"},"classes":[]},{"id":3383,"url":"http:\/\/www.grieta.org.mx\/index.php\/2015\/10\/15\/denuncian-invasion-de-viviendas-en-tecamac\/","url_meta":{"origin":3392,"position":2},"title":"Denuncian \u201cinvasi\u00f3n\u201d de viviendas en Tec\u00e1mac","author":"grieta","date":"15 octubre, 2015","format":false,"excerpt":"Ecatepec, M\u00e9x.- Vecinos del Villa del Real e integrantes del Frente Mexiquense en Defensa Para Una Vivienda Digna A.C. realizaron una marcha a las oficinas de la sub subsecretar\u00eda del gobierno estatal, ubicadas en el Centro de San Cristobal para denunciar la \u201cinvasi\u00f3n\u201d de 400 viviendas en este conjunto habitacional,\u2026","rel":"","context":"En &quot;CINTILLO&quot;","block_context":{"text":"CINTILLO","link":"http:\/\/www.grieta.org.mx\/index.php\/category\/cintillo\/"},"img":{"alt_text":"","src":"https:\/\/i0.wp.com\/www.grieta.org.mx\/wp-content\/uploads\/2018\/03\/14524434_1106112876131411_958039263622046936_o.jpg?resize=350%2C200","width":350,"height":200,"srcset":"https:\/\/i0.wp.com\/www.grieta.org.mx\/wp-content\/uploads\/2018\/03\/14524434_1106112876131411_958039263622046936_o.jpg?resize=350%2C200 1x, https:\/\/i0.wp.com\/www.grieta.org.mx\/wp-content\/uploads\/2018\/03\/14524434_1106112876131411_958039263622046936_o.jpg?resize=525%2C300 1.5x, https:\/\/i0.wp.com\/www.grieta.org.mx\/wp-content\/uploads\/2018\/03\/14524434_1106112876131411_958039263622046936_o.jpg?resize=700%2C400 2x"},"classes":[]},{"id":3358,"url":"http:\/\/www.grieta.org.mx\/index.php\/2016\/01\/07\/exigen-liberacion-de-jose-humbertus-perez-espinoza\/","url_meta":{"origin":3392,"position":3},"title":"Exigen liberaci\u00f3n de Jos\u00e9 Humbertus P\u00e9rez Espinoza","author":"grieta","date":"7 enero, 2016","format":false,"excerpt":"TOLUCA, M\u00e9xico, 7 de Enero.- El Frente Mexiquense para una Vivienda Digna, A.C., a trav\u00e9s de su secretario general, Humberto Saavedra Flores, exigi\u00f3 la liberaci\u00f3n inmediata de su dirigente, Jos\u00e9 Humbertus P\u00e9rez Espinoza, detenido y vinculado a proceso penal por presunto robo con violencia cometido en una casa. \u201cEn el\u2026","rel":"","context":"En &quot;CINTILLO&quot;","block_context":{"text":"CINTILLO","link":"http:\/\/www.grieta.org.mx\/index.php\/category\/cintillo\/"},"img":{"alt_text":"","src":"https:\/\/i0.wp.com\/www.grieta.org.mx\/wp-content\/uploads\/2018\/03\/14524434_1106112876131411_958039263622046936_o.jpg?resize=350%2C200","width":350,"height":200,"srcset":"https:\/\/i0.wp.com\/www.grieta.org.mx\/wp-content\/uploads\/2018\/03\/14524434_1106112876131411_958039263622046936_o.jpg?resize=350%2C200 1x, https:\/\/i0.wp.com\/www.grieta.org.mx\/wp-content\/uploads\/2018\/03\/14524434_1106112876131411_958039263622046936_o.jpg?resize=525%2C300 1.5x, https:\/\/i0.wp.com\/www.grieta.org.mx\/wp-content\/uploads\/2018\/03\/14524434_1106112876131411_958039263622046936_o.jpg?resize=700%2C400 2x"},"classes":[]},{"id":3418,"url":"http:\/\/www.grieta.org.mx\/index.php\/2016\/02\/26\/pide-renuncia-de-procurador-del-edomex-lo-aprehenden-acusado-de-robo\/","url_meta":{"origin":3392,"position":4},"title":"Pide renuncia de procurador del Edomex; lo aprehenden, acusado de robo","author":"grieta","date":"26 febrero, 2016","format":false,"excerpt":"Perseo Greco El Frente Mexiquense en Defensa para la Vivienda Digna (FMDVD), mediante un comunicado, denunci\u00f3 que su presidente y representante legal Jos\u00e9 Humbertus P\u00e9rez Espinoza, recluido en Chiconautla, protesta por la suspensi\u00f3n de sus medicamentos a pesar de que se encuentra grave. Adem\u00e1s, el director del Centro Preventivo y\u2026","rel":"","context":"En &quot;CINTILLO&quot;","block_context":{"text":"CINTILLO","link":"http:\/\/www.grieta.org.mx\/index.php\/category\/cintillo\/"},"img":{"alt_text":"","src":"https:\/\/i0.wp.com\/www.grieta.org.mx\/wp-content\/uploads\/2018\/03\/14524434_1106112876131411_958039263622046936_o.jpg?resize=350%2C200","width":350,"height":200,"srcset":"https:\/\/i0.wp.com\/www.grieta.org.mx\/wp-content\/uploads\/2018\/03\/14524434_1106112876131411_958039263622046936_o.jpg?resize=350%2C200 1x, https:\/\/i0.wp.com\/www.grieta.org.mx\/wp-content\/uploads\/2018\/03\/14524434_1106112876131411_958039263622046936_o.jpg?resize=525%2C300 1.5x, https:\/\/i0.wp.com\/www.grieta.org.mx\/wp-content\/uploads\/2018\/03\/14524434_1106112876131411_958039263622046936_o.jpg?resize=700%2C400 2x"},"classes":[]},{"id":3382,"url":"http:\/\/www.grieta.org.mx\/index.php\/2015\/11\/05\/encarcelan-a-activista-defensor-de-la-vivienda-digna-en-edomex\/","url_meta":{"origin":3392,"position":5},"title":"Encarcelan a activista defensor de la vivienda digna en Edomex","author":"grieta","date":"5 noviembre, 2015","format":false,"excerpt":"Francisco Medina CHICONAUTLA, ESTADO DE M\u00c9XICO, 5 de noviembre (Al Momento Noticias).- El l\u00edder de la Asociaci\u00f3n civil Frente Mexiquense para la Defensa de una Vivienda Digna, Jos\u00e9 Humbertus P\u00e9rez Espinosa fue detenido este mi\u00e9rcoles por elementos de la polic\u00eda ministerial de estado de M\u00e9xico en cumplimiento a una orden\u2026","rel":"","context":"En &quot;CINTILLO&quot;","block_context":{"text":"CINTILLO","link":"http:\/\/www.grieta.org.mx\/index.php\/category\/cintillo\/"},"img":{"alt_text":"","src":"https:\/\/i0.wp.com\/www.grieta.org.mx\/wp-content\/uploads\/2018\/03\/14524434_1106112876131411_958039263622046936_o.jpg?resize=350%2C200","width":350,"height":200,"srcset":"https:\/\/i0.wp.com\/www.grieta.org.mx\/wp-content\/uploads\/2018\/03\/14524434_1106112876131411_958039263622046936_o.jpg?resize=350%2C200 1x, https:\/\/i0.wp.com\/www.grieta.org.mx\/wp-content\/uploads\/2018\/03\/14524434_1106112876131411_958039263622046936_o.jpg?resize=525%2C300 1.5x, https:\/\/i0.wp.com\/www.grieta.org.mx\/wp-content\/uploads\/2018\/03\/14524434_1106112876131411_958039263622046936_o.jpg?resize=700%2C400 2x"},"classes":[]}],"_links":{"self":[{"href":"http:\/\/www.grieta.org.mx\/index.php\/wp-json\/wp\/v2\/posts\/3392","targetHints":{"allow":["GET"]}}],"collection":[{"href":"http:\/\/www.grieta.org.mx\/index.php\/wp-json\/wp\/v2\/posts"}],"about":[{"href":"http:\/\/www.grieta.org.mx\/index.php\/wp-json\/wp\/v2\/types\/post"}],"author":[{"embeddable":true,"href":"http:\/\/www.grieta.org.mx\/index.php\/wp-json\/wp\/v2\/users\/2"}],"replies":[{"embeddable":true,"href":"http:\/\/www.grieta.org.mx\/index.php\/wp-json\/wp\/v2\/comments?post=3392"}],"version-history":[{"count":1,"href":"http:\/\/www.grieta.org.mx\/index.php\/wp-json\/wp\/v2\/posts\/3392\/revisions"}],"predecessor-version":[{"id":3395,"href":"http:\/\/www.grieta.org.mx\/index.php\/wp-json\/wp\/v2\/posts\/3392\/revisions\/3395"}],"wp:featuredmedia":[{"embeddable":true,"href":"http:\/\/www.grieta.org.mx\/index.php\/wp-json\/wp\/v2\/media\/21928"}],"wp:attachment":[{"href":"http:\/\/www.grieta.org.mx\/index.php\/wp-json\/wp\/v2\/media?parent=3392"}],"wp:term":[{"taxonomy":"category","embeddable":true,"href":"http:\/\/www.grieta.org.mx\/index.php\/wp-json\/wp\/v2\/categories?post=3392"},{"taxonomy":"post_tag","embeddable":true,"href":"http:\/\/www.grieta.org.mx\/index.php\/wp-json\/wp\/v2\/tags?post=3392"}],"curies":[{"name":"wp","href":"https:\/\/api.w.org\/{rel}","templated":true}]}}