{"id":33781,"date":"2019-05-20T20:41:33","date_gmt":"2019-05-21T01:41:33","guid":{"rendered":"http:\/\/www.grieta.org.mx\/?p=33781"},"modified":"2019-05-21T20:51:04","modified_gmt":"2019-05-22T01:51:04","slug":"paro-en-el-issste-si-hay-despidos-campeche","status":"publish","type":"post","link":"http:\/\/www.grieta.org.mx\/index.php\/2019\/05\/20\/paro-en-el-issste-si-hay-despidos-campeche\/","title":{"rendered":"Paro en el Issste si hay despidos (Campeche)"},"content":{"rendered":"<p><img loading=\"lazy\" decoding=\"async\" data-attachment-id=\"33782\" data-permalink=\"http:\/\/www.grieta.org.mx\/index.php\/2019\/05\/20\/paro-en-el-issste-si-hay-despidos-campeche\/issstecampeche\/\" data-orig-file=\"http:\/\/www.grieta.org.mx\/wp-content\/uploads\/2019\/05\/IsssteCampeche.png\" data-orig-size=\"425,356\" data-comments-opened=\"0\" data-image-meta=\"{&quot;aperture&quot;:&quot;0&quot;,&quot;credit&quot;:&quot;&quot;,&quot;camera&quot;:&quot;&quot;,&quot;caption&quot;:&quot;&quot;,&quot;created_timestamp&quot;:&quot;0&quot;,&quot;copyright&quot;:&quot;&quot;,&quot;focal_length&quot;:&quot;0&quot;,&quot;iso&quot;:&quot;0&quot;,&quot;shutter_speed&quot;:&quot;0&quot;,&quot;title&quot;:&quot;&quot;,&quot;orientation&quot;:&quot;0&quot;}\" data-image-title=\"IsssteCampeche\" data-image-description=\"\" data-image-caption=\"\" data-medium-file=\"http:\/\/www.grieta.org.mx\/wp-content\/uploads\/2019\/05\/IsssteCampeche-300x251.png\" data-large-file=\"http:\/\/www.grieta.org.mx\/wp-content\/uploads\/2019\/05\/IsssteCampeche.png\" src=\"http:\/\/www.grieta.org.mx\/wp-content\/uploads\/2019\/05\/IsssteCampeche-300x251.png\" alt=\"\" width=\"300\" height=\"251\" class=\"alignleft size-medium wp-image-33782\" srcset=\"http:\/\/www.grieta.org.mx\/wp-content\/uploads\/2019\/05\/IsssteCampeche-300x251.png 300w, http:\/\/www.grieta.org.mx\/wp-content\/uploads\/2019\/05\/IsssteCampeche.png 425w\" sizes=\"auto, (max-width: 300px) 100vw, 300px\" \/><br \/>\nTribuna<br \/>\nSi es necesario, pararemos labores para defender nuestras fuentes de empleo, advirtieron trabajadores de confianza del Instituto de Seguridad y Servicios Sociales de los Trabajadores del Estado (Issste), ante el anuncio de despido a nivel nacional, que en Campeche afectar\u00e1 a poco m\u00e1s de 100 empleados.<\/p>\n<p>El proyecto federal mantiene los \u00e1nimos exacerbados, trascendi\u00f3 tras una reuni\u00f3n en esta entidad, donde los involucrados recriminaron a la administraci\u00f3n del presidente morenista Andr\u00e9s Manuel L\u00f3pez Obrador, su pol\u00edtica de desmantelamiento de las instituciones de Gobierno, que deja sin sustento a miles de familias.<\/p>\n<p>\u00bfAcaso con este tipo de decisiones pretende la autoridad federal impulsar el desarrollo, la estabilidad y el bienestar de las familias mexicanas?, se preguntan los inconformes con la medida, y dicen estar decepcionados con lo que califican como mentira, enga\u00f1o y traici\u00f3n, contrario al slogan de campa\u00f1a.<\/p>\n<p>Hay preocupaci\u00f3n por nuestro futuro y el de nuestros hijos, y sentimos impotencia al ver que L\u00f3pez Obrador regala el dinero p\u00fablico en actividades improductivas, con lo que fomenta la pereza, como es el caso de los ninis.<\/p>\n<p>Se supo igualmente que, por el momento, las autoridades de la Delegaci\u00f3n Campeche del Issste han pedido prudencia al personal, en tanto no exista confirmaci\u00f3n de despido de trabajadores de confianza, pero ante decisiones como la cancelaci\u00f3n de apoyos a las estancias infantiles, que dej\u00f3 miles de desempleados y centenares de madres trabajadoras sin espacios para el cuidado de sus hijos, los afectados consideraron prudente cerrar filas para defenderse.<\/p>\n<p><a href=\"http:\/\/tribunacampeche.com\/local\/2019\/05\/20\/paro-en-el-issste-si-hay-despidos\/\" rel=\"noopener noreferrer\" target=\"_blank\">http:\/\/tribunacampeche.com\/local\/2019\/05\/20\/paro-en-el-issste-si-hay-despidos\/<\/a><\/p>\n","protected":false},"excerpt":{"rendered":"<p>Tribuna Si es necesario, pararemos labores para defender nuestras fuentes de empleo, advirtieron trabajadores de confianza del Instituto de Seguridad y Servicios Sociales de los Trabajadores del Estado (Issste), ante &hellip; <a href=\"http:\/\/www.grieta.org.mx\/index.php\/2019\/05\/20\/paro-en-el-issste-si-hay-despidos-campeche\/\" class=\"more-link\">Leer m\u00e1s<\/a><\/p>\n","protected":false},"author":2,"featured_media":33782,"comment_status":"closed","ping_status":"closed","sticky":false,"template":"","format":"standard","meta":{"ngg_post_thumbnail":0,"_jetpack_newsletter_access":"","_jetpack_dont_email_post_to_subs":false,"_jetpack_newsletter_tier_id":0,"_jetpack_memberships_contains_paywalled_content":false,"_jetpack_memberships_contains_paid_content":false,"footnotes":""},"categories":[11,80,1040,918,1085,2,83],"tags":[163,492],"class_list":["post-33781","post","type-post","status-publish","format-standard","has-post-thumbnail","hentry","category-campeche","category-cintillo","category-conflictos-laborales-en-campeche","category-privatizacion-del-sector-salud","category-desmantelamiento-del-sector-salud-en-campeche","category-noticias-nacionales","category-temas-nacionales","tag-despidos","tag-issste","entry"],"jetpack_featured_media_url":"http:\/\/www.grieta.org.mx\/wp-content\/uploads\/2019\/05\/IsssteCampeche.png","jetpack_sharing_enabled":true,"jetpack_shortlink":"https:\/\/wp.me\/p7ZJR4-8MR","jetpack_likes_enabled":false,"jetpack-related-posts":[{"id":41232,"url":"http:\/\/www.grieta.org.mx\/index.php\/2019\/11\/16\/mal-fin-a-trabajadores-del-issste-campeche\/","url_meta":{"origin":33781,"position":0},"title":"\u201cMal Fin\u201d a trabajadores del Issste (Campeche)","author":"grieta","date":"16 noviembre, 2019","format":false,"excerpt":"Karina G\u00f3mez \/ Fotos: Lucio Blanco \/ PorEsto! No les depositaron parte de sus aguinaldos prevista en el marco del \u201cBuen Fin\u201d \/ Se sumaron a la protesta nacional \/ Es la \u00fanica instituci\u00f3n que no erog\u00f3 los recursos \/ Encuentran ac\u00e9fala la delegaci\u00f3n de Campeche M\u00e1s de 700 trabajadores\u2026","rel":"","context":"En &quot;Campeche&quot;","block_context":{"text":"Campeche","link":"http:\/\/www.grieta.org.mx\/index.php\/category\/noticias-nacionales\/campeche\/"},"img":{"alt_text":"","src":"https:\/\/i0.wp.com\/www.grieta.org.mx\/wp-content\/uploads\/2019\/11\/15SITE1.jpg?resize=350%2C200","width":350,"height":200,"srcset":"https:\/\/i0.wp.com\/www.grieta.org.mx\/wp-content\/uploads\/2019\/11\/15SITE1.jpg?resize=350%2C200 1x, https:\/\/i0.wp.com\/www.grieta.org.mx\/wp-content\/uploads\/2019\/11\/15SITE1.jpg?resize=525%2C300 1.5x, https:\/\/i0.wp.com\/www.grieta.org.mx\/wp-content\/uploads\/2019\/11\/15SITE1.jpg?resize=700%2C400 2x"},"classes":[]},{"id":69128,"url":"http:\/\/www.grieta.org.mx\/index.php\/2024\/05\/31\/trabajadores-del-imss-centro-realizan-planton-por-malas-condiciones-del-hospital-campeche\/","url_meta":{"origin":33781,"position":1},"title":"Trabajadores del IMSS centro realizan plant\u00f3n por malas condiciones del Hospital (Campeche)","author":"grieta","date":"31 mayo, 2024","format":false,"excerpt":"JR \/ La I Noticias Trabajadores del IMSS aseguran que llevan m\u00e1s de un a\u00f1os esperando la finalizaci\u00f3n de la remodelaci\u00f3n del hospital CAMPECHE.- Con gritos \u201cHospital nuevo\u201d, trabajadores se manifestaron a las afueras del IMSS del Centro con el prop\u00f3sito de exigir mejores condiciones de trabajo. Esta ma\u00f1ana un\u2026","rel":"","context":"En &quot;Campeche&quot;","block_context":{"text":"Campeche","link":"http:\/\/www.grieta.org.mx\/index.php\/category\/noticias-nacionales\/campeche\/"},"img":{"alt_text":"","src":"https:\/\/i0.wp.com\/www.grieta.org.mx\/wp-content\/uploads\/2024\/06\/ImssCampeche-e1718049949437.jpg?resize=350%2C200","width":350,"height":200,"srcset":"https:\/\/i0.wp.com\/www.grieta.org.mx\/wp-content\/uploads\/2024\/06\/ImssCampeche-e1718049949437.jpg?resize=350%2C200 1x, https:\/\/i0.wp.com\/www.grieta.org.mx\/wp-content\/uploads\/2024\/06\/ImssCampeche-e1718049949437.jpg?resize=525%2C300 1.5x, https:\/\/i0.wp.com\/www.grieta.org.mx\/wp-content\/uploads\/2024\/06\/ImssCampeche-e1718049949437.jpg?resize=700%2C400 2x"},"classes":[]},{"id":34064,"url":"http:\/\/www.grieta.org.mx\/index.php\/2019\/05\/31\/empleados-de-profeco-en-campeche-protestan-por-el-cierre-de-oficinas\/","url_meta":{"origin":33781,"position":2},"title":"Empleados de Profeco en Campeche protestan por el cierre de oficinas","author":"grieta","date":"31 mayo, 2019","format":false,"excerpt":"Rosa Santana\/Proceso CAMPECHE, Camp. (apro).\u2013 Trabajadores de la delegaci\u00f3n en Campeche de la Procuradur\u00eda Federal del Consumidor (Profeco) marcharon este viernes para pedir al presidente, Andr\u00e9s Manuel L\u00f3pez Obrador, que reconsidere el cierre de sus oficinas. Las delegaciones estatales de la Profeco ser\u00e1n cerradas para dar paso a las Oficinas\u2026","rel":"","context":"En &quot;Campeche&quot;","block_context":{"text":"Campeche","link":"http:\/\/www.grieta.org.mx\/index.php\/category\/noticias-nacionales\/campeche\/"},"img":{"alt_text":"","src":"https:\/\/i0.wp.com\/www.grieta.org.mx\/wp-content\/uploads\/2019\/06\/Profeco-Campeche-OK-1078x800.jpg?resize=350%2C200","width":350,"height":200,"srcset":"https:\/\/i0.wp.com\/www.grieta.org.mx\/wp-content\/uploads\/2019\/06\/Profeco-Campeche-OK-1078x800.jpg?resize=350%2C200 1x, https:\/\/i0.wp.com\/www.grieta.org.mx\/wp-content\/uploads\/2019\/06\/Profeco-Campeche-OK-1078x800.jpg?resize=525%2C300 1.5x, https:\/\/i0.wp.com\/www.grieta.org.mx\/wp-content\/uploads\/2019\/06\/Profeco-Campeche-OK-1078x800.jpg?resize=700%2C400 2x, https:\/\/i0.wp.com\/www.grieta.org.mx\/wp-content\/uploads\/2019\/06\/Profeco-Campeche-OK-1078x800.jpg?resize=1050%2C600 3x"},"classes":[]},{"id":34052,"url":"http:\/\/www.grieta.org.mx\/index.php\/2019\/05\/29\/protestan-en-clinica-del-issste-de-victoria-por-despidos-injustificados-tamaulipas\/","url_meta":{"origin":33781,"position":3},"title":"Protestan en cl\u00ednica del ISSSTE de Victoria por despidos injustificados (Tamaulipas)","author":"grieta","date":"29 mayo, 2019","format":false,"excerpt":"Lupita \u00c1lvarez \/ Gaceta Cd. Victoria, Tamaulipas.- Con el argumento de que tres de sus compa\u00f1eros fueron despedidos injustificadamente, integrantes del Sindicato de los Trabajadores del ISSSTE se manifestaron frente a la cl\u00ednica de esta capital, desde donde adem\u00e1s exigieron al gobierno federal que les informe cu\u00e1l es su situaci\u00f3n\u2026","rel":"","context":"En &quot;CINTILLO&quot;","block_context":{"text":"CINTILLO","link":"http:\/\/www.grieta.org.mx\/index.php\/category\/cintillo\/"},"img":{"alt_text":"","src":"https:\/\/i0.wp.com\/www.grieta.org.mx\/wp-content\/uploads\/2019\/06\/Protestan-en-cl%C3%ADnica-del-ISSSTE-de-Victoria-por-despidos-injustificados-tama-jun.jpg?resize=350%2C200","width":350,"height":200,"srcset":"https:\/\/i0.wp.com\/www.grieta.org.mx\/wp-content\/uploads\/2019\/06\/Protestan-en-cl%C3%ADnica-del-ISSSTE-de-Victoria-por-despidos-injustificados-tama-jun.jpg?resize=350%2C200 1x, https:\/\/i0.wp.com\/www.grieta.org.mx\/wp-content\/uploads\/2019\/06\/Protestan-en-cl%C3%ADnica-del-ISSSTE-de-Victoria-por-despidos-injustificados-tama-jun.jpg?resize=525%2C300 1.5x"},"classes":[]},{"id":15403,"url":"http:\/\/www.grieta.org.mx\/index.php\/2016\/06\/23\/movilizaciones-contra-la-reforma-al-sector-salud-en-campeche\/","url_meta":{"origin":33781,"position":4},"title":"Movilizaciones contra la reforma al sector salud en Campeche","author":"grieta","date":"23 junio, 2016","format":false,"excerpt":"23\/06\/16. Parar\u00edan m\u00e9dicos servicios de salud (Campeche) Tribuna 22\/06\/16. Se movilizan trabajadores contra la Reforma a la Salud P\u00e1gin@bierta","rel":"","context":"En &quot;Campeche&quot;","block_context":{"text":"Campeche","link":"http:\/\/www.grieta.org.mx\/index.php\/category\/noticias-nacionales\/campeche\/"},"img":{"alt_text":"","src":"https:\/\/i0.wp.com\/www.grieta.org.mx\/wp-content\/uploads\/2018\/03\/14524434_1106112876131411_958039263622046936_o.jpg?resize=350%2C200","width":350,"height":200,"srcset":"https:\/\/i0.wp.com\/www.grieta.org.mx\/wp-content\/uploads\/2018\/03\/14524434_1106112876131411_958039263622046936_o.jpg?resize=350%2C200 1x, https:\/\/i0.wp.com\/www.grieta.org.mx\/wp-content\/uploads\/2018\/03\/14524434_1106112876131411_958039263622046936_o.jpg?resize=525%2C300 1.5x, https:\/\/i0.wp.com\/www.grieta.org.mx\/wp-content\/uploads\/2018\/03\/14524434_1106112876131411_958039263622046936_o.jpg?resize=700%2C400 2x"},"classes":[]},{"id":69574,"url":"http:\/\/www.grieta.org.mx\/index.php\/2024\/08\/23\/ayuntamiento-de-campeche-inicia-despidos-en-el-smapac-por-privatizacion-de-servicios-publicos\/","url_meta":{"origin":33781,"position":5},"title":"Ayuntamiento de Campeche inicia despidos en el Smapac por privatizaci\u00f3n de servicios p\u00fablicos","author":"grieta","date":"23 agosto, 2024","format":false,"excerpt":"Roberto Espinoza \/ Por Esto! El cese de los trabajadores en el Ayuntamiento de Campeche no se hizo esperar. Desde este viernes por la tarde, un grupo de cinco trabajadores sindicalizados del Sistema Municipal de Agua Potable y Alcantarillado de Campeche (Smapac) indic\u00f3 que hab\u00edan sido dados de baja sin\u2026","rel":"","context":"En &quot;Campeche&quot;","block_context":{"text":"Campeche","link":"http:\/\/www.grieta.org.mx\/index.php\/category\/noticias-nacionales\/campeche\/"},"img":{"alt_text":"","src":"https:\/\/i0.wp.com\/www.grieta.org.mx\/wp-content\/uploads\/2024\/09\/Despido-e1725466200453.jpg?resize=350%2C200","width":350,"height":200,"srcset":"https:\/\/i0.wp.com\/www.grieta.org.mx\/wp-content\/uploads\/2024\/09\/Despido-e1725466200453.jpg?resize=350%2C200 1x, https:\/\/i0.wp.com\/www.grieta.org.mx\/wp-content\/uploads\/2024\/09\/Despido-e1725466200453.jpg?resize=525%2C300 1.5x, https:\/\/i0.wp.com\/www.grieta.org.mx\/wp-content\/uploads\/2024\/09\/Despido-e1725466200453.jpg?resize=700%2C400 2x"},"classes":[]}],"_links":{"self":[{"href":"http:\/\/www.grieta.org.mx\/index.php\/wp-json\/wp\/v2\/posts\/33781","targetHints":{"allow":["GET"]}}],"collection":[{"href":"http:\/\/www.grieta.org.mx\/index.php\/wp-json\/wp\/v2\/posts"}],"about":[{"href":"http:\/\/www.grieta.org.mx\/index.php\/wp-json\/wp\/v2\/types\/post"}],"author":[{"embeddable":true,"href":"http:\/\/www.grieta.org.mx\/index.php\/wp-json\/wp\/v2\/users\/2"}],"replies":[{"embeddable":true,"href":"http:\/\/www.grieta.org.mx\/index.php\/wp-json\/wp\/v2\/comments?post=33781"}],"version-history":[{"count":1,"href":"http:\/\/www.grieta.org.mx\/index.php\/wp-json\/wp\/v2\/posts\/33781\/revisions"}],"predecessor-version":[{"id":33783,"href":"http:\/\/www.grieta.org.mx\/index.php\/wp-json\/wp\/v2\/posts\/33781\/revisions\/33783"}],"wp:featuredmedia":[{"embeddable":true,"href":"http:\/\/www.grieta.org.mx\/index.php\/wp-json\/wp\/v2\/media\/33782"}],"wp:attachment":[{"href":"http:\/\/www.grieta.org.mx\/index.php\/wp-json\/wp\/v2\/media?parent=33781"}],"wp:term":[{"taxonomy":"category","embeddable":true,"href":"http:\/\/www.grieta.org.mx\/index.php\/wp-json\/wp\/v2\/categories?post=33781"},{"taxonomy":"post_tag","embeddable":true,"href":"http:\/\/www.grieta.org.mx\/index.php\/wp-json\/wp\/v2\/tags?post=33781"}],"curies":[{"name":"wp","href":"https:\/\/api.w.org\/{rel}","templated":true}]}}