{"id":33637,"date":"2019-05-10T00:49:41","date_gmt":"2019-05-10T05:49:41","guid":{"rendered":"http:\/\/www.grieta.org.mx\/?p=33637"},"modified":"2019-05-18T01:00:58","modified_gmt":"2019-05-18T06:00:58","slug":"comunidad-en-sonora-denuncia-que-semarnat-quiere-hacer-consulta-incompleta-para-construir-presa","status":"publish","type":"post","link":"http:\/\/www.grieta.org.mx\/index.php\/2019\/05\/10\/comunidad-en-sonora-denuncia-que-semarnat-quiere-hacer-consulta-incompleta-para-construir-presa\/","title":{"rendered":"Comunidad en Sonora denuncia que Semarnat quiere hacer consulta incompleta para construir presa"},"content":{"rendered":"<blockquote><p>La SCJN orden\u00f3 a la Semarnat consultar a la comunidad de Bac\u00e1nuchi, en Sonora, sobre la construcci\u00f3n de esta presa, pero los pobladores sostienen que en lugar de hacer una consulta abierta pretenden hacer reuni\u00f3n informativa.<\/p><\/blockquote>\n<figure id=\"attachment_33638\" aria-describedby=\"caption-attachment-33638\" style=\"width: 1024px\" class=\"wp-caption alignleft\"><img loading=\"lazy\" decoding=\"async\" data-attachment-id=\"33638\" data-permalink=\"http:\/\/www.grieta.org.mx\/index.php\/2019\/05\/10\/comunidad-en-sonora-denuncia-que-semarnat-quiere-hacer-consulta-incompleta-para-construir-presa\/limpieza_rio_sonora-3-e1557454993498\/\" data-orig-file=\"http:\/\/www.grieta.org.mx\/wp-content\/uploads\/2019\/05\/Limpieza_Rio_Sonora-3-e1557454993498.jpg\" data-orig-size=\"1047,546\" data-comments-opened=\"0\" data-image-meta=\"{&quot;aperture&quot;:&quot;0&quot;,&quot;credit&quot;:&quot;&quot;,&quot;camera&quot;:&quot;&quot;,&quot;caption&quot;:&quot;&quot;,&quot;created_timestamp&quot;:&quot;0&quot;,&quot;copyright&quot;:&quot;&quot;,&quot;focal_length&quot;:&quot;0&quot;,&quot;iso&quot;:&quot;0&quot;,&quot;shutter_speed&quot;:&quot;0&quot;,&quot;title&quot;:&quot;&quot;,&quot;orientation&quot;:&quot;0&quot;}\" data-image-title=\"Limpieza_Rio_Sonora-3-e1557454993498\" data-image-description=\"\" data-image-caption=\"&lt;p&gt;Cuartoscuro&lt;\/p&gt;\n\" data-medium-file=\"http:\/\/www.grieta.org.mx\/wp-content\/uploads\/2019\/05\/Limpieza_Rio_Sonora-3-e1557454993498-300x156.jpg\" data-large-file=\"http:\/\/www.grieta.org.mx\/wp-content\/uploads\/2019\/05\/Limpieza_Rio_Sonora-3-e1557454993498-1024x534.jpg\" src=\"http:\/\/www.grieta.org.mx\/wp-content\/uploads\/2019\/05\/Limpieza_Rio_Sonora-3-e1557454993498-1024x534.jpg\" alt=\"\" width=\"1024\" height=\"534\" class=\"size-large wp-image-33638\" srcset=\"http:\/\/www.grieta.org.mx\/wp-content\/uploads\/2019\/05\/Limpieza_Rio_Sonora-3-e1557454993498-1024x534.jpg 1024w, http:\/\/www.grieta.org.mx\/wp-content\/uploads\/2019\/05\/Limpieza_Rio_Sonora-3-e1557454993498-300x156.jpg 300w, http:\/\/www.grieta.org.mx\/wp-content\/uploads\/2019\/05\/Limpieza_Rio_Sonora-3-e1557454993498-768x401.jpg 768w, http:\/\/www.grieta.org.mx\/wp-content\/uploads\/2019\/05\/Limpieza_Rio_Sonora-3-e1557454993498-959x500.jpg 959w, http:\/\/www.grieta.org.mx\/wp-content\/uploads\/2019\/05\/Limpieza_Rio_Sonora-3-e1557454993498.jpg 1047w\" sizes=\"auto, (max-width: 1024px) 100vw, 1024px\" \/><figcaption id=\"caption-attachment-33638\" class=\"wp-caption-text\">Cuartoscuro<\/figcaption><\/figure>\n<p>Andrea Vega\/ ANIMAL POL\u00cdTICO<\/p>\n<p>La sentencia \u201chist\u00f3rica\u201d que emiti\u00f3 la Suprema Corte de Justicia de la Naci\u00f3n (SCJN), en septiembre pasado, en la que le reconoci\u00f3 a una comunidad no ind\u00edgena su derecho a ser consultada por la construcci\u00f3n de una presa donde se almacenar\u00e1n desechos t\u00f3xicos de la mina Buena Vista del Cobre de Grupo Mexico, acab\u00f3 reducida a una mera reuni\u00f3n de informaci\u00f3n con \u201clos quejosos\u201d que se realizara el pr\u00f3ximo 14 de mayo.<\/p>\n<p>La comunidad de Baca?nuchi, Sonora, ubicada a 27 kil\u00f3metros de donde se pretende hacer la construcci\u00f3n de la presa, denunci\u00f3 que la consulta nunca se realiz\u00f3, por lo cual interpuso un amparo por la presunta omisi\u00f3n cometida por la Secretar\u00eda de Medio Ambiente y Recursos Naturales (Semarnat).<\/p>\n<p>La presa, que estar\u00eda en la misma zona donde Grupo M\u00e9xico caus\u00f3 el derrame de t\u00f3xicos hace m\u00e1s de cuatro a\u00f1os en los r\u00edos Sonora y Bac\u00e1nuchi, consiste en un contenedor de desechos mineros cuya superficie es del tama\u00f1o de 4,157.5 canchas de f\u00fatbol (3,326 hect\u00e1reas) con capacidad para almacenar el equivalente a 102 millones de pipas de 20 mil litros de l\u00edquidos (2040 hm3).<\/p>\n<p>Como la Semarnat autoriz\u00f3 el proyecto sin consultar a los pobladores, 47 de ellos se ampararon y el caso lleg\u00f3 a la SCJN. En la sentencia final, la Corte reconoci\u00f3? la violaci\u00f3n del derecho a la participaci\u00f3n de esta comunidad no ind\u00edgena, frente a la construccio?n de la nueva presa de jales de Grupo Me?xico, e instruyo? a la Semarnat para realizar una reunio?n pu?blica de informacio?n para resarcir este dan?o y asegurar la participacio?n de la comunidad en referencia al proyecto.<\/p>\n<p>Con esa resoluci\u00f3n, los pobladores esperaban una consulta en la que realmente se les informara de los alcances e impactos del proyecto, y, sobre todo, que las autoridades escucharan sus opiniones y preocupaciones antes de decidir seguir adelante con la autorizaci\u00f3n.<\/p>\n<p>Aunque ya se ven\u00eda venir un escenario adverso. En septiembre, cuando se emiti\u00f3 la sentencia, la organizaci\u00f3n PODER, encargada de la defensa del caso, advirti\u00f3 que la resoluci\u00f3n era ambigua: \u201ces un precedente importante respecto a reconocer la participaci\u00f3n de las comunidades no ind\u00edgenas en temas medioambientales, pero no queda claro el alcance de la consulta ni si se dejar\u00e1 sin efecto la autorizaci\u00f3n ya emitida para el proyecto\u201d, se\u00f1al\u00f3 entonces Luis Miguel Cano, abogado de PODER.<\/p>\n<p>Ahora, la organizaci\u00f3n civil y la comunidad de Bac\u00e1nuchi aseguran que la Semarnat ha aprovechado la ambig\u00fcedad de la sentencia para reducir la consulta a una simple sesi\u00f3n informativa, para el pr\u00f3ximo martes 14 de mayo, a las 11 de la ma\u00f1ana, en el comedor escolar, un sitio cerrado en el caben solo unas 50 personas.<\/p>\n<p>En la notificacio?n de la Semarnat, delegacio?n Sonora, recibida en Baca?nuchi el pasado 6 de mayo, \u201cse advierten varias inconsistencias entre ellas, que se convoca a informarse sobre la autorizaci\u00f3n ya dada del proyecto, como si \u00e9sta ya fuera un hecho y como si debieran informar s\u00f3lo sobre eso y no sobre todo el proyecto\u201d, advirti\u00f3 Cano en entrevista.<\/p>\n<p>M\u00e1s grave a\u00fan, se\u00f1al\u00f3 el abogado, lo que pretende hacer Semarnat limita la participacio?n de los pobladores. \u201cSolo se est\u00e1 convocando a la reuni\u00f3n a los 47 quejosos que interpusieron el amparo ante la Corte por no haber sido consultados. Eso es a todos luces una violaci\u00f3n a lo que se orden\u00f3 en la sentencia, en la que dice claramente que se debe consultar a la comunidad\u201d.<\/p>\n<p>Otra falta, de acuerdo con Cano, es que obliga a las y los asistentes a que den \u201cposibles sugerencias\u201d en ese momento, sin tener un tiempo de reflexio?n. Adem\u00e1s, nada se dice de qu\u00e9 pasari?a despue?s de la reunio?n, si las opiniones de los afectados se considerar\u00e1n o no. \u201cLo \u00fanico que dice la Semarnat es que los pobladores podr\u00e1n externar sus opiniones para que se les escuche. Se les olvida que la Corte dijo que el ejercicio de consulta deb\u00eda hacerse para que todo lo que transmita la gente se tome en cuenta\u201d.<\/p>\n<p>\u201cEs el primer ejercicio de este tipo organizado por la Semarnat en el sexenio, y espera?bamos que cumpliera con las pautas establecidas en el Acuerdo de Escazu?; que observara los mayores esta?ndares internacionales y que promoviera una participacio?n activa, libre, informada y efectiva para esta comunidad que sufrio? las consecuencias del peor derrame en la historia de la mineri?a en Me?xico en 2014\u201d, explic\u00f3 en un comunicado Fernanda Hopenhaym, codirectora ejecutiva de PODER.<\/p>\n<p>En definitiva, agreg\u00f3, \u201cespera?bamos que Baca?nuchi pudiera obtener informacio?n amplia, no so?lo sobre la nueva presa de jales de Grupo Me?xico, sino del total de proyectos de expansio?n que la empresa pretende instalar en la regio?n, adema?s de expresar sus dudas y preocupaciones; llegar a conclusiones con suficiente ana?lisis y, por supuesto, decidir si quiere el proyecto o no, y co?mo\u201d.<\/p>\n<p>Te puede interesar: La Corte emite sentencia ambigua sobre construcci\u00f3n de presa de minera Grupo M\u00e9xico<\/p>\n<p>Ante esto, la defensa de los pobladores presentaron, ante el Juzgado Noveno de Distrito en el Estado de Sonora, con sede en Agua Prieta, un escrito, en el que destacan \u201cque lo que \u201cpretende hacer la autoridad es un procedimiento ilegal que constituye el incumplimiento de la sentencia, para que al menos est\u00e9n enterados de esto\u201d.<\/p>\n<p>A la Semarnat ya se le hizo llegar tambi\u00e9n un escrito donde se le advierte que no debe solo convocar a los quejosos ni solo informar de la autorizaci\u00f3n, sino de toda  la obra y asegurar que haya un plazo razonable para que la comunidad pueda analizar la informaci\u00f3n, dar sus opiniones, y que \u00e9stas se tomen en cuenta. Lo que se espera, \u201ces que la autoridad recapacite y que si la reuni\u00f3n del martes se lleva a cabo sea solo para decir, ok, aqu\u00ed estamos, pero mejor vamos a hacer las cosas bien\u201d, concluy\u00f3 Cano.<\/p>\n<p><a href=\"https:\/\/www.animalpolitico.com\/2019\/05\/sonora-presa-consulta-grupo-mexico\/\" rel=\"noopener noreferrer\" target=\"_blank\">https:\/\/www.animalpolitico.com\/2019\/05\/sonora-presa-consulta-grupo-mexico\/<\/a><\/p>\n","protected":false},"excerpt":{"rendered":"<p>La SCJN orden\u00f3 a la Semarnat consultar a la comunidad de Bac\u00e1nuchi, en Sonora, sobre la construcci\u00f3n de esta presa, pero los pobladores sostienen que en lugar de hacer una &hellip; <a href=\"http:\/\/www.grieta.org.mx\/index.php\/2019\/05\/10\/comunidad-en-sonora-denuncia-que-semarnat-quiere-hacer-consulta-incompleta-para-construir-presa\/\" class=\"more-link\">Leer m\u00e1s<\/a><\/p>\n","protected":false},"author":2,"featured_media":33638,"comment_status":"closed","ping_status":"closed","sticky":false,"template":"","format":"standard","meta":{"ngg_post_thumbnail":0,"_jetpack_newsletter_access":"","_jetpack_dont_email_post_to_subs":false,"_jetpack_newsletter_tier_id":0,"_jetpack_memberships_contains_paywalled_content":false,"_jetpack_memberships_contains_paid_content":false,"footnotes":""},"categories":[80,1462,2215,2,31],"tags":[425,393,394],"class_list":["post-33637","post","type-post","status-publish","format-standard","has-post-thumbnail","hentry","category-cintillo","category-contaminacion-y-danos-a-la-salud-por-mineria-en-sonora","category-mineria-en-sonora","category-noticias-nacionales","category-sonora","tag-contaminacion-agua","tag-contaminacion-del-agua","tag-contaminacion-por-mineria","entry"],"jetpack_featured_media_url":"http:\/\/www.grieta.org.mx\/wp-content\/uploads\/2019\/05\/Limpieza_Rio_Sonora-3-e1557454993498.jpg","jetpack_sharing_enabled":true,"jetpack_shortlink":"https:\/\/wp.me\/p7ZJR4-8Kx","jetpack_likes_enabled":false,"jetpack-related-posts":[{"id":33640,"url":"http:\/\/www.grieta.org.mx\/index.php\/2018\/10\/04\/la-corte-emite-sentencia-ambigua-sobre-construccion-de-presa-de-minera-grupo-mexico-sonora\/","url_meta":{"origin":33637,"position":0},"title":"La Corte emite sentencia ambigua sobre construcci\u00f3n de presa de minera Grupo M\u00e9xico (Sonora)","author":"grieta","date":"4 octubre, 2018","format":false,"excerpt":"La Corte resolvi\u00f3 a favor del amparo interpuesto por los integrantes de la comunidad de Bac\u00e1nuchi por no haber sido consultados sobre la construcci\u00f3n de una presa. Sin embargo, los alcances de la sentencia no son claros. Andrea Vega\/ ANIMAL POL\u00cdTICO La sentencia final de la Suprema Corte de Justicia\u2026","rel":"","context":"En &quot;CINTILLO&quot;","block_context":{"text":"CINTILLO","link":"http:\/\/www.grieta.org.mx\/index.php\/category\/cintillo\/"},"img":{"alt_text":"","src":"https:\/\/i0.wp.com\/www.grieta.org.mx\/wp-content\/uploads\/2019\/05\/Sonora-contaminaci%C3%B3n-no-se-quita.jpeg?resize=350%2C200","width":350,"height":200,"srcset":"https:\/\/i0.wp.com\/www.grieta.org.mx\/wp-content\/uploads\/2019\/05\/Sonora-contaminaci%C3%B3n-no-se-quita.jpeg?resize=350%2C200 1x, https:\/\/i0.wp.com\/www.grieta.org.mx\/wp-content\/uploads\/2019\/05\/Sonora-contaminaci%C3%B3n-no-se-quita.jpeg?resize=525%2C300 1.5x, https:\/\/i0.wp.com\/www.grieta.org.mx\/wp-content\/uploads\/2019\/05\/Sonora-contaminaci%C3%B3n-no-se-quita.jpeg?resize=700%2C400 2x, https:\/\/i0.wp.com\/www.grieta.org.mx\/wp-content\/uploads\/2019\/05\/Sonora-contaminaci%C3%B3n-no-se-quita.jpeg?resize=1050%2C600 3x"},"classes":[]},{"id":36073,"url":"http:\/\/www.grieta.org.mx\/index.php\/2019\/07\/05\/grupo-mexico-planea-construir-presa-de-jales-en-bacanuchi-ciudadanos-se-oponen-temen-otro-derrame-sonora\/","url_meta":{"origin":33637,"position":1},"title":"Grupo M\u00e9xico planea construir presa de jales en Bacanuchi, ciudadanos se oponen, temen otro derrame (Sonora)","author":"grieta","date":"5 julio, 2019","format":false,"excerpt":"https:\/\/proyectopuente.com.mx\/2019\/07\/05\/grupo-mexico-planea-construir-presa-de-jales-en-bacanuchi-ciudadanos-se-oponen-temen-otro-derrame-2\/","rel":"","context":"En &quot;Contaminaci\u00f3n ambiental por megaproyectos en Sonora&quot;","block_context":{"text":"Contaminaci\u00f3n ambiental por megaproyectos en Sonora","link":"http:\/\/www.grieta.org.mx\/index.php\/category\/noticias-nacionales\/sonora\/contaminacion-y-danos-a-la-naturaleza-por-megaproyectos\/"},"img":{"alt_text":"","src":"https:\/\/i0.wp.com\/www.grieta.org.mx\/wp-content\/uploads\/2018\/03\/14524434_1106112876131411_958039263622046936_o.jpg?resize=350%2C200","width":350,"height":200,"srcset":"https:\/\/i0.wp.com\/www.grieta.org.mx\/wp-content\/uploads\/2018\/03\/14524434_1106112876131411_958039263622046936_o.jpg?resize=350%2C200 1x, https:\/\/i0.wp.com\/www.grieta.org.mx\/wp-content\/uploads\/2018\/03\/14524434_1106112876131411_958039263622046936_o.jpg?resize=525%2C300 1.5x, https:\/\/i0.wp.com\/www.grieta.org.mx\/wp-content\/uploads\/2018\/03\/14524434_1106112876131411_958039263622046936_o.jpg?resize=700%2C400 2x"},"classes":[]},{"id":26426,"url":"http:\/\/www.grieta.org.mx\/index.php\/2018\/09\/05\/ampara-corte-a-comunidad-de-bacanuchi-en-sonora\/","url_meta":{"origin":33637,"position":2},"title":"Ampara Corte a comunidad de Bacanuchi en Sonora","author":"grieta","date":"5 septiembre, 2018","format":false,"excerpt":"Manrique Gandaria\/ El Sol de M\u00e9xico La comunidad de Bacanuchi, Sonora tendr\u00e1 que ser consultada para que la Secretar\u00eda de Medio Ambiente y Recursos Naturales (Semarnat) pueda otorgar permiso de construcci\u00f3n de una presa a la minera Buenavista del Cobre, la cual est\u00e1 prevista contenga m\u00e1s desechos que los derramados\u2026","rel":"","context":"En &quot;CINTILLO&quot;","block_context":{"text":"CINTILLO","link":"http:\/\/www.grieta.org.mx\/index.php\/category\/cintillo\/"},"img":{"alt_text":"","src":"https:\/\/i0.wp.com\/www.grieta.org.mx\/wp-content\/uploads\/2018\/09\/bacanuchi.jpg?resize=350%2C200","width":350,"height":200,"srcset":"https:\/\/i0.wp.com\/www.grieta.org.mx\/wp-content\/uploads\/2018\/09\/bacanuchi.jpg?resize=350%2C200 1x, https:\/\/i0.wp.com\/www.grieta.org.mx\/wp-content\/uploads\/2018\/09\/bacanuchi.jpg?resize=525%2C300 1.5x, https:\/\/i0.wp.com\/www.grieta.org.mx\/wp-content\/uploads\/2018\/09\/bacanuchi.jpg?resize=700%2C400 2x"},"classes":[]},{"id":36077,"url":"http:\/\/www.grieta.org.mx\/index.php\/2019\/07\/05\/semarnat-asegura-que-nueva-presa-de-grupo-mexico-en-bacanuchi-sonora-cumple-normas-habitantes-no-se-convencen-y-exigen-seguridad\/","url_meta":{"origin":33637,"position":3},"title":"Semarnat asegura que nueva presa de Grupo M\u00e9xico en Bacanuchi, Sonora cumple normas; habitantes no se convencen y exigen seguridad","author":"grieta","date":"5 julio, 2019","format":false,"excerpt":"Priscila C\u00e1rdenas\/ PROYECTO PUENTE A un mes de cumplirse 5 a\u00f1os del derrame en el R\u00edo Sonora los habitantes de las comunidades afectadas siguen con miedo y en pie de lucha. Hoy adem\u00e1s de justicia y remediaci\u00f3n de da\u00f1os ambientales quieren evitar que la tragedia se repita, pues Grupo M\u00e9xico\u2026","rel":"","context":"En &quot;CINTILLO&quot;","block_context":{"text":"CINTILLO","link":"http:\/\/www.grieta.org.mx\/index.php\/category\/cintillo\/"},"img":{"alt_text":"","src":"https:\/\/i0.wp.com\/www.grieta.org.mx\/wp-content\/uploads\/2019\/07\/timthumb.jpg?resize=350%2C200","width":350,"height":200,"srcset":"https:\/\/i0.wp.com\/www.grieta.org.mx\/wp-content\/uploads\/2019\/07\/timthumb.jpg?resize=350%2C200 1x, https:\/\/i0.wp.com\/www.grieta.org.mx\/wp-content\/uploads\/2019\/07\/timthumb.jpg?resize=525%2C300 1.5x, https:\/\/i0.wp.com\/www.grieta.org.mx\/wp-content\/uploads\/2019\/07\/timthumb.jpg?resize=700%2C400 2x"},"classes":[]},{"id":36586,"url":"http:\/\/www.grieta.org.mx\/index.php\/2019\/07\/06\/semarnat-entrega-informe-preventivo-para-presa-de-jales-de-grupo-mexico-7-anos-tarde-sonora\/","url_meta":{"origin":33637,"position":4},"title":"Semarnat entrega \u201cInforme Preventivo\u201d para presa de jales de Grupo M\u00e9xico\u2026 7 a\u00f1os tarde (Sonora)","author":"grieta","date":"6 julio, 2019","format":false,"excerpt":"Lydiette Carri\u00f3n \/ Pie de P\u00e1gina Despu\u00e9s de 7 a\u00f1os y gracias a un amparo, los pobladores de Bacanuchi, Sonora, recibieron el informe Preventivo que Grupo M\u00e9xico entreg\u00f3 a Semarnat para abrir una presa de desechos t\u00f3xicos de la mina de cobre Buenavista, que la empresa ech\u00f3 a funcionar sin\u2026","rel":"","context":"En &quot;CINTILLO&quot;","block_context":{"text":"CINTILLO","link":"http:\/\/www.grieta.org.mx\/index.php\/category\/cintillo\/"},"img":{"alt_text":"","src":"https:\/\/i0.wp.com\/www.grieta.org.mx\/wp-content\/uploads\/2019\/07\/PdP_Buenavista_HG-1140x570.jpg?resize=350%2C200","width":350,"height":200,"srcset":"https:\/\/i0.wp.com\/www.grieta.org.mx\/wp-content\/uploads\/2019\/07\/PdP_Buenavista_HG-1140x570.jpg?resize=350%2C200 1x, https:\/\/i0.wp.com\/www.grieta.org.mx\/wp-content\/uploads\/2019\/07\/PdP_Buenavista_HG-1140x570.jpg?resize=525%2C300 1.5x, https:\/\/i0.wp.com\/www.grieta.org.mx\/wp-content\/uploads\/2019\/07\/PdP_Buenavista_HG-1140x570.jpg?resize=700%2C400 2x, https:\/\/i0.wp.com\/www.grieta.org.mx\/wp-content\/uploads\/2019\/07\/PdP_Buenavista_HG-1140x570.jpg?resize=1050%2C600 3x"},"classes":[]},{"id":9067,"url":"http:\/\/www.grieta.org.mx\/index.php\/2016\/08\/22\/contaminacion-y-danos-a-la-salud-por-mineria-en-sonora\/","url_meta":{"origin":33637,"position":5},"title":"Contaminaci\u00f3n y da\u00f1os a la salud por miner\u00eda en Sonora","author":"Admin","date":"22 agosto, 2016","format":false,"excerpt":"Denuncian contaminaci\u00f3n del R\u00edo Sonora provocada por miner\u00eda 22\/08\/16. Contaminaci\u00f3n, despojo y negligencia: las acusaciones contra Grupo M\u00e9xico en Sonora Animal Pol\u00edtico 08\/08\/16. A 2 a\u00f1os del derrame contaminante en el R\u00edo Sonora, una 'mancha' que no se borra Expansi\u00f3n 01\/08\/16. A dos a\u00f1os de la contaminaci\u00f3n en R\u00edo Sonora:\u2026","rel":"","context":"En &quot;Miner\u00eda&quot;","block_context":{"text":"Miner\u00eda","link":"http:\/\/www.grieta.org.mx\/index.php\/category\/megaproyectos\/mineria\/"},"img":{"alt_text":"","src":"https:\/\/i0.wp.com\/www.grieta.org.mx\/wp-content\/uploads\/2018\/03\/14524434_1106112876131411_958039263622046936_o.jpg?resize=350%2C200","width":350,"height":200,"srcset":"https:\/\/i0.wp.com\/www.grieta.org.mx\/wp-content\/uploads\/2018\/03\/14524434_1106112876131411_958039263622046936_o.jpg?resize=350%2C200 1x, https:\/\/i0.wp.com\/www.grieta.org.mx\/wp-content\/uploads\/2018\/03\/14524434_1106112876131411_958039263622046936_o.jpg?resize=525%2C300 1.5x, https:\/\/i0.wp.com\/www.grieta.org.mx\/wp-content\/uploads\/2018\/03\/14524434_1106112876131411_958039263622046936_o.jpg?resize=700%2C400 2x"},"classes":[]}],"_links":{"self":[{"href":"http:\/\/www.grieta.org.mx\/index.php\/wp-json\/wp\/v2\/posts\/33637","targetHints":{"allow":["GET"]}}],"collection":[{"href":"http:\/\/www.grieta.org.mx\/index.php\/wp-json\/wp\/v2\/posts"}],"about":[{"href":"http:\/\/www.grieta.org.mx\/index.php\/wp-json\/wp\/v2\/types\/post"}],"author":[{"embeddable":true,"href":"http:\/\/www.grieta.org.mx\/index.php\/wp-json\/wp\/v2\/users\/2"}],"replies":[{"embeddable":true,"href":"http:\/\/www.grieta.org.mx\/index.php\/wp-json\/wp\/v2\/comments?post=33637"}],"version-history":[{"count":1,"href":"http:\/\/www.grieta.org.mx\/index.php\/wp-json\/wp\/v2\/posts\/33637\/revisions"}],"predecessor-version":[{"id":33639,"href":"http:\/\/www.grieta.org.mx\/index.php\/wp-json\/wp\/v2\/posts\/33637\/revisions\/33639"}],"wp:featuredmedia":[{"embeddable":true,"href":"http:\/\/www.grieta.org.mx\/index.php\/wp-json\/wp\/v2\/media\/33638"}],"wp:attachment":[{"href":"http:\/\/www.grieta.org.mx\/index.php\/wp-json\/wp\/v2\/media?parent=33637"}],"wp:term":[{"taxonomy":"category","embeddable":true,"href":"http:\/\/www.grieta.org.mx\/index.php\/wp-json\/wp\/v2\/categories?post=33637"},{"taxonomy":"post_tag","embeddable":true,"href":"http:\/\/www.grieta.org.mx\/index.php\/wp-json\/wp\/v2\/tags?post=33637"}],"curies":[{"name":"wp","href":"https:\/\/api.w.org\/{rel}","templated":true}]}}