{"id":33614,"date":"2019-05-10T14:39:17","date_gmt":"2019-05-10T19:39:17","guid":{"rendered":"http:\/\/www.grieta.org.mx\/?p=33614"},"modified":"2019-05-17T14:44:40","modified_gmt":"2019-05-17T19:44:40","slug":"victimas-de-tortura-protestan-frente-a-fiscalia-de-aguascalientes","status":"publish","type":"post","link":"http:\/\/www.grieta.org.mx\/index.php\/2019\/05\/10\/victimas-de-tortura-protestan-frente-a-fiscalia-de-aguascalientes\/","title":{"rendered":"V\u00edctimas de tortura protestan frente a Fiscal\u00eda de Aguascalientes"},"content":{"rendered":"<p>X\u00f3chitl \u00c1lvarez\/El Universal<\/p>\n<p>Aguascalientes.- V\u00edctimas de tortura exigieron la renuncia del fiscal general del estado, Jes\u00fas Figueroa Ortega, por no proceder en contra de su antecesor, Felipe de Jes\u00fas Mu\u00f1oz V\u00e1zquez, en los casos de tortura que se dieron durante su periodo y que en febrero pasado document\u00f3 la Comisi\u00f3n Nacional de Derechos Humanos (CNDH).<\/p>\n<p>Un grupo de v\u00edctimas se present\u00f3 este viernes en la sede de la Fiscal\u00eda con un posicionamiento en el que acusan a Figueroa Ortega de carecer de capacidad para ejercer el cargo. Aunado a ello, se\u00f1alan que encubre a Mu\u00f1oz V\u00e1zquez.<\/p>\n<p>\u201cSe\u00f1or fiscal, usted no sirve para nada, deje de ganar el dinero que nosotros como pueblo le pagamos\u201d, \u201cV\u00e1yase si tiene dignidad\u201d, expresaron los manifestantes.<\/p>\n<p>Con escritos en cartulinas reclamaron justicia y le pidieron al funcionario que \u201cno le tema al torturador\u201d. \u201cFelipe Mu\u00f1oz torturador, AMLO te protege\u201d.<\/p>\n<p>Entregaron un documento en la FGE, firmado por Felipe Hinojo Alonso, l\u00edder del movimiento de V\u00edctimas de Tortura, indignados, porque a m\u00e1s de tres meses de que la CNDH emiti\u00f3 las recomendaciones por hechos probados de tortura, el fiscal ha sido omiso.<\/p>\n<p>\u201cEste se\u00f1or no le ha dado cumplimiento a la recomendaci\u00f3n de Derechos Humanos. \u00bfY cu\u00e1l es el punto?, \u00bfd\u00f3nde quedan la indemnizaci\u00f3n, d\u00f3nde queda la libertad de los otros seis que todav\u00eda est\u00e1n presos?\u201d<\/p>\n<p>La CNDH acredit\u00f3 que en el periodo 2011-2012 ocurrieron nueve casos de detenci\u00f3n arbitraria, 14 de tortura, dos de tratos crueles o degradantes, tres de violencia sexual y 19 en los que se viol\u00f3 el acceso a la justicia de personas detenidas. En ese tiempo, Felipe Mu\u00f1oz V\u00e1zquez fung\u00eda como procurador de Justicia del estado.<\/p>\n<p>Hinojo Alonso se\u00f1al\u00f3 que las v\u00edctimas han denunciado al exprocurador ante la Fiscal\u00eda General de la Rep\u00fablica (FGR) por tortura, que \u201ces un delito que no prescribe, es grave, de lesa humanidad\u201d.<\/p>\n<p>\u201cQuieren que pase el tiempo para desanimarnos y para que dejemos de hacer este tipo de movimientos, eso es lo que pretenden y nosotros no vamos a permitir esto, Felipe de Jes\u00fas Mu\u00f1oz V\u00e1zquez tiene que pagar porque es un delito que no prescribe jam\u00e1s y tarde o temprano, porque esto lo vamos a manejar en las instancias internacionales\u201d, acot\u00f3.<\/p>\n<p>Anunci\u00f3 que viajar\u00e1n hasta la sede de la FGR, donde labora Mu\u00f1oz V\u00e1zquez, a denunciar \u201ctodo el mal que le hizo al pueblo de Aguascalientes\u201d.<\/p>\n<p>etp<\/p>\n<p><a href=\"https:\/\/www.eluniversal.com.mx\/estados\/victimas-de-tortura-protestan-frente-fiscalia-de-aguascalientes\" rel=\"noopener noreferrer\" target=\"_blank\">https:\/\/www.eluniversal.com.mx\/estados\/victimas-de-tortura-protestan-frente-fiscalia-de-aguascalientes<\/a><\/p>\n","protected":false},"excerpt":{"rendered":"<p>X\u00f3chitl \u00c1lvarez\/El Universal Aguascalientes.- V\u00edctimas de tortura exigieron la renuncia del fiscal general del estado, Jes\u00fas Figueroa Ortega, por no proceder en contra de su antecesor, Felipe de Jes\u00fas Mu\u00f1oz &hellip; <a href=\"http:\/\/www.grieta.org.mx\/index.php\/2019\/05\/10\/victimas-de-tortura-protestan-frente-a-fiscalia-de-aguascalientes\/\" class=\"more-link\">Leer m\u00e1s<\/a><\/p>\n","protected":false},"author":2,"featured_media":33615,"comment_status":"closed","ping_status":"closed","sticky":false,"template":"","format":"standard","meta":{"ngg_post_thumbnail":0,"_jetpack_newsletter_access":"","_jetpack_dont_email_post_to_subs":false,"_jetpack_newsletter_tier_id":0,"_jetpack_memberships_contains_paywalled_content":false,"_jetpack_memberships_contains_paid_content":false,"footnotes":""},"categories":[1376,4,80,2],"tags":[325,2259],"class_list":["post-33614","post","type-post","status-publish","format-standard","has-post-thumbnail","hentry","category-tortura-en-aguascalientes","category-aguascalientes","category-cintillo","category-noticias-nacionales","tag-tortura","tag-victimas","entry"],"jetpack_featured_media_url":"http:\/\/www.grieta.org.mx\/wp-content\/uploads\/2019\/05\/tortura-1024x710.jpg","jetpack_sharing_enabled":true,"jetpack_shortlink":"https:\/\/wp.me\/p7ZJR4-8Ka","jetpack_likes_enabled":false,"jetpack-related-posts":[{"id":29261,"url":"http:\/\/www.grieta.org.mx\/index.php\/2019\/02\/10\/la-cndh-advierte-violaciones-graves-de-la-procuraduria-de-aguascalientes\/","url_meta":{"origin":33614,"position":0},"title":"La CNDH advierte violaciones graves de la procuradur\u00eda de Aguascalientes","author":"grieta","date":"10 febrero, 2019","format":false,"excerpt":"Redacci\u00f3n\/ADN pol\u00edtico. La CNDH acredit\u00f3 que, de 2011 a 2012, agentes de la instituci\u00f3n realizaron torturas y detenciones arbitrarias contra decenas de personas. Por ello, emiti\u00f3 una recomendaci\u00f3n por violaciones graves. CIUDAD DE M\u00c9XICO (ADNPol\u00edtico).- La Comisi\u00f3n Nacional de los Derechos Humanos (CNDH) emiti\u00f3 una recomendaci\u00f3n por violaciones graves por\u2026","rel":"","context":"En &quot;Abuso policiaco y tortura en Aguascalientes&quot;","block_context":{"text":"Abuso policiaco y tortura en Aguascalientes","link":"http:\/\/www.grieta.org.mx\/index.php\/category\/noticias-nacionales\/aguascalientes\/tortura-en-aguascalientes\/"},"img":{"alt_text":"","src":"https:\/\/i0.wp.com\/www.grieta.org.mx\/wp-content\/uploads\/2019\/02\/descarga.jpg?resize=350%2C200","width":350,"height":200,"srcset":"https:\/\/i0.wp.com\/www.grieta.org.mx\/wp-content\/uploads\/2019\/02\/descarga.jpg?resize=350%2C200 1x, https:\/\/i0.wp.com\/www.grieta.org.mx\/wp-content\/uploads\/2019\/02\/descarga.jpg?resize=525%2C300 1.5x, https:\/\/i0.wp.com\/www.grieta.org.mx\/wp-content\/uploads\/2019\/02\/descarga.jpg?resize=700%2C400 2x"},"classes":[]},{"id":29533,"url":"http:\/\/www.grieta.org.mx\/index.php\/2019\/02\/20\/un-torturador-en-la-fgr-aguascalientes\/","url_meta":{"origin":33614,"position":1},"title":"Un torturador en la FGR (Aguascalientes)","author":"grieta","date":"20 febrero, 2019","format":false,"excerpt":"Despu\u00e9s de investigar las denuncias de 19 personas detenidas por la polic\u00eda ministerial de Aguascalientes cuando Felipe Mu\u00f1oz V\u00e1zquez era procurador de la entidad, la CNDH concluy\u00f3 que se acreditaban los se\u00f1alamientos contra el funcionario por diversas violaciones a los derechos humanos. Particularmente graves son los testimonios que involucran a\u2026","rel":"","context":"En &quot;Abuso policiaco y tortura en Aguascalientes&quot;","block_context":{"text":"Abuso policiaco y tortura en Aguascalientes","link":"http:\/\/www.grieta.org.mx\/index.php\/category\/noticias-nacionales\/aguascalientes\/tortura-en-aguascalientes\/"},"img":{"alt_text":"","src":"https:\/\/i0.wp.com\/www.grieta.org.mx\/wp-content\/uploads\/2019\/02\/6fed2bfbbf48f1b69a-20181112pgr-md02-002-1.jpeg?resize=350%2C200","width":350,"height":200,"srcset":"https:\/\/i0.wp.com\/www.grieta.org.mx\/wp-content\/uploads\/2019\/02\/6fed2bfbbf48f1b69a-20181112pgr-md02-002-1.jpeg?resize=350%2C200 1x, https:\/\/i0.wp.com\/www.grieta.org.mx\/wp-content\/uploads\/2019\/02\/6fed2bfbbf48f1b69a-20181112pgr-md02-002-1.jpeg?resize=525%2C300 1.5x, https:\/\/i0.wp.com\/www.grieta.org.mx\/wp-content\/uploads\/2019\/02\/6fed2bfbbf48f1b69a-20181112pgr-md02-002-1.jpeg?resize=700%2C400 2x"},"classes":[]},{"id":31775,"url":"http:\/\/www.grieta.org.mx\/index.php\/2019\/03\/27\/presentan-7-denuncias-penales-por-tortura-contra-ex-procurador-de-justicia-aguascalientes\/","url_meta":{"origin":33614,"position":2},"title":"Presentan 7 denuncias penales por tortura contra ex procurador de justicia (Aguascalientes)","author":"grieta","date":"27 marzo, 2019","format":false,"excerpt":"Alejandro Romo\/ NewsWeek Aguascalientes. Ante la Fiscal\u00eda General del Estado se han presentado siete denuncias penales de v\u00edctimas de actos de tortura en contra del hoy subprocurador de Investigaci\u00f3n de Delitos Federales de la Fiscal\u00eda General de la Rep\u00fablica, Felipe Mu\u00f1oz V\u00e1zquez, y personal a su cargo durante su gesti\u00f3n\u2026","rel":"","context":"En &quot;Abuso policiaco y tortura en Aguascalientes&quot;","block_context":{"text":"Abuso policiaco y tortura en Aguascalientes","link":"http:\/\/www.grieta.org.mx\/index.php\/category\/noticias-nacionales\/aguascalientes\/tortura-en-aguascalientes\/"},"img":{"alt_text":"","src":"https:\/\/i0.wp.com\/www.grieta.org.mx\/wp-content\/uploads\/2019\/04\/arte-bellas-artes-belleza-432604-635x530.jpg?resize=350%2C200","width":350,"height":200,"srcset":"https:\/\/i0.wp.com\/www.grieta.org.mx\/wp-content\/uploads\/2019\/04\/arte-bellas-artes-belleza-432604-635x530.jpg?resize=350%2C200 1x, https:\/\/i0.wp.com\/www.grieta.org.mx\/wp-content\/uploads\/2019\/04\/arte-bellas-artes-belleza-432604-635x530.jpg?resize=525%2C300 1.5x"},"classes":[]},{"id":70194,"url":"http:\/\/www.grieta.org.mx\/index.php\/2024\/10\/20\/madres-buscadoras-y-victimas-de-tortura-se-reunen-en-aguascalientes\/","url_meta":{"origin":33614,"position":3},"title":"Madres buscadoras y v\u00edctimas de tortura se re\u00fanen en Aguascalientes","author":"grieta","date":"20 octubre, 2024","format":false,"excerpt":"Dulce Rodr\u00edguez\/Newsweek Espa\u00f1ol 15 octubre 2024 El III Encuentro de Mujeres Buscadoras, Familiares de V\u00edctimas y Sobrevivientes de Tortura o Violencia Sexual comenz\u00f3 el 11 de octubre de 2024 en Aguascalientes. Este evento re\u00fane a 65 mujeres buscadoras, activistas y defensoras de derechos humanos de diferentes estados de M\u00e9xico, como\u2026","rel":"","context":"En &quot;Aguascalientes&quot;","block_context":{"text":"Aguascalientes","link":"http:\/\/www.grieta.org.mx\/index.php\/category\/noticias-nacionales\/aguascalientes\/"},"img":{"alt_text":"","src":"https:\/\/i0.wp.com\/www.grieta.org.mx\/wp-content\/uploads\/2024\/10\/WhatsApp-Image-2024-10-11-at-2.15.05-PM-1140x570-1.jpeg?resize=350%2C200","width":350,"height":200,"srcset":"https:\/\/i0.wp.com\/www.grieta.org.mx\/wp-content\/uploads\/2024\/10\/WhatsApp-Image-2024-10-11-at-2.15.05-PM-1140x570-1.jpeg?resize=350%2C200 1x, https:\/\/i0.wp.com\/www.grieta.org.mx\/wp-content\/uploads\/2024\/10\/WhatsApp-Image-2024-10-11-at-2.15.05-PM-1140x570-1.jpeg?resize=525%2C300 1.5x, https:\/\/i0.wp.com\/www.grieta.org.mx\/wp-content\/uploads\/2024\/10\/WhatsApp-Image-2024-10-11-at-2.15.05-PM-1140x570-1.jpeg?resize=700%2C400 2x, https:\/\/i0.wp.com\/www.grieta.org.mx\/wp-content\/uploads\/2024\/10\/WhatsApp-Image-2024-10-11-at-2.15.05-PM-1140x570-1.jpeg?resize=1050%2C600 3x"},"classes":[]},{"id":29963,"url":"http:\/\/www.grieta.org.mx\/index.php\/2019\/02\/25\/infierno-a-oscuras-testimonio-sobre-tortura-en-la-pgj-de-aguascalientes\/","url_meta":{"origin":33614,"position":4},"title":"Infierno a oscuras: testimonio sobre tortura en la PGJ de Aguascalientes","author":"grieta","date":"25 febrero, 2019","format":false,"excerpt":"Alejandro Romo\/NEwsweek Aguascalientes. La recomendaci\u00f3n 17VG\/2019 de la Comisi\u00f3n Nacional de los Derechos Humanos (CNDH) a la extinta Procuradur\u00eda General de Justicia del Estado de Aguascalientes, revel\u00f3 lo que para muchos era un secreto a voces: la tortura que recib\u00edan personas detenidas para obtener informaci\u00f3n o inculpar a personas por\u2026","rel":"","context":"En &quot;Abuso policiaco y tortura en Aguascalientes&quot;","block_context":{"text":"Abuso policiaco y tortura en Aguascalientes","link":"http:\/\/www.grieta.org.mx\/index.php\/category\/noticias-nacionales\/aguascalientes\/tortura-en-aguascalientes\/"},"img":{"alt_text":"","src":"https:\/\/i0.wp.com\/www.grieta.org.mx\/wp-content\/uploads\/2019\/03\/tortura-3.jpg?resize=350%2C200","width":350,"height":200,"srcset":"https:\/\/i0.wp.com\/www.grieta.org.mx\/wp-content\/uploads\/2019\/03\/tortura-3.jpg?resize=350%2C200 1x, https:\/\/i0.wp.com\/www.grieta.org.mx\/wp-content\/uploads\/2019\/03\/tortura-3.jpg?resize=525%2C300 1.5x"},"classes":[]},{"id":24098,"url":"http:\/\/www.grieta.org.mx\/index.php\/2015\/09\/01\/indaga-la-fiscalia-general-185-casos-por-tortura-aguascalientes\/","url_meta":{"origin":33614,"position":5},"title":"Indaga la Fiscal\u00eda General 185 casos por tortura (Aguascalientes)","author":"grieta","date":"1 septiembre, 2015","format":false,"excerpt":"Gilberto S\u00e1nchez Triana\/ALCHILEAGUASCALIENTES Aguascalientes, Septiembre 01 (2015).- La Fiscal\u00eda General del Estado tiene en sus registros 185 denuncias por tortura. De acuerdo con un informe elaborado por la Dependencia al corte del 15 de mayo del presente a\u00f1o, el cual fue presentado a los diputados locales, se observa que la\u2026","rel":"","context":"En &quot;Abuso policiaco y tortura en Aguascalientes&quot;","block_context":{"text":"Abuso policiaco y tortura en Aguascalientes","link":"http:\/\/www.grieta.org.mx\/index.php\/category\/noticias-nacionales\/aguascalientes\/tortura-en-aguascalientes\/"},"img":{"alt_text":"","src":"https:\/\/i0.wp.com\/www.grieta.org.mx\/wp-content\/uploads\/2018\/03\/14524434_1106112876131411_958039263622046936_o.jpg?resize=350%2C200","width":350,"height":200,"srcset":"https:\/\/i0.wp.com\/www.grieta.org.mx\/wp-content\/uploads\/2018\/03\/14524434_1106112876131411_958039263622046936_o.jpg?resize=350%2C200 1x, https:\/\/i0.wp.com\/www.grieta.org.mx\/wp-content\/uploads\/2018\/03\/14524434_1106112876131411_958039263622046936_o.jpg?resize=525%2C300 1.5x, https:\/\/i0.wp.com\/www.grieta.org.mx\/wp-content\/uploads\/2018\/03\/14524434_1106112876131411_958039263622046936_o.jpg?resize=700%2C400 2x"},"classes":[]}],"_links":{"self":[{"href":"http:\/\/www.grieta.org.mx\/index.php\/wp-json\/wp\/v2\/posts\/33614","targetHints":{"allow":["GET"]}}],"collection":[{"href":"http:\/\/www.grieta.org.mx\/index.php\/wp-json\/wp\/v2\/posts"}],"about":[{"href":"http:\/\/www.grieta.org.mx\/index.php\/wp-json\/wp\/v2\/types\/post"}],"author":[{"embeddable":true,"href":"http:\/\/www.grieta.org.mx\/index.php\/wp-json\/wp\/v2\/users\/2"}],"replies":[{"embeddable":true,"href":"http:\/\/www.grieta.org.mx\/index.php\/wp-json\/wp\/v2\/comments?post=33614"}],"version-history":[{"count":1,"href":"http:\/\/www.grieta.org.mx\/index.php\/wp-json\/wp\/v2\/posts\/33614\/revisions"}],"predecessor-version":[{"id":33616,"href":"http:\/\/www.grieta.org.mx\/index.php\/wp-json\/wp\/v2\/posts\/33614\/revisions\/33616"}],"wp:featuredmedia":[{"embeddable":true,"href":"http:\/\/www.grieta.org.mx\/index.php\/wp-json\/wp\/v2\/media\/33615"}],"wp:attachment":[{"href":"http:\/\/www.grieta.org.mx\/index.php\/wp-json\/wp\/v2\/media?parent=33614"}],"wp:term":[{"taxonomy":"category","embeddable":true,"href":"http:\/\/www.grieta.org.mx\/index.php\/wp-json\/wp\/v2\/categories?post=33614"},{"taxonomy":"post_tag","embeddable":true,"href":"http:\/\/www.grieta.org.mx\/index.php\/wp-json\/wp\/v2\/tags?post=33614"}],"curies":[{"name":"wp","href":"https:\/\/api.w.org\/{rel}","templated":true}]}}